{"id":32107,"date":"2024-08-29T07:50:40","date_gmt":"2024-08-29T11:50:40","guid":{"rendered":"https:\/\/conexion23.com\/?p=32107"},"modified":"2024-08-29T07:50:42","modified_gmt":"2024-08-29T11:50:42","slug":"un-supuesto-delincuente-cae-abatido-por-la-policia-tras-fugarse-de-la-carcel-de-najayo","status":"publish","type":"post","link":"https:\/\/conexion23.com\/?p=32107","title":{"rendered":"Un supuesto delincuente cae abatido por la Polic\u00eda tras fugarse de la c\u00e1rcel de Najayo"},"content":{"rendered":"\n<p>Un reconocido delincuente que era buscado desde hace 13 d\u00edas por haberse fugado de la C\u00e1rcel de Najayo, cay\u00f3 abatido ayer al enfrentar una patrulla de la Direcci\u00f3n Central de Investigaci\u00f3n (DICRIM) que le daba seguimiento, en un hecho ocurrido en el sector de Los Frailes, del municipio Santo Domingo Este.<\/p>\n\n\n\n<p>Se trata de Rub\u00e9n Amores Mart\u00ednez, de 21 a\u00f1os, quien falleci\u00f3 mientras recib\u00eda atenciones m\u00e9dicas en el Hospital Docente Universitario Dr. Dar\u00edo Contreras, a causa de heridas de bala. En poder del hoy occiso se ocup\u00f3 un arma de fuego, con la cual atac\u00f3 a tiros a los agentes actuantes.<a href=\"https:\/\/www.instagram.com\/norbertorodprm\/\"><\/a><\/p>\n\n\n\n<p>De acuerdo al\u00a0reporte preliminar,\u00a0el enfrentamiento se produjo cuando agentes del DICRIM realizaban labores de inteligencia en la calle Ram\u00f3n Mat\u00edas Mella.<a href=\"https:\/\/www.instagram.com\/norbertorodprm\/\"><\/a><\/p>\n\n\n\n<p>Al notar la presencia policial, Amores Mart\u00ednez desenfund\u00f3 un rev\u00f3lver calibre .38 mm, con marca y numeraci\u00f3n no visible, y&nbsp;dispar\u00f3 contra los agentes,&nbsp;quienes se vieron obligados a repeler la agresi\u00f3n, resultando en las heridas que finalmente le provocaron la muerte.<\/p>\n\n\n\n<p>En el lugar del suceso, se ocup\u00f3 el rev\u00f3lver utilizado por Amores Mart\u00ednez, que conten\u00eda dos c\u00e1psulas y dos casquillos de calibre .38 mm en el cilindro.<\/p>\n\n\n\n<p>Rub\u00e9n Amores Mart\u00ednez se encontraba pr\u00f3fugo desde el 14 de agosto de 2024, cuando se fug\u00f3 de la c\u00e1rcel de Najayo, donde&nbsp;cumpl\u00eda medida de coerci\u00f3n&nbsp;desde hac\u00eda cuatro meses por violaci\u00f3n a los art\u00edculos 265, 266, 379, 385, y 386 del C\u00f3digo Penal Dominicano.<\/p>\n\n\n\n<p>La Polic\u00eda Nacional reitera su compromiso de seguir trabajando arduamente para garantizar la seguridad y el orden en el pa\u00eds, persiguiendo y enfrentando a aquellos que se encuentren al margen de la ley.<\/p>\n","protected":false},"excerpt":{"rendered":"<p>Un reconocido delincuente que era buscado desde hace 13 d\u00edas por haberse fugado de la C\u00e1rcel de Najayo, cay\u00f3 abatido ayer al enfrentar una patrulla de la Direcci\u00f3n Central de Investigaci\u00f3n (DICRIM) que le daba seguimiento, en un hecho ocurrido en el sector de Los Frailes, del municipio Santo Domingo Este. Se trata de Rub\u00e9n [&hellip;]<\/p>\n","protected":false},"author":15,"featured_media":32108,"comment_status":"open","ping_status":"open","sticky":false,"template":"","format":"standard","meta":{"footnotes":""},"categories":[1],"tags":[],"class_list":{"0":"post-32107","1":"post","2":"type-post","3":"status-publish","4":"format-standard","5":"has-post-thumbnail","7":"category-uncategorized"},"yoast_head":"<!-- This site is optimized with the Yoast SEO plugin v27.1.1 - https:\/\/yoast.com\/product\/yoast-seo-wordpress\/ -->\n<title>Un supuesto delincuente cae abatido por la Polic\u00eda tras fugarse de la c\u00e1rcel de Najayo - Conexi\u00f3n 23<\/title>\n<meta name=\"robots\" content=\"index, follow, max-snippet:-1, max-image-preview:large, max-video-preview:-1\" \/>\n<link rel=\"canonical\" href=\"http:\/\/conexion23.com\/?p=32107\" \/>\n<meta property=\"og:locale\" content=\"es_ES\" \/>\n<meta property=\"og:type\" content=\"article\" \/>\n<meta property=\"og:title\" content=\"Un supuesto delincuente cae abatido por la Polic\u00eda tras fugarse de la c\u00e1rcel de Najayo - Conexi\u00f3n 23\" \/>\n<meta property=\"og:description\" content=\"Un reconocido delincuente que era buscado desde hace 13 d\u00edas por haberse fugado de la C\u00e1rcel de Najayo, cay\u00f3 abatido ayer al enfrentar una patrulla de la Direcci\u00f3n Central de Investigaci\u00f3n (DICRIM) que le daba seguimiento, en un hecho ocurrido en el sector de Los Frailes, del municipio Santo Domingo Este. Se trata de Rub\u00e9n [&hellip;]\" \/>\n<meta property=\"og:url\" content=\"http:\/\/conexion23.com\/?p=32107\" \/>\n<meta property=\"og:site_name\" content=\"Conexi\u00f3n 23\" \/>\n<meta property=\"article:publisher\" content=\"https:\/\/www.facebook.com\/conexion23com\" \/>\n<meta property=\"article:published_time\" content=\"2024-08-29T11:50:40+00:00\" \/>\n<meta property=\"article:modified_time\" content=\"2024-08-29T11:50:42+00:00\" \/>\n<meta property=\"og:image\" content=\"http:\/\/conexion23.com\/wp-content\/uploads\/2024\/08\/Revolver.jpg\" \/>\n\t<meta property=\"og:image:width\" content=\"728\" \/>\n\t<meta property=\"og:image:height\" content=\"362\" \/>\n\t<meta property=\"og:image:type\" content=\"image\/jpeg\" \/>\n<meta name=\"author\" content=\"Raffy Ben\u00edtez\" \/>\n<meta name=\"twitter:card\" content=\"summary_large_image\" \/>\n<meta name=\"twitter:label1\" content=\"Escrito por\" \/>\n\t<meta name=\"twitter:data1\" content=\"Raffy Ben\u00edtez\" \/>\n\t<meta name=\"twitter:label2\" content=\"Tiempo de lectura\" \/>\n\t<meta name=\"twitter:data2\" content=\"2 minutos\" \/>\n<script type=\"application\/ld+json\" class=\"yoast-schema-graph\">{\"@context\":\"https:\/\/schema.org\",\"@graph\":[{\"@type\":\"Article\",\"@id\":\"http:\/\/conexion23.com\/?p=32107#article\",\"isPartOf\":{\"@id\":\"http:\/\/conexion23.com\/?p=32107\"},\"author\":{\"name\":\"Raffy Ben\u00edtez\",\"@id\":\"https:\/\/conexion23.com\/#\/schema\/person\/03e36043331117e97a373299bbcd30a6\"},\"headline\":\"Un supuesto delincuente cae abatido por la Polic\u00eda tras fugarse de la c\u00e1rcel de Najayo\",\"datePublished\":\"2024-08-29T11:50:40+00:00\",\"dateModified\":\"2024-08-29T11:50:42+00:00\",\"mainEntityOfPage\":{\"@id\":\"http:\/\/conexion23.com\/?p=32107\"},\"wordCount\":313,\"commentCount\":0,\"publisher\":{\"@id\":\"https:\/\/conexion23.com\/#organization\"},\"image\":{\"@id\":\"http:\/\/conexion23.com\/?p=32107#primaryimage\"},\"thumbnailUrl\":\"https:\/\/conexion23.com\/wp-content\/uploads\/2024\/08\/Revolver.jpg\",\"articleSection\":[\"Uncategorized\"],\"inLanguage\":\"es\",\"potentialAction\":[{\"@type\":\"CommentAction\",\"name\":\"Comment\",\"target\":[\"http:\/\/conexion23.com\/?p=32107#respond\"]}]},{\"@type\":\"WebPage\",\"@id\":\"http:\/\/conexion23.com\/?p=32107\",\"url\":\"http:\/\/conexion23.com\/?p=32107\",\"name\":\"Un supuesto delincuente cae abatido por la Polic\u00eda tras fugarse de la c\u00e1rcel de Najayo - Conexi\u00f3n 23\",\"isPartOf\":{\"@id\":\"https:\/\/conexion23.com\/#website\"},\"primaryImageOfPage\":{\"@id\":\"http:\/\/conexion23.com\/?p=32107#primaryimage\"},\"image\":{\"@id\":\"http:\/\/conexion23.com\/?p=32107#primaryimage\"},\"thumbnailUrl\":\"https:\/\/conexion23.com\/wp-content\/uploads\/2024\/08\/Revolver.jpg\",\"datePublished\":\"2024-08-29T11:50:40+00:00\",\"dateModified\":\"2024-08-29T11:50:42+00:00\",\"breadcrumb\":{\"@id\":\"http:\/\/conexion23.com\/?p=32107#breadcrumb\"},\"inLanguage\":\"es\",\"potentialAction\":[{\"@type\":\"ReadAction\",\"target\":[\"http:\/\/conexion23.com\/?p=32107\"]}]},{\"@type\":\"ImageObject\",\"inLanguage\":\"es\",\"@id\":\"http:\/\/conexion23.com\/?p=32107#primaryimage\",\"url\":\"https:\/\/conexion23.com\/wp-content\/uploads\/2024\/08\/Revolver.jpg\",\"contentUrl\":\"https:\/\/conexion23.com\/wp-content\/uploads\/2024\/08\/Revolver.jpg\",\"width\":728,\"height\":362},{\"@type\":\"BreadcrumbList\",\"@id\":\"http:\/\/conexion23.com\/?p=32107#breadcrumb\",\"itemListElement\":[{\"@type\":\"ListItem\",\"position\":1,\"name\":\"Portada\",\"item\":\"https:\/\/conexion23.com\/\"},{\"@type\":\"ListItem\",\"position\":2,\"name\":\"Un supuesto delincuente cae abatido por la Polic\u00eda tras fugarse de la c\u00e1rcel de Najayo\"}]},{\"@type\":\"WebSite\",\"@id\":\"https:\/\/conexion23.com\/#website\",\"url\":\"https:\/\/conexion23.com\/\",\"name\":\"Conexi\u00f3n 23\",\"description\":\"Peri\u00f3dico 100% Petromacorisano\",\"publisher\":{\"@id\":\"https:\/\/conexion23.com\/#organization\"},\"potentialAction\":[{\"@type\":\"SearchAction\",\"target\":{\"@type\":\"EntryPoint\",\"urlTemplate\":\"https:\/\/conexion23.com\/?s={search_term_string}\"},\"query-input\":{\"@type\":\"PropertyValueSpecification\",\"valueRequired\":true,\"valueName\":\"search_term_string\"}}],\"inLanguage\":\"es\"},{\"@type\":\"Organization\",\"@id\":\"https:\/\/conexion23.com\/#organization\",\"name\":\"Conexion 23\",\"url\":\"https:\/\/conexion23.com\/\",\"logo\":{\"@type\":\"ImageObject\",\"inLanguage\":\"es\",\"@id\":\"https:\/\/conexion23.com\/#\/schema\/logo\/image\/\",\"url\":\"https:\/\/conexion23.com\/wp-content\/uploads\/2021\/11\/Diseno-sin-titulo-2.png\",\"contentUrl\":\"https:\/\/conexion23.com\/wp-content\/uploads\/2021\/11\/Diseno-sin-titulo-2.png\",\"width\":541,\"height\":90,\"caption\":\"Conexion 23\"},\"image\":{\"@id\":\"https:\/\/conexion23.com\/#\/schema\/logo\/image\/\"},\"sameAs\":[\"https:\/\/www.facebook.com\/conexion23com\",\"https:\/\/www.instagram.com\/conexion23com\/\",\"https:\/\/www.youtube.com\/channel\/UCYc7vxxFZMYLIHNsHHxPZ3Q\"]},{\"@type\":\"Person\",\"@id\":\"https:\/\/conexion23.com\/#\/schema\/person\/03e36043331117e97a373299bbcd30a6\",\"name\":\"Raffy Ben\u00edtez\",\"image\":{\"@type\":\"ImageObject\",\"inLanguage\":\"es\",\"@id\":\"https:\/\/conexion23.com\/#\/schema\/person\/image\/\",\"url\":\"https:\/\/secure.gravatar.com\/avatar\/3190a6a6c5e1b0327500f7d6c56b6242472ee6cb974cf09b401ee6b3b0798f23?s=96&d=mm&r=g\",\"contentUrl\":\"https:\/\/secure.gravatar.com\/avatar\/3190a6a6c5e1b0327500f7d6c56b6242472ee6cb974cf09b401ee6b3b0798f23?s=96&d=mm&r=g\",\"caption\":\"Raffy Ben\u00edtez\"},\"url\":\"https:\/\/conexion23.com\/?author=15\"}]}<\/script>\n<!-- \/ Yoast SEO plugin. -->","yoast_head_json":{"title":"Un supuesto delincuente cae abatido por la Polic\u00eda tras fugarse de la c\u00e1rcel de Najayo - Conexi\u00f3n 23","robots":{"index":"index","follow":"follow","max-snippet":"max-snippet:-1","max-image-preview":"max-image-preview:large","max-video-preview":"max-video-preview:-1"},"canonical":"http:\/\/conexion23.com\/?p=32107","og_locale":"es_ES","og_type":"article","og_title":"Un supuesto delincuente cae abatido por la Polic\u00eda tras fugarse de la c\u00e1rcel de Najayo - Conexi\u00f3n 23","og_description":"Un reconocido delincuente que era buscado desde hace 13 d\u00edas por haberse fugado de la C\u00e1rcel de Najayo, cay\u00f3 abatido ayer al enfrentar una patrulla de la Direcci\u00f3n Central de Investigaci\u00f3n (DICRIM) que le daba seguimiento, en un hecho ocurrido en el sector de Los Frailes, del municipio Santo Domingo Este. Se trata de Rub\u00e9n [&hellip;]","og_url":"http:\/\/conexion23.com\/?p=32107","og_site_name":"Conexi\u00f3n 23","article_publisher":"https:\/\/www.facebook.com\/conexion23com","article_published_time":"2024-08-29T11:50:40+00:00","article_modified_time":"2024-08-29T11:50:42+00:00","og_image":[{"width":728,"height":362,"url":"http:\/\/conexion23.com\/wp-content\/uploads\/2024\/08\/Revolver.jpg","type":"image\/jpeg"}],"author":"Raffy Ben\u00edtez","twitter_card":"summary_large_image","twitter_misc":{"Escrito por":"Raffy Ben\u00edtez","Tiempo de lectura":"2 minutos"},"schema":{"@context":"https:\/\/schema.org","@graph":[{"@type":"Article","@id":"http:\/\/conexion23.com\/?p=32107#article","isPartOf":{"@id":"http:\/\/conexion23.com\/?p=32107"},"author":{"name":"Raffy Ben\u00edtez","@id":"https:\/\/conexion23.com\/#\/schema\/person\/03e36043331117e97a373299bbcd30a6"},"headline":"Un supuesto delincuente cae abatido por la Polic\u00eda tras fugarse de la c\u00e1rcel de Najayo","datePublished":"2024-08-29T11:50:40+00:00","dateModified":"2024-08-29T11:50:42+00:00","mainEntityOfPage":{"@id":"http:\/\/conexion23.com\/?p=32107"},"wordCount":313,"commentCount":0,"publisher":{"@id":"https:\/\/conexion23.com\/#organization"},"image":{"@id":"http:\/\/conexion23.com\/?p=32107#primaryimage"},"thumbnailUrl":"https:\/\/conexion23.com\/wp-content\/uploads\/2024\/08\/Revolver.jpg","articleSection":["Uncategorized"],"inLanguage":"es","potentialAction":[{"@type":"CommentAction","name":"Comment","target":["http:\/\/conexion23.com\/?p=32107#respond"]}]},{"@type":"WebPage","@id":"http:\/\/conexion23.com\/?p=32107","url":"http:\/\/conexion23.com\/?p=32107","name":"Un supuesto delincuente cae abatido por la Polic\u00eda tras fugarse de la c\u00e1rcel de Najayo - Conexi\u00f3n 23","isPartOf":{"@id":"https:\/\/conexion23.com\/#website"},"primaryImageOfPage":{"@id":"http:\/\/conexion23.com\/?p=32107#primaryimage"},"image":{"@id":"http:\/\/conexion23.com\/?p=32107#primaryimage"},"thumbnailUrl":"https:\/\/conexion23.com\/wp-content\/uploads\/2024\/08\/Revolver.jpg","datePublished":"2024-08-29T11:50:40+00:00","dateModified":"2024-08-29T11:50:42+00:00","breadcrumb":{"@id":"http:\/\/conexion23.com\/?p=32107#breadcrumb"},"inLanguage":"es","potentialAction":[{"@type":"ReadAction","target":["http:\/\/conexion23.com\/?p=32107"]}]},{"@type":"ImageObject","inLanguage":"es","@id":"http:\/\/conexion23.com\/?p=32107#primaryimage","url":"https:\/\/conexion23.com\/wp-content\/uploads\/2024\/08\/Revolver.jpg","contentUrl":"https:\/\/conexion23.com\/wp-content\/uploads\/2024\/08\/Revolver.jpg","width":728,"height":362},{"@type":"BreadcrumbList","@id":"http:\/\/conexion23.com\/?p=32107#breadcrumb","itemListElement":[{"@type":"ListItem","position":1,"name":"Portada","item":"https:\/\/conexion23.com\/"},{"@type":"ListItem","position":2,"name":"Un supuesto delincuente cae abatido por la Polic\u00eda tras fugarse de la c\u00e1rcel de Najayo"}]},{"@type":"WebSite","@id":"https:\/\/conexion23.com\/#website","url":"https:\/\/conexion23.com\/","name":"Conexi\u00f3n 23","description":"Peri\u00f3dico 100% Petromacorisano","publisher":{"@id":"https:\/\/conexion23.com\/#organization"},"potentialAction":[{"@type":"SearchAction","target":{"@type":"EntryPoint","urlTemplate":"https:\/\/conexion23.com\/?s={search_term_string}"},"query-input":{"@type":"PropertyValueSpecification","valueRequired":true,"valueName":"search_term_string"}}],"inLanguage":"es"},{"@type":"Organization","@id":"https:\/\/conexion23.com\/#organization","name":"Conexion 23","url":"https:\/\/conexion23.com\/","logo":{"@type":"ImageObject","inLanguage":"es","@id":"https:\/\/conexion23.com\/#\/schema\/logo\/image\/","url":"https:\/\/conexion23.com\/wp-content\/uploads\/2021\/11\/Diseno-sin-titulo-2.png","contentUrl":"https:\/\/conexion23.com\/wp-content\/uploads\/2021\/11\/Diseno-sin-titulo-2.png","width":541,"height":90,"caption":"Conexion 23"},"image":{"@id":"https:\/\/conexion23.com\/#\/schema\/logo\/image\/"},"sameAs":["https:\/\/www.facebook.com\/conexion23com","https:\/\/www.instagram.com\/conexion23com\/","https:\/\/www.youtube.com\/channel\/UCYc7vxxFZMYLIHNsHHxPZ3Q"]},{"@type":"Person","@id":"https:\/\/conexion23.com\/#\/schema\/person\/03e36043331117e97a373299bbcd30a6","name":"Raffy Ben\u00edtez","image":{"@type":"ImageObject","inLanguage":"es","@id":"https:\/\/conexion23.com\/#\/schema\/person\/image\/","url":"https:\/\/secure.gravatar.com\/avatar\/3190a6a6c5e1b0327500f7d6c56b6242472ee6cb974cf09b401ee6b3b0798f23?s=96&d=mm&r=g","contentUrl":"https:\/\/secure.gravatar.com\/avatar\/3190a6a6c5e1b0327500f7d6c56b6242472ee6cb974cf09b401ee6b3b0798f23?s=96&d=mm&r=g","caption":"Raffy Ben\u00edtez"},"url":"https:\/\/conexion23.com\/?author=15"}]}},"_links":{"self":[{"href":"https:\/\/conexion23.com\/index.php?rest_route=\/wp\/v2\/posts\/32107","targetHints":{"allow":["GET"]}}],"collection":[{"href":"https:\/\/conexion23.com\/index.php?rest_route=\/wp\/v2\/posts"}],"about":[{"href":"https:\/\/conexion23.com\/index.php?rest_route=\/wp\/v2\/types\/post"}],"author":[{"embeddable":true,"href":"https:\/\/conexion23.com\/index.php?rest_route=\/wp\/v2\/users\/15"}],"replies":[{"embeddable":true,"href":"https:\/\/conexion23.com\/index.php?rest_route=%2Fwp%2Fv2%2Fcomments&post=32107"}],"version-history":[{"count":1,"href":"https:\/\/conexion23.com\/index.php?rest_route=\/wp\/v2\/posts\/32107\/revisions"}],"predecessor-version":[{"id":32109,"href":"https:\/\/conexion23.com\/index.php?rest_route=\/wp\/v2\/posts\/32107\/revisions\/32109"}],"wp:featuredmedia":[{"embeddable":true,"href":"https:\/\/conexion23.com\/index.php?rest_route=\/wp\/v2\/media\/32108"}],"wp:attachment":[{"href":"https:\/\/conexion23.com\/index.php?rest_route=%2Fwp%2Fv2%2Fmedia&parent=32107"}],"wp:term":[{"taxonomy":"category","embeddable":true,"href":"https:\/\/conexion23.com\/index.php?rest_route=%2Fwp%2Fv2%2Fcategories&post=32107"},{"taxonomy":"post_tag","embeddable":true,"href":"https:\/\/conexion23.com\/index.php?rest_route=%2Fwp%2Fv2%2Ftags&post=32107"}],"curies":[{"name":"wp","href":"https:\/\/api.w.org\/{rel}","templated":true}]}}