{"id":32110,"date":"2024-08-29T07:56:17","date_gmt":"2024-08-29T11:56:17","guid":{"rendered":"https:\/\/conexion23.com\/?p=32110"},"modified":"2024-08-29T07:56:18","modified_gmt":"2024-08-29T11:56:18","slug":"daniel-sancho-tendra-que-pasar-su-vida-en-la-carcel-por-asesinato-de-edwin-arrieta-en-tailandia","status":"publish","type":"post","link":"https:\/\/conexion23.com\/?p=32110","title":{"rendered":"Daniel Sancho tendr\u00e1 que pasar su vida en la c\u00e1rcel por asesinato de Edwin Arrieta en Tailandia."},"content":{"rendered":"\n<p>El<strong>&nbsp;espa\u00f1ol Daniel Sancho<\/strong>&nbsp;fue condenado este jueves a la<strong>&nbsp;cadena perpetu<\/strong>a tras ser hallado culpable por un juez de<strong>&nbsp;Tailandia del asesinato premeditado<\/strong>&nbsp;del cirujano colombiano<strong><a href=\"https:\/\/listindiario.com\/las-mundiales\/20230808\/daniel-sancho-desvela-como-descuartizo-edwin-arrieta-tarde-tres-horas_767376.html\" target=\"_blank\" rel=\"noreferrer noopener\">&nbsp;Edwin Arrieta<\/a><\/strong>&nbsp;y de los otros dos delitos de los que estaba acusado.<\/p>\n\n\n\n<p>El<strong>&nbsp;juez del Tribunal Provincial de Samui&nbsp;<\/strong>(sur de Tailandia), que comenz\u00f3 a leer el fallo a las 10.55 hora local (03.55 GMT), alrededor de una hora despu\u00e9s de que comenzara la sesi\u00f3n, indic\u00f3 que la condena hab\u00eda sido reducida de la pena de muerte a la cadena perpetua por la<strong>&nbsp;colaboraci\u00f3n del acusado con la investigaci\u00f3n.<\/strong><\/p>\n\n\n\n<p>La Fiscal\u00eda tailandesa hab\u00eda acusado a Sancho del asesinato premeditado de Arrieta el 2 de agosto de 2023 en la isla de Phangan, de su descuartizamiento y del robo del pasaporte del colombiano, delitos de los que el juez declar\u00f3 hoy culpable al espa\u00f1ol.<\/p>\n\n\n\n<p>Sancho solo hab\u00eda aceptado su culpabilidad en el cargo del&nbsp;<strong>descuartizamiento de Arrieta<\/strong>, cuyos restos fueron encontrados en varios lugares de Phangan, incluido el mar.<\/p>\n\n\n\n<p>El fiscal del caso, Jeerawat Sawatdichai, afirm\u00f3 a EFE a la salida de la corte que estaba \u00absatisfecho\u00bb porque Sancho hab\u00eda sido condenado por los tres cargos que \u00e9l present\u00f3 durante el juicio, celebrado el pasado abril en el mismo tribunal.<\/p>\n\n\n\n<p>El juez conden\u00f3 asimismo a Sancho, presente en la sala, a pagar una<strong>&nbsp;indemnizaci\u00f3n a la familia de Arrieta de 4 millones<\/strong>&nbsp;de bat (casi 119.000 d\u00f3lares o alrededor de 107.000 euros).<\/p>\n\n\n\n<p>Se trata de una cantidad muy inferior a la que hab\u00edan solicitado los letrados de la familia en Tailandia durante el juicio, de 30 millones de bat (m\u00e1s de 882.000 d\u00f3lares o casi 793.000 euros).<\/p>\n\n\n\n<p>\u00abEl tribunal determin\u00f3 lo que estim\u00f3 oportuno (&#8230;) La familia ha recibido as\u00ed justicia\u00bb, dijo a los medios al salir del tribunal un abogado de la coacusaci\u00f3n, Butsakorn Kaewleeled, que acudi\u00f3 junto a la letrada Nattha \u201cLak\u201d Jongratwanin en representaci\u00f3n de la familia de Arrieta en Tailandia.<\/p>\n\n\n\n<p>Los padres de Arrieta<strong>, Leovaldo Jos\u00e9 Arrieta y Ana Marcela Arteaga,<\/strong>&nbsp;no se desplazaron a Tailandia.<\/p>\n\n\n\n<p>\u00abTenemos que volver a hablar con la familia para ver si est\u00e1n satisfechos con la cantidad (&#8230;) Si no tambi\u00e9n tienen derecho a recurrir\u00bb , a\u00f1adi\u00f3 Kaewleeled.<\/p>\n\n\n\n<p>El pago de la compensaci\u00f3n es una condici\u00f3n sine qua non para que&nbsp;<strong>Sancho pudiera pedir el traslado a Espa\u00f1a<\/strong>, lo que solo es posible despu\u00e9s de al menos cuatro a\u00f1os de cumplimiento de pena en&nbsp;<strong>Tailandia<\/strong>.<\/p>\n\n\n\n<p>Durante la lectura, en la que los abogados y el acusado debieron permanecer de pie, el juez explic\u00f3 la posibilidad de presentar dos recursos, uno ante el Tribunal de Apelaci\u00f3n y otro posterior al Tribunal Supremo.<\/p>\n\n\n\n<p>Sancho, de 30 a\u00f1os, estuvo en la vista acompa\u00f1ado de su padre y de su madre, el actor espa\u00f1ol&nbsp;<strong>Rodolfo Sancho y la analista de inversiones Silvia Bronchalo,<\/strong>&nbsp;as\u00ed como del abogado de oficio tailand\u00e9s que le representa en el pa\u00eds asi\u00e1tico, Apichart Srinual.<\/p>\n\n\n\n<p>Junto a Rodolfo Sancho acudi\u00f3 tambi\u00e9n Alice Keartjareanlap, su asesora legal de confianza en el pa\u00eds asi\u00e1tico.<\/p>\n","protected":false},"excerpt":{"rendered":"<p>El&nbsp;espa\u00f1ol Daniel Sancho&nbsp;fue condenado este jueves a la&nbsp;cadena perpetua tras ser hallado culpable por un juez de&nbsp;Tailandia del asesinato premeditado&nbsp;del cirujano colombiano&nbsp;Edwin Arrieta&nbsp;y de los otros dos delitos de los que estaba acusado. El&nbsp;juez del Tribunal Provincial de Samui&nbsp;(sur de Tailandia), que comenz\u00f3 a leer el fallo a las 10.55 hora local (03.55 GMT), alrededor [&hellip;]<\/p>\n","protected":false},"author":15,"featured_media":32111,"comment_status":"open","ping_status":"open","sticky":false,"template":"","format":"standard","meta":{"footnotes":""},"categories":[1],"tags":[],"class_list":{"0":"post-32110","1":"post","2":"type-post","3":"status-publish","4":"format-standard","5":"has-post-thumbnail","7":"category-uncategorized"},"yoast_head":"<!-- This site is optimized with the Yoast SEO plugin v27.1.1 - https:\/\/yoast.com\/product\/yoast-seo-wordpress\/ -->\n<title>Daniel Sancho tendr\u00e1 que pasar su vida en la c\u00e1rcel por asesinato de Edwin Arrieta en Tailandia. - Conexi\u00f3n 23<\/title>\n<meta name=\"robots\" content=\"index, follow, max-snippet:-1, max-image-preview:large, max-video-preview:-1\" \/>\n<link rel=\"canonical\" href=\"http:\/\/conexion23.com\/?p=32110\" \/>\n<meta property=\"og:locale\" content=\"es_ES\" \/>\n<meta property=\"og:type\" content=\"article\" \/>\n<meta property=\"og:title\" content=\"Daniel Sancho tendr\u00e1 que pasar su vida en la c\u00e1rcel por asesinato de Edwin Arrieta en Tailandia. - Conexi\u00f3n 23\" \/>\n<meta property=\"og:description\" content=\"El&nbsp;espa\u00f1ol Daniel Sancho&nbsp;fue condenado este jueves a la&nbsp;cadena perpetua tras ser hallado culpable por un juez de&nbsp;Tailandia del asesinato premeditado&nbsp;del cirujano colombiano&nbsp;Edwin Arrieta&nbsp;y de los otros dos delitos de los que estaba acusado. El&nbsp;juez del Tribunal Provincial de Samui&nbsp;(sur de Tailandia), que comenz\u00f3 a leer el fallo a las 10.55 hora local (03.55 GMT), alrededor [&hellip;]\" \/>\n<meta property=\"og:url\" content=\"http:\/\/conexion23.com\/?p=32110\" \/>\n<meta property=\"og:site_name\" content=\"Conexi\u00f3n 23\" \/>\n<meta property=\"article:publisher\" content=\"https:\/\/www.facebook.com\/conexion23com\" \/>\n<meta property=\"article:published_time\" content=\"2024-08-29T11:56:17+00:00\" \/>\n<meta property=\"article:modified_time\" content=\"2024-08-29T11:56:18+00:00\" \/>\n<meta property=\"og:image\" content=\"http:\/\/conexion23.com\/wp-content\/uploads\/2024\/08\/64d2cdd3b6454.r_d.165-98.jpeg\" \/>\n\t<meta property=\"og:image:width\" content=\"800\" \/>\n\t<meta property=\"og:image:height\" content=\"540\" \/>\n\t<meta property=\"og:image:type\" content=\"image\/jpeg\" \/>\n<meta name=\"author\" content=\"Raffy Ben\u00edtez\" \/>\n<meta name=\"twitter:card\" content=\"summary_large_image\" \/>\n<meta name=\"twitter:label1\" content=\"Escrito por\" \/>\n\t<meta name=\"twitter:data1\" content=\"Raffy Ben\u00edtez\" \/>\n\t<meta name=\"twitter:label2\" content=\"Tiempo de lectura\" \/>\n\t<meta name=\"twitter:data2\" content=\"3 minutos\" \/>\n<script type=\"application\/ld+json\" class=\"yoast-schema-graph\">{\"@context\":\"https:\/\/schema.org\",\"@graph\":[{\"@type\":\"Article\",\"@id\":\"http:\/\/conexion23.com\/?p=32110#article\",\"isPartOf\":{\"@id\":\"http:\/\/conexion23.com\/?p=32110\"},\"author\":{\"name\":\"Raffy Ben\u00edtez\",\"@id\":\"https:\/\/conexion23.com\/#\/schema\/person\/03e36043331117e97a373299bbcd30a6\"},\"headline\":\"Daniel Sancho tendr\u00e1 que pasar su vida en la c\u00e1rcel por asesinato de Edwin Arrieta en Tailandia.\",\"datePublished\":\"2024-08-29T11:56:17+00:00\",\"dateModified\":\"2024-08-29T11:56:18+00:00\",\"mainEntityOfPage\":{\"@id\":\"http:\/\/conexion23.com\/?p=32110\"},\"wordCount\":556,\"commentCount\":0,\"publisher\":{\"@id\":\"https:\/\/conexion23.com\/#organization\"},\"image\":{\"@id\":\"http:\/\/conexion23.com\/?p=32110#primaryimage\"},\"thumbnailUrl\":\"https:\/\/conexion23.com\/wp-content\/uploads\/2024\/08\/64d2cdd3b6454.r_d.165-98.jpeg\",\"articleSection\":[\"Uncategorized\"],\"inLanguage\":\"es\",\"potentialAction\":[{\"@type\":\"CommentAction\",\"name\":\"Comment\",\"target\":[\"http:\/\/conexion23.com\/?p=32110#respond\"]}]},{\"@type\":\"WebPage\",\"@id\":\"http:\/\/conexion23.com\/?p=32110\",\"url\":\"http:\/\/conexion23.com\/?p=32110\",\"name\":\"Daniel Sancho tendr\u00e1 que pasar su vida en la c\u00e1rcel por asesinato de Edwin Arrieta en Tailandia. - Conexi\u00f3n 23\",\"isPartOf\":{\"@id\":\"https:\/\/conexion23.com\/#website\"},\"primaryImageOfPage\":{\"@id\":\"http:\/\/conexion23.com\/?p=32110#primaryimage\"},\"image\":{\"@id\":\"http:\/\/conexion23.com\/?p=32110#primaryimage\"},\"thumbnailUrl\":\"https:\/\/conexion23.com\/wp-content\/uploads\/2024\/08\/64d2cdd3b6454.r_d.165-98.jpeg\",\"datePublished\":\"2024-08-29T11:56:17+00:00\",\"dateModified\":\"2024-08-29T11:56:18+00:00\",\"breadcrumb\":{\"@id\":\"http:\/\/conexion23.com\/?p=32110#breadcrumb\"},\"inLanguage\":\"es\",\"potentialAction\":[{\"@type\":\"ReadAction\",\"target\":[\"http:\/\/conexion23.com\/?p=32110\"]}]},{\"@type\":\"ImageObject\",\"inLanguage\":\"es\",\"@id\":\"http:\/\/conexion23.com\/?p=32110#primaryimage\",\"url\":\"https:\/\/conexion23.com\/wp-content\/uploads\/2024\/08\/64d2cdd3b6454.r_d.165-98.jpeg\",\"contentUrl\":\"https:\/\/conexion23.com\/wp-content\/uploads\/2024\/08\/64d2cdd3b6454.r_d.165-98.jpeg\",\"width\":800,\"height\":540},{\"@type\":\"BreadcrumbList\",\"@id\":\"http:\/\/conexion23.com\/?p=32110#breadcrumb\",\"itemListElement\":[{\"@type\":\"ListItem\",\"position\":1,\"name\":\"Portada\",\"item\":\"https:\/\/conexion23.com\/\"},{\"@type\":\"ListItem\",\"position\":2,\"name\":\"Daniel Sancho tendr\u00e1 que pasar su vida en la c\u00e1rcel por asesinato de Edwin Arrieta en Tailandia.\"}]},{\"@type\":\"WebSite\",\"@id\":\"https:\/\/conexion23.com\/#website\",\"url\":\"https:\/\/conexion23.com\/\",\"name\":\"Conexi\u00f3n 23\",\"description\":\"Peri\u00f3dico 100% Petromacorisano\",\"publisher\":{\"@id\":\"https:\/\/conexion23.com\/#organization\"},\"potentialAction\":[{\"@type\":\"SearchAction\",\"target\":{\"@type\":\"EntryPoint\",\"urlTemplate\":\"https:\/\/conexion23.com\/?s={search_term_string}\"},\"query-input\":{\"@type\":\"PropertyValueSpecification\",\"valueRequired\":true,\"valueName\":\"search_term_string\"}}],\"inLanguage\":\"es\"},{\"@type\":\"Organization\",\"@id\":\"https:\/\/conexion23.com\/#organization\",\"name\":\"Conexion 23\",\"url\":\"https:\/\/conexion23.com\/\",\"logo\":{\"@type\":\"ImageObject\",\"inLanguage\":\"es\",\"@id\":\"https:\/\/conexion23.com\/#\/schema\/logo\/image\/\",\"url\":\"https:\/\/conexion23.com\/wp-content\/uploads\/2021\/11\/Diseno-sin-titulo-2.png\",\"contentUrl\":\"https:\/\/conexion23.com\/wp-content\/uploads\/2021\/11\/Diseno-sin-titulo-2.png\",\"width\":541,\"height\":90,\"caption\":\"Conexion 23\"},\"image\":{\"@id\":\"https:\/\/conexion23.com\/#\/schema\/logo\/image\/\"},\"sameAs\":[\"https:\/\/www.facebook.com\/conexion23com\",\"https:\/\/www.instagram.com\/conexion23com\/\",\"https:\/\/www.youtube.com\/channel\/UCYc7vxxFZMYLIHNsHHxPZ3Q\"]},{\"@type\":\"Person\",\"@id\":\"https:\/\/conexion23.com\/#\/schema\/person\/03e36043331117e97a373299bbcd30a6\",\"name\":\"Raffy Ben\u00edtez\",\"image\":{\"@type\":\"ImageObject\",\"inLanguage\":\"es\",\"@id\":\"https:\/\/conexion23.com\/#\/schema\/person\/image\/\",\"url\":\"https:\/\/secure.gravatar.com\/avatar\/3190a6a6c5e1b0327500f7d6c56b6242472ee6cb974cf09b401ee6b3b0798f23?s=96&d=mm&r=g\",\"contentUrl\":\"https:\/\/secure.gravatar.com\/avatar\/3190a6a6c5e1b0327500f7d6c56b6242472ee6cb974cf09b401ee6b3b0798f23?s=96&d=mm&r=g\",\"caption\":\"Raffy Ben\u00edtez\"},\"url\":\"https:\/\/conexion23.com\/?author=15\"}]}<\/script>\n<!-- \/ Yoast SEO plugin. -->","yoast_head_json":{"title":"Daniel Sancho tendr\u00e1 que pasar su vida en la c\u00e1rcel por asesinato de Edwin Arrieta en Tailandia. - Conexi\u00f3n 23","robots":{"index":"index","follow":"follow","max-snippet":"max-snippet:-1","max-image-preview":"max-image-preview:large","max-video-preview":"max-video-preview:-1"},"canonical":"http:\/\/conexion23.com\/?p=32110","og_locale":"es_ES","og_type":"article","og_title":"Daniel Sancho tendr\u00e1 que pasar su vida en la c\u00e1rcel por asesinato de Edwin Arrieta en Tailandia. - Conexi\u00f3n 23","og_description":"El&nbsp;espa\u00f1ol Daniel Sancho&nbsp;fue condenado este jueves a la&nbsp;cadena perpetua tras ser hallado culpable por un juez de&nbsp;Tailandia del asesinato premeditado&nbsp;del cirujano colombiano&nbsp;Edwin Arrieta&nbsp;y de los otros dos delitos de los que estaba acusado. El&nbsp;juez del Tribunal Provincial de Samui&nbsp;(sur de Tailandia), que comenz\u00f3 a leer el fallo a las 10.55 hora local (03.55 GMT), alrededor [&hellip;]","og_url":"http:\/\/conexion23.com\/?p=32110","og_site_name":"Conexi\u00f3n 23","article_publisher":"https:\/\/www.facebook.com\/conexion23com","article_published_time":"2024-08-29T11:56:17+00:00","article_modified_time":"2024-08-29T11:56:18+00:00","og_image":[{"width":800,"height":540,"url":"http:\/\/conexion23.com\/wp-content\/uploads\/2024\/08\/64d2cdd3b6454.r_d.165-98.jpeg","type":"image\/jpeg"}],"author":"Raffy Ben\u00edtez","twitter_card":"summary_large_image","twitter_misc":{"Escrito por":"Raffy Ben\u00edtez","Tiempo de lectura":"3 minutos"},"schema":{"@context":"https:\/\/schema.org","@graph":[{"@type":"Article","@id":"http:\/\/conexion23.com\/?p=32110#article","isPartOf":{"@id":"http:\/\/conexion23.com\/?p=32110"},"author":{"name":"Raffy Ben\u00edtez","@id":"https:\/\/conexion23.com\/#\/schema\/person\/03e36043331117e97a373299bbcd30a6"},"headline":"Daniel Sancho tendr\u00e1 que pasar su vida en la c\u00e1rcel por asesinato de Edwin Arrieta en Tailandia.","datePublished":"2024-08-29T11:56:17+00:00","dateModified":"2024-08-29T11:56:18+00:00","mainEntityOfPage":{"@id":"http:\/\/conexion23.com\/?p=32110"},"wordCount":556,"commentCount":0,"publisher":{"@id":"https:\/\/conexion23.com\/#organization"},"image":{"@id":"http:\/\/conexion23.com\/?p=32110#primaryimage"},"thumbnailUrl":"https:\/\/conexion23.com\/wp-content\/uploads\/2024\/08\/64d2cdd3b6454.r_d.165-98.jpeg","articleSection":["Uncategorized"],"inLanguage":"es","potentialAction":[{"@type":"CommentAction","name":"Comment","target":["http:\/\/conexion23.com\/?p=32110#respond"]}]},{"@type":"WebPage","@id":"http:\/\/conexion23.com\/?p=32110","url":"http:\/\/conexion23.com\/?p=32110","name":"Daniel Sancho tendr\u00e1 que pasar su vida en la c\u00e1rcel por asesinato de Edwin Arrieta en Tailandia. - Conexi\u00f3n 23","isPartOf":{"@id":"https:\/\/conexion23.com\/#website"},"primaryImageOfPage":{"@id":"http:\/\/conexion23.com\/?p=32110#primaryimage"},"image":{"@id":"http:\/\/conexion23.com\/?p=32110#primaryimage"},"thumbnailUrl":"https:\/\/conexion23.com\/wp-content\/uploads\/2024\/08\/64d2cdd3b6454.r_d.165-98.jpeg","datePublished":"2024-08-29T11:56:17+00:00","dateModified":"2024-08-29T11:56:18+00:00","breadcrumb":{"@id":"http:\/\/conexion23.com\/?p=32110#breadcrumb"},"inLanguage":"es","potentialAction":[{"@type":"ReadAction","target":["http:\/\/conexion23.com\/?p=32110"]}]},{"@type":"ImageObject","inLanguage":"es","@id":"http:\/\/conexion23.com\/?p=32110#primaryimage","url":"https:\/\/conexion23.com\/wp-content\/uploads\/2024\/08\/64d2cdd3b6454.r_d.165-98.jpeg","contentUrl":"https:\/\/conexion23.com\/wp-content\/uploads\/2024\/08\/64d2cdd3b6454.r_d.165-98.jpeg","width":800,"height":540},{"@type":"BreadcrumbList","@id":"http:\/\/conexion23.com\/?p=32110#breadcrumb","itemListElement":[{"@type":"ListItem","position":1,"name":"Portada","item":"https:\/\/conexion23.com\/"},{"@type":"ListItem","position":2,"name":"Daniel Sancho tendr\u00e1 que pasar su vida en la c\u00e1rcel por asesinato de Edwin Arrieta en Tailandia."}]},{"@type":"WebSite","@id":"https:\/\/conexion23.com\/#website","url":"https:\/\/conexion23.com\/","name":"Conexi\u00f3n 23","description":"Peri\u00f3dico 100% Petromacorisano","publisher":{"@id":"https:\/\/conexion23.com\/#organization"},"potentialAction":[{"@type":"SearchAction","target":{"@type":"EntryPoint","urlTemplate":"https:\/\/conexion23.com\/?s={search_term_string}"},"query-input":{"@type":"PropertyValueSpecification","valueRequired":true,"valueName":"search_term_string"}}],"inLanguage":"es"},{"@type":"Organization","@id":"https:\/\/conexion23.com\/#organization","name":"Conexion 23","url":"https:\/\/conexion23.com\/","logo":{"@type":"ImageObject","inLanguage":"es","@id":"https:\/\/conexion23.com\/#\/schema\/logo\/image\/","url":"https:\/\/conexion23.com\/wp-content\/uploads\/2021\/11\/Diseno-sin-titulo-2.png","contentUrl":"https:\/\/conexion23.com\/wp-content\/uploads\/2021\/11\/Diseno-sin-titulo-2.png","width":541,"height":90,"caption":"Conexion 23"},"image":{"@id":"https:\/\/conexion23.com\/#\/schema\/logo\/image\/"},"sameAs":["https:\/\/www.facebook.com\/conexion23com","https:\/\/www.instagram.com\/conexion23com\/","https:\/\/www.youtube.com\/channel\/UCYc7vxxFZMYLIHNsHHxPZ3Q"]},{"@type":"Person","@id":"https:\/\/conexion23.com\/#\/schema\/person\/03e36043331117e97a373299bbcd30a6","name":"Raffy Ben\u00edtez","image":{"@type":"ImageObject","inLanguage":"es","@id":"https:\/\/conexion23.com\/#\/schema\/person\/image\/","url":"https:\/\/secure.gravatar.com\/avatar\/3190a6a6c5e1b0327500f7d6c56b6242472ee6cb974cf09b401ee6b3b0798f23?s=96&d=mm&r=g","contentUrl":"https:\/\/secure.gravatar.com\/avatar\/3190a6a6c5e1b0327500f7d6c56b6242472ee6cb974cf09b401ee6b3b0798f23?s=96&d=mm&r=g","caption":"Raffy Ben\u00edtez"},"url":"https:\/\/conexion23.com\/?author=15"}]}},"_links":{"self":[{"href":"https:\/\/conexion23.com\/index.php?rest_route=\/wp\/v2\/posts\/32110","targetHints":{"allow":["GET"]}}],"collection":[{"href":"https:\/\/conexion23.com\/index.php?rest_route=\/wp\/v2\/posts"}],"about":[{"href":"https:\/\/conexion23.com\/index.php?rest_route=\/wp\/v2\/types\/post"}],"author":[{"embeddable":true,"href":"https:\/\/conexion23.com\/index.php?rest_route=\/wp\/v2\/users\/15"}],"replies":[{"embeddable":true,"href":"https:\/\/conexion23.com\/index.php?rest_route=%2Fwp%2Fv2%2Fcomments&post=32110"}],"version-history":[{"count":1,"href":"https:\/\/conexion23.com\/index.php?rest_route=\/wp\/v2\/posts\/32110\/revisions"}],"predecessor-version":[{"id":32112,"href":"https:\/\/conexion23.com\/index.php?rest_route=\/wp\/v2\/posts\/32110\/revisions\/32112"}],"wp:featuredmedia":[{"embeddable":true,"href":"https:\/\/conexion23.com\/index.php?rest_route=\/wp\/v2\/media\/32111"}],"wp:attachment":[{"href":"https:\/\/conexion23.com\/index.php?rest_route=%2Fwp%2Fv2%2Fmedia&parent=32110"}],"wp:term":[{"taxonomy":"category","embeddable":true,"href":"https:\/\/conexion23.com\/index.php?rest_route=%2Fwp%2Fv2%2Fcategories&post=32110"},{"taxonomy":"post_tag","embeddable":true,"href":"https:\/\/conexion23.com\/index.php?rest_route=%2Fwp%2Fv2%2Ftags&post=32110"}],"curies":[{"name":"wp","href":"https:\/\/api.w.org\/{rel}","templated":true}]}}