{"id":32113,"date":"2024-08-29T08:00:06","date_gmt":"2024-08-29T12:00:06","guid":{"rendered":"https:\/\/conexion23.com\/?p=32113"},"modified":"2024-08-29T08:00:07","modified_gmt":"2024-08-29T12:00:07","slug":"opositores-protestan-y-maduro-celebra","status":"publish","type":"post","link":"https:\/\/conexion23.com\/?p=32113","title":{"rendered":"Opositores protestan y Maduro celebra"},"content":{"rendered":"\n<p>Cientos de opositores venezolanos protestaron el mi\u00e9rcoles contra el presidente Nicol\u00e1s Maduro, que moviliz\u00f3 tambi\u00e9n a su base para celebrar su reelecci\u00f3n hace un mes entre denuncias de fraude.<\/p>\n\n\n\n<p>\u00abA un mes de la victoria del pueblo de Venezuela frente a las corrientes fascistas, Venezuela ha triunfado otra vez en paz, movilizados en las calles\u00bb, celebr\u00f3 Maduro ante seguidores en el palacio presidencial de Miraflores en Caracas.<\/p>\n\n\n\n<p>Maduro fue proclamado reelecto para un tercer mandato de seis a\u00f1os en las presidenciales del 28 de julio, pero la oposici\u00f3n asegura tener las pruebas que demuestran que su candidato, Edmundo Gonz\u00e1lez Urrutia, fue el vencedor de la contienda.<\/p>\n\n\n\n<p>\u00abNo somos oposici\u00f3n, somos gobierno\u00bb, se le\u00eda en una pancarta en la marcha de la oposici\u00f3n, encabezada por la dirigente Mar\u00eda Corina Machado. Es la tercera a la que asiste desde que se declar\u00f3 en la clandestinidad el pasado 1 de agosto.<\/p>\n\n\n\n<p>\u00abTenemos que pensar lo que hemos hecho en este mes, es una etapa dura y lo sab\u00edamos\u00bb, pero \u00abcada d\u00eda que pasa estamos avanzando, tenemos una estrategia robusta y est\u00e1 funcionando\u00bb, expres\u00f3 Machado. \u00abEsta protesta es indetenible\u00bb.<\/p>\n\n\n\n<p>\u00abDicen que el r\u00e9gimen no va a ceder\u00bb, sigui\u00f3. \u00abLo vamos a hacer ceder y ceder significa respetar la voluntad expresada el 28 de julio\u00bb.<\/p>\n\n\n\n<p>Machado lleg\u00f3 camuflada con un su\u00e9ter negro, subi\u00f3 al cami\u00f3n que sirvi\u00f3 de tarima y tras su discurso sali\u00f3 en una moto. \u00ab\u00a1Valiente, valiente!\u00bb, le gritaban sus seguidores. \u00ab\u00a1Libertad, libertad!\u00bb.<\/p>\n\n\n\n<p>No acudi\u00f3 Gonz\u00e1lez, que tambi\u00e9n est\u00e1 en la clandestinidad: la \u00faltima vez que apareci\u00f3 en p\u00fablico fue el 30 de julio.<\/p>\n\n\n\n<p>\u00abLes sali\u00f3 cobarde, est\u00e1 encuevado\u00bb, ironiz\u00f3 Maduro. \u00abY me dicen que est\u00e1 preparando su fuga\u00bb.<\/p>\n\n\n\n<p>De momento, no hay una orden de captura contra Machado o Gonz\u00e1lez, aunque Maduro ha pedido c\u00e1rcel para ambos. Los responsabiliza de hechos de violencia en las protestas poselectorales, que dejaron 27 muertos -dos de ellos militares-, casi 200 heridos y m\u00e1s de 2,400 detenidos, m\u00e1s de 100 menores de edad.<\/p>\n\n\n\n<p>La fiscal\u00eda abri\u00f3 una investigaci\u00f3n penal contra ambos.<\/p>\n","protected":false},"excerpt":{"rendered":"<p>Cientos de opositores venezolanos protestaron el mi\u00e9rcoles contra el presidente Nicol\u00e1s Maduro, que moviliz\u00f3 tambi\u00e9n a su base para celebrar su reelecci\u00f3n hace un mes entre denuncias de fraude. \u00abA un mes de la victoria del pueblo de Venezuela frente a las corrientes fascistas, Venezuela ha triunfado otra vez en paz, movilizados en las calles\u00bb, [&hellip;]<\/p>\n","protected":false},"author":15,"featured_media":32114,"comment_status":"open","ping_status":"open","sticky":false,"template":"","format":"standard","meta":{"footnotes":""},"categories":[1],"tags":[],"class_list":{"0":"post-32113","1":"post","2":"type-post","3":"status-publish","4":"format-standard","5":"has-post-thumbnail","7":"category-uncategorized"},"yoast_head":"<!-- This site is optimized with the Yoast SEO plugin v27.1.1 - https:\/\/yoast.com\/product\/yoast-seo-wordpress\/ -->\n<title>Opositores protestan y Maduro celebra - Conexi\u00f3n 23<\/title>\n<meta name=\"robots\" content=\"index, follow, max-snippet:-1, max-image-preview:large, max-video-preview:-1\" \/>\n<link rel=\"canonical\" href=\"http:\/\/conexion23.com\/?p=32113\" \/>\n<meta property=\"og:locale\" content=\"es_ES\" \/>\n<meta property=\"og:type\" content=\"article\" \/>\n<meta property=\"og:title\" content=\"Opositores protestan y Maduro celebra - Conexi\u00f3n 23\" \/>\n<meta property=\"og:description\" content=\"Cientos de opositores venezolanos protestaron el mi\u00e9rcoles contra el presidente Nicol\u00e1s Maduro, que moviliz\u00f3 tambi\u00e9n a su base para celebrar su reelecci\u00f3n hace un mes entre denuncias de fraude. \u00abA un mes de la victoria del pueblo de Venezuela frente a las corrientes fascistas, Venezuela ha triunfado otra vez en paz, movilizados en las calles\u00bb, [&hellip;]\" \/>\n<meta property=\"og:url\" content=\"http:\/\/conexion23.com\/?p=32113\" \/>\n<meta property=\"og:site_name\" content=\"Conexi\u00f3n 23\" \/>\n<meta property=\"article:publisher\" content=\"https:\/\/www.facebook.com\/conexion23com\" \/>\n<meta property=\"article:published_time\" content=\"2024-08-29T12:00:06+00:00\" \/>\n<meta property=\"article:modified_time\" content=\"2024-08-29T12:00:07+00:00\" \/>\n<meta property=\"og:image\" content=\"http:\/\/conexion23.com\/wp-content\/uploads\/2024\/08\/66cfd9d3e5bfd.jpeg\" \/>\n\t<meta property=\"og:image:width\" content=\"800\" \/>\n\t<meta property=\"og:image:height\" content=\"533\" \/>\n\t<meta property=\"og:image:type\" content=\"image\/jpeg\" \/>\n<meta name=\"author\" content=\"Raffy Ben\u00edtez\" \/>\n<meta name=\"twitter:card\" content=\"summary_large_image\" \/>\n<meta name=\"twitter:label1\" content=\"Escrito por\" \/>\n\t<meta name=\"twitter:data1\" content=\"Raffy Ben\u00edtez\" \/>\n\t<meta name=\"twitter:label2\" content=\"Tiempo de lectura\" \/>\n\t<meta name=\"twitter:data2\" content=\"2 minutos\" \/>\n<script type=\"application\/ld+json\" class=\"yoast-schema-graph\">{\"@context\":\"https:\/\/schema.org\",\"@graph\":[{\"@type\":\"Article\",\"@id\":\"http:\/\/conexion23.com\/?p=32113#article\",\"isPartOf\":{\"@id\":\"http:\/\/conexion23.com\/?p=32113\"},\"author\":{\"name\":\"Raffy Ben\u00edtez\",\"@id\":\"https:\/\/conexion23.com\/#\/schema\/person\/03e36043331117e97a373299bbcd30a6\"},\"headline\":\"Opositores protestan y Maduro celebra\",\"datePublished\":\"2024-08-29T12:00:06+00:00\",\"dateModified\":\"2024-08-29T12:00:07+00:00\",\"mainEntityOfPage\":{\"@id\":\"http:\/\/conexion23.com\/?p=32113\"},\"wordCount\":357,\"commentCount\":0,\"publisher\":{\"@id\":\"https:\/\/conexion23.com\/#organization\"},\"image\":{\"@id\":\"http:\/\/conexion23.com\/?p=32113#primaryimage\"},\"thumbnailUrl\":\"https:\/\/conexion23.com\/wp-content\/uploads\/2024\/08\/66cfd9d3e5bfd.jpeg\",\"articleSection\":[\"Uncategorized\"],\"inLanguage\":\"es\",\"potentialAction\":[{\"@type\":\"CommentAction\",\"name\":\"Comment\",\"target\":[\"http:\/\/conexion23.com\/?p=32113#respond\"]}]},{\"@type\":\"WebPage\",\"@id\":\"http:\/\/conexion23.com\/?p=32113\",\"url\":\"http:\/\/conexion23.com\/?p=32113\",\"name\":\"Opositores protestan y Maduro celebra - Conexi\u00f3n 23\",\"isPartOf\":{\"@id\":\"https:\/\/conexion23.com\/#website\"},\"primaryImageOfPage\":{\"@id\":\"http:\/\/conexion23.com\/?p=32113#primaryimage\"},\"image\":{\"@id\":\"http:\/\/conexion23.com\/?p=32113#primaryimage\"},\"thumbnailUrl\":\"https:\/\/conexion23.com\/wp-content\/uploads\/2024\/08\/66cfd9d3e5bfd.jpeg\",\"datePublished\":\"2024-08-29T12:00:06+00:00\",\"dateModified\":\"2024-08-29T12:00:07+00:00\",\"breadcrumb\":{\"@id\":\"http:\/\/conexion23.com\/?p=32113#breadcrumb\"},\"inLanguage\":\"es\",\"potentialAction\":[{\"@type\":\"ReadAction\",\"target\":[\"http:\/\/conexion23.com\/?p=32113\"]}]},{\"@type\":\"ImageObject\",\"inLanguage\":\"es\",\"@id\":\"http:\/\/conexion23.com\/?p=32113#primaryimage\",\"url\":\"https:\/\/conexion23.com\/wp-content\/uploads\/2024\/08\/66cfd9d3e5bfd.jpeg\",\"contentUrl\":\"https:\/\/conexion23.com\/wp-content\/uploads\/2024\/08\/66cfd9d3e5bfd.jpeg\",\"width\":800,\"height\":533},{\"@type\":\"BreadcrumbList\",\"@id\":\"http:\/\/conexion23.com\/?p=32113#breadcrumb\",\"itemListElement\":[{\"@type\":\"ListItem\",\"position\":1,\"name\":\"Portada\",\"item\":\"https:\/\/conexion23.com\/\"},{\"@type\":\"ListItem\",\"position\":2,\"name\":\"Opositores protestan y Maduro celebra\"}]},{\"@type\":\"WebSite\",\"@id\":\"https:\/\/conexion23.com\/#website\",\"url\":\"https:\/\/conexion23.com\/\",\"name\":\"Conexi\u00f3n 23\",\"description\":\"Peri\u00f3dico 100% Petromacorisano\",\"publisher\":{\"@id\":\"https:\/\/conexion23.com\/#organization\"},\"potentialAction\":[{\"@type\":\"SearchAction\",\"target\":{\"@type\":\"EntryPoint\",\"urlTemplate\":\"https:\/\/conexion23.com\/?s={search_term_string}\"},\"query-input\":{\"@type\":\"PropertyValueSpecification\",\"valueRequired\":true,\"valueName\":\"search_term_string\"}}],\"inLanguage\":\"es\"},{\"@type\":\"Organization\",\"@id\":\"https:\/\/conexion23.com\/#organization\",\"name\":\"Conexion 23\",\"url\":\"https:\/\/conexion23.com\/\",\"logo\":{\"@type\":\"ImageObject\",\"inLanguage\":\"es\",\"@id\":\"https:\/\/conexion23.com\/#\/schema\/logo\/image\/\",\"url\":\"https:\/\/conexion23.com\/wp-content\/uploads\/2021\/11\/Diseno-sin-titulo-2.png\",\"contentUrl\":\"https:\/\/conexion23.com\/wp-content\/uploads\/2021\/11\/Diseno-sin-titulo-2.png\",\"width\":541,\"height\":90,\"caption\":\"Conexion 23\"},\"image\":{\"@id\":\"https:\/\/conexion23.com\/#\/schema\/logo\/image\/\"},\"sameAs\":[\"https:\/\/www.facebook.com\/conexion23com\",\"https:\/\/www.instagram.com\/conexion23com\/\",\"https:\/\/www.youtube.com\/channel\/UCYc7vxxFZMYLIHNsHHxPZ3Q\"]},{\"@type\":\"Person\",\"@id\":\"https:\/\/conexion23.com\/#\/schema\/person\/03e36043331117e97a373299bbcd30a6\",\"name\":\"Raffy Ben\u00edtez\",\"image\":{\"@type\":\"ImageObject\",\"inLanguage\":\"es\",\"@id\":\"https:\/\/conexion23.com\/#\/schema\/person\/image\/\",\"url\":\"https:\/\/secure.gravatar.com\/avatar\/3190a6a6c5e1b0327500f7d6c56b6242472ee6cb974cf09b401ee6b3b0798f23?s=96&d=mm&r=g\",\"contentUrl\":\"https:\/\/secure.gravatar.com\/avatar\/3190a6a6c5e1b0327500f7d6c56b6242472ee6cb974cf09b401ee6b3b0798f23?s=96&d=mm&r=g\",\"caption\":\"Raffy Ben\u00edtez\"},\"url\":\"https:\/\/conexion23.com\/?author=15\"}]}<\/script>\n<!-- \/ Yoast SEO plugin. -->","yoast_head_json":{"title":"Opositores protestan y Maduro celebra - Conexi\u00f3n 23","robots":{"index":"index","follow":"follow","max-snippet":"max-snippet:-1","max-image-preview":"max-image-preview:large","max-video-preview":"max-video-preview:-1"},"canonical":"http:\/\/conexion23.com\/?p=32113","og_locale":"es_ES","og_type":"article","og_title":"Opositores protestan y Maduro celebra - Conexi\u00f3n 23","og_description":"Cientos de opositores venezolanos protestaron el mi\u00e9rcoles contra el presidente Nicol\u00e1s Maduro, que moviliz\u00f3 tambi\u00e9n a su base para celebrar su reelecci\u00f3n hace un mes entre denuncias de fraude. \u00abA un mes de la victoria del pueblo de Venezuela frente a las corrientes fascistas, Venezuela ha triunfado otra vez en paz, movilizados en las calles\u00bb, [&hellip;]","og_url":"http:\/\/conexion23.com\/?p=32113","og_site_name":"Conexi\u00f3n 23","article_publisher":"https:\/\/www.facebook.com\/conexion23com","article_published_time":"2024-08-29T12:00:06+00:00","article_modified_time":"2024-08-29T12:00:07+00:00","og_image":[{"width":800,"height":533,"url":"http:\/\/conexion23.com\/wp-content\/uploads\/2024\/08\/66cfd9d3e5bfd.jpeg","type":"image\/jpeg"}],"author":"Raffy Ben\u00edtez","twitter_card":"summary_large_image","twitter_misc":{"Escrito por":"Raffy Ben\u00edtez","Tiempo de lectura":"2 minutos"},"schema":{"@context":"https:\/\/schema.org","@graph":[{"@type":"Article","@id":"http:\/\/conexion23.com\/?p=32113#article","isPartOf":{"@id":"http:\/\/conexion23.com\/?p=32113"},"author":{"name":"Raffy Ben\u00edtez","@id":"https:\/\/conexion23.com\/#\/schema\/person\/03e36043331117e97a373299bbcd30a6"},"headline":"Opositores protestan y Maduro celebra","datePublished":"2024-08-29T12:00:06+00:00","dateModified":"2024-08-29T12:00:07+00:00","mainEntityOfPage":{"@id":"http:\/\/conexion23.com\/?p=32113"},"wordCount":357,"commentCount":0,"publisher":{"@id":"https:\/\/conexion23.com\/#organization"},"image":{"@id":"http:\/\/conexion23.com\/?p=32113#primaryimage"},"thumbnailUrl":"https:\/\/conexion23.com\/wp-content\/uploads\/2024\/08\/66cfd9d3e5bfd.jpeg","articleSection":["Uncategorized"],"inLanguage":"es","potentialAction":[{"@type":"CommentAction","name":"Comment","target":["http:\/\/conexion23.com\/?p=32113#respond"]}]},{"@type":"WebPage","@id":"http:\/\/conexion23.com\/?p=32113","url":"http:\/\/conexion23.com\/?p=32113","name":"Opositores protestan y Maduro celebra - Conexi\u00f3n 23","isPartOf":{"@id":"https:\/\/conexion23.com\/#website"},"primaryImageOfPage":{"@id":"http:\/\/conexion23.com\/?p=32113#primaryimage"},"image":{"@id":"http:\/\/conexion23.com\/?p=32113#primaryimage"},"thumbnailUrl":"https:\/\/conexion23.com\/wp-content\/uploads\/2024\/08\/66cfd9d3e5bfd.jpeg","datePublished":"2024-08-29T12:00:06+00:00","dateModified":"2024-08-29T12:00:07+00:00","breadcrumb":{"@id":"http:\/\/conexion23.com\/?p=32113#breadcrumb"},"inLanguage":"es","potentialAction":[{"@type":"ReadAction","target":["http:\/\/conexion23.com\/?p=32113"]}]},{"@type":"ImageObject","inLanguage":"es","@id":"http:\/\/conexion23.com\/?p=32113#primaryimage","url":"https:\/\/conexion23.com\/wp-content\/uploads\/2024\/08\/66cfd9d3e5bfd.jpeg","contentUrl":"https:\/\/conexion23.com\/wp-content\/uploads\/2024\/08\/66cfd9d3e5bfd.jpeg","width":800,"height":533},{"@type":"BreadcrumbList","@id":"http:\/\/conexion23.com\/?p=32113#breadcrumb","itemListElement":[{"@type":"ListItem","position":1,"name":"Portada","item":"https:\/\/conexion23.com\/"},{"@type":"ListItem","position":2,"name":"Opositores protestan y Maduro celebra"}]},{"@type":"WebSite","@id":"https:\/\/conexion23.com\/#website","url":"https:\/\/conexion23.com\/","name":"Conexi\u00f3n 23","description":"Peri\u00f3dico 100% Petromacorisano","publisher":{"@id":"https:\/\/conexion23.com\/#organization"},"potentialAction":[{"@type":"SearchAction","target":{"@type":"EntryPoint","urlTemplate":"https:\/\/conexion23.com\/?s={search_term_string}"},"query-input":{"@type":"PropertyValueSpecification","valueRequired":true,"valueName":"search_term_string"}}],"inLanguage":"es"},{"@type":"Organization","@id":"https:\/\/conexion23.com\/#organization","name":"Conexion 23","url":"https:\/\/conexion23.com\/","logo":{"@type":"ImageObject","inLanguage":"es","@id":"https:\/\/conexion23.com\/#\/schema\/logo\/image\/","url":"https:\/\/conexion23.com\/wp-content\/uploads\/2021\/11\/Diseno-sin-titulo-2.png","contentUrl":"https:\/\/conexion23.com\/wp-content\/uploads\/2021\/11\/Diseno-sin-titulo-2.png","width":541,"height":90,"caption":"Conexion 23"},"image":{"@id":"https:\/\/conexion23.com\/#\/schema\/logo\/image\/"},"sameAs":["https:\/\/www.facebook.com\/conexion23com","https:\/\/www.instagram.com\/conexion23com\/","https:\/\/www.youtube.com\/channel\/UCYc7vxxFZMYLIHNsHHxPZ3Q"]},{"@type":"Person","@id":"https:\/\/conexion23.com\/#\/schema\/person\/03e36043331117e97a373299bbcd30a6","name":"Raffy Ben\u00edtez","image":{"@type":"ImageObject","inLanguage":"es","@id":"https:\/\/conexion23.com\/#\/schema\/person\/image\/","url":"https:\/\/secure.gravatar.com\/avatar\/3190a6a6c5e1b0327500f7d6c56b6242472ee6cb974cf09b401ee6b3b0798f23?s=96&d=mm&r=g","contentUrl":"https:\/\/secure.gravatar.com\/avatar\/3190a6a6c5e1b0327500f7d6c56b6242472ee6cb974cf09b401ee6b3b0798f23?s=96&d=mm&r=g","caption":"Raffy Ben\u00edtez"},"url":"https:\/\/conexion23.com\/?author=15"}]}},"_links":{"self":[{"href":"https:\/\/conexion23.com\/index.php?rest_route=\/wp\/v2\/posts\/32113","targetHints":{"allow":["GET"]}}],"collection":[{"href":"https:\/\/conexion23.com\/index.php?rest_route=\/wp\/v2\/posts"}],"about":[{"href":"https:\/\/conexion23.com\/index.php?rest_route=\/wp\/v2\/types\/post"}],"author":[{"embeddable":true,"href":"https:\/\/conexion23.com\/index.php?rest_route=\/wp\/v2\/users\/15"}],"replies":[{"embeddable":true,"href":"https:\/\/conexion23.com\/index.php?rest_route=%2Fwp%2Fv2%2Fcomments&post=32113"}],"version-history":[{"count":1,"href":"https:\/\/conexion23.com\/index.php?rest_route=\/wp\/v2\/posts\/32113\/revisions"}],"predecessor-version":[{"id":32115,"href":"https:\/\/conexion23.com\/index.php?rest_route=\/wp\/v2\/posts\/32113\/revisions\/32115"}],"wp:featuredmedia":[{"embeddable":true,"href":"https:\/\/conexion23.com\/index.php?rest_route=\/wp\/v2\/media\/32114"}],"wp:attachment":[{"href":"https:\/\/conexion23.com\/index.php?rest_route=%2Fwp%2Fv2%2Fmedia&parent=32113"}],"wp:term":[{"taxonomy":"category","embeddable":true,"href":"https:\/\/conexion23.com\/index.php?rest_route=%2Fwp%2Fv2%2Fcategories&post=32113"},{"taxonomy":"post_tag","embeddable":true,"href":"https:\/\/conexion23.com\/index.php?rest_route=%2Fwp%2Fv2%2Ftags&post=32113"}],"curies":[{"name":"wp","href":"https:\/\/api.w.org\/{rel}","templated":true}]}}