{"id":32116,"date":"2024-08-30T07:13:23","date_gmt":"2024-08-30T11:13:23","guid":{"rendered":"https:\/\/conexion23.com\/?p=32116"},"modified":"2024-08-30T07:13:24","modified_gmt":"2024-08-30T11:13:24","slug":"20-anos-de-prision-a-hombre-por-violacion-de-nina-en-spm","status":"publish","type":"post","link":"https:\/\/conexion23.com\/?p=32116","title":{"rendered":"20 a\u00f1os de prisi\u00f3n a hombre por violaci\u00f3n de ni\u00f1a en SPM."},"content":{"rendered":"\n<h3 class=\"wp-block-heading\">&nbsp;Un hombre fue condenado a 20 a\u00f1os de c\u00e1rcel por haber violado sexualmente a una nena de 13 a\u00f1os en San Pedro de Macor\u00eds, en complicidad con una de sus hermanas, que se encuentra pr\u00f3fuga.<\/h3>\n\n\n\n<p>El condenado es Santo Pozo Santana, quien fue encontrado culpable de violaci\u00f3n sexual por el&nbsp;<a href=\"https:\/\/pgr.gob.do\/fiscalia-obtuvo-condena-de-20-anos-de-prision-en-contra-de-nacional-haitiano-que-violo-sexualmente-a-una-mujer\/\" target=\"_blank\" rel=\"noreferrer noopener\">Tribunal Colegiado<\/a>&nbsp;de esa provincia.<\/p>\n\n\n\n<p>La fiscal Margarita Hern\u00e1ndez Morales, coordinadora de la Unidad de Atenci\u00f3n a V\u00edctimas de Violencia de G\u00e9nero, Intrafamiliar y Delito Sexual del distrito judicial de San Pedro de Macor\u00eds, demostr\u00f3 la responsabilidad penal de Pozo Santana en los hechos cometidos en contra de la ni\u00f1a, cuyo nombre se omite para cuidar de su integridad.<\/p>\n\n\n\n<p>La representante del \u00f3rgano persecutor del delito demostr\u00f3 que el imputado falt\u00f3 a las disposiciones del art\u00edculo 331 del C\u00f3digo Penal Dominicano, que castiga la violaci\u00f3n sexual.<\/p>\n\n\n\n<p>El expediente<\/p>\n\n\n\n<p>La investigaci\u00f3n de los hechos se inici\u00f3 en enero del 2019, cuando la madre de la v\u00edctima se present\u00f3 ante las autoridades, luego de que la menor le confesara que, con la colaboraci\u00f3n de una pariente de Pozo Santana, quien se encuentra pr\u00f3fuga de la justicia, este se aprovech\u00f3 de ella y la viol\u00f3 sexualmente.<\/p>\n\n\n\n<p>La ni\u00f1a indic\u00f3 a las autoridades, que el agresor la amenazaba con asesinar a ella y a su padre si contaba a alguien que \u00e9l la hab\u00eda agredido sexualmente.<\/p>\n","protected":false},"excerpt":{"rendered":"<p>&nbsp;Un hombre fue condenado a 20 a\u00f1os de c\u00e1rcel por haber violado sexualmente a una nena de 13 a\u00f1os en San Pedro de Macor\u00eds, en complicidad con una de sus hermanas, que se encuentra pr\u00f3fuga. El condenado es Santo Pozo Santana, quien fue encontrado culpable de violaci\u00f3n sexual por el&nbsp;Tribunal Colegiado&nbsp;de esa provincia. La fiscal [&hellip;]<\/p>\n","protected":false},"author":15,"featured_media":32117,"comment_status":"open","ping_status":"open","sticky":false,"template":"","format":"standard","meta":{"footnotes":""},"categories":[35],"tags":[],"class_list":{"0":"post-32116","1":"post","2":"type-post","3":"status-publish","4":"format-standard","5":"has-post-thumbnail","7":"category-spm"},"yoast_head":"<!-- This site is optimized with the Yoast SEO plugin v27.1.1 - https:\/\/yoast.com\/product\/yoast-seo-wordpress\/ -->\n<title>20 a\u00f1os de prisi\u00f3n a hombre por violaci\u00f3n de ni\u00f1a en SPM. - Conexi\u00f3n 23<\/title>\n<meta name=\"robots\" content=\"index, follow, max-snippet:-1, max-image-preview:large, max-video-preview:-1\" \/>\n<link rel=\"canonical\" href=\"http:\/\/conexion23.com\/?p=32116\" \/>\n<meta property=\"og:locale\" content=\"es_ES\" \/>\n<meta property=\"og:type\" content=\"article\" \/>\n<meta property=\"og:title\" content=\"20 a\u00f1os de prisi\u00f3n a hombre por violaci\u00f3n de ni\u00f1a en SPM. - Conexi\u00f3n 23\" \/>\n<meta property=\"og:description\" content=\"&nbsp;Un hombre fue condenado a 20 a\u00f1os de c\u00e1rcel por haber violado sexualmente a una nena de 13 a\u00f1os en San Pedro de Macor\u00eds, en complicidad con una de sus hermanas, que se encuentra pr\u00f3fuga. El condenado es Santo Pozo Santana, quien fue encontrado culpable de violaci\u00f3n sexual por el&nbsp;Tribunal Colegiado&nbsp;de esa provincia. La fiscal [&hellip;]\" \/>\n<meta property=\"og:url\" content=\"http:\/\/conexion23.com\/?p=32116\" \/>\n<meta property=\"og:site_name\" content=\"Conexi\u00f3n 23\" \/>\n<meta property=\"article:publisher\" content=\"https:\/\/www.facebook.com\/conexion23com\" \/>\n<meta property=\"article:published_time\" content=\"2024-08-30T11:13:23+00:00\" \/>\n<meta property=\"article:modified_time\" content=\"2024-08-30T11:13:24+00:00\" \/>\n<meta property=\"og:image\" content=\"http:\/\/conexion23.com\/wp-content\/uploads\/2024\/08\/Justicia-C.webp\" \/>\n\t<meta property=\"og:image:width\" content=\"1250\" \/>\n\t<meta property=\"og:image:height\" content=\"833\" \/>\n\t<meta property=\"og:image:type\" content=\"image\/webp\" \/>\n<meta name=\"author\" content=\"Raffy Ben\u00edtez\" \/>\n<meta name=\"twitter:card\" content=\"summary_large_image\" \/>\n<meta name=\"twitter:label1\" content=\"Escrito por\" \/>\n\t<meta name=\"twitter:data1\" content=\"Raffy Ben\u00edtez\" \/>\n\t<meta name=\"twitter:label2\" content=\"Tiempo de lectura\" \/>\n\t<meta name=\"twitter:data2\" content=\"2 minutos\" \/>\n<script type=\"application\/ld+json\" class=\"yoast-schema-graph\">{\"@context\":\"https:\/\/schema.org\",\"@graph\":[{\"@type\":\"Article\",\"@id\":\"http:\/\/conexion23.com\/?p=32116#article\",\"isPartOf\":{\"@id\":\"http:\/\/conexion23.com\/?p=32116\"},\"author\":{\"name\":\"Raffy Ben\u00edtez\",\"@id\":\"https:\/\/conexion23.com\/#\/schema\/person\/03e36043331117e97a373299bbcd30a6\"},\"headline\":\"20 a\u00f1os de prisi\u00f3n a hombre por violaci\u00f3n de ni\u00f1a en SPM.\",\"datePublished\":\"2024-08-30T11:13:23+00:00\",\"dateModified\":\"2024-08-30T11:13:24+00:00\",\"mainEntityOfPage\":{\"@id\":\"http:\/\/conexion23.com\/?p=32116\"},\"wordCount\":257,\"commentCount\":0,\"publisher\":{\"@id\":\"https:\/\/conexion23.com\/#organization\"},\"image\":{\"@id\":\"http:\/\/conexion23.com\/?p=32116#primaryimage\"},\"thumbnailUrl\":\"https:\/\/conexion23.com\/wp-content\/uploads\/2024\/08\/Justicia-C.webp\",\"articleSection\":[\"SPM\"],\"inLanguage\":\"es\",\"potentialAction\":[{\"@type\":\"CommentAction\",\"name\":\"Comment\",\"target\":[\"http:\/\/conexion23.com\/?p=32116#respond\"]}]},{\"@type\":\"WebPage\",\"@id\":\"http:\/\/conexion23.com\/?p=32116\",\"url\":\"http:\/\/conexion23.com\/?p=32116\",\"name\":\"20 a\u00f1os de prisi\u00f3n a hombre por violaci\u00f3n de ni\u00f1a en SPM. - Conexi\u00f3n 23\",\"isPartOf\":{\"@id\":\"https:\/\/conexion23.com\/#website\"},\"primaryImageOfPage\":{\"@id\":\"http:\/\/conexion23.com\/?p=32116#primaryimage\"},\"image\":{\"@id\":\"http:\/\/conexion23.com\/?p=32116#primaryimage\"},\"thumbnailUrl\":\"https:\/\/conexion23.com\/wp-content\/uploads\/2024\/08\/Justicia-C.webp\",\"datePublished\":\"2024-08-30T11:13:23+00:00\",\"dateModified\":\"2024-08-30T11:13:24+00:00\",\"breadcrumb\":{\"@id\":\"http:\/\/conexion23.com\/?p=32116#breadcrumb\"},\"inLanguage\":\"es\",\"potentialAction\":[{\"@type\":\"ReadAction\",\"target\":[\"http:\/\/conexion23.com\/?p=32116\"]}]},{\"@type\":\"ImageObject\",\"inLanguage\":\"es\",\"@id\":\"http:\/\/conexion23.com\/?p=32116#primaryimage\",\"url\":\"https:\/\/conexion23.com\/wp-content\/uploads\/2024\/08\/Justicia-C.webp\",\"contentUrl\":\"https:\/\/conexion23.com\/wp-content\/uploads\/2024\/08\/Justicia-C.webp\",\"width\":1250,\"height\":833},{\"@type\":\"BreadcrumbList\",\"@id\":\"http:\/\/conexion23.com\/?p=32116#breadcrumb\",\"itemListElement\":[{\"@type\":\"ListItem\",\"position\":1,\"name\":\"Portada\",\"item\":\"https:\/\/conexion23.com\/\"},{\"@type\":\"ListItem\",\"position\":2,\"name\":\"20 a\u00f1os de prisi\u00f3n a hombre por violaci\u00f3n de ni\u00f1a en SPM.\"}]},{\"@type\":\"WebSite\",\"@id\":\"https:\/\/conexion23.com\/#website\",\"url\":\"https:\/\/conexion23.com\/\",\"name\":\"Conexi\u00f3n 23\",\"description\":\"Peri\u00f3dico 100% Petromacorisano\",\"publisher\":{\"@id\":\"https:\/\/conexion23.com\/#organization\"},\"potentialAction\":[{\"@type\":\"SearchAction\",\"target\":{\"@type\":\"EntryPoint\",\"urlTemplate\":\"https:\/\/conexion23.com\/?s={search_term_string}\"},\"query-input\":{\"@type\":\"PropertyValueSpecification\",\"valueRequired\":true,\"valueName\":\"search_term_string\"}}],\"inLanguage\":\"es\"},{\"@type\":\"Organization\",\"@id\":\"https:\/\/conexion23.com\/#organization\",\"name\":\"Conexion 23\",\"url\":\"https:\/\/conexion23.com\/\",\"logo\":{\"@type\":\"ImageObject\",\"inLanguage\":\"es\",\"@id\":\"https:\/\/conexion23.com\/#\/schema\/logo\/image\/\",\"url\":\"https:\/\/conexion23.com\/wp-content\/uploads\/2021\/11\/Diseno-sin-titulo-2.png\",\"contentUrl\":\"https:\/\/conexion23.com\/wp-content\/uploads\/2021\/11\/Diseno-sin-titulo-2.png\",\"width\":541,\"height\":90,\"caption\":\"Conexion 23\"},\"image\":{\"@id\":\"https:\/\/conexion23.com\/#\/schema\/logo\/image\/\"},\"sameAs\":[\"https:\/\/www.facebook.com\/conexion23com\",\"https:\/\/www.instagram.com\/conexion23com\/\",\"https:\/\/www.youtube.com\/channel\/UCYc7vxxFZMYLIHNsHHxPZ3Q\"]},{\"@type\":\"Person\",\"@id\":\"https:\/\/conexion23.com\/#\/schema\/person\/03e36043331117e97a373299bbcd30a6\",\"name\":\"Raffy Ben\u00edtez\",\"image\":{\"@type\":\"ImageObject\",\"inLanguage\":\"es\",\"@id\":\"https:\/\/conexion23.com\/#\/schema\/person\/image\/\",\"url\":\"https:\/\/secure.gravatar.com\/avatar\/3190a6a6c5e1b0327500f7d6c56b6242472ee6cb974cf09b401ee6b3b0798f23?s=96&d=mm&r=g\",\"contentUrl\":\"https:\/\/secure.gravatar.com\/avatar\/3190a6a6c5e1b0327500f7d6c56b6242472ee6cb974cf09b401ee6b3b0798f23?s=96&d=mm&r=g\",\"caption\":\"Raffy Ben\u00edtez\"},\"url\":\"https:\/\/conexion23.com\/?author=15\"}]}<\/script>\n<!-- \/ Yoast SEO plugin. -->","yoast_head_json":{"title":"20 a\u00f1os de prisi\u00f3n a hombre por violaci\u00f3n de ni\u00f1a en SPM. - Conexi\u00f3n 23","robots":{"index":"index","follow":"follow","max-snippet":"max-snippet:-1","max-image-preview":"max-image-preview:large","max-video-preview":"max-video-preview:-1"},"canonical":"http:\/\/conexion23.com\/?p=32116","og_locale":"es_ES","og_type":"article","og_title":"20 a\u00f1os de prisi\u00f3n a hombre por violaci\u00f3n de ni\u00f1a en SPM. - Conexi\u00f3n 23","og_description":"&nbsp;Un hombre fue condenado a 20 a\u00f1os de c\u00e1rcel por haber violado sexualmente a una nena de 13 a\u00f1os en San Pedro de Macor\u00eds, en complicidad con una de sus hermanas, que se encuentra pr\u00f3fuga. El condenado es Santo Pozo Santana, quien fue encontrado culpable de violaci\u00f3n sexual por el&nbsp;Tribunal Colegiado&nbsp;de esa provincia. La fiscal [&hellip;]","og_url":"http:\/\/conexion23.com\/?p=32116","og_site_name":"Conexi\u00f3n 23","article_publisher":"https:\/\/www.facebook.com\/conexion23com","article_published_time":"2024-08-30T11:13:23+00:00","article_modified_time":"2024-08-30T11:13:24+00:00","og_image":[{"width":1250,"height":833,"url":"http:\/\/conexion23.com\/wp-content\/uploads\/2024\/08\/Justicia-C.webp","type":"image\/webp"}],"author":"Raffy Ben\u00edtez","twitter_card":"summary_large_image","twitter_misc":{"Escrito por":"Raffy Ben\u00edtez","Tiempo de lectura":"2 minutos"},"schema":{"@context":"https:\/\/schema.org","@graph":[{"@type":"Article","@id":"http:\/\/conexion23.com\/?p=32116#article","isPartOf":{"@id":"http:\/\/conexion23.com\/?p=32116"},"author":{"name":"Raffy Ben\u00edtez","@id":"https:\/\/conexion23.com\/#\/schema\/person\/03e36043331117e97a373299bbcd30a6"},"headline":"20 a\u00f1os de prisi\u00f3n a hombre por violaci\u00f3n de ni\u00f1a en SPM.","datePublished":"2024-08-30T11:13:23+00:00","dateModified":"2024-08-30T11:13:24+00:00","mainEntityOfPage":{"@id":"http:\/\/conexion23.com\/?p=32116"},"wordCount":257,"commentCount":0,"publisher":{"@id":"https:\/\/conexion23.com\/#organization"},"image":{"@id":"http:\/\/conexion23.com\/?p=32116#primaryimage"},"thumbnailUrl":"https:\/\/conexion23.com\/wp-content\/uploads\/2024\/08\/Justicia-C.webp","articleSection":["SPM"],"inLanguage":"es","potentialAction":[{"@type":"CommentAction","name":"Comment","target":["http:\/\/conexion23.com\/?p=32116#respond"]}]},{"@type":"WebPage","@id":"http:\/\/conexion23.com\/?p=32116","url":"http:\/\/conexion23.com\/?p=32116","name":"20 a\u00f1os de prisi\u00f3n a hombre por violaci\u00f3n de ni\u00f1a en SPM. - Conexi\u00f3n 23","isPartOf":{"@id":"https:\/\/conexion23.com\/#website"},"primaryImageOfPage":{"@id":"http:\/\/conexion23.com\/?p=32116#primaryimage"},"image":{"@id":"http:\/\/conexion23.com\/?p=32116#primaryimage"},"thumbnailUrl":"https:\/\/conexion23.com\/wp-content\/uploads\/2024\/08\/Justicia-C.webp","datePublished":"2024-08-30T11:13:23+00:00","dateModified":"2024-08-30T11:13:24+00:00","breadcrumb":{"@id":"http:\/\/conexion23.com\/?p=32116#breadcrumb"},"inLanguage":"es","potentialAction":[{"@type":"ReadAction","target":["http:\/\/conexion23.com\/?p=32116"]}]},{"@type":"ImageObject","inLanguage":"es","@id":"http:\/\/conexion23.com\/?p=32116#primaryimage","url":"https:\/\/conexion23.com\/wp-content\/uploads\/2024\/08\/Justicia-C.webp","contentUrl":"https:\/\/conexion23.com\/wp-content\/uploads\/2024\/08\/Justicia-C.webp","width":1250,"height":833},{"@type":"BreadcrumbList","@id":"http:\/\/conexion23.com\/?p=32116#breadcrumb","itemListElement":[{"@type":"ListItem","position":1,"name":"Portada","item":"https:\/\/conexion23.com\/"},{"@type":"ListItem","position":2,"name":"20 a\u00f1os de prisi\u00f3n a hombre por violaci\u00f3n de ni\u00f1a en SPM."}]},{"@type":"WebSite","@id":"https:\/\/conexion23.com\/#website","url":"https:\/\/conexion23.com\/","name":"Conexi\u00f3n 23","description":"Peri\u00f3dico 100% Petromacorisano","publisher":{"@id":"https:\/\/conexion23.com\/#organization"},"potentialAction":[{"@type":"SearchAction","target":{"@type":"EntryPoint","urlTemplate":"https:\/\/conexion23.com\/?s={search_term_string}"},"query-input":{"@type":"PropertyValueSpecification","valueRequired":true,"valueName":"search_term_string"}}],"inLanguage":"es"},{"@type":"Organization","@id":"https:\/\/conexion23.com\/#organization","name":"Conexion 23","url":"https:\/\/conexion23.com\/","logo":{"@type":"ImageObject","inLanguage":"es","@id":"https:\/\/conexion23.com\/#\/schema\/logo\/image\/","url":"https:\/\/conexion23.com\/wp-content\/uploads\/2021\/11\/Diseno-sin-titulo-2.png","contentUrl":"https:\/\/conexion23.com\/wp-content\/uploads\/2021\/11\/Diseno-sin-titulo-2.png","width":541,"height":90,"caption":"Conexion 23"},"image":{"@id":"https:\/\/conexion23.com\/#\/schema\/logo\/image\/"},"sameAs":["https:\/\/www.facebook.com\/conexion23com","https:\/\/www.instagram.com\/conexion23com\/","https:\/\/www.youtube.com\/channel\/UCYc7vxxFZMYLIHNsHHxPZ3Q"]},{"@type":"Person","@id":"https:\/\/conexion23.com\/#\/schema\/person\/03e36043331117e97a373299bbcd30a6","name":"Raffy Ben\u00edtez","image":{"@type":"ImageObject","inLanguage":"es","@id":"https:\/\/conexion23.com\/#\/schema\/person\/image\/","url":"https:\/\/secure.gravatar.com\/avatar\/3190a6a6c5e1b0327500f7d6c56b6242472ee6cb974cf09b401ee6b3b0798f23?s=96&d=mm&r=g","contentUrl":"https:\/\/secure.gravatar.com\/avatar\/3190a6a6c5e1b0327500f7d6c56b6242472ee6cb974cf09b401ee6b3b0798f23?s=96&d=mm&r=g","caption":"Raffy Ben\u00edtez"},"url":"https:\/\/conexion23.com\/?author=15"}]}},"_links":{"self":[{"href":"https:\/\/conexion23.com\/index.php?rest_route=\/wp\/v2\/posts\/32116","targetHints":{"allow":["GET"]}}],"collection":[{"href":"https:\/\/conexion23.com\/index.php?rest_route=\/wp\/v2\/posts"}],"about":[{"href":"https:\/\/conexion23.com\/index.php?rest_route=\/wp\/v2\/types\/post"}],"author":[{"embeddable":true,"href":"https:\/\/conexion23.com\/index.php?rest_route=\/wp\/v2\/users\/15"}],"replies":[{"embeddable":true,"href":"https:\/\/conexion23.com\/index.php?rest_route=%2Fwp%2Fv2%2Fcomments&post=32116"}],"version-history":[{"count":1,"href":"https:\/\/conexion23.com\/index.php?rest_route=\/wp\/v2\/posts\/32116\/revisions"}],"predecessor-version":[{"id":32118,"href":"https:\/\/conexion23.com\/index.php?rest_route=\/wp\/v2\/posts\/32116\/revisions\/32118"}],"wp:featuredmedia":[{"embeddable":true,"href":"https:\/\/conexion23.com\/index.php?rest_route=\/wp\/v2\/media\/32117"}],"wp:attachment":[{"href":"https:\/\/conexion23.com\/index.php?rest_route=%2Fwp%2Fv2%2Fmedia&parent=32116"}],"wp:term":[{"taxonomy":"category","embeddable":true,"href":"https:\/\/conexion23.com\/index.php?rest_route=%2Fwp%2Fv2%2Fcategories&post=32116"},{"taxonomy":"post_tag","embeddable":true,"href":"https:\/\/conexion23.com\/index.php?rest_route=%2Fwp%2Fv2%2Ftags&post=32116"}],"curies":[{"name":"wp","href":"https:\/\/api.w.org\/{rel}","templated":true}]}}