{"id":32286,"date":"2024-09-04T07:32:31","date_gmt":"2024-09-04T11:32:31","guid":{"rendered":"https:\/\/conexion23.com\/?p=32286"},"modified":"2024-09-04T07:32:32","modified_gmt":"2024-09-04T11:32:32","slug":"profesores-de-santiago-paran-clases-4-dias","status":"publish","type":"post","link":"https:\/\/conexion23.com\/?p=32286","title":{"rendered":"Profesores de Santiago paran clases 4 d\u00edas"},"content":{"rendered":"\n<p>La seccional de la zona suroeste de la&nbsp;<a href=\"https:\/\/x.com\/NuestraADP\" target=\"_blank\" rel=\"noreferrer noopener\">Asociaci\u00f3n Dominicana de Profesores (ADP)<\/a>&nbsp;anunci\u00f3 que desde este martes hasta el pr\u00f3ximo viernes seis de los corrientes, quedan suspendidas las clases en los centros docentes de esa localidad por supuesto incumplimiento de parte del Ministerio de Educaci\u00f3n sobre el nombramiento de maestros que aprobaron el concurso de oposici\u00f3n, pero que se encuentran desempleados.<\/p>\n\n\n\n<p>La seccional de la ADP en esta ciudad explic\u00f3 que m\u00e1s de mil 500 educadores pertenecientes a la zona Suroeste, realizar\u00e1n un piquete frente al distrito 08-05 de Educaci\u00f3n hasta que el MINERD haga cumplir las leyes que ellos mismos crearon.<\/p>\n\n\n\n<p>Precisa que no se concibe que traten de colocar una directora en el centro educativo Hermana Josefina Cerrano sin haber aprobado el concurso de oposici\u00f3n, cuando hay tantos profesores en lista de elegibles.<\/p>\n\n\n\n<p>Te puede interesar leer:&nbsp;<a href=\"https:\/\/elnacional.com.do\/escuelas-tienen-10-anos-en-construccion\/\">Escuelas tienen 10 a\u00f1os en construcci\u00f3n<\/a><\/p>\n\n\n\n<p>Advirti\u00f3 la seccional de la ADP en la zona Suroeste, que de no ser atendidos sus reclamos entonces realizar\u00e1n una concentraci\u00f3n en el distrito educativo 08-08 con el apoyo de las dem\u00e1s seccionales de esta ciudad.<\/p>\n\n\n\n<h4 class=\"wp-block-heading\">Las clases en los dem\u00e1s centros del Estado en esta localidad, se mantienen con normalidad.<\/h4>\n\n\n\n<p>Entre los sectores afectados con esta suspensi\u00f3n est\u00e1n Bella Vista, Reparto Peralta, la Otra Banda, la Herradura, Pastor y La Yag\u00fcita de Pastor.<\/p>\n","protected":false},"excerpt":{"rendered":"<p>La seccional de la zona suroeste de la&nbsp;Asociaci\u00f3n Dominicana de Profesores (ADP)&nbsp;anunci\u00f3 que desde este martes hasta el pr\u00f3ximo viernes seis de los corrientes, quedan suspendidas las clases en los centros docentes de esa localidad por supuesto incumplimiento de parte del Ministerio de Educaci\u00f3n sobre el nombramiento de maestros que aprobaron el concurso de oposici\u00f3n, [&hellip;]<\/p>\n","protected":false},"author":15,"featured_media":32287,"comment_status":"open","ping_status":"open","sticky":false,"template":"","format":"standard","meta":{"footnotes":""},"categories":[1],"tags":[],"class_list":{"0":"post-32286","1":"post","2":"type-post","3":"status-publish","4":"format-standard","5":"has-post-thumbnail","7":"category-uncategorized"},"yoast_head":"<!-- This site is optimized with the Yoast SEO plugin v27.1.1 - https:\/\/yoast.com\/product\/yoast-seo-wordpress\/ -->\n<title>Profesores de Santiago paran clases 4 d\u00edas - Conexi\u00f3n 23<\/title>\n<meta name=\"robots\" content=\"index, follow, max-snippet:-1, max-image-preview:large, max-video-preview:-1\" \/>\n<link rel=\"canonical\" href=\"http:\/\/conexion23.com\/?p=32286\" \/>\n<meta property=\"og:locale\" content=\"es_ES\" \/>\n<meta property=\"og:type\" content=\"article\" \/>\n<meta property=\"og:title\" content=\"Profesores de Santiago paran clases 4 d\u00edas - Conexi\u00f3n 23\" \/>\n<meta property=\"og:description\" content=\"La seccional de la zona suroeste de la&nbsp;Asociaci\u00f3n Dominicana de Profesores (ADP)&nbsp;anunci\u00f3 que desde este martes hasta el pr\u00f3ximo viernes seis de los corrientes, quedan suspendidas las clases en los centros docentes de esa localidad por supuesto incumplimiento de parte del Ministerio de Educaci\u00f3n sobre el nombramiento de maestros que aprobaron el concurso de oposici\u00f3n, [&hellip;]\" \/>\n<meta property=\"og:url\" content=\"http:\/\/conexion23.com\/?p=32286\" \/>\n<meta property=\"og:site_name\" content=\"Conexi\u00f3n 23\" \/>\n<meta property=\"article:publisher\" content=\"https:\/\/www.facebook.com\/conexion23com\" \/>\n<meta property=\"article:published_time\" content=\"2024-09-04T11:32:31+00:00\" \/>\n<meta property=\"article:modified_time\" content=\"2024-09-04T11:32:32+00:00\" \/>\n<meta property=\"og:image\" content=\"http:\/\/conexion23.com\/wp-content\/uploads\/2024\/09\/6_Actualidad_03_3p01.webp\" \/>\n\t<meta property=\"og:image:width\" content=\"767\" \/>\n\t<meta property=\"og:image:height\" content=\"496\" \/>\n\t<meta property=\"og:image:type\" content=\"image\/webp\" \/>\n<meta name=\"author\" content=\"Raffy Ben\u00edtez\" \/>\n<meta name=\"twitter:card\" content=\"summary_large_image\" \/>\n<meta name=\"twitter:label1\" content=\"Escrito por\" \/>\n\t<meta name=\"twitter:data1\" content=\"Raffy Ben\u00edtez\" \/>\n\t<meta name=\"twitter:label2\" content=\"Tiempo de lectura\" \/>\n\t<meta name=\"twitter:data2\" content=\"2 minutos\" \/>\n<script type=\"application\/ld+json\" class=\"yoast-schema-graph\">{\"@context\":\"https:\/\/schema.org\",\"@graph\":[{\"@type\":\"Article\",\"@id\":\"http:\/\/conexion23.com\/?p=32286#article\",\"isPartOf\":{\"@id\":\"http:\/\/conexion23.com\/?p=32286\"},\"author\":{\"name\":\"Raffy Ben\u00edtez\",\"@id\":\"https:\/\/conexion23.com\/#\/schema\/person\/03e36043331117e97a373299bbcd30a6\"},\"headline\":\"Profesores de Santiago paran clases 4 d\u00edas\",\"datePublished\":\"2024-09-04T11:32:31+00:00\",\"dateModified\":\"2024-09-04T11:32:32+00:00\",\"mainEntityOfPage\":{\"@id\":\"http:\/\/conexion23.com\/?p=32286\"},\"wordCount\":245,\"commentCount\":0,\"publisher\":{\"@id\":\"https:\/\/conexion23.com\/#organization\"},\"image\":{\"@id\":\"http:\/\/conexion23.com\/?p=32286#primaryimage\"},\"thumbnailUrl\":\"https:\/\/conexion23.com\/wp-content\/uploads\/2024\/09\/6_Actualidad_03_3p01.webp\",\"articleSection\":[\"Uncategorized\"],\"inLanguage\":\"es\",\"potentialAction\":[{\"@type\":\"CommentAction\",\"name\":\"Comment\",\"target\":[\"http:\/\/conexion23.com\/?p=32286#respond\"]}]},{\"@type\":\"WebPage\",\"@id\":\"http:\/\/conexion23.com\/?p=32286\",\"url\":\"http:\/\/conexion23.com\/?p=32286\",\"name\":\"Profesores de Santiago paran clases 4 d\u00edas - Conexi\u00f3n 23\",\"isPartOf\":{\"@id\":\"https:\/\/conexion23.com\/#website\"},\"primaryImageOfPage\":{\"@id\":\"http:\/\/conexion23.com\/?p=32286#primaryimage\"},\"image\":{\"@id\":\"http:\/\/conexion23.com\/?p=32286#primaryimage\"},\"thumbnailUrl\":\"https:\/\/conexion23.com\/wp-content\/uploads\/2024\/09\/6_Actualidad_03_3p01.webp\",\"datePublished\":\"2024-09-04T11:32:31+00:00\",\"dateModified\":\"2024-09-04T11:32:32+00:00\",\"breadcrumb\":{\"@id\":\"http:\/\/conexion23.com\/?p=32286#breadcrumb\"},\"inLanguage\":\"es\",\"potentialAction\":[{\"@type\":\"ReadAction\",\"target\":[\"http:\/\/conexion23.com\/?p=32286\"]}]},{\"@type\":\"ImageObject\",\"inLanguage\":\"es\",\"@id\":\"http:\/\/conexion23.com\/?p=32286#primaryimage\",\"url\":\"https:\/\/conexion23.com\/wp-content\/uploads\/2024\/09\/6_Actualidad_03_3p01.webp\",\"contentUrl\":\"https:\/\/conexion23.com\/wp-content\/uploads\/2024\/09\/6_Actualidad_03_3p01.webp\",\"width\":767,\"height\":496},{\"@type\":\"BreadcrumbList\",\"@id\":\"http:\/\/conexion23.com\/?p=32286#breadcrumb\",\"itemListElement\":[{\"@type\":\"ListItem\",\"position\":1,\"name\":\"Portada\",\"item\":\"https:\/\/conexion23.com\/\"},{\"@type\":\"ListItem\",\"position\":2,\"name\":\"Profesores de Santiago paran clases 4 d\u00edas\"}]},{\"@type\":\"WebSite\",\"@id\":\"https:\/\/conexion23.com\/#website\",\"url\":\"https:\/\/conexion23.com\/\",\"name\":\"Conexi\u00f3n 23\",\"description\":\"Peri\u00f3dico 100% Petromacorisano\",\"publisher\":{\"@id\":\"https:\/\/conexion23.com\/#organization\"},\"potentialAction\":[{\"@type\":\"SearchAction\",\"target\":{\"@type\":\"EntryPoint\",\"urlTemplate\":\"https:\/\/conexion23.com\/?s={search_term_string}\"},\"query-input\":{\"@type\":\"PropertyValueSpecification\",\"valueRequired\":true,\"valueName\":\"search_term_string\"}}],\"inLanguage\":\"es\"},{\"@type\":\"Organization\",\"@id\":\"https:\/\/conexion23.com\/#organization\",\"name\":\"Conexion 23\",\"url\":\"https:\/\/conexion23.com\/\",\"logo\":{\"@type\":\"ImageObject\",\"inLanguage\":\"es\",\"@id\":\"https:\/\/conexion23.com\/#\/schema\/logo\/image\/\",\"url\":\"https:\/\/conexion23.com\/wp-content\/uploads\/2021\/11\/Diseno-sin-titulo-2.png\",\"contentUrl\":\"https:\/\/conexion23.com\/wp-content\/uploads\/2021\/11\/Diseno-sin-titulo-2.png\",\"width\":541,\"height\":90,\"caption\":\"Conexion 23\"},\"image\":{\"@id\":\"https:\/\/conexion23.com\/#\/schema\/logo\/image\/\"},\"sameAs\":[\"https:\/\/www.facebook.com\/conexion23com\",\"https:\/\/www.instagram.com\/conexion23com\/\",\"https:\/\/www.youtube.com\/channel\/UCYc7vxxFZMYLIHNsHHxPZ3Q\"]},{\"@type\":\"Person\",\"@id\":\"https:\/\/conexion23.com\/#\/schema\/person\/03e36043331117e97a373299bbcd30a6\",\"name\":\"Raffy Ben\u00edtez\",\"image\":{\"@type\":\"ImageObject\",\"inLanguage\":\"es\",\"@id\":\"https:\/\/conexion23.com\/#\/schema\/person\/image\/\",\"url\":\"https:\/\/secure.gravatar.com\/avatar\/3190a6a6c5e1b0327500f7d6c56b6242472ee6cb974cf09b401ee6b3b0798f23?s=96&d=mm&r=g\",\"contentUrl\":\"https:\/\/secure.gravatar.com\/avatar\/3190a6a6c5e1b0327500f7d6c56b6242472ee6cb974cf09b401ee6b3b0798f23?s=96&d=mm&r=g\",\"caption\":\"Raffy Ben\u00edtez\"},\"url\":\"https:\/\/conexion23.com\/?author=15\"}]}<\/script>\n<!-- \/ Yoast SEO plugin. -->","yoast_head_json":{"title":"Profesores de Santiago paran clases 4 d\u00edas - Conexi\u00f3n 23","robots":{"index":"index","follow":"follow","max-snippet":"max-snippet:-1","max-image-preview":"max-image-preview:large","max-video-preview":"max-video-preview:-1"},"canonical":"http:\/\/conexion23.com\/?p=32286","og_locale":"es_ES","og_type":"article","og_title":"Profesores de Santiago paran clases 4 d\u00edas - Conexi\u00f3n 23","og_description":"La seccional de la zona suroeste de la&nbsp;Asociaci\u00f3n Dominicana de Profesores (ADP)&nbsp;anunci\u00f3 que desde este martes hasta el pr\u00f3ximo viernes seis de los corrientes, quedan suspendidas las clases en los centros docentes de esa localidad por supuesto incumplimiento de parte del Ministerio de Educaci\u00f3n sobre el nombramiento de maestros que aprobaron el concurso de oposici\u00f3n, [&hellip;]","og_url":"http:\/\/conexion23.com\/?p=32286","og_site_name":"Conexi\u00f3n 23","article_publisher":"https:\/\/www.facebook.com\/conexion23com","article_published_time":"2024-09-04T11:32:31+00:00","article_modified_time":"2024-09-04T11:32:32+00:00","og_image":[{"width":767,"height":496,"url":"http:\/\/conexion23.com\/wp-content\/uploads\/2024\/09\/6_Actualidad_03_3p01.webp","type":"image\/webp"}],"author":"Raffy Ben\u00edtez","twitter_card":"summary_large_image","twitter_misc":{"Escrito por":"Raffy Ben\u00edtez","Tiempo de lectura":"2 minutos"},"schema":{"@context":"https:\/\/schema.org","@graph":[{"@type":"Article","@id":"http:\/\/conexion23.com\/?p=32286#article","isPartOf":{"@id":"http:\/\/conexion23.com\/?p=32286"},"author":{"name":"Raffy Ben\u00edtez","@id":"https:\/\/conexion23.com\/#\/schema\/person\/03e36043331117e97a373299bbcd30a6"},"headline":"Profesores de Santiago paran clases 4 d\u00edas","datePublished":"2024-09-04T11:32:31+00:00","dateModified":"2024-09-04T11:32:32+00:00","mainEntityOfPage":{"@id":"http:\/\/conexion23.com\/?p=32286"},"wordCount":245,"commentCount":0,"publisher":{"@id":"https:\/\/conexion23.com\/#organization"},"image":{"@id":"http:\/\/conexion23.com\/?p=32286#primaryimage"},"thumbnailUrl":"https:\/\/conexion23.com\/wp-content\/uploads\/2024\/09\/6_Actualidad_03_3p01.webp","articleSection":["Uncategorized"],"inLanguage":"es","potentialAction":[{"@type":"CommentAction","name":"Comment","target":["http:\/\/conexion23.com\/?p=32286#respond"]}]},{"@type":"WebPage","@id":"http:\/\/conexion23.com\/?p=32286","url":"http:\/\/conexion23.com\/?p=32286","name":"Profesores de Santiago paran clases 4 d\u00edas - Conexi\u00f3n 23","isPartOf":{"@id":"https:\/\/conexion23.com\/#website"},"primaryImageOfPage":{"@id":"http:\/\/conexion23.com\/?p=32286#primaryimage"},"image":{"@id":"http:\/\/conexion23.com\/?p=32286#primaryimage"},"thumbnailUrl":"https:\/\/conexion23.com\/wp-content\/uploads\/2024\/09\/6_Actualidad_03_3p01.webp","datePublished":"2024-09-04T11:32:31+00:00","dateModified":"2024-09-04T11:32:32+00:00","breadcrumb":{"@id":"http:\/\/conexion23.com\/?p=32286#breadcrumb"},"inLanguage":"es","potentialAction":[{"@type":"ReadAction","target":["http:\/\/conexion23.com\/?p=32286"]}]},{"@type":"ImageObject","inLanguage":"es","@id":"http:\/\/conexion23.com\/?p=32286#primaryimage","url":"https:\/\/conexion23.com\/wp-content\/uploads\/2024\/09\/6_Actualidad_03_3p01.webp","contentUrl":"https:\/\/conexion23.com\/wp-content\/uploads\/2024\/09\/6_Actualidad_03_3p01.webp","width":767,"height":496},{"@type":"BreadcrumbList","@id":"http:\/\/conexion23.com\/?p=32286#breadcrumb","itemListElement":[{"@type":"ListItem","position":1,"name":"Portada","item":"https:\/\/conexion23.com\/"},{"@type":"ListItem","position":2,"name":"Profesores de Santiago paran clases 4 d\u00edas"}]},{"@type":"WebSite","@id":"https:\/\/conexion23.com\/#website","url":"https:\/\/conexion23.com\/","name":"Conexi\u00f3n 23","description":"Peri\u00f3dico 100% Petromacorisano","publisher":{"@id":"https:\/\/conexion23.com\/#organization"},"potentialAction":[{"@type":"SearchAction","target":{"@type":"EntryPoint","urlTemplate":"https:\/\/conexion23.com\/?s={search_term_string}"},"query-input":{"@type":"PropertyValueSpecification","valueRequired":true,"valueName":"search_term_string"}}],"inLanguage":"es"},{"@type":"Organization","@id":"https:\/\/conexion23.com\/#organization","name":"Conexion 23","url":"https:\/\/conexion23.com\/","logo":{"@type":"ImageObject","inLanguage":"es","@id":"https:\/\/conexion23.com\/#\/schema\/logo\/image\/","url":"https:\/\/conexion23.com\/wp-content\/uploads\/2021\/11\/Diseno-sin-titulo-2.png","contentUrl":"https:\/\/conexion23.com\/wp-content\/uploads\/2021\/11\/Diseno-sin-titulo-2.png","width":541,"height":90,"caption":"Conexion 23"},"image":{"@id":"https:\/\/conexion23.com\/#\/schema\/logo\/image\/"},"sameAs":["https:\/\/www.facebook.com\/conexion23com","https:\/\/www.instagram.com\/conexion23com\/","https:\/\/www.youtube.com\/channel\/UCYc7vxxFZMYLIHNsHHxPZ3Q"]},{"@type":"Person","@id":"https:\/\/conexion23.com\/#\/schema\/person\/03e36043331117e97a373299bbcd30a6","name":"Raffy Ben\u00edtez","image":{"@type":"ImageObject","inLanguage":"es","@id":"https:\/\/conexion23.com\/#\/schema\/person\/image\/","url":"https:\/\/secure.gravatar.com\/avatar\/3190a6a6c5e1b0327500f7d6c56b6242472ee6cb974cf09b401ee6b3b0798f23?s=96&d=mm&r=g","contentUrl":"https:\/\/secure.gravatar.com\/avatar\/3190a6a6c5e1b0327500f7d6c56b6242472ee6cb974cf09b401ee6b3b0798f23?s=96&d=mm&r=g","caption":"Raffy Ben\u00edtez"},"url":"https:\/\/conexion23.com\/?author=15"}]}},"_links":{"self":[{"href":"https:\/\/conexion23.com\/index.php?rest_route=\/wp\/v2\/posts\/32286","targetHints":{"allow":["GET"]}}],"collection":[{"href":"https:\/\/conexion23.com\/index.php?rest_route=\/wp\/v2\/posts"}],"about":[{"href":"https:\/\/conexion23.com\/index.php?rest_route=\/wp\/v2\/types\/post"}],"author":[{"embeddable":true,"href":"https:\/\/conexion23.com\/index.php?rest_route=\/wp\/v2\/users\/15"}],"replies":[{"embeddable":true,"href":"https:\/\/conexion23.com\/index.php?rest_route=%2Fwp%2Fv2%2Fcomments&post=32286"}],"version-history":[{"count":1,"href":"https:\/\/conexion23.com\/index.php?rest_route=\/wp\/v2\/posts\/32286\/revisions"}],"predecessor-version":[{"id":32288,"href":"https:\/\/conexion23.com\/index.php?rest_route=\/wp\/v2\/posts\/32286\/revisions\/32288"}],"wp:featuredmedia":[{"embeddable":true,"href":"https:\/\/conexion23.com\/index.php?rest_route=\/wp\/v2\/media\/32287"}],"wp:attachment":[{"href":"https:\/\/conexion23.com\/index.php?rest_route=%2Fwp%2Fv2%2Fmedia&parent=32286"}],"wp:term":[{"taxonomy":"category","embeddable":true,"href":"https:\/\/conexion23.com\/index.php?rest_route=%2Fwp%2Fv2%2Fcategories&post=32286"},{"taxonomy":"post_tag","embeddable":true,"href":"https:\/\/conexion23.com\/index.php?rest_route=%2Fwp%2Fv2%2Ftags&post=32286"}],"curies":[{"name":"wp","href":"https:\/\/api.w.org\/{rel}","templated":true}]}}