{"id":32295,"date":"2024-09-04T07:55:28","date_gmt":"2024-09-04T11:55:28","guid":{"rendered":"https:\/\/conexion23.com\/?p=32295"},"modified":"2024-09-04T07:55:30","modified_gmt":"2024-09-04T11:55:30","slug":"abel-martinez-reconoce-relacion-con-mujer-dice-fue-consensuada-y-que-ambos-eran-mayores-de-edad-y-solteros","status":"publish","type":"post","link":"https:\/\/conexion23.com\/?p=32295","title":{"rendered":"Abel Mart\u00ednez reconoce relaci\u00f3n con mujer, dice fue consensuada y que ambos eran mayores de edad y solteros."},"content":{"rendered":"\n<p>El excandidato presidencial del Partido de la Liberaci\u00f3n Dominicana,&nbsp;<strong>Abel Mart\u00ednez<\/strong>&nbsp;emiti\u00f3 un comunicado a ra\u00edz de las recientes declaraciones de una mujer que denunci\u00f3 que<strong>&nbsp;cuando ten\u00eda 16 a\u00f1os<\/strong>&nbsp;\u00abel pol\u00edtico&nbsp;<strong>se aprovech\u00f3 de ella&nbsp;<\/strong>yla dej\u00f3 embarazada\u00bb.<\/p>\n\n\n\n<p>A trav\u00e9s de la firma D\u00edaz Trueba Abogados, Mart\u00ednez reconoci\u00f3 que&nbsp;<strong>mantuvo una relaci\u00f3n con la mujer<\/strong>, cuyo nombre es Keire Vargas, pero se\u00f1al\u00f3 que fue de manera consensuada cuando ambos eran&nbsp;<strong>mayores de edad<\/strong>&nbsp;y&nbsp;<strong>solteros<\/strong>.<\/p>\n\n\n\n<p>Mart\u00ednez extern\u00f3 que la relaci\u00f3n que mantuvo con la mujer&nbsp;<strong>fue de corta duraci\u00f3n<\/strong>.<\/p>\n\n\n\n<p>\u201cEl se\u00f1or reconoce que tuvo una relaci\u00f3n con la se\u00f1ora hace m\u00e1s de una d\u00e9cada cuando ambos eran mayores de edad y solteros, conforme se verifica en los documentos de identidad correspondientes. Esta relaci\u00f3n fue de muy corta duraci\u00f3n, y durante su transcurso, ambos actuaron de manera consensuada\u201d, le\u00eda el comunicado que fue publicado en espacio pagado hoy en el List\u00edn.<\/p>\n\n\n\n<p>El pol\u00edtico, seg\u00fan sus representantes, fue informado en octubre de 2022 de la<strong>&nbsp;\u201cposible\u201d<\/strong>&nbsp;paternidad de un ni\u00f1o de 13 a\u00f1os de edad, que en la actualidad se encuentra residiendo en Estados Unidos.<\/p>\n\n\n\n<p>Cuando se enter\u00f3, seg\u00fan sus abogados, Mart\u00ednez \u201cse puso a la disposici\u00f3n de la madre brind\u00e1ndole apoyo econ\u00f3mico para las necesidades inmediatas del menor, aun sin contar con pruebas fehacientes sobre su paternidad\u201d.<\/p>\n\n\n\n<p>Esta decisi\u00f3n fue tomada, de acuerdo a lo que explic\u00f3 D\u00edaz Trueba Abogados, para salvaguardar el bienestar del ni\u00f1o ante la posibilidad de ser el padre, sin ning\u00fan tipo de cuestionamiento y respetando la dignidad de la madre.<\/p>\n\n\n\n<p>\u201cEs importante destacar que fue Mart\u00ednez quien acudi\u00f3 al organismo rector de Ni\u00f1os, Ni\u00f1as y Adolescentes para solicitar el inicio del proceso de verificaci\u00f3n de la paternidad, con la intenci\u00f3n de determinar si efectivamente es el padre del ni\u00f1o. Sin embargo, en respuesta a la notificaci\u00f3n de la acci\u00f3n legal iniciada, la madre opt\u00f3 por publicar acusaciones infundadas y falsas en redes sociales que intentan da\u00f1ar su imagen\u201d, destac\u00f3 su representante, subrayando que la acci\u00f3n de la mujer ha causado sorpresa a Mart\u00ednez.<\/p>\n\n\n\n<p>Esto, debido a que, supuestamente, existe una relaci\u00f3n de compadrazgo entre ambos, siendo este \u00faltimo padrino de otra hija menor de la se\u00f1ora.<\/p>\n\n\n\n<p>D\u00edaz Trueba Abogados inform\u00f3 que la verificaci\u00f3n de paternidad se realizar\u00e1 en las pr\u00f3ximas semanas, seg\u00fan el proceso legal que ya se encuentra en curso.<\/p>\n\n\n\n<p>\u201cA partir de los resultados, el se\u00f1or Mart\u00ednez actuar\u00e1 conforme a la ley y a los valores en los que cree, como hasta ahora lo ha hecho\u201d, puntualizaron sus abogados.<\/p>\n\n\n\n<p>Pidieron&nbsp;proteger y velar por el bienestar del menor involucrado y respeto hacia todas las partes envueltas.<\/p>\n","protected":false},"excerpt":{"rendered":"<p>El excandidato presidencial del Partido de la Liberaci\u00f3n Dominicana,&nbsp;Abel Mart\u00ednez&nbsp;emiti\u00f3 un comunicado a ra\u00edz de las recientes declaraciones de una mujer que denunci\u00f3 que&nbsp;cuando ten\u00eda 16 a\u00f1os&nbsp;\u00abel pol\u00edtico&nbsp;se aprovech\u00f3 de ella&nbsp;yla dej\u00f3 embarazada\u00bb. A trav\u00e9s de la firma D\u00edaz Trueba Abogados, Mart\u00ednez reconoci\u00f3 que&nbsp;mantuvo una relaci\u00f3n con la mujer, cuyo nombre es Keire Vargas, pero [&hellip;]<\/p>\n","protected":false},"author":15,"featured_media":32296,"comment_status":"open","ping_status":"open","sticky":false,"template":"","format":"standard","meta":{"footnotes":""},"categories":[1],"tags":[],"class_list":{"0":"post-32295","1":"post","2":"type-post","3":"status-publish","4":"format-standard","5":"has-post-thumbnail","7":"category-uncategorized"},"yoast_head":"<!-- This site is optimized with the Yoast SEO plugin v27.1.1 - https:\/\/yoast.com\/product\/yoast-seo-wordpress\/ -->\n<title>Abel Mart\u00ednez reconoce relaci\u00f3n con mujer, dice fue consensuada y que ambos eran mayores de edad y solteros. - Conexi\u00f3n 23<\/title>\n<meta name=\"robots\" content=\"index, follow, max-snippet:-1, max-image-preview:large, max-video-preview:-1\" \/>\n<link rel=\"canonical\" href=\"http:\/\/conexion23.com\/?p=32295\" \/>\n<meta property=\"og:locale\" content=\"es_ES\" \/>\n<meta property=\"og:type\" content=\"article\" \/>\n<meta property=\"og:title\" content=\"Abel Mart\u00ednez reconoce relaci\u00f3n con mujer, dice fue consensuada y que ambos eran mayores de edad y solteros. - Conexi\u00f3n 23\" \/>\n<meta property=\"og:description\" content=\"El excandidato presidencial del Partido de la Liberaci\u00f3n Dominicana,&nbsp;Abel Mart\u00ednez&nbsp;emiti\u00f3 un comunicado a ra\u00edz de las recientes declaraciones de una mujer que denunci\u00f3 que&nbsp;cuando ten\u00eda 16 a\u00f1os&nbsp;\u00abel pol\u00edtico&nbsp;se aprovech\u00f3 de ella&nbsp;yla dej\u00f3 embarazada\u00bb. A trav\u00e9s de la firma D\u00edaz Trueba Abogados, Mart\u00ednez reconoci\u00f3 que&nbsp;mantuvo una relaci\u00f3n con la mujer, cuyo nombre es Keire Vargas, pero [&hellip;]\" \/>\n<meta property=\"og:url\" content=\"http:\/\/conexion23.com\/?p=32295\" \/>\n<meta property=\"og:site_name\" content=\"Conexi\u00f3n 23\" \/>\n<meta property=\"article:publisher\" content=\"https:\/\/www.facebook.com\/conexion23com\" \/>\n<meta property=\"article:published_time\" content=\"2024-09-04T11:55:28+00:00\" \/>\n<meta property=\"article:modified_time\" content=\"2024-09-04T11:55:30+00:00\" \/>\n<meta property=\"og:image\" content=\"http:\/\/conexion23.com\/wp-content\/uploads\/2024\/09\/BeFunky-collage-scaled-1.webp\" \/>\n\t<meta property=\"og:image:width\" content=\"480\" \/>\n\t<meta property=\"og:image:height\" content=\"285\" \/>\n\t<meta property=\"og:image:type\" content=\"image\/webp\" \/>\n<meta name=\"author\" content=\"Raffy Ben\u00edtez\" \/>\n<meta name=\"twitter:card\" content=\"summary_large_image\" \/>\n<meta name=\"twitter:label1\" content=\"Escrito por\" \/>\n\t<meta name=\"twitter:data1\" content=\"Raffy Ben\u00edtez\" \/>\n\t<meta name=\"twitter:label2\" content=\"Tiempo de lectura\" \/>\n\t<meta name=\"twitter:data2\" content=\"3 minutos\" \/>\n<script type=\"application\/ld+json\" class=\"yoast-schema-graph\">{\"@context\":\"https:\/\/schema.org\",\"@graph\":[{\"@type\":\"Article\",\"@id\":\"http:\/\/conexion23.com\/?p=32295#article\",\"isPartOf\":{\"@id\":\"http:\/\/conexion23.com\/?p=32295\"},\"author\":{\"name\":\"Raffy Ben\u00edtez\",\"@id\":\"https:\/\/conexion23.com\/#\/schema\/person\/03e36043331117e97a373299bbcd30a6\"},\"headline\":\"Abel Mart\u00ednez reconoce relaci\u00f3n con mujer, dice fue consensuada y que ambos eran mayores de edad y solteros.\",\"datePublished\":\"2024-09-04T11:55:28+00:00\",\"dateModified\":\"2024-09-04T11:55:30+00:00\",\"mainEntityOfPage\":{\"@id\":\"http:\/\/conexion23.com\/?p=32295\"},\"wordCount\":519,\"commentCount\":0,\"publisher\":{\"@id\":\"https:\/\/conexion23.com\/#organization\"},\"image\":{\"@id\":\"http:\/\/conexion23.com\/?p=32295#primaryimage\"},\"thumbnailUrl\":\"https:\/\/conexion23.com\/wp-content\/uploads\/2024\/09\/BeFunky-collage-scaled-1.webp\",\"articleSection\":[\"Uncategorized\"],\"inLanguage\":\"es\",\"potentialAction\":[{\"@type\":\"CommentAction\",\"name\":\"Comment\",\"target\":[\"http:\/\/conexion23.com\/?p=32295#respond\"]}]},{\"@type\":\"WebPage\",\"@id\":\"http:\/\/conexion23.com\/?p=32295\",\"url\":\"http:\/\/conexion23.com\/?p=32295\",\"name\":\"Abel Mart\u00ednez reconoce relaci\u00f3n con mujer, dice fue consensuada y que ambos eran mayores de edad y solteros. - Conexi\u00f3n 23\",\"isPartOf\":{\"@id\":\"https:\/\/conexion23.com\/#website\"},\"primaryImageOfPage\":{\"@id\":\"http:\/\/conexion23.com\/?p=32295#primaryimage\"},\"image\":{\"@id\":\"http:\/\/conexion23.com\/?p=32295#primaryimage\"},\"thumbnailUrl\":\"https:\/\/conexion23.com\/wp-content\/uploads\/2024\/09\/BeFunky-collage-scaled-1.webp\",\"datePublished\":\"2024-09-04T11:55:28+00:00\",\"dateModified\":\"2024-09-04T11:55:30+00:00\",\"breadcrumb\":{\"@id\":\"http:\/\/conexion23.com\/?p=32295#breadcrumb\"},\"inLanguage\":\"es\",\"potentialAction\":[{\"@type\":\"ReadAction\",\"target\":[\"http:\/\/conexion23.com\/?p=32295\"]}]},{\"@type\":\"ImageObject\",\"inLanguage\":\"es\",\"@id\":\"http:\/\/conexion23.com\/?p=32295#primaryimage\",\"url\":\"https:\/\/conexion23.com\/wp-content\/uploads\/2024\/09\/BeFunky-collage-scaled-1.webp\",\"contentUrl\":\"https:\/\/conexion23.com\/wp-content\/uploads\/2024\/09\/BeFunky-collage-scaled-1.webp\",\"width\":480,\"height\":285},{\"@type\":\"BreadcrumbList\",\"@id\":\"http:\/\/conexion23.com\/?p=32295#breadcrumb\",\"itemListElement\":[{\"@type\":\"ListItem\",\"position\":1,\"name\":\"Portada\",\"item\":\"https:\/\/conexion23.com\/\"},{\"@type\":\"ListItem\",\"position\":2,\"name\":\"Abel Mart\u00ednez reconoce relaci\u00f3n con mujer, dice fue consensuada y que ambos eran mayores de edad y solteros.\"}]},{\"@type\":\"WebSite\",\"@id\":\"https:\/\/conexion23.com\/#website\",\"url\":\"https:\/\/conexion23.com\/\",\"name\":\"Conexi\u00f3n 23\",\"description\":\"Peri\u00f3dico 100% Petromacorisano\",\"publisher\":{\"@id\":\"https:\/\/conexion23.com\/#organization\"},\"potentialAction\":[{\"@type\":\"SearchAction\",\"target\":{\"@type\":\"EntryPoint\",\"urlTemplate\":\"https:\/\/conexion23.com\/?s={search_term_string}\"},\"query-input\":{\"@type\":\"PropertyValueSpecification\",\"valueRequired\":true,\"valueName\":\"search_term_string\"}}],\"inLanguage\":\"es\"},{\"@type\":\"Organization\",\"@id\":\"https:\/\/conexion23.com\/#organization\",\"name\":\"Conexion 23\",\"url\":\"https:\/\/conexion23.com\/\",\"logo\":{\"@type\":\"ImageObject\",\"inLanguage\":\"es\",\"@id\":\"https:\/\/conexion23.com\/#\/schema\/logo\/image\/\",\"url\":\"https:\/\/conexion23.com\/wp-content\/uploads\/2021\/11\/Diseno-sin-titulo-2.png\",\"contentUrl\":\"https:\/\/conexion23.com\/wp-content\/uploads\/2021\/11\/Diseno-sin-titulo-2.png\",\"width\":541,\"height\":90,\"caption\":\"Conexion 23\"},\"image\":{\"@id\":\"https:\/\/conexion23.com\/#\/schema\/logo\/image\/\"},\"sameAs\":[\"https:\/\/www.facebook.com\/conexion23com\",\"https:\/\/www.instagram.com\/conexion23com\/\",\"https:\/\/www.youtube.com\/channel\/UCYc7vxxFZMYLIHNsHHxPZ3Q\"]},{\"@type\":\"Person\",\"@id\":\"https:\/\/conexion23.com\/#\/schema\/person\/03e36043331117e97a373299bbcd30a6\",\"name\":\"Raffy Ben\u00edtez\",\"image\":{\"@type\":\"ImageObject\",\"inLanguage\":\"es\",\"@id\":\"https:\/\/conexion23.com\/#\/schema\/person\/image\/\",\"url\":\"https:\/\/secure.gravatar.com\/avatar\/3190a6a6c5e1b0327500f7d6c56b6242472ee6cb974cf09b401ee6b3b0798f23?s=96&d=mm&r=g\",\"contentUrl\":\"https:\/\/secure.gravatar.com\/avatar\/3190a6a6c5e1b0327500f7d6c56b6242472ee6cb974cf09b401ee6b3b0798f23?s=96&d=mm&r=g\",\"caption\":\"Raffy Ben\u00edtez\"},\"url\":\"https:\/\/conexion23.com\/?author=15\"}]}<\/script>\n<!-- \/ Yoast SEO plugin. -->","yoast_head_json":{"title":"Abel Mart\u00ednez reconoce relaci\u00f3n con mujer, dice fue consensuada y que ambos eran mayores de edad y solteros. - Conexi\u00f3n 23","robots":{"index":"index","follow":"follow","max-snippet":"max-snippet:-1","max-image-preview":"max-image-preview:large","max-video-preview":"max-video-preview:-1"},"canonical":"http:\/\/conexion23.com\/?p=32295","og_locale":"es_ES","og_type":"article","og_title":"Abel Mart\u00ednez reconoce relaci\u00f3n con mujer, dice fue consensuada y que ambos eran mayores de edad y solteros. - Conexi\u00f3n 23","og_description":"El excandidato presidencial del Partido de la Liberaci\u00f3n Dominicana,&nbsp;Abel Mart\u00ednez&nbsp;emiti\u00f3 un comunicado a ra\u00edz de las recientes declaraciones de una mujer que denunci\u00f3 que&nbsp;cuando ten\u00eda 16 a\u00f1os&nbsp;\u00abel pol\u00edtico&nbsp;se aprovech\u00f3 de ella&nbsp;yla dej\u00f3 embarazada\u00bb. A trav\u00e9s de la firma D\u00edaz Trueba Abogados, Mart\u00ednez reconoci\u00f3 que&nbsp;mantuvo una relaci\u00f3n con la mujer, cuyo nombre es Keire Vargas, pero [&hellip;]","og_url":"http:\/\/conexion23.com\/?p=32295","og_site_name":"Conexi\u00f3n 23","article_publisher":"https:\/\/www.facebook.com\/conexion23com","article_published_time":"2024-09-04T11:55:28+00:00","article_modified_time":"2024-09-04T11:55:30+00:00","og_image":[{"width":480,"height":285,"url":"http:\/\/conexion23.com\/wp-content\/uploads\/2024\/09\/BeFunky-collage-scaled-1.webp","type":"image\/webp"}],"author":"Raffy Ben\u00edtez","twitter_card":"summary_large_image","twitter_misc":{"Escrito por":"Raffy Ben\u00edtez","Tiempo de lectura":"3 minutos"},"schema":{"@context":"https:\/\/schema.org","@graph":[{"@type":"Article","@id":"http:\/\/conexion23.com\/?p=32295#article","isPartOf":{"@id":"http:\/\/conexion23.com\/?p=32295"},"author":{"name":"Raffy Ben\u00edtez","@id":"https:\/\/conexion23.com\/#\/schema\/person\/03e36043331117e97a373299bbcd30a6"},"headline":"Abel Mart\u00ednez reconoce relaci\u00f3n con mujer, dice fue consensuada y que ambos eran mayores de edad y solteros.","datePublished":"2024-09-04T11:55:28+00:00","dateModified":"2024-09-04T11:55:30+00:00","mainEntityOfPage":{"@id":"http:\/\/conexion23.com\/?p=32295"},"wordCount":519,"commentCount":0,"publisher":{"@id":"https:\/\/conexion23.com\/#organization"},"image":{"@id":"http:\/\/conexion23.com\/?p=32295#primaryimage"},"thumbnailUrl":"https:\/\/conexion23.com\/wp-content\/uploads\/2024\/09\/BeFunky-collage-scaled-1.webp","articleSection":["Uncategorized"],"inLanguage":"es","potentialAction":[{"@type":"CommentAction","name":"Comment","target":["http:\/\/conexion23.com\/?p=32295#respond"]}]},{"@type":"WebPage","@id":"http:\/\/conexion23.com\/?p=32295","url":"http:\/\/conexion23.com\/?p=32295","name":"Abel Mart\u00ednez reconoce relaci\u00f3n con mujer, dice fue consensuada y que ambos eran mayores de edad y solteros. - Conexi\u00f3n 23","isPartOf":{"@id":"https:\/\/conexion23.com\/#website"},"primaryImageOfPage":{"@id":"http:\/\/conexion23.com\/?p=32295#primaryimage"},"image":{"@id":"http:\/\/conexion23.com\/?p=32295#primaryimage"},"thumbnailUrl":"https:\/\/conexion23.com\/wp-content\/uploads\/2024\/09\/BeFunky-collage-scaled-1.webp","datePublished":"2024-09-04T11:55:28+00:00","dateModified":"2024-09-04T11:55:30+00:00","breadcrumb":{"@id":"http:\/\/conexion23.com\/?p=32295#breadcrumb"},"inLanguage":"es","potentialAction":[{"@type":"ReadAction","target":["http:\/\/conexion23.com\/?p=32295"]}]},{"@type":"ImageObject","inLanguage":"es","@id":"http:\/\/conexion23.com\/?p=32295#primaryimage","url":"https:\/\/conexion23.com\/wp-content\/uploads\/2024\/09\/BeFunky-collage-scaled-1.webp","contentUrl":"https:\/\/conexion23.com\/wp-content\/uploads\/2024\/09\/BeFunky-collage-scaled-1.webp","width":480,"height":285},{"@type":"BreadcrumbList","@id":"http:\/\/conexion23.com\/?p=32295#breadcrumb","itemListElement":[{"@type":"ListItem","position":1,"name":"Portada","item":"https:\/\/conexion23.com\/"},{"@type":"ListItem","position":2,"name":"Abel Mart\u00ednez reconoce relaci\u00f3n con mujer, dice fue consensuada y que ambos eran mayores de edad y solteros."}]},{"@type":"WebSite","@id":"https:\/\/conexion23.com\/#website","url":"https:\/\/conexion23.com\/","name":"Conexi\u00f3n 23","description":"Peri\u00f3dico 100% Petromacorisano","publisher":{"@id":"https:\/\/conexion23.com\/#organization"},"potentialAction":[{"@type":"SearchAction","target":{"@type":"EntryPoint","urlTemplate":"https:\/\/conexion23.com\/?s={search_term_string}"},"query-input":{"@type":"PropertyValueSpecification","valueRequired":true,"valueName":"search_term_string"}}],"inLanguage":"es"},{"@type":"Organization","@id":"https:\/\/conexion23.com\/#organization","name":"Conexion 23","url":"https:\/\/conexion23.com\/","logo":{"@type":"ImageObject","inLanguage":"es","@id":"https:\/\/conexion23.com\/#\/schema\/logo\/image\/","url":"https:\/\/conexion23.com\/wp-content\/uploads\/2021\/11\/Diseno-sin-titulo-2.png","contentUrl":"https:\/\/conexion23.com\/wp-content\/uploads\/2021\/11\/Diseno-sin-titulo-2.png","width":541,"height":90,"caption":"Conexion 23"},"image":{"@id":"https:\/\/conexion23.com\/#\/schema\/logo\/image\/"},"sameAs":["https:\/\/www.facebook.com\/conexion23com","https:\/\/www.instagram.com\/conexion23com\/","https:\/\/www.youtube.com\/channel\/UCYc7vxxFZMYLIHNsHHxPZ3Q"]},{"@type":"Person","@id":"https:\/\/conexion23.com\/#\/schema\/person\/03e36043331117e97a373299bbcd30a6","name":"Raffy Ben\u00edtez","image":{"@type":"ImageObject","inLanguage":"es","@id":"https:\/\/conexion23.com\/#\/schema\/person\/image\/","url":"https:\/\/secure.gravatar.com\/avatar\/3190a6a6c5e1b0327500f7d6c56b6242472ee6cb974cf09b401ee6b3b0798f23?s=96&d=mm&r=g","contentUrl":"https:\/\/secure.gravatar.com\/avatar\/3190a6a6c5e1b0327500f7d6c56b6242472ee6cb974cf09b401ee6b3b0798f23?s=96&d=mm&r=g","caption":"Raffy Ben\u00edtez"},"url":"https:\/\/conexion23.com\/?author=15"}]}},"_links":{"self":[{"href":"https:\/\/conexion23.com\/index.php?rest_route=\/wp\/v2\/posts\/32295","targetHints":{"allow":["GET"]}}],"collection":[{"href":"https:\/\/conexion23.com\/index.php?rest_route=\/wp\/v2\/posts"}],"about":[{"href":"https:\/\/conexion23.com\/index.php?rest_route=\/wp\/v2\/types\/post"}],"author":[{"embeddable":true,"href":"https:\/\/conexion23.com\/index.php?rest_route=\/wp\/v2\/users\/15"}],"replies":[{"embeddable":true,"href":"https:\/\/conexion23.com\/index.php?rest_route=%2Fwp%2Fv2%2Fcomments&post=32295"}],"version-history":[{"count":1,"href":"https:\/\/conexion23.com\/index.php?rest_route=\/wp\/v2\/posts\/32295\/revisions"}],"predecessor-version":[{"id":32297,"href":"https:\/\/conexion23.com\/index.php?rest_route=\/wp\/v2\/posts\/32295\/revisions\/32297"}],"wp:featuredmedia":[{"embeddable":true,"href":"https:\/\/conexion23.com\/index.php?rest_route=\/wp\/v2\/media\/32296"}],"wp:attachment":[{"href":"https:\/\/conexion23.com\/index.php?rest_route=%2Fwp%2Fv2%2Fmedia&parent=32295"}],"wp:term":[{"taxonomy":"category","embeddable":true,"href":"https:\/\/conexion23.com\/index.php?rest_route=%2Fwp%2Fv2%2Fcategories&post=32295"},{"taxonomy":"post_tag","embeddable":true,"href":"https:\/\/conexion23.com\/index.php?rest_route=%2Fwp%2Fv2%2Ftags&post=32295"}],"curies":[{"name":"wp","href":"https:\/\/api.w.org\/{rel}","templated":true}]}}