{"id":32298,"date":"2024-09-04T08:05:51","date_gmt":"2024-09-04T12:05:51","guid":{"rendered":"https:\/\/conexion23.com\/?p=32298"},"modified":"2024-09-04T08:05:53","modified_gmt":"2024-09-04T12:05:53","slug":"veinte-anos-de-prision-para-hombre-que-provoco-muerte-a-padrastro-en-san-pedro-de-macoris","status":"publish","type":"post","link":"https:\/\/conexion23.com\/?p=32298","title":{"rendered":"Veinte a\u00f1os de prisi\u00f3n para hombre que provoc\u00f3 muerte a padrastro en San Pedro de Macor\u00eds."},"content":{"rendered":"\n<p>Un tribunal de esta provincia conden\u00f3 a un hombre a 20 a\u00f1os de prisi\u00f3n y al pago de 3 millones de pesos de indemnizaci\u00f3n luego de que el Ministerio P\u00fablico demostrara que le ocasion\u00f3 la muerte a su padrastro a causa de heridas de arma blanca, en un hecho ocurrido en el municipio San Jos\u00e9 de los Llanos, en el a\u00f1o 2020.<\/p>\n\n\n\n<p>El Tribunal Colegiado de San Pedro de Macor\u00eds dict\u00f3 la sentencia condenatoria en contra del acusado Antoni Guzm\u00e1n Marte tras establecer con las pruebas aportadas por el \u00f3rgano acusador que le provoc\u00f3 la muerte al se\u00f1or Ram\u00f3n Puello, hecho por el que fue declarado culpable del crimen de homicidio intencional.<a href=\"https:\/\/www.instagram.com\/norbertorodprm\/\"><\/a><\/p>\n\n\n\n<p>Guzm\u00e1n Marte, quien en el proceso admiti\u00f3 haber cometido el homicidio, fue condenado a cumplir la pena privativa de libertad en el Centro de Correcci\u00f3n y Rehabilitaci\u00f3n(CCR-11) de San Pedro de Macor\u00eds y al pago de la citada indemnizaci\u00f3n a los familiares de la v\u00edctima.<a href=\"https:\/\/www.instagram.com\/norbertorodprm\/\"><\/a><\/p>\n\n\n\n<p>El Ministerio P\u00fablico demostr\u00f3 que el acusado hiri\u00f3 con un machete a su padrastro, quien falleci\u00f3 a causa de una herida cortante en la cara lateral del cuello. Al momento en que ocurri\u00f3 el caso ambos se encontraban ingiriendo bebidas alcoh\u00f3licas en la casa de la v\u00edctima, en el Batey Copeyito de dicho municipio, alrededor de las 2:15 de la madrugada, del 6 de diciembre del a\u00f1o 2020.<\/p>\n\n\n\n<p>Luego de cometer el hecho el homicida emprendi\u00f3 la huida, siendo arrestado poco tiempo despu\u00e9s por agentes de la Polic\u00eda Nacional que lo persegu\u00edan.<\/p>\n\n\n\n<p>La fiscal Josmery Mej\u00eda \u00c1vila obtuvo suficientes pruebas durante la investigaci\u00f3n con las cuales se pudo demostrar la culpabilidad del acusado en el juicio, donde el Ministerio P\u00fablico estuvo representado por la fiscal litigante Estela Santana Castro.<\/p>\n\n\n\n<p>Los jueces Juan de la Cruz Rijo G\u00fc\u00edlamo, Bethania del Carmen Conce Polanco y Katerine Santana Mej\u00eda dictaron la sentencia condenatoria contra Guzm\u00e1n Marte, quien fue hallado culpable de violar las disposiciones contenidas en los art\u00edculos 295 y 304-II del C\u00f3digo Penal Dominicano y los art\u00edculos 83 y 86 de la Ley 631-16 para el Control y Regulaci\u00f3n de Armas, Municiones y Materiales Relacionados.<\/p>\n","protected":false},"excerpt":{"rendered":"<p>Un tribunal de esta provincia conden\u00f3 a un hombre a 20 a\u00f1os de prisi\u00f3n y al pago de 3 millones de pesos de indemnizaci\u00f3n luego de que el Ministerio P\u00fablico demostrara que le ocasion\u00f3 la muerte a su padrastro a causa de heridas de arma blanca, en un hecho ocurrido en el municipio San Jos\u00e9 [&hellip;]<\/p>\n","protected":false},"author":15,"featured_media":32300,"comment_status":"open","ping_status":"open","sticky":false,"template":"","format":"standard","meta":{"footnotes":""},"categories":[35],"tags":[],"class_list":{"0":"post-32298","1":"post","2":"type-post","3":"status-publish","4":"format-standard","5":"has-post-thumbnail","7":"category-spm"},"yoast_head":"<!-- This site is optimized with the Yoast SEO plugin v27.1.1 - https:\/\/yoast.com\/product\/yoast-seo-wordpress\/ -->\n<title>Veinte a\u00f1os de prisi\u00f3n para hombre que provoc\u00f3 muerte a padrastro en San Pedro de Macor\u00eds. - Conexi\u00f3n 23<\/title>\n<meta name=\"robots\" content=\"index, follow, max-snippet:-1, max-image-preview:large, max-video-preview:-1\" \/>\n<link rel=\"canonical\" href=\"http:\/\/conexion23.com\/?p=32298\" \/>\n<meta property=\"og:locale\" content=\"es_ES\" \/>\n<meta property=\"og:type\" content=\"article\" \/>\n<meta property=\"og:title\" content=\"Veinte a\u00f1os de prisi\u00f3n para hombre que provoc\u00f3 muerte a padrastro en San Pedro de Macor\u00eds. - Conexi\u00f3n 23\" \/>\n<meta property=\"og:description\" content=\"Un tribunal de esta provincia conden\u00f3 a un hombre a 20 a\u00f1os de prisi\u00f3n y al pago de 3 millones de pesos de indemnizaci\u00f3n luego de que el Ministerio P\u00fablico demostrara que le ocasion\u00f3 la muerte a su padrastro a causa de heridas de arma blanca, en un hecho ocurrido en el municipio San Jos\u00e9 [&hellip;]\" \/>\n<meta property=\"og:url\" content=\"http:\/\/conexion23.com\/?p=32298\" \/>\n<meta property=\"og:site_name\" content=\"Conexi\u00f3n 23\" \/>\n<meta property=\"article:publisher\" content=\"https:\/\/www.facebook.com\/conexion23com\" \/>\n<meta property=\"article:published_time\" content=\"2024-09-04T12:05:51+00:00\" \/>\n<meta property=\"article:modified_time\" content=\"2024-09-04T12:05:53+00:00\" \/>\n<meta property=\"og:image\" content=\"http:\/\/conexion23.com\/wp-content\/uploads\/2024\/09\/kl.k.jpg\" \/>\n\t<meta property=\"og:image:width\" content=\"290\" \/>\n\t<meta property=\"og:image:height\" content=\"170\" \/>\n\t<meta property=\"og:image:type\" content=\"image\/jpeg\" \/>\n<meta name=\"author\" content=\"Raffy Ben\u00edtez\" \/>\n<meta name=\"twitter:card\" content=\"summary_large_image\" \/>\n<meta name=\"twitter:label1\" content=\"Escrito por\" \/>\n\t<meta name=\"twitter:data1\" content=\"Raffy Ben\u00edtez\" \/>\n\t<meta name=\"twitter:label2\" content=\"Tiempo de lectura\" \/>\n\t<meta name=\"twitter:data2\" content=\"2 minutos\" \/>\n<script type=\"application\/ld+json\" class=\"yoast-schema-graph\">{\"@context\":\"https:\/\/schema.org\",\"@graph\":[{\"@type\":\"Article\",\"@id\":\"http:\/\/conexion23.com\/?p=32298#article\",\"isPartOf\":{\"@id\":\"http:\/\/conexion23.com\/?p=32298\"},\"author\":{\"name\":\"Raffy Ben\u00edtez\",\"@id\":\"https:\/\/conexion23.com\/#\/schema\/person\/03e36043331117e97a373299bbcd30a6\"},\"headline\":\"Veinte a\u00f1os de prisi\u00f3n para hombre que provoc\u00f3 muerte a padrastro en San Pedro de Macor\u00eds.\",\"datePublished\":\"2024-09-04T12:05:51+00:00\",\"dateModified\":\"2024-09-04T12:05:53+00:00\",\"mainEntityOfPage\":{\"@id\":\"http:\/\/conexion23.com\/?p=32298\"},\"wordCount\":393,\"commentCount\":0,\"publisher\":{\"@id\":\"https:\/\/conexion23.com\/#organization\"},\"image\":{\"@id\":\"http:\/\/conexion23.com\/?p=32298#primaryimage\"},\"thumbnailUrl\":\"https:\/\/conexion23.com\/wp-content\/uploads\/2024\/09\/kl.k.jpg\",\"articleSection\":[\"SPM\"],\"inLanguage\":\"es\",\"potentialAction\":[{\"@type\":\"CommentAction\",\"name\":\"Comment\",\"target\":[\"http:\/\/conexion23.com\/?p=32298#respond\"]}]},{\"@type\":\"WebPage\",\"@id\":\"http:\/\/conexion23.com\/?p=32298\",\"url\":\"http:\/\/conexion23.com\/?p=32298\",\"name\":\"Veinte a\u00f1os de prisi\u00f3n para hombre que provoc\u00f3 muerte a padrastro en San Pedro de Macor\u00eds. - Conexi\u00f3n 23\",\"isPartOf\":{\"@id\":\"https:\/\/conexion23.com\/#website\"},\"primaryImageOfPage\":{\"@id\":\"http:\/\/conexion23.com\/?p=32298#primaryimage\"},\"image\":{\"@id\":\"http:\/\/conexion23.com\/?p=32298#primaryimage\"},\"thumbnailUrl\":\"https:\/\/conexion23.com\/wp-content\/uploads\/2024\/09\/kl.k.jpg\",\"datePublished\":\"2024-09-04T12:05:51+00:00\",\"dateModified\":\"2024-09-04T12:05:53+00:00\",\"breadcrumb\":{\"@id\":\"http:\/\/conexion23.com\/?p=32298#breadcrumb\"},\"inLanguage\":\"es\",\"potentialAction\":[{\"@type\":\"ReadAction\",\"target\":[\"http:\/\/conexion23.com\/?p=32298\"]}]},{\"@type\":\"ImageObject\",\"inLanguage\":\"es\",\"@id\":\"http:\/\/conexion23.com\/?p=32298#primaryimage\",\"url\":\"https:\/\/conexion23.com\/wp-content\/uploads\/2024\/09\/kl.k.jpg\",\"contentUrl\":\"https:\/\/conexion23.com\/wp-content\/uploads\/2024\/09\/kl.k.jpg\",\"width\":290,\"height\":170},{\"@type\":\"BreadcrumbList\",\"@id\":\"http:\/\/conexion23.com\/?p=32298#breadcrumb\",\"itemListElement\":[{\"@type\":\"ListItem\",\"position\":1,\"name\":\"Portada\",\"item\":\"https:\/\/conexion23.com\/\"},{\"@type\":\"ListItem\",\"position\":2,\"name\":\"Veinte a\u00f1os de prisi\u00f3n para hombre que provoc\u00f3 muerte a padrastro en San Pedro de Macor\u00eds.\"}]},{\"@type\":\"WebSite\",\"@id\":\"https:\/\/conexion23.com\/#website\",\"url\":\"https:\/\/conexion23.com\/\",\"name\":\"Conexi\u00f3n 23\",\"description\":\"Peri\u00f3dico 100% Petromacorisano\",\"publisher\":{\"@id\":\"https:\/\/conexion23.com\/#organization\"},\"potentialAction\":[{\"@type\":\"SearchAction\",\"target\":{\"@type\":\"EntryPoint\",\"urlTemplate\":\"https:\/\/conexion23.com\/?s={search_term_string}\"},\"query-input\":{\"@type\":\"PropertyValueSpecification\",\"valueRequired\":true,\"valueName\":\"search_term_string\"}}],\"inLanguage\":\"es\"},{\"@type\":\"Organization\",\"@id\":\"https:\/\/conexion23.com\/#organization\",\"name\":\"Conexion 23\",\"url\":\"https:\/\/conexion23.com\/\",\"logo\":{\"@type\":\"ImageObject\",\"inLanguage\":\"es\",\"@id\":\"https:\/\/conexion23.com\/#\/schema\/logo\/image\/\",\"url\":\"https:\/\/conexion23.com\/wp-content\/uploads\/2021\/11\/Diseno-sin-titulo-2.png\",\"contentUrl\":\"https:\/\/conexion23.com\/wp-content\/uploads\/2021\/11\/Diseno-sin-titulo-2.png\",\"width\":541,\"height\":90,\"caption\":\"Conexion 23\"},\"image\":{\"@id\":\"https:\/\/conexion23.com\/#\/schema\/logo\/image\/\"},\"sameAs\":[\"https:\/\/www.facebook.com\/conexion23com\",\"https:\/\/www.instagram.com\/conexion23com\/\",\"https:\/\/www.youtube.com\/channel\/UCYc7vxxFZMYLIHNsHHxPZ3Q\"]},{\"@type\":\"Person\",\"@id\":\"https:\/\/conexion23.com\/#\/schema\/person\/03e36043331117e97a373299bbcd30a6\",\"name\":\"Raffy Ben\u00edtez\",\"image\":{\"@type\":\"ImageObject\",\"inLanguage\":\"es\",\"@id\":\"https:\/\/conexion23.com\/#\/schema\/person\/image\/\",\"url\":\"https:\/\/secure.gravatar.com\/avatar\/3190a6a6c5e1b0327500f7d6c56b6242472ee6cb974cf09b401ee6b3b0798f23?s=96&d=mm&r=g\",\"contentUrl\":\"https:\/\/secure.gravatar.com\/avatar\/3190a6a6c5e1b0327500f7d6c56b6242472ee6cb974cf09b401ee6b3b0798f23?s=96&d=mm&r=g\",\"caption\":\"Raffy Ben\u00edtez\"},\"url\":\"https:\/\/conexion23.com\/?author=15\"}]}<\/script>\n<!-- \/ Yoast SEO plugin. -->","yoast_head_json":{"title":"Veinte a\u00f1os de prisi\u00f3n para hombre que provoc\u00f3 muerte a padrastro en San Pedro de Macor\u00eds. - Conexi\u00f3n 23","robots":{"index":"index","follow":"follow","max-snippet":"max-snippet:-1","max-image-preview":"max-image-preview:large","max-video-preview":"max-video-preview:-1"},"canonical":"http:\/\/conexion23.com\/?p=32298","og_locale":"es_ES","og_type":"article","og_title":"Veinte a\u00f1os de prisi\u00f3n para hombre que provoc\u00f3 muerte a padrastro en San Pedro de Macor\u00eds. - Conexi\u00f3n 23","og_description":"Un tribunal de esta provincia conden\u00f3 a un hombre a 20 a\u00f1os de prisi\u00f3n y al pago de 3 millones de pesos de indemnizaci\u00f3n luego de que el Ministerio P\u00fablico demostrara que le ocasion\u00f3 la muerte a su padrastro a causa de heridas de arma blanca, en un hecho ocurrido en el municipio San Jos\u00e9 [&hellip;]","og_url":"http:\/\/conexion23.com\/?p=32298","og_site_name":"Conexi\u00f3n 23","article_publisher":"https:\/\/www.facebook.com\/conexion23com","article_published_time":"2024-09-04T12:05:51+00:00","article_modified_time":"2024-09-04T12:05:53+00:00","og_image":[{"width":290,"height":170,"url":"http:\/\/conexion23.com\/wp-content\/uploads\/2024\/09\/kl.k.jpg","type":"image\/jpeg"}],"author":"Raffy Ben\u00edtez","twitter_card":"summary_large_image","twitter_misc":{"Escrito por":"Raffy Ben\u00edtez","Tiempo de lectura":"2 minutos"},"schema":{"@context":"https:\/\/schema.org","@graph":[{"@type":"Article","@id":"http:\/\/conexion23.com\/?p=32298#article","isPartOf":{"@id":"http:\/\/conexion23.com\/?p=32298"},"author":{"name":"Raffy Ben\u00edtez","@id":"https:\/\/conexion23.com\/#\/schema\/person\/03e36043331117e97a373299bbcd30a6"},"headline":"Veinte a\u00f1os de prisi\u00f3n para hombre que provoc\u00f3 muerte a padrastro en San Pedro de Macor\u00eds.","datePublished":"2024-09-04T12:05:51+00:00","dateModified":"2024-09-04T12:05:53+00:00","mainEntityOfPage":{"@id":"http:\/\/conexion23.com\/?p=32298"},"wordCount":393,"commentCount":0,"publisher":{"@id":"https:\/\/conexion23.com\/#organization"},"image":{"@id":"http:\/\/conexion23.com\/?p=32298#primaryimage"},"thumbnailUrl":"https:\/\/conexion23.com\/wp-content\/uploads\/2024\/09\/kl.k.jpg","articleSection":["SPM"],"inLanguage":"es","potentialAction":[{"@type":"CommentAction","name":"Comment","target":["http:\/\/conexion23.com\/?p=32298#respond"]}]},{"@type":"WebPage","@id":"http:\/\/conexion23.com\/?p=32298","url":"http:\/\/conexion23.com\/?p=32298","name":"Veinte a\u00f1os de prisi\u00f3n para hombre que provoc\u00f3 muerte a padrastro en San Pedro de Macor\u00eds. - Conexi\u00f3n 23","isPartOf":{"@id":"https:\/\/conexion23.com\/#website"},"primaryImageOfPage":{"@id":"http:\/\/conexion23.com\/?p=32298#primaryimage"},"image":{"@id":"http:\/\/conexion23.com\/?p=32298#primaryimage"},"thumbnailUrl":"https:\/\/conexion23.com\/wp-content\/uploads\/2024\/09\/kl.k.jpg","datePublished":"2024-09-04T12:05:51+00:00","dateModified":"2024-09-04T12:05:53+00:00","breadcrumb":{"@id":"http:\/\/conexion23.com\/?p=32298#breadcrumb"},"inLanguage":"es","potentialAction":[{"@type":"ReadAction","target":["http:\/\/conexion23.com\/?p=32298"]}]},{"@type":"ImageObject","inLanguage":"es","@id":"http:\/\/conexion23.com\/?p=32298#primaryimage","url":"https:\/\/conexion23.com\/wp-content\/uploads\/2024\/09\/kl.k.jpg","contentUrl":"https:\/\/conexion23.com\/wp-content\/uploads\/2024\/09\/kl.k.jpg","width":290,"height":170},{"@type":"BreadcrumbList","@id":"http:\/\/conexion23.com\/?p=32298#breadcrumb","itemListElement":[{"@type":"ListItem","position":1,"name":"Portada","item":"https:\/\/conexion23.com\/"},{"@type":"ListItem","position":2,"name":"Veinte a\u00f1os de prisi\u00f3n para hombre que provoc\u00f3 muerte a padrastro en San Pedro de Macor\u00eds."}]},{"@type":"WebSite","@id":"https:\/\/conexion23.com\/#website","url":"https:\/\/conexion23.com\/","name":"Conexi\u00f3n 23","description":"Peri\u00f3dico 100% Petromacorisano","publisher":{"@id":"https:\/\/conexion23.com\/#organization"},"potentialAction":[{"@type":"SearchAction","target":{"@type":"EntryPoint","urlTemplate":"https:\/\/conexion23.com\/?s={search_term_string}"},"query-input":{"@type":"PropertyValueSpecification","valueRequired":true,"valueName":"search_term_string"}}],"inLanguage":"es"},{"@type":"Organization","@id":"https:\/\/conexion23.com\/#organization","name":"Conexion 23","url":"https:\/\/conexion23.com\/","logo":{"@type":"ImageObject","inLanguage":"es","@id":"https:\/\/conexion23.com\/#\/schema\/logo\/image\/","url":"https:\/\/conexion23.com\/wp-content\/uploads\/2021\/11\/Diseno-sin-titulo-2.png","contentUrl":"https:\/\/conexion23.com\/wp-content\/uploads\/2021\/11\/Diseno-sin-titulo-2.png","width":541,"height":90,"caption":"Conexion 23"},"image":{"@id":"https:\/\/conexion23.com\/#\/schema\/logo\/image\/"},"sameAs":["https:\/\/www.facebook.com\/conexion23com","https:\/\/www.instagram.com\/conexion23com\/","https:\/\/www.youtube.com\/channel\/UCYc7vxxFZMYLIHNsHHxPZ3Q"]},{"@type":"Person","@id":"https:\/\/conexion23.com\/#\/schema\/person\/03e36043331117e97a373299bbcd30a6","name":"Raffy Ben\u00edtez","image":{"@type":"ImageObject","inLanguage":"es","@id":"https:\/\/conexion23.com\/#\/schema\/person\/image\/","url":"https:\/\/secure.gravatar.com\/avatar\/3190a6a6c5e1b0327500f7d6c56b6242472ee6cb974cf09b401ee6b3b0798f23?s=96&d=mm&r=g","contentUrl":"https:\/\/secure.gravatar.com\/avatar\/3190a6a6c5e1b0327500f7d6c56b6242472ee6cb974cf09b401ee6b3b0798f23?s=96&d=mm&r=g","caption":"Raffy Ben\u00edtez"},"url":"https:\/\/conexion23.com\/?author=15"}]}},"_links":{"self":[{"href":"https:\/\/conexion23.com\/index.php?rest_route=\/wp\/v2\/posts\/32298","targetHints":{"allow":["GET"]}}],"collection":[{"href":"https:\/\/conexion23.com\/index.php?rest_route=\/wp\/v2\/posts"}],"about":[{"href":"https:\/\/conexion23.com\/index.php?rest_route=\/wp\/v2\/types\/post"}],"author":[{"embeddable":true,"href":"https:\/\/conexion23.com\/index.php?rest_route=\/wp\/v2\/users\/15"}],"replies":[{"embeddable":true,"href":"https:\/\/conexion23.com\/index.php?rest_route=%2Fwp%2Fv2%2Fcomments&post=32298"}],"version-history":[{"count":1,"href":"https:\/\/conexion23.com\/index.php?rest_route=\/wp\/v2\/posts\/32298\/revisions"}],"predecessor-version":[{"id":32301,"href":"https:\/\/conexion23.com\/index.php?rest_route=\/wp\/v2\/posts\/32298\/revisions\/32301"}],"wp:featuredmedia":[{"embeddable":true,"href":"https:\/\/conexion23.com\/index.php?rest_route=\/wp\/v2\/media\/32300"}],"wp:attachment":[{"href":"https:\/\/conexion23.com\/index.php?rest_route=%2Fwp%2Fv2%2Fmedia&parent=32298"}],"wp:term":[{"taxonomy":"category","embeddable":true,"href":"https:\/\/conexion23.com\/index.php?rest_route=%2Fwp%2Fv2%2Fcategories&post=32298"},{"taxonomy":"post_tag","embeddable":true,"href":"https:\/\/conexion23.com\/index.php?rest_route=%2Fwp%2Fv2%2Ftags&post=32298"}],"curies":[{"name":"wp","href":"https:\/\/api.w.org\/{rel}","templated":true}]}}