{"id":32361,"date":"2024-09-05T08:35:17","date_gmt":"2024-09-05T12:35:17","guid":{"rendered":"https:\/\/conexion23.com\/?p=32361"},"modified":"2024-09-05T08:35:18","modified_gmt":"2024-09-05T12:35:18","slug":"134-accidentes-de-transito-y-22-muertos-en-un-tragico-fin-de-semana","status":"publish","type":"post","link":"https:\/\/conexion23.com\/?p=32361","title":{"rendered":"134 accidentes de tr\u00e1nsito y 22 muertos en un tr\u00e1gico fin de semana"},"content":{"rendered":"\n<p>El pasado fin de semana, que marc\u00f3 el inicio del \u00faltimo cuatrimestre del a\u00f1o, en Rep\u00fablica Dominicana se registraron 134 accidentes de tr\u00e1nsito, con saldo de 22 muertos y 218 personas lesionadas.<\/p>\n\n\n\n<p>Este incremento se da previo a un per\u00edodo de gran circulaci\u00f3n vehicular por las cercan\u00edas de \u00e9poca navide\u00f1a, lo que llama a tomar acciones tendentes a evitar que la vida de los dominicanos se sigan desvaneciendo en las carreteras.<\/p>\n\n\n\n<p>El accidente ocurrido la madrugada del domingo 1 de septiembre, en la comunidad de Bastidas, en Villarpando, de Azua, que provoc\u00f3 seis muertos y al menos 40 heridos, fue solo uno de 54 registrados ese d\u00eda, con 16 defunciones y 97 lesionados.<\/p>\n\n\n\n<p>Los registros fueron ofrecidos a List\u00edn Diario por la Direcci\u00f3n General de Seguridad de Tr\u00e1nsito y Transporte Terrestre ( Digesett).<\/p>\n\n\n\n<p>El viernes 30 de agosto, ocurrieron 39 accidentes con 51 lesionados y dos fallecidos y el s\u00e1bado fueron 43 los siniestros viales; 48 lesionados y cuatro defunciones.<\/p>\n\n\n\n<h3 class=\"wp-block-heading\">las motos encabezan los choques<\/h3>\n\n\n\n<p>Los veh\u00edculos involucrados en esos 134 accidentes fueron: 101 motocicletas; 10 peatones, 9 carros, 8 jeepetas, tres camiones, una camioneta, una furgoneta y un autob\u00fas. En total, las motocicletas lesionaron a 114 personas y provocaron 13 fallecimientos.<\/p>\n\n\n\n<p>Ocho fueron peatones, entre los que se incluyen los de Azua y otros dos en distintos hechos.<\/p>\n\n\n\n<h3 class=\"wp-block-heading\">hospitales<\/h3>\n\n\n\n<p>Los tres hospitales traumatol\u00f3gicos del pa\u00eds atendieron gran parte de estos lesionados, aunque en San Crist\u00f3bal hay una unidad de trauma y otros centros el interior del pa\u00eds reciben las emergencias que se presentan en sus demarcaciones.<\/p>\n\n\n\n<p>El Hospital Dar\u00edo Contreras atendi\u00f3 169 accidentados, de los que 37 fueron el s\u00e1bado; 71 el domingo y 61 el lunes. Las edades est\u00e1n entre 19 y 69 a\u00f1os.<\/p>\n\n\n\n<p>Mientras que el Hospital traumatol\u00f3gico Doctor Ney Arias Lora atendi\u00f3 537 emergencias desde el 29 de agosto al 2 de septiembre, de las que el 86% fue por accidentes de tr\u00e1nsito.<\/p>\n\n\n\n<p>El Hospital Traumatol\u00f3gico Profesor Juan Bosch, de La Vega, atendi\u00f3 102 emergencia, de los que nueve fueron por accidentes de motocicletas.<\/p>\n\n\n\n<h3 class=\"wp-block-heading\">diferencias<\/h3>\n\n\n\n<p>Se usa el t\u00e9rmino accidente cuando el evento es imprevisible, y siniestro cuando no lo es. As\u00ed, ante un evento de atropello de un peat\u00f3n que termina con el fallecimiento de este, se trata de un siniestro vial cuando el conductor no prestaba atenci\u00f3n, pero es considerado accidente cuando al conductor le da un infarto al volante y deja de tener control sobre el veh\u00edculo.&nbsp;<\/p>\n\n\n\n<p>Mientras que todo accidente de tr\u00e1fico es un siniestro vial no todos los siniestros viales son accidentes.<\/p>\n\n\n\n<h3 class=\"wp-block-heading\">un fen\u00f3meno<\/h3>\n\n\n\n<p>La diferencia radica en que la causa que origina un accidente de tr\u00e1fico no puede ser evitada. \u201cEl accidente no es accidental\u201d.<\/p>\n\n\n\n<p>Aunque \u201clos accidentes de tr\u00e1fico son un fen\u00f3meno com\u00fanmente atribuido al azar\u201d, lo cierto es que \u201cun estudio del fen\u00f3meno de la siniestrabilidad demuestra la falsedad de estas creencias tan extendidas entre la poblaci\u00f3n conductora\u201d.<\/p>\n\n\n\n<p>La diferencia radica en que la causa que origina un accidente de tr\u00e1fico no puede ser evitada.<\/p>\n","protected":false},"excerpt":{"rendered":"<p>El pasado fin de semana, que marc\u00f3 el inicio del \u00faltimo cuatrimestre del a\u00f1o, en Rep\u00fablica Dominicana se registraron 134 accidentes de tr\u00e1nsito, con saldo de 22 muertos y 218 personas lesionadas. Este incremento se da previo a un per\u00edodo de gran circulaci\u00f3n vehicular por las cercan\u00edas de \u00e9poca navide\u00f1a, lo que llama a tomar [&hellip;]<\/p>\n","protected":false},"author":15,"featured_media":32362,"comment_status":"open","ping_status":"open","sticky":false,"template":"","format":"standard","meta":{"footnotes":""},"categories":[1],"tags":[],"class_list":{"0":"post-32361","1":"post","2":"type-post","3":"status-publish","4":"format-standard","5":"has-post-thumbnail","7":"category-uncategorized"},"yoast_head":"<!-- This site is optimized with the Yoast SEO plugin v27.1.1 - https:\/\/yoast.com\/product\/yoast-seo-wordpress\/ -->\n<title>134 accidentes de tr\u00e1nsito y 22 muertos en un tr\u00e1gico fin de semana - Conexi\u00f3n 23<\/title>\n<meta name=\"robots\" content=\"index, follow, max-snippet:-1, max-image-preview:large, max-video-preview:-1\" \/>\n<link rel=\"canonical\" href=\"http:\/\/conexion23.com\/?p=32361\" \/>\n<meta property=\"og:locale\" content=\"es_ES\" \/>\n<meta property=\"og:type\" content=\"article\" \/>\n<meta property=\"og:title\" content=\"134 accidentes de tr\u00e1nsito y 22 muertos en un tr\u00e1gico fin de semana - Conexi\u00f3n 23\" \/>\n<meta property=\"og:description\" content=\"El pasado fin de semana, que marc\u00f3 el inicio del \u00faltimo cuatrimestre del a\u00f1o, en Rep\u00fablica Dominicana se registraron 134 accidentes de tr\u00e1nsito, con saldo de 22 muertos y 218 personas lesionadas. Este incremento se da previo a un per\u00edodo de gran circulaci\u00f3n vehicular por las cercan\u00edas de \u00e9poca navide\u00f1a, lo que llama a tomar [&hellip;]\" \/>\n<meta property=\"og:url\" content=\"http:\/\/conexion23.com\/?p=32361\" \/>\n<meta property=\"og:site_name\" content=\"Conexi\u00f3n 23\" \/>\n<meta property=\"article:publisher\" content=\"https:\/\/www.facebook.com\/conexion23com\" \/>\n<meta property=\"article:published_time\" content=\"2024-09-05T12:35:17+00:00\" \/>\n<meta property=\"article:modified_time\" content=\"2024-09-05T12:35:18+00:00\" \/>\n<meta property=\"og:image\" content=\"http:\/\/conexion23.com\/wp-content\/uploads\/2024\/09\/66d8fd6d3213c.jpeg\" \/>\n\t<meta property=\"og:image:width\" content=\"800\" \/>\n\t<meta property=\"og:image:height\" content=\"480\" \/>\n\t<meta property=\"og:image:type\" content=\"image\/jpeg\" \/>\n<meta name=\"author\" content=\"Raffy Ben\u00edtez\" \/>\n<meta name=\"twitter:card\" content=\"summary_large_image\" \/>\n<meta name=\"twitter:label1\" content=\"Escrito por\" \/>\n\t<meta name=\"twitter:data1\" content=\"Raffy Ben\u00edtez\" \/>\n\t<meta name=\"twitter:label2\" content=\"Tiempo de lectura\" \/>\n\t<meta name=\"twitter:data2\" content=\"3 minutos\" \/>\n<script type=\"application\/ld+json\" class=\"yoast-schema-graph\">{\"@context\":\"https:\/\/schema.org\",\"@graph\":[{\"@type\":\"Article\",\"@id\":\"http:\/\/conexion23.com\/?p=32361#article\",\"isPartOf\":{\"@id\":\"http:\/\/conexion23.com\/?p=32361\"},\"author\":{\"name\":\"Raffy Ben\u00edtez\",\"@id\":\"https:\/\/conexion23.com\/#\/schema\/person\/03e36043331117e97a373299bbcd30a6\"},\"headline\":\"134 accidentes de tr\u00e1nsito y 22 muertos en un tr\u00e1gico fin de semana\",\"datePublished\":\"2024-09-05T12:35:17+00:00\",\"dateModified\":\"2024-09-05T12:35:18+00:00\",\"mainEntityOfPage\":{\"@id\":\"http:\/\/conexion23.com\/?p=32361\"},\"wordCount\":517,\"commentCount\":0,\"publisher\":{\"@id\":\"https:\/\/conexion23.com\/#organization\"},\"image\":{\"@id\":\"http:\/\/conexion23.com\/?p=32361#primaryimage\"},\"thumbnailUrl\":\"https:\/\/conexion23.com\/wp-content\/uploads\/2024\/09\/66d8fd6d3213c.jpeg\",\"articleSection\":[\"Uncategorized\"],\"inLanguage\":\"es\",\"potentialAction\":[{\"@type\":\"CommentAction\",\"name\":\"Comment\",\"target\":[\"http:\/\/conexion23.com\/?p=32361#respond\"]}]},{\"@type\":\"WebPage\",\"@id\":\"http:\/\/conexion23.com\/?p=32361\",\"url\":\"http:\/\/conexion23.com\/?p=32361\",\"name\":\"134 accidentes de tr\u00e1nsito y 22 muertos en un tr\u00e1gico fin de semana - Conexi\u00f3n 23\",\"isPartOf\":{\"@id\":\"https:\/\/conexion23.com\/#website\"},\"primaryImageOfPage\":{\"@id\":\"http:\/\/conexion23.com\/?p=32361#primaryimage\"},\"image\":{\"@id\":\"http:\/\/conexion23.com\/?p=32361#primaryimage\"},\"thumbnailUrl\":\"https:\/\/conexion23.com\/wp-content\/uploads\/2024\/09\/66d8fd6d3213c.jpeg\",\"datePublished\":\"2024-09-05T12:35:17+00:00\",\"dateModified\":\"2024-09-05T12:35:18+00:00\",\"breadcrumb\":{\"@id\":\"http:\/\/conexion23.com\/?p=32361#breadcrumb\"},\"inLanguage\":\"es\",\"potentialAction\":[{\"@type\":\"ReadAction\",\"target\":[\"http:\/\/conexion23.com\/?p=32361\"]}]},{\"@type\":\"ImageObject\",\"inLanguage\":\"es\",\"@id\":\"http:\/\/conexion23.com\/?p=32361#primaryimage\",\"url\":\"https:\/\/conexion23.com\/wp-content\/uploads\/2024\/09\/66d8fd6d3213c.jpeg\",\"contentUrl\":\"https:\/\/conexion23.com\/wp-content\/uploads\/2024\/09\/66d8fd6d3213c.jpeg\",\"width\":800,\"height\":480},{\"@type\":\"BreadcrumbList\",\"@id\":\"http:\/\/conexion23.com\/?p=32361#breadcrumb\",\"itemListElement\":[{\"@type\":\"ListItem\",\"position\":1,\"name\":\"Portada\",\"item\":\"https:\/\/conexion23.com\/\"},{\"@type\":\"ListItem\",\"position\":2,\"name\":\"134 accidentes de tr\u00e1nsito y 22 muertos en un tr\u00e1gico fin de semana\"}]},{\"@type\":\"WebSite\",\"@id\":\"https:\/\/conexion23.com\/#website\",\"url\":\"https:\/\/conexion23.com\/\",\"name\":\"Conexi\u00f3n 23\",\"description\":\"Peri\u00f3dico 100% Petromacorisano\",\"publisher\":{\"@id\":\"https:\/\/conexion23.com\/#organization\"},\"potentialAction\":[{\"@type\":\"SearchAction\",\"target\":{\"@type\":\"EntryPoint\",\"urlTemplate\":\"https:\/\/conexion23.com\/?s={search_term_string}\"},\"query-input\":{\"@type\":\"PropertyValueSpecification\",\"valueRequired\":true,\"valueName\":\"search_term_string\"}}],\"inLanguage\":\"es\"},{\"@type\":\"Organization\",\"@id\":\"https:\/\/conexion23.com\/#organization\",\"name\":\"Conexion 23\",\"url\":\"https:\/\/conexion23.com\/\",\"logo\":{\"@type\":\"ImageObject\",\"inLanguage\":\"es\",\"@id\":\"https:\/\/conexion23.com\/#\/schema\/logo\/image\/\",\"url\":\"https:\/\/conexion23.com\/wp-content\/uploads\/2021\/11\/Diseno-sin-titulo-2.png\",\"contentUrl\":\"https:\/\/conexion23.com\/wp-content\/uploads\/2021\/11\/Diseno-sin-titulo-2.png\",\"width\":541,\"height\":90,\"caption\":\"Conexion 23\"},\"image\":{\"@id\":\"https:\/\/conexion23.com\/#\/schema\/logo\/image\/\"},\"sameAs\":[\"https:\/\/www.facebook.com\/conexion23com\",\"https:\/\/www.instagram.com\/conexion23com\/\",\"https:\/\/www.youtube.com\/channel\/UCYc7vxxFZMYLIHNsHHxPZ3Q\"]},{\"@type\":\"Person\",\"@id\":\"https:\/\/conexion23.com\/#\/schema\/person\/03e36043331117e97a373299bbcd30a6\",\"name\":\"Raffy Ben\u00edtez\",\"image\":{\"@type\":\"ImageObject\",\"inLanguage\":\"es\",\"@id\":\"https:\/\/conexion23.com\/#\/schema\/person\/image\/\",\"url\":\"https:\/\/secure.gravatar.com\/avatar\/3190a6a6c5e1b0327500f7d6c56b6242472ee6cb974cf09b401ee6b3b0798f23?s=96&d=mm&r=g\",\"contentUrl\":\"https:\/\/secure.gravatar.com\/avatar\/3190a6a6c5e1b0327500f7d6c56b6242472ee6cb974cf09b401ee6b3b0798f23?s=96&d=mm&r=g\",\"caption\":\"Raffy Ben\u00edtez\"},\"url\":\"https:\/\/conexion23.com\/?author=15\"}]}<\/script>\n<!-- \/ Yoast SEO plugin. -->","yoast_head_json":{"title":"134 accidentes de tr\u00e1nsito y 22 muertos en un tr\u00e1gico fin de semana - Conexi\u00f3n 23","robots":{"index":"index","follow":"follow","max-snippet":"max-snippet:-1","max-image-preview":"max-image-preview:large","max-video-preview":"max-video-preview:-1"},"canonical":"http:\/\/conexion23.com\/?p=32361","og_locale":"es_ES","og_type":"article","og_title":"134 accidentes de tr\u00e1nsito y 22 muertos en un tr\u00e1gico fin de semana - Conexi\u00f3n 23","og_description":"El pasado fin de semana, que marc\u00f3 el inicio del \u00faltimo cuatrimestre del a\u00f1o, en Rep\u00fablica Dominicana se registraron 134 accidentes de tr\u00e1nsito, con saldo de 22 muertos y 218 personas lesionadas. Este incremento se da previo a un per\u00edodo de gran circulaci\u00f3n vehicular por las cercan\u00edas de \u00e9poca navide\u00f1a, lo que llama a tomar [&hellip;]","og_url":"http:\/\/conexion23.com\/?p=32361","og_site_name":"Conexi\u00f3n 23","article_publisher":"https:\/\/www.facebook.com\/conexion23com","article_published_time":"2024-09-05T12:35:17+00:00","article_modified_time":"2024-09-05T12:35:18+00:00","og_image":[{"width":800,"height":480,"url":"http:\/\/conexion23.com\/wp-content\/uploads\/2024\/09\/66d8fd6d3213c.jpeg","type":"image\/jpeg"}],"author":"Raffy Ben\u00edtez","twitter_card":"summary_large_image","twitter_misc":{"Escrito por":"Raffy Ben\u00edtez","Tiempo de lectura":"3 minutos"},"schema":{"@context":"https:\/\/schema.org","@graph":[{"@type":"Article","@id":"http:\/\/conexion23.com\/?p=32361#article","isPartOf":{"@id":"http:\/\/conexion23.com\/?p=32361"},"author":{"name":"Raffy Ben\u00edtez","@id":"https:\/\/conexion23.com\/#\/schema\/person\/03e36043331117e97a373299bbcd30a6"},"headline":"134 accidentes de tr\u00e1nsito y 22 muertos en un tr\u00e1gico fin de semana","datePublished":"2024-09-05T12:35:17+00:00","dateModified":"2024-09-05T12:35:18+00:00","mainEntityOfPage":{"@id":"http:\/\/conexion23.com\/?p=32361"},"wordCount":517,"commentCount":0,"publisher":{"@id":"https:\/\/conexion23.com\/#organization"},"image":{"@id":"http:\/\/conexion23.com\/?p=32361#primaryimage"},"thumbnailUrl":"https:\/\/conexion23.com\/wp-content\/uploads\/2024\/09\/66d8fd6d3213c.jpeg","articleSection":["Uncategorized"],"inLanguage":"es","potentialAction":[{"@type":"CommentAction","name":"Comment","target":["http:\/\/conexion23.com\/?p=32361#respond"]}]},{"@type":"WebPage","@id":"http:\/\/conexion23.com\/?p=32361","url":"http:\/\/conexion23.com\/?p=32361","name":"134 accidentes de tr\u00e1nsito y 22 muertos en un tr\u00e1gico fin de semana - Conexi\u00f3n 23","isPartOf":{"@id":"https:\/\/conexion23.com\/#website"},"primaryImageOfPage":{"@id":"http:\/\/conexion23.com\/?p=32361#primaryimage"},"image":{"@id":"http:\/\/conexion23.com\/?p=32361#primaryimage"},"thumbnailUrl":"https:\/\/conexion23.com\/wp-content\/uploads\/2024\/09\/66d8fd6d3213c.jpeg","datePublished":"2024-09-05T12:35:17+00:00","dateModified":"2024-09-05T12:35:18+00:00","breadcrumb":{"@id":"http:\/\/conexion23.com\/?p=32361#breadcrumb"},"inLanguage":"es","potentialAction":[{"@type":"ReadAction","target":["http:\/\/conexion23.com\/?p=32361"]}]},{"@type":"ImageObject","inLanguage":"es","@id":"http:\/\/conexion23.com\/?p=32361#primaryimage","url":"https:\/\/conexion23.com\/wp-content\/uploads\/2024\/09\/66d8fd6d3213c.jpeg","contentUrl":"https:\/\/conexion23.com\/wp-content\/uploads\/2024\/09\/66d8fd6d3213c.jpeg","width":800,"height":480},{"@type":"BreadcrumbList","@id":"http:\/\/conexion23.com\/?p=32361#breadcrumb","itemListElement":[{"@type":"ListItem","position":1,"name":"Portada","item":"https:\/\/conexion23.com\/"},{"@type":"ListItem","position":2,"name":"134 accidentes de tr\u00e1nsito y 22 muertos en un tr\u00e1gico fin de semana"}]},{"@type":"WebSite","@id":"https:\/\/conexion23.com\/#website","url":"https:\/\/conexion23.com\/","name":"Conexi\u00f3n 23","description":"Peri\u00f3dico 100% Petromacorisano","publisher":{"@id":"https:\/\/conexion23.com\/#organization"},"potentialAction":[{"@type":"SearchAction","target":{"@type":"EntryPoint","urlTemplate":"https:\/\/conexion23.com\/?s={search_term_string}"},"query-input":{"@type":"PropertyValueSpecification","valueRequired":true,"valueName":"search_term_string"}}],"inLanguage":"es"},{"@type":"Organization","@id":"https:\/\/conexion23.com\/#organization","name":"Conexion 23","url":"https:\/\/conexion23.com\/","logo":{"@type":"ImageObject","inLanguage":"es","@id":"https:\/\/conexion23.com\/#\/schema\/logo\/image\/","url":"https:\/\/conexion23.com\/wp-content\/uploads\/2021\/11\/Diseno-sin-titulo-2.png","contentUrl":"https:\/\/conexion23.com\/wp-content\/uploads\/2021\/11\/Diseno-sin-titulo-2.png","width":541,"height":90,"caption":"Conexion 23"},"image":{"@id":"https:\/\/conexion23.com\/#\/schema\/logo\/image\/"},"sameAs":["https:\/\/www.facebook.com\/conexion23com","https:\/\/www.instagram.com\/conexion23com\/","https:\/\/www.youtube.com\/channel\/UCYc7vxxFZMYLIHNsHHxPZ3Q"]},{"@type":"Person","@id":"https:\/\/conexion23.com\/#\/schema\/person\/03e36043331117e97a373299bbcd30a6","name":"Raffy Ben\u00edtez","image":{"@type":"ImageObject","inLanguage":"es","@id":"https:\/\/conexion23.com\/#\/schema\/person\/image\/","url":"https:\/\/secure.gravatar.com\/avatar\/3190a6a6c5e1b0327500f7d6c56b6242472ee6cb974cf09b401ee6b3b0798f23?s=96&d=mm&r=g","contentUrl":"https:\/\/secure.gravatar.com\/avatar\/3190a6a6c5e1b0327500f7d6c56b6242472ee6cb974cf09b401ee6b3b0798f23?s=96&d=mm&r=g","caption":"Raffy Ben\u00edtez"},"url":"https:\/\/conexion23.com\/?author=15"}]}},"_links":{"self":[{"href":"https:\/\/conexion23.com\/index.php?rest_route=\/wp\/v2\/posts\/32361","targetHints":{"allow":["GET"]}}],"collection":[{"href":"https:\/\/conexion23.com\/index.php?rest_route=\/wp\/v2\/posts"}],"about":[{"href":"https:\/\/conexion23.com\/index.php?rest_route=\/wp\/v2\/types\/post"}],"author":[{"embeddable":true,"href":"https:\/\/conexion23.com\/index.php?rest_route=\/wp\/v2\/users\/15"}],"replies":[{"embeddable":true,"href":"https:\/\/conexion23.com\/index.php?rest_route=%2Fwp%2Fv2%2Fcomments&post=32361"}],"version-history":[{"count":1,"href":"https:\/\/conexion23.com\/index.php?rest_route=\/wp\/v2\/posts\/32361\/revisions"}],"predecessor-version":[{"id":32363,"href":"https:\/\/conexion23.com\/index.php?rest_route=\/wp\/v2\/posts\/32361\/revisions\/32363"}],"wp:featuredmedia":[{"embeddable":true,"href":"https:\/\/conexion23.com\/index.php?rest_route=\/wp\/v2\/media\/32362"}],"wp:attachment":[{"href":"https:\/\/conexion23.com\/index.php?rest_route=%2Fwp%2Fv2%2Fmedia&parent=32361"}],"wp:term":[{"taxonomy":"category","embeddable":true,"href":"https:\/\/conexion23.com\/index.php?rest_route=%2Fwp%2Fv2%2Fcategories&post=32361"},{"taxonomy":"post_tag","embeddable":true,"href":"https:\/\/conexion23.com\/index.php?rest_route=%2Fwp%2Fv2%2Ftags&post=32361"}],"curies":[{"name":"wp","href":"https:\/\/api.w.org\/{rel}","templated":true}]}}