{"id":32364,"date":"2024-09-05T08:38:54","date_gmt":"2024-09-05T12:38:54","guid":{"rendered":"https:\/\/conexion23.com\/?p=32364"},"modified":"2024-09-05T08:38:55","modified_gmt":"2024-09-05T12:38:55","slug":"estados-unidos-repatria-a-131-dominicanos","status":"publish","type":"post","link":"https:\/\/conexion23.com\/?p=32364","title":{"rendered":"Estados Unidos repatria a 131 dominicanos."},"content":{"rendered":"\n<p>El Servicio de Inmigraci\u00f3n y Control de Aduanas de Estados Unidos (ICE, por su sigla en ingl\u00e9s) repatri\u00f3 al pa\u00eds a 131 expresidiarios dominicanos luego de cumplir condenas en c\u00e1rceles norteamericanas, acusados de diversos delitos, incluyendo narcotr\u00e1fico, homicidios, lavado de activos y violaciones a las leyes de inmigraci\u00f3n.<\/p>\n\n\n\n<p>Los nacionales aterrizaron en el Aeropuerto Internacional de Las Am\u00e9ricas-Jos\u00e9 Francisco Pe\u00f1a G\u00f3mez.<\/p>\n\n\n\n<p>Al llegar al aeropuerto los 131 deportados fueron trasladados al Centro de Retenci\u00f3n de Deportados, ubicado en el Vocacional de Haina de la Direcci\u00f3n General de Migraci\u00f3n, en la provincia San Crist\u00f3bal.<\/p>\n\n\n\n<p>All\u00ed a los repatriados se les brinda alimento y se les ofrecen orientaciones y charlas sobre diversos temas para facilitar su reintegraci\u00f3n a la sociedad.<\/p>\n\n\n\n<p>Los expresidiarios sin asuntos pendientes con la justicia dominicana son entregados a sus familiares, mientras que aquellos con antecedentes en el pa\u00eds son remitidos al Ministerio P\u00fablico para los procedimientos correspondientes.<\/p>\n\n\n\n<p>De acuerdo con la informaci\u00f3n disponible, cada mes son deportados a Rep\u00fablica Dominicana aproximadamente 200 dominicanos que han cumplido condenas en c\u00e1rceles estadounidenses.<\/p>\n","protected":false},"excerpt":{"rendered":"<p>El Servicio de Inmigraci\u00f3n y Control de Aduanas de Estados Unidos (ICE, por su sigla en ingl\u00e9s) repatri\u00f3 al pa\u00eds a 131 expresidiarios dominicanos luego de cumplir condenas en c\u00e1rceles norteamericanas, acusados de diversos delitos, incluyendo narcotr\u00e1fico, homicidios, lavado de activos y violaciones a las leyes de inmigraci\u00f3n. Los nacionales aterrizaron en el Aeropuerto Internacional [&hellip;]<\/p>\n","protected":false},"author":15,"featured_media":32365,"comment_status":"open","ping_status":"open","sticky":false,"template":"","format":"standard","meta":{"footnotes":""},"categories":[1],"tags":[],"class_list":{"0":"post-32364","1":"post","2":"type-post","3":"status-publish","4":"format-standard","5":"has-post-thumbnail","7":"category-uncategorized"},"yoast_head":"<!-- This site is optimized with the Yoast SEO plugin v27.1.1 - https:\/\/yoast.com\/product\/yoast-seo-wordpress\/ -->\n<title>Estados Unidos repatria a 131 dominicanos. - Conexi\u00f3n 23<\/title>\n<meta name=\"robots\" content=\"index, follow, max-snippet:-1, max-image-preview:large, max-video-preview:-1\" \/>\n<link rel=\"canonical\" href=\"http:\/\/conexion23.com\/?p=32364\" \/>\n<meta property=\"og:locale\" content=\"es_ES\" \/>\n<meta property=\"og:type\" content=\"article\" \/>\n<meta property=\"og:title\" content=\"Estados Unidos repatria a 131 dominicanos. - Conexi\u00f3n 23\" \/>\n<meta property=\"og:description\" content=\"El Servicio de Inmigraci\u00f3n y Control de Aduanas de Estados Unidos (ICE, por su sigla en ingl\u00e9s) repatri\u00f3 al pa\u00eds a 131 expresidiarios dominicanos luego de cumplir condenas en c\u00e1rceles norteamericanas, acusados de diversos delitos, incluyendo narcotr\u00e1fico, homicidios, lavado de activos y violaciones a las leyes de inmigraci\u00f3n. Los nacionales aterrizaron en el Aeropuerto Internacional [&hellip;]\" \/>\n<meta property=\"og:url\" content=\"http:\/\/conexion23.com\/?p=32364\" \/>\n<meta property=\"og:site_name\" content=\"Conexi\u00f3n 23\" \/>\n<meta property=\"article:publisher\" content=\"https:\/\/www.facebook.com\/conexion23com\" \/>\n<meta property=\"article:published_time\" content=\"2024-09-05T12:38:54+00:00\" \/>\n<meta property=\"article:modified_time\" content=\"2024-09-05T12:38:55+00:00\" \/>\n<meta property=\"og:image\" content=\"http:\/\/conexion23.com\/wp-content\/uploads\/2024\/09\/66d8c8566f5a9.r_d.510-558-9865.jpeg\" \/>\n\t<meta property=\"og:image:width\" content=\"950\" \/>\n\t<meta property=\"og:image:height\" content=\"465\" \/>\n\t<meta property=\"og:image:type\" content=\"image\/jpeg\" \/>\n<meta name=\"author\" content=\"Raffy Ben\u00edtez\" \/>\n<meta name=\"twitter:card\" content=\"summary_large_image\" \/>\n<meta name=\"twitter:label1\" content=\"Escrito por\" \/>\n\t<meta name=\"twitter:data1\" content=\"Raffy Ben\u00edtez\" \/>\n\t<meta name=\"twitter:label2\" content=\"Tiempo de lectura\" \/>\n\t<meta name=\"twitter:data2\" content=\"1 minuto\" \/>\n<script type=\"application\/ld+json\" class=\"yoast-schema-graph\">{\"@context\":\"https:\/\/schema.org\",\"@graph\":[{\"@type\":\"Article\",\"@id\":\"http:\/\/conexion23.com\/?p=32364#article\",\"isPartOf\":{\"@id\":\"http:\/\/conexion23.com\/?p=32364\"},\"author\":{\"name\":\"Raffy Ben\u00edtez\",\"@id\":\"https:\/\/conexion23.com\/#\/schema\/person\/03e36043331117e97a373299bbcd30a6\"},\"headline\":\"Estados Unidos repatria a 131 dominicanos.\",\"datePublished\":\"2024-09-05T12:38:54+00:00\",\"dateModified\":\"2024-09-05T12:38:55+00:00\",\"mainEntityOfPage\":{\"@id\":\"http:\/\/conexion23.com\/?p=32364\"},\"wordCount\":193,\"commentCount\":0,\"publisher\":{\"@id\":\"https:\/\/conexion23.com\/#organization\"},\"image\":{\"@id\":\"http:\/\/conexion23.com\/?p=32364#primaryimage\"},\"thumbnailUrl\":\"https:\/\/conexion23.com\/wp-content\/uploads\/2024\/09\/66d8c8566f5a9.r_d.510-558-9865.jpeg\",\"articleSection\":[\"Uncategorized\"],\"inLanguage\":\"es\",\"potentialAction\":[{\"@type\":\"CommentAction\",\"name\":\"Comment\",\"target\":[\"http:\/\/conexion23.com\/?p=32364#respond\"]}]},{\"@type\":\"WebPage\",\"@id\":\"http:\/\/conexion23.com\/?p=32364\",\"url\":\"http:\/\/conexion23.com\/?p=32364\",\"name\":\"Estados Unidos repatria a 131 dominicanos. - Conexi\u00f3n 23\",\"isPartOf\":{\"@id\":\"https:\/\/conexion23.com\/#website\"},\"primaryImageOfPage\":{\"@id\":\"http:\/\/conexion23.com\/?p=32364#primaryimage\"},\"image\":{\"@id\":\"http:\/\/conexion23.com\/?p=32364#primaryimage\"},\"thumbnailUrl\":\"https:\/\/conexion23.com\/wp-content\/uploads\/2024\/09\/66d8c8566f5a9.r_d.510-558-9865.jpeg\",\"datePublished\":\"2024-09-05T12:38:54+00:00\",\"dateModified\":\"2024-09-05T12:38:55+00:00\",\"breadcrumb\":{\"@id\":\"http:\/\/conexion23.com\/?p=32364#breadcrumb\"},\"inLanguage\":\"es\",\"potentialAction\":[{\"@type\":\"ReadAction\",\"target\":[\"http:\/\/conexion23.com\/?p=32364\"]}]},{\"@type\":\"ImageObject\",\"inLanguage\":\"es\",\"@id\":\"http:\/\/conexion23.com\/?p=32364#primaryimage\",\"url\":\"https:\/\/conexion23.com\/wp-content\/uploads\/2024\/09\/66d8c8566f5a9.r_d.510-558-9865.jpeg\",\"contentUrl\":\"https:\/\/conexion23.com\/wp-content\/uploads\/2024\/09\/66d8c8566f5a9.r_d.510-558-9865.jpeg\",\"width\":950,\"height\":465},{\"@type\":\"BreadcrumbList\",\"@id\":\"http:\/\/conexion23.com\/?p=32364#breadcrumb\",\"itemListElement\":[{\"@type\":\"ListItem\",\"position\":1,\"name\":\"Portada\",\"item\":\"https:\/\/conexion23.com\/\"},{\"@type\":\"ListItem\",\"position\":2,\"name\":\"Estados Unidos repatria a 131 dominicanos.\"}]},{\"@type\":\"WebSite\",\"@id\":\"https:\/\/conexion23.com\/#website\",\"url\":\"https:\/\/conexion23.com\/\",\"name\":\"Conexi\u00f3n 23\",\"description\":\"Peri\u00f3dico 100% Petromacorisano\",\"publisher\":{\"@id\":\"https:\/\/conexion23.com\/#organization\"},\"potentialAction\":[{\"@type\":\"SearchAction\",\"target\":{\"@type\":\"EntryPoint\",\"urlTemplate\":\"https:\/\/conexion23.com\/?s={search_term_string}\"},\"query-input\":{\"@type\":\"PropertyValueSpecification\",\"valueRequired\":true,\"valueName\":\"search_term_string\"}}],\"inLanguage\":\"es\"},{\"@type\":\"Organization\",\"@id\":\"https:\/\/conexion23.com\/#organization\",\"name\":\"Conexion 23\",\"url\":\"https:\/\/conexion23.com\/\",\"logo\":{\"@type\":\"ImageObject\",\"inLanguage\":\"es\",\"@id\":\"https:\/\/conexion23.com\/#\/schema\/logo\/image\/\",\"url\":\"https:\/\/conexion23.com\/wp-content\/uploads\/2021\/11\/Diseno-sin-titulo-2.png\",\"contentUrl\":\"https:\/\/conexion23.com\/wp-content\/uploads\/2021\/11\/Diseno-sin-titulo-2.png\",\"width\":541,\"height\":90,\"caption\":\"Conexion 23\"},\"image\":{\"@id\":\"https:\/\/conexion23.com\/#\/schema\/logo\/image\/\"},\"sameAs\":[\"https:\/\/www.facebook.com\/conexion23com\",\"https:\/\/www.instagram.com\/conexion23com\/\",\"https:\/\/www.youtube.com\/channel\/UCYc7vxxFZMYLIHNsHHxPZ3Q\"]},{\"@type\":\"Person\",\"@id\":\"https:\/\/conexion23.com\/#\/schema\/person\/03e36043331117e97a373299bbcd30a6\",\"name\":\"Raffy Ben\u00edtez\",\"image\":{\"@type\":\"ImageObject\",\"inLanguage\":\"es\",\"@id\":\"https:\/\/conexion23.com\/#\/schema\/person\/image\/\",\"url\":\"https:\/\/secure.gravatar.com\/avatar\/3190a6a6c5e1b0327500f7d6c56b6242472ee6cb974cf09b401ee6b3b0798f23?s=96&d=mm&r=g\",\"contentUrl\":\"https:\/\/secure.gravatar.com\/avatar\/3190a6a6c5e1b0327500f7d6c56b6242472ee6cb974cf09b401ee6b3b0798f23?s=96&d=mm&r=g\",\"caption\":\"Raffy Ben\u00edtez\"},\"url\":\"https:\/\/conexion23.com\/?author=15\"}]}<\/script>\n<!-- \/ Yoast SEO plugin. -->","yoast_head_json":{"title":"Estados Unidos repatria a 131 dominicanos. - Conexi\u00f3n 23","robots":{"index":"index","follow":"follow","max-snippet":"max-snippet:-1","max-image-preview":"max-image-preview:large","max-video-preview":"max-video-preview:-1"},"canonical":"http:\/\/conexion23.com\/?p=32364","og_locale":"es_ES","og_type":"article","og_title":"Estados Unidos repatria a 131 dominicanos. - Conexi\u00f3n 23","og_description":"El Servicio de Inmigraci\u00f3n y Control de Aduanas de Estados Unidos (ICE, por su sigla en ingl\u00e9s) repatri\u00f3 al pa\u00eds a 131 expresidiarios dominicanos luego de cumplir condenas en c\u00e1rceles norteamericanas, acusados de diversos delitos, incluyendo narcotr\u00e1fico, homicidios, lavado de activos y violaciones a las leyes de inmigraci\u00f3n. Los nacionales aterrizaron en el Aeropuerto Internacional [&hellip;]","og_url":"http:\/\/conexion23.com\/?p=32364","og_site_name":"Conexi\u00f3n 23","article_publisher":"https:\/\/www.facebook.com\/conexion23com","article_published_time":"2024-09-05T12:38:54+00:00","article_modified_time":"2024-09-05T12:38:55+00:00","og_image":[{"width":950,"height":465,"url":"http:\/\/conexion23.com\/wp-content\/uploads\/2024\/09\/66d8c8566f5a9.r_d.510-558-9865.jpeg","type":"image\/jpeg"}],"author":"Raffy Ben\u00edtez","twitter_card":"summary_large_image","twitter_misc":{"Escrito por":"Raffy Ben\u00edtez","Tiempo de lectura":"1 minuto"},"schema":{"@context":"https:\/\/schema.org","@graph":[{"@type":"Article","@id":"http:\/\/conexion23.com\/?p=32364#article","isPartOf":{"@id":"http:\/\/conexion23.com\/?p=32364"},"author":{"name":"Raffy Ben\u00edtez","@id":"https:\/\/conexion23.com\/#\/schema\/person\/03e36043331117e97a373299bbcd30a6"},"headline":"Estados Unidos repatria a 131 dominicanos.","datePublished":"2024-09-05T12:38:54+00:00","dateModified":"2024-09-05T12:38:55+00:00","mainEntityOfPage":{"@id":"http:\/\/conexion23.com\/?p=32364"},"wordCount":193,"commentCount":0,"publisher":{"@id":"https:\/\/conexion23.com\/#organization"},"image":{"@id":"http:\/\/conexion23.com\/?p=32364#primaryimage"},"thumbnailUrl":"https:\/\/conexion23.com\/wp-content\/uploads\/2024\/09\/66d8c8566f5a9.r_d.510-558-9865.jpeg","articleSection":["Uncategorized"],"inLanguage":"es","potentialAction":[{"@type":"CommentAction","name":"Comment","target":["http:\/\/conexion23.com\/?p=32364#respond"]}]},{"@type":"WebPage","@id":"http:\/\/conexion23.com\/?p=32364","url":"http:\/\/conexion23.com\/?p=32364","name":"Estados Unidos repatria a 131 dominicanos. - Conexi\u00f3n 23","isPartOf":{"@id":"https:\/\/conexion23.com\/#website"},"primaryImageOfPage":{"@id":"http:\/\/conexion23.com\/?p=32364#primaryimage"},"image":{"@id":"http:\/\/conexion23.com\/?p=32364#primaryimage"},"thumbnailUrl":"https:\/\/conexion23.com\/wp-content\/uploads\/2024\/09\/66d8c8566f5a9.r_d.510-558-9865.jpeg","datePublished":"2024-09-05T12:38:54+00:00","dateModified":"2024-09-05T12:38:55+00:00","breadcrumb":{"@id":"http:\/\/conexion23.com\/?p=32364#breadcrumb"},"inLanguage":"es","potentialAction":[{"@type":"ReadAction","target":["http:\/\/conexion23.com\/?p=32364"]}]},{"@type":"ImageObject","inLanguage":"es","@id":"http:\/\/conexion23.com\/?p=32364#primaryimage","url":"https:\/\/conexion23.com\/wp-content\/uploads\/2024\/09\/66d8c8566f5a9.r_d.510-558-9865.jpeg","contentUrl":"https:\/\/conexion23.com\/wp-content\/uploads\/2024\/09\/66d8c8566f5a9.r_d.510-558-9865.jpeg","width":950,"height":465},{"@type":"BreadcrumbList","@id":"http:\/\/conexion23.com\/?p=32364#breadcrumb","itemListElement":[{"@type":"ListItem","position":1,"name":"Portada","item":"https:\/\/conexion23.com\/"},{"@type":"ListItem","position":2,"name":"Estados Unidos repatria a 131 dominicanos."}]},{"@type":"WebSite","@id":"https:\/\/conexion23.com\/#website","url":"https:\/\/conexion23.com\/","name":"Conexi\u00f3n 23","description":"Peri\u00f3dico 100% Petromacorisano","publisher":{"@id":"https:\/\/conexion23.com\/#organization"},"potentialAction":[{"@type":"SearchAction","target":{"@type":"EntryPoint","urlTemplate":"https:\/\/conexion23.com\/?s={search_term_string}"},"query-input":{"@type":"PropertyValueSpecification","valueRequired":true,"valueName":"search_term_string"}}],"inLanguage":"es"},{"@type":"Organization","@id":"https:\/\/conexion23.com\/#organization","name":"Conexion 23","url":"https:\/\/conexion23.com\/","logo":{"@type":"ImageObject","inLanguage":"es","@id":"https:\/\/conexion23.com\/#\/schema\/logo\/image\/","url":"https:\/\/conexion23.com\/wp-content\/uploads\/2021\/11\/Diseno-sin-titulo-2.png","contentUrl":"https:\/\/conexion23.com\/wp-content\/uploads\/2021\/11\/Diseno-sin-titulo-2.png","width":541,"height":90,"caption":"Conexion 23"},"image":{"@id":"https:\/\/conexion23.com\/#\/schema\/logo\/image\/"},"sameAs":["https:\/\/www.facebook.com\/conexion23com","https:\/\/www.instagram.com\/conexion23com\/","https:\/\/www.youtube.com\/channel\/UCYc7vxxFZMYLIHNsHHxPZ3Q"]},{"@type":"Person","@id":"https:\/\/conexion23.com\/#\/schema\/person\/03e36043331117e97a373299bbcd30a6","name":"Raffy Ben\u00edtez","image":{"@type":"ImageObject","inLanguage":"es","@id":"https:\/\/conexion23.com\/#\/schema\/person\/image\/","url":"https:\/\/secure.gravatar.com\/avatar\/3190a6a6c5e1b0327500f7d6c56b6242472ee6cb974cf09b401ee6b3b0798f23?s=96&d=mm&r=g","contentUrl":"https:\/\/secure.gravatar.com\/avatar\/3190a6a6c5e1b0327500f7d6c56b6242472ee6cb974cf09b401ee6b3b0798f23?s=96&d=mm&r=g","caption":"Raffy Ben\u00edtez"},"url":"https:\/\/conexion23.com\/?author=15"}]}},"_links":{"self":[{"href":"https:\/\/conexion23.com\/index.php?rest_route=\/wp\/v2\/posts\/32364","targetHints":{"allow":["GET"]}}],"collection":[{"href":"https:\/\/conexion23.com\/index.php?rest_route=\/wp\/v2\/posts"}],"about":[{"href":"https:\/\/conexion23.com\/index.php?rest_route=\/wp\/v2\/types\/post"}],"author":[{"embeddable":true,"href":"https:\/\/conexion23.com\/index.php?rest_route=\/wp\/v2\/users\/15"}],"replies":[{"embeddable":true,"href":"https:\/\/conexion23.com\/index.php?rest_route=%2Fwp%2Fv2%2Fcomments&post=32364"}],"version-history":[{"count":1,"href":"https:\/\/conexion23.com\/index.php?rest_route=\/wp\/v2\/posts\/32364\/revisions"}],"predecessor-version":[{"id":32366,"href":"https:\/\/conexion23.com\/index.php?rest_route=\/wp\/v2\/posts\/32364\/revisions\/32366"}],"wp:featuredmedia":[{"embeddable":true,"href":"https:\/\/conexion23.com\/index.php?rest_route=\/wp\/v2\/media\/32365"}],"wp:attachment":[{"href":"https:\/\/conexion23.com\/index.php?rest_route=%2Fwp%2Fv2%2Fmedia&parent=32364"}],"wp:term":[{"taxonomy":"category","embeddable":true,"href":"https:\/\/conexion23.com\/index.php?rest_route=%2Fwp%2Fv2%2Fcategories&post=32364"},{"taxonomy":"post_tag","embeddable":true,"href":"https:\/\/conexion23.com\/index.php?rest_route=%2Fwp%2Fv2%2Ftags&post=32364"}],"curies":[{"name":"wp","href":"https:\/\/api.w.org\/{rel}","templated":true}]}}