{"id":32370,"date":"2024-09-06T07:08:10","date_gmt":"2024-09-06T11:08:10","guid":{"rendered":"https:\/\/conexion23.com\/?p=32370"},"modified":"2024-09-06T07:08:12","modified_gmt":"2024-09-06T11:08:12","slug":"venezuela-amenaza-al-gobierno-dominicano-por-incautacion-de-avion-del-presidente-maduro","status":"publish","type":"post","link":"https:\/\/conexion23.com\/?p=32370","title":{"rendered":"Venezuela amenaza al gobierno dominicano por incautaci\u00f3n de avi\u00f3n del presidente Maduro."},"content":{"rendered":"\n<p>El ministro de Relaciones Interiores, Justicia y Paz de Venezuela, Diosdado Cabello, dijo al gobierno dominicano que lo agarrar\u00e1 \u201cen la bajadita\u201d, luego de que Estados Unidos incautara avi\u00f3n de Nicol\u00e1s Maduro en Rep\u00fablica Dominicana.&nbsp;<\/p>\n\n\n\n<p>\u201cUno siempre dice yo te agarro en la bajadita y al&nbsp;<strong>gobierno de Dominicana, yo te agarro en la bajadita<\/strong>\u201d, dijo Cabello.<\/p>\n\n\n\n<p>Durante el programa \u201cCon el Mazo Dando\u201d, el ministro apunt\u00f3 \u201clos que&nbsp;<strong>tenemos petr\u00f3leo&nbsp;<\/strong>somos nosotros\u201d.<\/p>\n\n\n\n<p>El funcionario acus\u00f3 a Estados Unidos de robar el avi\u00f3n del presidente venezolano, al asegurar que \u201cno incaut\u00f3,&nbsp;<strong>se rob\u00f3 un avi\u00f3n<\/strong>&nbsp;de Venezuela. No es el primero, es el segundo\u201d.<\/p>\n\n\n\n<p>El pasado lunes, Estados Unidos confisc\u00f3 el avi\u00f3n de Maduro en territorio dominicano, el cual estaba en el pa\u00eds desde el pasado mes de mayo. La aeronave que tiene un valor estimado de 13 millones de d\u00f3lares fue trasladada al Estado de Florida.<\/p>\n\n\n\n<p>De acuerdo a un comunicado, a finales de 2022 y principios de 2023, personas afiliadas a Maduro supuestamente utilizaron una empresa fantasma con sede en el Caribe para ocultar su participaci\u00f3n en la compra ilegal de la aeronave Dassault Falcon 900EX de una compa\u00f1\u00eda con sede en el Distrito Sur de Florida.<\/p>\n","protected":false},"excerpt":{"rendered":"<p>El ministro de Relaciones Interiores, Justicia y Paz de Venezuela, Diosdado Cabello, dijo al gobierno dominicano que lo agarrar\u00e1 \u201cen la bajadita\u201d, luego de que Estados Unidos incautara avi\u00f3n de Nicol\u00e1s Maduro en Rep\u00fablica Dominicana.&nbsp; \u201cUno siempre dice yo te agarro en la bajadita y al&nbsp;gobierno de Dominicana, yo te agarro en la bajadita\u201d, dijo [&hellip;]<\/p>\n","protected":false},"author":15,"featured_media":32371,"comment_status":"open","ping_status":"open","sticky":false,"template":"","format":"standard","meta":{"footnotes":""},"categories":[1],"tags":[],"class_list":{"0":"post-32370","1":"post","2":"type-post","3":"status-publish","4":"format-standard","5":"has-post-thumbnail","7":"category-uncategorized"},"yoast_head":"<!-- This site is optimized with the Yoast SEO plugin v27.1.1 - https:\/\/yoast.com\/product\/yoast-seo-wordpress\/ -->\n<title>Venezuela amenaza al gobierno dominicano por incautaci\u00f3n de avi\u00f3n del presidente Maduro. - Conexi\u00f3n 23<\/title>\n<meta name=\"robots\" content=\"index, follow, max-snippet:-1, max-image-preview:large, max-video-preview:-1\" \/>\n<link rel=\"canonical\" href=\"http:\/\/conexion23.com\/?p=32370\" \/>\n<meta property=\"og:locale\" content=\"es_ES\" \/>\n<meta property=\"og:type\" content=\"article\" \/>\n<meta property=\"og:title\" content=\"Venezuela amenaza al gobierno dominicano por incautaci\u00f3n de avi\u00f3n del presidente Maduro. - Conexi\u00f3n 23\" \/>\n<meta property=\"og:description\" content=\"El ministro de Relaciones Interiores, Justicia y Paz de Venezuela, Diosdado Cabello, dijo al gobierno dominicano que lo agarrar\u00e1 \u201cen la bajadita\u201d, luego de que Estados Unidos incautara avi\u00f3n de Nicol\u00e1s Maduro en Rep\u00fablica Dominicana.&nbsp; \u201cUno siempre dice yo te agarro en la bajadita y al&nbsp;gobierno de Dominicana, yo te agarro en la bajadita\u201d, dijo [&hellip;]\" \/>\n<meta property=\"og:url\" content=\"http:\/\/conexion23.com\/?p=32370\" \/>\n<meta property=\"og:site_name\" content=\"Conexi\u00f3n 23\" \/>\n<meta property=\"article:publisher\" content=\"https:\/\/www.facebook.com\/conexion23com\" \/>\n<meta property=\"article:published_time\" content=\"2024-09-06T11:08:10+00:00\" \/>\n<meta property=\"article:modified_time\" content=\"2024-09-06T11:08:12+00:00\" \/>\n<meta property=\"og:image\" content=\"http:\/\/conexion23.com\/wp-content\/uploads\/2024\/09\/642f4f651601c.r_d.193-118.jpeg\" \/>\n\t<meta property=\"og:image:width\" content=\"800\" \/>\n\t<meta property=\"og:image:height\" content=\"533\" \/>\n\t<meta property=\"og:image:type\" content=\"image\/jpeg\" \/>\n<meta name=\"author\" content=\"Raffy Ben\u00edtez\" \/>\n<meta name=\"twitter:card\" content=\"summary_large_image\" \/>\n<meta name=\"twitter:label1\" content=\"Escrito por\" \/>\n\t<meta name=\"twitter:data1\" content=\"Raffy Ben\u00edtez\" \/>\n\t<meta name=\"twitter:label2\" content=\"Tiempo de lectura\" \/>\n\t<meta name=\"twitter:data2\" content=\"2 minutos\" \/>\n<script type=\"application\/ld+json\" class=\"yoast-schema-graph\">{\"@context\":\"https:\/\/schema.org\",\"@graph\":[{\"@type\":\"Article\",\"@id\":\"http:\/\/conexion23.com\/?p=32370#article\",\"isPartOf\":{\"@id\":\"http:\/\/conexion23.com\/?p=32370\"},\"author\":{\"name\":\"Raffy Ben\u00edtez\",\"@id\":\"https:\/\/conexion23.com\/#\/schema\/person\/03e36043331117e97a373299bbcd30a6\"},\"headline\":\"Venezuela amenaza al gobierno dominicano por incautaci\u00f3n de avi\u00f3n del presidente Maduro.\",\"datePublished\":\"2024-09-06T11:08:10+00:00\",\"dateModified\":\"2024-09-06T11:08:12+00:00\",\"mainEntityOfPage\":{\"@id\":\"http:\/\/conexion23.com\/?p=32370\"},\"wordCount\":227,\"commentCount\":0,\"publisher\":{\"@id\":\"https:\/\/conexion23.com\/#organization\"},\"image\":{\"@id\":\"http:\/\/conexion23.com\/?p=32370#primaryimage\"},\"thumbnailUrl\":\"https:\/\/conexion23.com\/wp-content\/uploads\/2024\/09\/642f4f651601c.r_d.193-118.jpeg\",\"articleSection\":[\"Uncategorized\"],\"inLanguage\":\"es\",\"potentialAction\":[{\"@type\":\"CommentAction\",\"name\":\"Comment\",\"target\":[\"http:\/\/conexion23.com\/?p=32370#respond\"]}]},{\"@type\":\"WebPage\",\"@id\":\"http:\/\/conexion23.com\/?p=32370\",\"url\":\"http:\/\/conexion23.com\/?p=32370\",\"name\":\"Venezuela amenaza al gobierno dominicano por incautaci\u00f3n de avi\u00f3n del presidente Maduro. - Conexi\u00f3n 23\",\"isPartOf\":{\"@id\":\"https:\/\/conexion23.com\/#website\"},\"primaryImageOfPage\":{\"@id\":\"http:\/\/conexion23.com\/?p=32370#primaryimage\"},\"image\":{\"@id\":\"http:\/\/conexion23.com\/?p=32370#primaryimage\"},\"thumbnailUrl\":\"https:\/\/conexion23.com\/wp-content\/uploads\/2024\/09\/642f4f651601c.r_d.193-118.jpeg\",\"datePublished\":\"2024-09-06T11:08:10+00:00\",\"dateModified\":\"2024-09-06T11:08:12+00:00\",\"breadcrumb\":{\"@id\":\"http:\/\/conexion23.com\/?p=32370#breadcrumb\"},\"inLanguage\":\"es\",\"potentialAction\":[{\"@type\":\"ReadAction\",\"target\":[\"http:\/\/conexion23.com\/?p=32370\"]}]},{\"@type\":\"ImageObject\",\"inLanguage\":\"es\",\"@id\":\"http:\/\/conexion23.com\/?p=32370#primaryimage\",\"url\":\"https:\/\/conexion23.com\/wp-content\/uploads\/2024\/09\/642f4f651601c.r_d.193-118.jpeg\",\"contentUrl\":\"https:\/\/conexion23.com\/wp-content\/uploads\/2024\/09\/642f4f651601c.r_d.193-118.jpeg\",\"width\":800,\"height\":533},{\"@type\":\"BreadcrumbList\",\"@id\":\"http:\/\/conexion23.com\/?p=32370#breadcrumb\",\"itemListElement\":[{\"@type\":\"ListItem\",\"position\":1,\"name\":\"Portada\",\"item\":\"https:\/\/conexion23.com\/\"},{\"@type\":\"ListItem\",\"position\":2,\"name\":\"Venezuela amenaza al gobierno dominicano por incautaci\u00f3n de avi\u00f3n del presidente Maduro.\"}]},{\"@type\":\"WebSite\",\"@id\":\"https:\/\/conexion23.com\/#website\",\"url\":\"https:\/\/conexion23.com\/\",\"name\":\"Conexi\u00f3n 23\",\"description\":\"Peri\u00f3dico 100% Petromacorisano\",\"publisher\":{\"@id\":\"https:\/\/conexion23.com\/#organization\"},\"potentialAction\":[{\"@type\":\"SearchAction\",\"target\":{\"@type\":\"EntryPoint\",\"urlTemplate\":\"https:\/\/conexion23.com\/?s={search_term_string}\"},\"query-input\":{\"@type\":\"PropertyValueSpecification\",\"valueRequired\":true,\"valueName\":\"search_term_string\"}}],\"inLanguage\":\"es\"},{\"@type\":\"Organization\",\"@id\":\"https:\/\/conexion23.com\/#organization\",\"name\":\"Conexion 23\",\"url\":\"https:\/\/conexion23.com\/\",\"logo\":{\"@type\":\"ImageObject\",\"inLanguage\":\"es\",\"@id\":\"https:\/\/conexion23.com\/#\/schema\/logo\/image\/\",\"url\":\"https:\/\/conexion23.com\/wp-content\/uploads\/2021\/11\/Diseno-sin-titulo-2.png\",\"contentUrl\":\"https:\/\/conexion23.com\/wp-content\/uploads\/2021\/11\/Diseno-sin-titulo-2.png\",\"width\":541,\"height\":90,\"caption\":\"Conexion 23\"},\"image\":{\"@id\":\"https:\/\/conexion23.com\/#\/schema\/logo\/image\/\"},\"sameAs\":[\"https:\/\/www.facebook.com\/conexion23com\",\"https:\/\/www.instagram.com\/conexion23com\/\",\"https:\/\/www.youtube.com\/channel\/UCYc7vxxFZMYLIHNsHHxPZ3Q\"]},{\"@type\":\"Person\",\"@id\":\"https:\/\/conexion23.com\/#\/schema\/person\/03e36043331117e97a373299bbcd30a6\",\"name\":\"Raffy Ben\u00edtez\",\"image\":{\"@type\":\"ImageObject\",\"inLanguage\":\"es\",\"@id\":\"https:\/\/conexion23.com\/#\/schema\/person\/image\/\",\"url\":\"https:\/\/secure.gravatar.com\/avatar\/3190a6a6c5e1b0327500f7d6c56b6242472ee6cb974cf09b401ee6b3b0798f23?s=96&d=mm&r=g\",\"contentUrl\":\"https:\/\/secure.gravatar.com\/avatar\/3190a6a6c5e1b0327500f7d6c56b6242472ee6cb974cf09b401ee6b3b0798f23?s=96&d=mm&r=g\",\"caption\":\"Raffy Ben\u00edtez\"},\"url\":\"https:\/\/conexion23.com\/?author=15\"}]}<\/script>\n<!-- \/ Yoast SEO plugin. -->","yoast_head_json":{"title":"Venezuela amenaza al gobierno dominicano por incautaci\u00f3n de avi\u00f3n del presidente Maduro. - Conexi\u00f3n 23","robots":{"index":"index","follow":"follow","max-snippet":"max-snippet:-1","max-image-preview":"max-image-preview:large","max-video-preview":"max-video-preview:-1"},"canonical":"http:\/\/conexion23.com\/?p=32370","og_locale":"es_ES","og_type":"article","og_title":"Venezuela amenaza al gobierno dominicano por incautaci\u00f3n de avi\u00f3n del presidente Maduro. - Conexi\u00f3n 23","og_description":"El ministro de Relaciones Interiores, Justicia y Paz de Venezuela, Diosdado Cabello, dijo al gobierno dominicano que lo agarrar\u00e1 \u201cen la bajadita\u201d, luego de que Estados Unidos incautara avi\u00f3n de Nicol\u00e1s Maduro en Rep\u00fablica Dominicana.&nbsp; \u201cUno siempre dice yo te agarro en la bajadita y al&nbsp;gobierno de Dominicana, yo te agarro en la bajadita\u201d, dijo [&hellip;]","og_url":"http:\/\/conexion23.com\/?p=32370","og_site_name":"Conexi\u00f3n 23","article_publisher":"https:\/\/www.facebook.com\/conexion23com","article_published_time":"2024-09-06T11:08:10+00:00","article_modified_time":"2024-09-06T11:08:12+00:00","og_image":[{"width":800,"height":533,"url":"http:\/\/conexion23.com\/wp-content\/uploads\/2024\/09\/642f4f651601c.r_d.193-118.jpeg","type":"image\/jpeg"}],"author":"Raffy Ben\u00edtez","twitter_card":"summary_large_image","twitter_misc":{"Escrito por":"Raffy Ben\u00edtez","Tiempo de lectura":"2 minutos"},"schema":{"@context":"https:\/\/schema.org","@graph":[{"@type":"Article","@id":"http:\/\/conexion23.com\/?p=32370#article","isPartOf":{"@id":"http:\/\/conexion23.com\/?p=32370"},"author":{"name":"Raffy Ben\u00edtez","@id":"https:\/\/conexion23.com\/#\/schema\/person\/03e36043331117e97a373299bbcd30a6"},"headline":"Venezuela amenaza al gobierno dominicano por incautaci\u00f3n de avi\u00f3n del presidente Maduro.","datePublished":"2024-09-06T11:08:10+00:00","dateModified":"2024-09-06T11:08:12+00:00","mainEntityOfPage":{"@id":"http:\/\/conexion23.com\/?p=32370"},"wordCount":227,"commentCount":0,"publisher":{"@id":"https:\/\/conexion23.com\/#organization"},"image":{"@id":"http:\/\/conexion23.com\/?p=32370#primaryimage"},"thumbnailUrl":"https:\/\/conexion23.com\/wp-content\/uploads\/2024\/09\/642f4f651601c.r_d.193-118.jpeg","articleSection":["Uncategorized"],"inLanguage":"es","potentialAction":[{"@type":"CommentAction","name":"Comment","target":["http:\/\/conexion23.com\/?p=32370#respond"]}]},{"@type":"WebPage","@id":"http:\/\/conexion23.com\/?p=32370","url":"http:\/\/conexion23.com\/?p=32370","name":"Venezuela amenaza al gobierno dominicano por incautaci\u00f3n de avi\u00f3n del presidente Maduro. - Conexi\u00f3n 23","isPartOf":{"@id":"https:\/\/conexion23.com\/#website"},"primaryImageOfPage":{"@id":"http:\/\/conexion23.com\/?p=32370#primaryimage"},"image":{"@id":"http:\/\/conexion23.com\/?p=32370#primaryimage"},"thumbnailUrl":"https:\/\/conexion23.com\/wp-content\/uploads\/2024\/09\/642f4f651601c.r_d.193-118.jpeg","datePublished":"2024-09-06T11:08:10+00:00","dateModified":"2024-09-06T11:08:12+00:00","breadcrumb":{"@id":"http:\/\/conexion23.com\/?p=32370#breadcrumb"},"inLanguage":"es","potentialAction":[{"@type":"ReadAction","target":["http:\/\/conexion23.com\/?p=32370"]}]},{"@type":"ImageObject","inLanguage":"es","@id":"http:\/\/conexion23.com\/?p=32370#primaryimage","url":"https:\/\/conexion23.com\/wp-content\/uploads\/2024\/09\/642f4f651601c.r_d.193-118.jpeg","contentUrl":"https:\/\/conexion23.com\/wp-content\/uploads\/2024\/09\/642f4f651601c.r_d.193-118.jpeg","width":800,"height":533},{"@type":"BreadcrumbList","@id":"http:\/\/conexion23.com\/?p=32370#breadcrumb","itemListElement":[{"@type":"ListItem","position":1,"name":"Portada","item":"https:\/\/conexion23.com\/"},{"@type":"ListItem","position":2,"name":"Venezuela amenaza al gobierno dominicano por incautaci\u00f3n de avi\u00f3n del presidente Maduro."}]},{"@type":"WebSite","@id":"https:\/\/conexion23.com\/#website","url":"https:\/\/conexion23.com\/","name":"Conexi\u00f3n 23","description":"Peri\u00f3dico 100% Petromacorisano","publisher":{"@id":"https:\/\/conexion23.com\/#organization"},"potentialAction":[{"@type":"SearchAction","target":{"@type":"EntryPoint","urlTemplate":"https:\/\/conexion23.com\/?s={search_term_string}"},"query-input":{"@type":"PropertyValueSpecification","valueRequired":true,"valueName":"search_term_string"}}],"inLanguage":"es"},{"@type":"Organization","@id":"https:\/\/conexion23.com\/#organization","name":"Conexion 23","url":"https:\/\/conexion23.com\/","logo":{"@type":"ImageObject","inLanguage":"es","@id":"https:\/\/conexion23.com\/#\/schema\/logo\/image\/","url":"https:\/\/conexion23.com\/wp-content\/uploads\/2021\/11\/Diseno-sin-titulo-2.png","contentUrl":"https:\/\/conexion23.com\/wp-content\/uploads\/2021\/11\/Diseno-sin-titulo-2.png","width":541,"height":90,"caption":"Conexion 23"},"image":{"@id":"https:\/\/conexion23.com\/#\/schema\/logo\/image\/"},"sameAs":["https:\/\/www.facebook.com\/conexion23com","https:\/\/www.instagram.com\/conexion23com\/","https:\/\/www.youtube.com\/channel\/UCYc7vxxFZMYLIHNsHHxPZ3Q"]},{"@type":"Person","@id":"https:\/\/conexion23.com\/#\/schema\/person\/03e36043331117e97a373299bbcd30a6","name":"Raffy Ben\u00edtez","image":{"@type":"ImageObject","inLanguage":"es","@id":"https:\/\/conexion23.com\/#\/schema\/person\/image\/","url":"https:\/\/secure.gravatar.com\/avatar\/3190a6a6c5e1b0327500f7d6c56b6242472ee6cb974cf09b401ee6b3b0798f23?s=96&d=mm&r=g","contentUrl":"https:\/\/secure.gravatar.com\/avatar\/3190a6a6c5e1b0327500f7d6c56b6242472ee6cb974cf09b401ee6b3b0798f23?s=96&d=mm&r=g","caption":"Raffy Ben\u00edtez"},"url":"https:\/\/conexion23.com\/?author=15"}]}},"_links":{"self":[{"href":"https:\/\/conexion23.com\/index.php?rest_route=\/wp\/v2\/posts\/32370","targetHints":{"allow":["GET"]}}],"collection":[{"href":"https:\/\/conexion23.com\/index.php?rest_route=\/wp\/v2\/posts"}],"about":[{"href":"https:\/\/conexion23.com\/index.php?rest_route=\/wp\/v2\/types\/post"}],"author":[{"embeddable":true,"href":"https:\/\/conexion23.com\/index.php?rest_route=\/wp\/v2\/users\/15"}],"replies":[{"embeddable":true,"href":"https:\/\/conexion23.com\/index.php?rest_route=%2Fwp%2Fv2%2Fcomments&post=32370"}],"version-history":[{"count":1,"href":"https:\/\/conexion23.com\/index.php?rest_route=\/wp\/v2\/posts\/32370\/revisions"}],"predecessor-version":[{"id":32372,"href":"https:\/\/conexion23.com\/index.php?rest_route=\/wp\/v2\/posts\/32370\/revisions\/32372"}],"wp:featuredmedia":[{"embeddable":true,"href":"https:\/\/conexion23.com\/index.php?rest_route=\/wp\/v2\/media\/32371"}],"wp:attachment":[{"href":"https:\/\/conexion23.com\/index.php?rest_route=%2Fwp%2Fv2%2Fmedia&parent=32370"}],"wp:term":[{"taxonomy":"category","embeddable":true,"href":"https:\/\/conexion23.com\/index.php?rest_route=%2Fwp%2Fv2%2Fcategories&post=32370"},{"taxonomy":"post_tag","embeddable":true,"href":"https:\/\/conexion23.com\/index.php?rest_route=%2Fwp%2Fv2%2Ftags&post=32370"}],"curies":[{"name":"wp","href":"https:\/\/api.w.org\/{rel}","templated":true}]}}