{"id":32385,"date":"2024-09-06T07:47:37","date_gmt":"2024-09-06T11:47:37","guid":{"rendered":"https:\/\/conexion23.com\/?p=32385"},"modified":"2024-09-06T07:47:38","modified_gmt":"2024-09-06T11:47:38","slug":"senador-ricardo-de-los-santos-defiende-camionero-vinculado-a-la-tragedia-de-azua","status":"publish","type":"post","link":"https:\/\/conexion23.com\/?p=32385","title":{"rendered":"Senador Ricardo de Los Santos, defiende camionero vinculado a la tragedia de Azua."},"content":{"rendered":"\n<p>El presidente de la Federaci\u00f3n Nacional de Transporte Dominicano (Fenatrado), Ricardo de los Santos, sali\u00f3 en defensa de \u00c1ngel Encarnaci\u00f3n Bautista, el camionero involucrado en el tr\u00e1gico accidente ocurrido el pasado domingo en el sector Bastidas del municipio Las Yayas, provincia Azua, donde 11 personas perdieron la vida y decenas resultaron heridas.<\/p>\n\n\n\n<p>De los Santos, tambi\u00e9n presidente del Senado de la Rep\u00fablica, explic\u00f3 que, aunque Encarnaci\u00f3n no est\u00e1 afiliado a Fenatrado, es un camionero dominicano, y, por lo tanto, emiti\u00f3 su respaldo.<a href=\"https:\/\/www.instagram.com\/norbertorodprm\/\"><\/a><\/p>\n\n\n\n<p>Seg\u00fan el dirigente, la tecnolog\u00eda disponible mostr\u00f3 que el conductor no fue el responsable del accidente, ya que la carretera estaba completamente abarrotada de personas que se encontraban celebrando en un centro de diversi\u00f3n en la v\u00eda.<a href=\"https:\/\/www.instagram.com\/norbertorodprm\/\"><\/a><\/p>\n\n\n\n<p>El presidente de Fenatrado subray\u00f3 que \u00c1ngel Encarnaci\u00f3n Bautista no ten\u00eda opciones para evitar el impacto, dado que la multitud obstru\u00eda el paso del veh\u00edculo. \u201cEl camionero no ten\u00eda otra cosa que hacer. La carretera estaba totalmente ocupada\u201d, declar\u00f3 De los Santos.<\/p>\n\n\n\n<p>Enfatiz\u00f3 que situaciones como estas deben corregirse y llam\u00f3 la atenci\u00f3n sobre la necesidad de que se respeten los horarios de expendio de bebidas alcoh\u00f3licas para evitar que las personas se aglomeren de manera imprudente en las v\u00edas.<\/p>\n","protected":false},"excerpt":{"rendered":"<p>El presidente de la Federaci\u00f3n Nacional de Transporte Dominicano (Fenatrado), Ricardo de los Santos, sali\u00f3 en defensa de \u00c1ngel Encarnaci\u00f3n Bautista, el camionero involucrado en el tr\u00e1gico accidente ocurrido el pasado domingo en el sector Bastidas del municipio Las Yayas, provincia Azua, donde 11 personas perdieron la vida y decenas resultaron heridas. De los Santos, [&hellip;]<\/p>\n","protected":false},"author":15,"featured_media":32386,"comment_status":"open","ping_status":"open","sticky":false,"template":"","format":"standard","meta":{"footnotes":""},"categories":[1],"tags":[],"class_list":{"0":"post-32385","1":"post","2":"type-post","3":"status-publish","4":"format-standard","5":"has-post-thumbnail","7":"category-uncategorized"},"yoast_head":"<!-- This site is optimized with the Yoast SEO plugin v27.1.1 - https:\/\/yoast.com\/product\/yoast-seo-wordpress\/ -->\n<title>Senador Ricardo de Los Santos, defiende camionero vinculado a la tragedia de Azua. - Conexi\u00f3n 23<\/title>\n<meta name=\"robots\" content=\"index, follow, max-snippet:-1, max-image-preview:large, max-video-preview:-1\" \/>\n<link rel=\"canonical\" href=\"http:\/\/conexion23.com\/?p=32385\" \/>\n<meta property=\"og:locale\" content=\"es_ES\" \/>\n<meta property=\"og:type\" content=\"article\" \/>\n<meta property=\"og:title\" content=\"Senador Ricardo de Los Santos, defiende camionero vinculado a la tragedia de Azua. - Conexi\u00f3n 23\" \/>\n<meta property=\"og:description\" content=\"El presidente de la Federaci\u00f3n Nacional de Transporte Dominicano (Fenatrado), Ricardo de los Santos, sali\u00f3 en defensa de \u00c1ngel Encarnaci\u00f3n Bautista, el camionero involucrado en el tr\u00e1gico accidente ocurrido el pasado domingo en el sector Bastidas del municipio Las Yayas, provincia Azua, donde 11 personas perdieron la vida y decenas resultaron heridas. De los Santos, [&hellip;]\" \/>\n<meta property=\"og:url\" content=\"http:\/\/conexion23.com\/?p=32385\" \/>\n<meta property=\"og:site_name\" content=\"Conexi\u00f3n 23\" \/>\n<meta property=\"article:publisher\" content=\"https:\/\/www.facebook.com\/conexion23com\" \/>\n<meta property=\"article:published_time\" content=\"2024-09-06T11:47:37+00:00\" \/>\n<meta property=\"article:modified_time\" content=\"2024-09-06T11:47:38+00:00\" \/>\n<meta property=\"og:image\" content=\"http:\/\/conexion23.com\/wp-content\/uploads\/2024\/09\/senadoeyaelcoamcmaico.jpg\" \/>\n\t<meta property=\"og:image:width\" content=\"835\" \/>\n\t<meta property=\"og:image:height\" content=\"601\" \/>\n\t<meta property=\"og:image:type\" content=\"image\/jpeg\" \/>\n<meta name=\"author\" content=\"Raffy Ben\u00edtez\" \/>\n<meta name=\"twitter:card\" content=\"summary_large_image\" \/>\n<meta name=\"twitter:label1\" content=\"Escrito por\" \/>\n\t<meta name=\"twitter:data1\" content=\"Raffy Ben\u00edtez\" \/>\n\t<meta name=\"twitter:label2\" content=\"Tiempo de lectura\" \/>\n\t<meta name=\"twitter:data2\" content=\"2 minutos\" \/>\n<script type=\"application\/ld+json\" class=\"yoast-schema-graph\">{\"@context\":\"https:\/\/schema.org\",\"@graph\":[{\"@type\":\"Article\",\"@id\":\"http:\/\/conexion23.com\/?p=32385#article\",\"isPartOf\":{\"@id\":\"http:\/\/conexion23.com\/?p=32385\"},\"author\":{\"name\":\"Raffy Ben\u00edtez\",\"@id\":\"https:\/\/conexion23.com\/#\/schema\/person\/03e36043331117e97a373299bbcd30a6\"},\"headline\":\"Senador Ricardo de Los Santos, defiende camionero vinculado a la tragedia de Azua.\",\"datePublished\":\"2024-09-06T11:47:37+00:00\",\"dateModified\":\"2024-09-06T11:47:38+00:00\",\"mainEntityOfPage\":{\"@id\":\"http:\/\/conexion23.com\/?p=32385\"},\"wordCount\":229,\"commentCount\":0,\"publisher\":{\"@id\":\"https:\/\/conexion23.com\/#organization\"},\"image\":{\"@id\":\"http:\/\/conexion23.com\/?p=32385#primaryimage\"},\"thumbnailUrl\":\"https:\/\/conexion23.com\/wp-content\/uploads\/2024\/09\/senadoeyaelcoamcmaico.jpg\",\"articleSection\":[\"Uncategorized\"],\"inLanguage\":\"es\",\"potentialAction\":[{\"@type\":\"CommentAction\",\"name\":\"Comment\",\"target\":[\"http:\/\/conexion23.com\/?p=32385#respond\"]}]},{\"@type\":\"WebPage\",\"@id\":\"http:\/\/conexion23.com\/?p=32385\",\"url\":\"http:\/\/conexion23.com\/?p=32385\",\"name\":\"Senador Ricardo de Los Santos, defiende camionero vinculado a la tragedia de Azua. - Conexi\u00f3n 23\",\"isPartOf\":{\"@id\":\"https:\/\/conexion23.com\/#website\"},\"primaryImageOfPage\":{\"@id\":\"http:\/\/conexion23.com\/?p=32385#primaryimage\"},\"image\":{\"@id\":\"http:\/\/conexion23.com\/?p=32385#primaryimage\"},\"thumbnailUrl\":\"https:\/\/conexion23.com\/wp-content\/uploads\/2024\/09\/senadoeyaelcoamcmaico.jpg\",\"datePublished\":\"2024-09-06T11:47:37+00:00\",\"dateModified\":\"2024-09-06T11:47:38+00:00\",\"breadcrumb\":{\"@id\":\"http:\/\/conexion23.com\/?p=32385#breadcrumb\"},\"inLanguage\":\"es\",\"potentialAction\":[{\"@type\":\"ReadAction\",\"target\":[\"http:\/\/conexion23.com\/?p=32385\"]}]},{\"@type\":\"ImageObject\",\"inLanguage\":\"es\",\"@id\":\"http:\/\/conexion23.com\/?p=32385#primaryimage\",\"url\":\"https:\/\/conexion23.com\/wp-content\/uploads\/2024\/09\/senadoeyaelcoamcmaico.jpg\",\"contentUrl\":\"https:\/\/conexion23.com\/wp-content\/uploads\/2024\/09\/senadoeyaelcoamcmaico.jpg\",\"width\":835,\"height\":601},{\"@type\":\"BreadcrumbList\",\"@id\":\"http:\/\/conexion23.com\/?p=32385#breadcrumb\",\"itemListElement\":[{\"@type\":\"ListItem\",\"position\":1,\"name\":\"Portada\",\"item\":\"https:\/\/conexion23.com\/\"},{\"@type\":\"ListItem\",\"position\":2,\"name\":\"Senador Ricardo de Los Santos, defiende camionero vinculado a la tragedia de Azua.\"}]},{\"@type\":\"WebSite\",\"@id\":\"https:\/\/conexion23.com\/#website\",\"url\":\"https:\/\/conexion23.com\/\",\"name\":\"Conexi\u00f3n 23\",\"description\":\"Peri\u00f3dico 100% Petromacorisano\",\"publisher\":{\"@id\":\"https:\/\/conexion23.com\/#organization\"},\"potentialAction\":[{\"@type\":\"SearchAction\",\"target\":{\"@type\":\"EntryPoint\",\"urlTemplate\":\"https:\/\/conexion23.com\/?s={search_term_string}\"},\"query-input\":{\"@type\":\"PropertyValueSpecification\",\"valueRequired\":true,\"valueName\":\"search_term_string\"}}],\"inLanguage\":\"es\"},{\"@type\":\"Organization\",\"@id\":\"https:\/\/conexion23.com\/#organization\",\"name\":\"Conexion 23\",\"url\":\"https:\/\/conexion23.com\/\",\"logo\":{\"@type\":\"ImageObject\",\"inLanguage\":\"es\",\"@id\":\"https:\/\/conexion23.com\/#\/schema\/logo\/image\/\",\"url\":\"https:\/\/conexion23.com\/wp-content\/uploads\/2021\/11\/Diseno-sin-titulo-2.png\",\"contentUrl\":\"https:\/\/conexion23.com\/wp-content\/uploads\/2021\/11\/Diseno-sin-titulo-2.png\",\"width\":541,\"height\":90,\"caption\":\"Conexion 23\"},\"image\":{\"@id\":\"https:\/\/conexion23.com\/#\/schema\/logo\/image\/\"},\"sameAs\":[\"https:\/\/www.facebook.com\/conexion23com\",\"https:\/\/www.instagram.com\/conexion23com\/\",\"https:\/\/www.youtube.com\/channel\/UCYc7vxxFZMYLIHNsHHxPZ3Q\"]},{\"@type\":\"Person\",\"@id\":\"https:\/\/conexion23.com\/#\/schema\/person\/03e36043331117e97a373299bbcd30a6\",\"name\":\"Raffy Ben\u00edtez\",\"image\":{\"@type\":\"ImageObject\",\"inLanguage\":\"es\",\"@id\":\"https:\/\/conexion23.com\/#\/schema\/person\/image\/\",\"url\":\"https:\/\/secure.gravatar.com\/avatar\/3190a6a6c5e1b0327500f7d6c56b6242472ee6cb974cf09b401ee6b3b0798f23?s=96&d=mm&r=g\",\"contentUrl\":\"https:\/\/secure.gravatar.com\/avatar\/3190a6a6c5e1b0327500f7d6c56b6242472ee6cb974cf09b401ee6b3b0798f23?s=96&d=mm&r=g\",\"caption\":\"Raffy Ben\u00edtez\"},\"url\":\"https:\/\/conexion23.com\/?author=15\"}]}<\/script>\n<!-- \/ Yoast SEO plugin. -->","yoast_head_json":{"title":"Senador Ricardo de Los Santos, defiende camionero vinculado a la tragedia de Azua. - Conexi\u00f3n 23","robots":{"index":"index","follow":"follow","max-snippet":"max-snippet:-1","max-image-preview":"max-image-preview:large","max-video-preview":"max-video-preview:-1"},"canonical":"http:\/\/conexion23.com\/?p=32385","og_locale":"es_ES","og_type":"article","og_title":"Senador Ricardo de Los Santos, defiende camionero vinculado a la tragedia de Azua. - Conexi\u00f3n 23","og_description":"El presidente de la Federaci\u00f3n Nacional de Transporte Dominicano (Fenatrado), Ricardo de los Santos, sali\u00f3 en defensa de \u00c1ngel Encarnaci\u00f3n Bautista, el camionero involucrado en el tr\u00e1gico accidente ocurrido el pasado domingo en el sector Bastidas del municipio Las Yayas, provincia Azua, donde 11 personas perdieron la vida y decenas resultaron heridas. De los Santos, [&hellip;]","og_url":"http:\/\/conexion23.com\/?p=32385","og_site_name":"Conexi\u00f3n 23","article_publisher":"https:\/\/www.facebook.com\/conexion23com","article_published_time":"2024-09-06T11:47:37+00:00","article_modified_time":"2024-09-06T11:47:38+00:00","og_image":[{"width":835,"height":601,"url":"http:\/\/conexion23.com\/wp-content\/uploads\/2024\/09\/senadoeyaelcoamcmaico.jpg","type":"image\/jpeg"}],"author":"Raffy Ben\u00edtez","twitter_card":"summary_large_image","twitter_misc":{"Escrito por":"Raffy Ben\u00edtez","Tiempo de lectura":"2 minutos"},"schema":{"@context":"https:\/\/schema.org","@graph":[{"@type":"Article","@id":"http:\/\/conexion23.com\/?p=32385#article","isPartOf":{"@id":"http:\/\/conexion23.com\/?p=32385"},"author":{"name":"Raffy Ben\u00edtez","@id":"https:\/\/conexion23.com\/#\/schema\/person\/03e36043331117e97a373299bbcd30a6"},"headline":"Senador Ricardo de Los Santos, defiende camionero vinculado a la tragedia de Azua.","datePublished":"2024-09-06T11:47:37+00:00","dateModified":"2024-09-06T11:47:38+00:00","mainEntityOfPage":{"@id":"http:\/\/conexion23.com\/?p=32385"},"wordCount":229,"commentCount":0,"publisher":{"@id":"https:\/\/conexion23.com\/#organization"},"image":{"@id":"http:\/\/conexion23.com\/?p=32385#primaryimage"},"thumbnailUrl":"https:\/\/conexion23.com\/wp-content\/uploads\/2024\/09\/senadoeyaelcoamcmaico.jpg","articleSection":["Uncategorized"],"inLanguage":"es","potentialAction":[{"@type":"CommentAction","name":"Comment","target":["http:\/\/conexion23.com\/?p=32385#respond"]}]},{"@type":"WebPage","@id":"http:\/\/conexion23.com\/?p=32385","url":"http:\/\/conexion23.com\/?p=32385","name":"Senador Ricardo de Los Santos, defiende camionero vinculado a la tragedia de Azua. - Conexi\u00f3n 23","isPartOf":{"@id":"https:\/\/conexion23.com\/#website"},"primaryImageOfPage":{"@id":"http:\/\/conexion23.com\/?p=32385#primaryimage"},"image":{"@id":"http:\/\/conexion23.com\/?p=32385#primaryimage"},"thumbnailUrl":"https:\/\/conexion23.com\/wp-content\/uploads\/2024\/09\/senadoeyaelcoamcmaico.jpg","datePublished":"2024-09-06T11:47:37+00:00","dateModified":"2024-09-06T11:47:38+00:00","breadcrumb":{"@id":"http:\/\/conexion23.com\/?p=32385#breadcrumb"},"inLanguage":"es","potentialAction":[{"@type":"ReadAction","target":["http:\/\/conexion23.com\/?p=32385"]}]},{"@type":"ImageObject","inLanguage":"es","@id":"http:\/\/conexion23.com\/?p=32385#primaryimage","url":"https:\/\/conexion23.com\/wp-content\/uploads\/2024\/09\/senadoeyaelcoamcmaico.jpg","contentUrl":"https:\/\/conexion23.com\/wp-content\/uploads\/2024\/09\/senadoeyaelcoamcmaico.jpg","width":835,"height":601},{"@type":"BreadcrumbList","@id":"http:\/\/conexion23.com\/?p=32385#breadcrumb","itemListElement":[{"@type":"ListItem","position":1,"name":"Portada","item":"https:\/\/conexion23.com\/"},{"@type":"ListItem","position":2,"name":"Senador Ricardo de Los Santos, defiende camionero vinculado a la tragedia de Azua."}]},{"@type":"WebSite","@id":"https:\/\/conexion23.com\/#website","url":"https:\/\/conexion23.com\/","name":"Conexi\u00f3n 23","description":"Peri\u00f3dico 100% Petromacorisano","publisher":{"@id":"https:\/\/conexion23.com\/#organization"},"potentialAction":[{"@type":"SearchAction","target":{"@type":"EntryPoint","urlTemplate":"https:\/\/conexion23.com\/?s={search_term_string}"},"query-input":{"@type":"PropertyValueSpecification","valueRequired":true,"valueName":"search_term_string"}}],"inLanguage":"es"},{"@type":"Organization","@id":"https:\/\/conexion23.com\/#organization","name":"Conexion 23","url":"https:\/\/conexion23.com\/","logo":{"@type":"ImageObject","inLanguage":"es","@id":"https:\/\/conexion23.com\/#\/schema\/logo\/image\/","url":"https:\/\/conexion23.com\/wp-content\/uploads\/2021\/11\/Diseno-sin-titulo-2.png","contentUrl":"https:\/\/conexion23.com\/wp-content\/uploads\/2021\/11\/Diseno-sin-titulo-2.png","width":541,"height":90,"caption":"Conexion 23"},"image":{"@id":"https:\/\/conexion23.com\/#\/schema\/logo\/image\/"},"sameAs":["https:\/\/www.facebook.com\/conexion23com","https:\/\/www.instagram.com\/conexion23com\/","https:\/\/www.youtube.com\/channel\/UCYc7vxxFZMYLIHNsHHxPZ3Q"]},{"@type":"Person","@id":"https:\/\/conexion23.com\/#\/schema\/person\/03e36043331117e97a373299bbcd30a6","name":"Raffy Ben\u00edtez","image":{"@type":"ImageObject","inLanguage":"es","@id":"https:\/\/conexion23.com\/#\/schema\/person\/image\/","url":"https:\/\/secure.gravatar.com\/avatar\/3190a6a6c5e1b0327500f7d6c56b6242472ee6cb974cf09b401ee6b3b0798f23?s=96&d=mm&r=g","contentUrl":"https:\/\/secure.gravatar.com\/avatar\/3190a6a6c5e1b0327500f7d6c56b6242472ee6cb974cf09b401ee6b3b0798f23?s=96&d=mm&r=g","caption":"Raffy Ben\u00edtez"},"url":"https:\/\/conexion23.com\/?author=15"}]}},"_links":{"self":[{"href":"https:\/\/conexion23.com\/index.php?rest_route=\/wp\/v2\/posts\/32385","targetHints":{"allow":["GET"]}}],"collection":[{"href":"https:\/\/conexion23.com\/index.php?rest_route=\/wp\/v2\/posts"}],"about":[{"href":"https:\/\/conexion23.com\/index.php?rest_route=\/wp\/v2\/types\/post"}],"author":[{"embeddable":true,"href":"https:\/\/conexion23.com\/index.php?rest_route=\/wp\/v2\/users\/15"}],"replies":[{"embeddable":true,"href":"https:\/\/conexion23.com\/index.php?rest_route=%2Fwp%2Fv2%2Fcomments&post=32385"}],"version-history":[{"count":1,"href":"https:\/\/conexion23.com\/index.php?rest_route=\/wp\/v2\/posts\/32385\/revisions"}],"predecessor-version":[{"id":32387,"href":"https:\/\/conexion23.com\/index.php?rest_route=\/wp\/v2\/posts\/32385\/revisions\/32387"}],"wp:featuredmedia":[{"embeddable":true,"href":"https:\/\/conexion23.com\/index.php?rest_route=\/wp\/v2\/media\/32386"}],"wp:attachment":[{"href":"https:\/\/conexion23.com\/index.php?rest_route=%2Fwp%2Fv2%2Fmedia&parent=32385"}],"wp:term":[{"taxonomy":"category","embeddable":true,"href":"https:\/\/conexion23.com\/index.php?rest_route=%2Fwp%2Fv2%2Fcategories&post=32385"},{"taxonomy":"post_tag","embeddable":true,"href":"https:\/\/conexion23.com\/index.php?rest_route=%2Fwp%2Fv2%2Ftags&post=32385"}],"curies":[{"name":"wp","href":"https:\/\/api.w.org\/{rel}","templated":true}]}}