{"id":32388,"date":"2024-09-06T07:56:38","date_gmt":"2024-09-06T11:56:38","guid":{"rendered":"https:\/\/conexion23.com\/?p=32388"},"modified":"2024-09-06T07:56:39","modified_gmt":"2024-09-06T11:56:39","slug":"pn-apresa-a-el-pavo-por-robo-de-motocicletas-y-articulos-electricos-mediante-rotura-y-escalamiento-en-spm","status":"publish","type":"post","link":"https:\/\/conexion23.com\/?p=32388","title":{"rendered":"PN apresa a \u201cEl Pavo\u201d por robo de motocicletas y art\u00edculos el\u00e9ctricos mediante rotura y escalamiento en SPM."},"content":{"rendered":"\n<p>Agentes policiales adscritos a la divisi\u00f3n de recuperaci\u00f3n de veh\u00edculos robados y a la divisi\u00f3n de delitos contra la propiedad (Robo) y la Polic\u00eda Preventiva de esta regional, apresaron un hombre y su compa\u00f1ero de fechor\u00edas, mediante orden de arresto en su contra, por la comisi\u00f3n de diferentes hechos delictivos.<\/p>\n\n\n\n<p>El detenido es el nombrado Juan Carlos S\u00e1nchez Urbaez, (a) El Pavo, de 40 a\u00f1os, residente en el sector Las Colinas de esta ciudad, por el hecho de este tener m\u00faltiples denuncias y \u00f3rdenes de arresto en su contra por la comisi\u00f3n de diferentes hechos delictivos, entre estas la No. 01978-2024, por robo de motocicletas y art\u00edculos de electricidad mediante rotura y escalamiento en residencias, centros educativos y negocios en diferentes sectores de esta ciudad.<\/p>\n\n\n\n<p>Durante el apresamiento de \u201cEl Pavo\u201d, tambi\u00e9n result\u00f3 detenido el nombrado Roberto Eusebio De La Rosa, de 19 a\u00f1os, residente en esta ciudad. Los mismo fueron sorprendidos mientras trasladaban una lavadora que hab\u00eda robado, en una motocicleta que tambi\u00e9n figura con denuncia de robo en nuestro sistema de c\u00f3mputo.<\/p>\n\n\n\n<p>A los mismos le fueron ocupadas una motocicleta marca Loncin, modelo CR5, una motocicleta marca Z3000, modelo CG150, negro, una lavadora color blanco y 250 pies de alambre de electricidad, color rojo y negro, las cuales hab\u00edan robado en diferentes fechas y sectores.<\/p>\n\n\n\n<p>Los detenidos y las evidencias ser\u00e1n enviados antes las autoridades competentes para los fines de lugar correspondientes.<\/p>\n","protected":false},"excerpt":{"rendered":"<p>Agentes policiales adscritos a la divisi\u00f3n de recuperaci\u00f3n de veh\u00edculos robados y a la divisi\u00f3n de delitos contra la propiedad (Robo) y la Polic\u00eda Preventiva de esta regional, apresaron un hombre y su compa\u00f1ero de fechor\u00edas, mediante orden de arresto en su contra, por la comisi\u00f3n de diferentes hechos delictivos. El detenido es el nombrado [&hellip;]<\/p>\n","protected":false},"author":15,"featured_media":32389,"comment_status":"open","ping_status":"open","sticky":false,"template":"","format":"standard","meta":{"footnotes":""},"categories":[35],"tags":[],"class_list":{"0":"post-32388","1":"post","2":"type-post","3":"status-publish","4":"format-standard","5":"has-post-thumbnail","7":"category-spm"},"yoast_head":"<!-- This site is optimized with the Yoast SEO plugin v27.1.1 - https:\/\/yoast.com\/product\/yoast-seo-wordpress\/ -->\n<title>PN apresa a \u201cEl Pavo\u201d por robo de motocicletas y art\u00edculos el\u00e9ctricos mediante rotura y escalamiento en SPM. - Conexi\u00f3n 23<\/title>\n<meta name=\"robots\" content=\"index, follow, max-snippet:-1, max-image-preview:large, max-video-preview:-1\" \/>\n<link rel=\"canonical\" href=\"http:\/\/conexion23.com\/?p=32388\" \/>\n<meta property=\"og:locale\" content=\"es_ES\" \/>\n<meta property=\"og:type\" content=\"article\" \/>\n<meta property=\"og:title\" content=\"PN apresa a \u201cEl Pavo\u201d por robo de motocicletas y art\u00edculos el\u00e9ctricos mediante rotura y escalamiento en SPM. - Conexi\u00f3n 23\" \/>\n<meta property=\"og:description\" content=\"Agentes policiales adscritos a la divisi\u00f3n de recuperaci\u00f3n de veh\u00edculos robados y a la divisi\u00f3n de delitos contra la propiedad (Robo) y la Polic\u00eda Preventiva de esta regional, apresaron un hombre y su compa\u00f1ero de fechor\u00edas, mediante orden de arresto en su contra, por la comisi\u00f3n de diferentes hechos delictivos. El detenido es el nombrado [&hellip;]\" \/>\n<meta property=\"og:url\" content=\"http:\/\/conexion23.com\/?p=32388\" \/>\n<meta property=\"og:site_name\" content=\"Conexi\u00f3n 23\" \/>\n<meta property=\"article:publisher\" content=\"https:\/\/www.facebook.com\/conexion23com\" \/>\n<meta property=\"article:published_time\" content=\"2024-09-06T11:56:38+00:00\" \/>\n<meta property=\"article:modified_time\" content=\"2024-09-06T11:56:39+00:00\" \/>\n<meta property=\"og:image\" content=\"http:\/\/conexion23.com\/wp-content\/uploads\/2024\/09\/kjvgkg.jpg\" \/>\n\t<meta property=\"og:image:width\" content=\"960\" \/>\n\t<meta property=\"og:image:height\" content=\"750\" \/>\n\t<meta property=\"og:image:type\" content=\"image\/jpeg\" \/>\n<meta name=\"author\" content=\"Raffy Ben\u00edtez\" \/>\n<meta name=\"twitter:card\" content=\"summary_large_image\" \/>\n<meta name=\"twitter:label1\" content=\"Escrito por\" \/>\n\t<meta name=\"twitter:data1\" content=\"Raffy Ben\u00edtez\" \/>\n\t<meta name=\"twitter:label2\" content=\"Tiempo de lectura\" \/>\n\t<meta name=\"twitter:data2\" content=\"2 minutos\" \/>\n<script type=\"application\/ld+json\" class=\"yoast-schema-graph\">{\"@context\":\"https:\/\/schema.org\",\"@graph\":[{\"@type\":\"Article\",\"@id\":\"http:\/\/conexion23.com\/?p=32388#article\",\"isPartOf\":{\"@id\":\"http:\/\/conexion23.com\/?p=32388\"},\"author\":{\"name\":\"Raffy Ben\u00edtez\",\"@id\":\"https:\/\/conexion23.com\/#\/schema\/person\/03e36043331117e97a373299bbcd30a6\"},\"headline\":\"PN apresa a \u201cEl Pavo\u201d por robo de motocicletas y art\u00edculos el\u00e9ctricos mediante rotura y escalamiento en SPM.\",\"datePublished\":\"2024-09-06T11:56:38+00:00\",\"dateModified\":\"2024-09-06T11:56:39+00:00\",\"mainEntityOfPage\":{\"@id\":\"http:\/\/conexion23.com\/?p=32388\"},\"wordCount\":271,\"commentCount\":0,\"publisher\":{\"@id\":\"https:\/\/conexion23.com\/#organization\"},\"image\":{\"@id\":\"http:\/\/conexion23.com\/?p=32388#primaryimage\"},\"thumbnailUrl\":\"https:\/\/conexion23.com\/wp-content\/uploads\/2024\/09\/kjvgkg.jpg\",\"articleSection\":[\"SPM\"],\"inLanguage\":\"es\",\"potentialAction\":[{\"@type\":\"CommentAction\",\"name\":\"Comment\",\"target\":[\"http:\/\/conexion23.com\/?p=32388#respond\"]}]},{\"@type\":\"WebPage\",\"@id\":\"http:\/\/conexion23.com\/?p=32388\",\"url\":\"http:\/\/conexion23.com\/?p=32388\",\"name\":\"PN apresa a \u201cEl Pavo\u201d por robo de motocicletas y art\u00edculos el\u00e9ctricos mediante rotura y escalamiento en SPM. - Conexi\u00f3n 23\",\"isPartOf\":{\"@id\":\"https:\/\/conexion23.com\/#website\"},\"primaryImageOfPage\":{\"@id\":\"http:\/\/conexion23.com\/?p=32388#primaryimage\"},\"image\":{\"@id\":\"http:\/\/conexion23.com\/?p=32388#primaryimage\"},\"thumbnailUrl\":\"https:\/\/conexion23.com\/wp-content\/uploads\/2024\/09\/kjvgkg.jpg\",\"datePublished\":\"2024-09-06T11:56:38+00:00\",\"dateModified\":\"2024-09-06T11:56:39+00:00\",\"breadcrumb\":{\"@id\":\"http:\/\/conexion23.com\/?p=32388#breadcrumb\"},\"inLanguage\":\"es\",\"potentialAction\":[{\"@type\":\"ReadAction\",\"target\":[\"http:\/\/conexion23.com\/?p=32388\"]}]},{\"@type\":\"ImageObject\",\"inLanguage\":\"es\",\"@id\":\"http:\/\/conexion23.com\/?p=32388#primaryimage\",\"url\":\"https:\/\/conexion23.com\/wp-content\/uploads\/2024\/09\/kjvgkg.jpg\",\"contentUrl\":\"https:\/\/conexion23.com\/wp-content\/uploads\/2024\/09\/kjvgkg.jpg\",\"width\":960,\"height\":750},{\"@type\":\"BreadcrumbList\",\"@id\":\"http:\/\/conexion23.com\/?p=32388#breadcrumb\",\"itemListElement\":[{\"@type\":\"ListItem\",\"position\":1,\"name\":\"Portada\",\"item\":\"https:\/\/conexion23.com\/\"},{\"@type\":\"ListItem\",\"position\":2,\"name\":\"PN apresa a \u201cEl Pavo\u201d por robo de motocicletas y art\u00edculos el\u00e9ctricos mediante rotura y escalamiento en SPM.\"}]},{\"@type\":\"WebSite\",\"@id\":\"https:\/\/conexion23.com\/#website\",\"url\":\"https:\/\/conexion23.com\/\",\"name\":\"Conexi\u00f3n 23\",\"description\":\"Peri\u00f3dico 100% Petromacorisano\",\"publisher\":{\"@id\":\"https:\/\/conexion23.com\/#organization\"},\"potentialAction\":[{\"@type\":\"SearchAction\",\"target\":{\"@type\":\"EntryPoint\",\"urlTemplate\":\"https:\/\/conexion23.com\/?s={search_term_string}\"},\"query-input\":{\"@type\":\"PropertyValueSpecification\",\"valueRequired\":true,\"valueName\":\"search_term_string\"}}],\"inLanguage\":\"es\"},{\"@type\":\"Organization\",\"@id\":\"https:\/\/conexion23.com\/#organization\",\"name\":\"Conexion 23\",\"url\":\"https:\/\/conexion23.com\/\",\"logo\":{\"@type\":\"ImageObject\",\"inLanguage\":\"es\",\"@id\":\"https:\/\/conexion23.com\/#\/schema\/logo\/image\/\",\"url\":\"https:\/\/conexion23.com\/wp-content\/uploads\/2021\/11\/Diseno-sin-titulo-2.png\",\"contentUrl\":\"https:\/\/conexion23.com\/wp-content\/uploads\/2021\/11\/Diseno-sin-titulo-2.png\",\"width\":541,\"height\":90,\"caption\":\"Conexion 23\"},\"image\":{\"@id\":\"https:\/\/conexion23.com\/#\/schema\/logo\/image\/\"},\"sameAs\":[\"https:\/\/www.facebook.com\/conexion23com\",\"https:\/\/www.instagram.com\/conexion23com\/\",\"https:\/\/www.youtube.com\/channel\/UCYc7vxxFZMYLIHNsHHxPZ3Q\"]},{\"@type\":\"Person\",\"@id\":\"https:\/\/conexion23.com\/#\/schema\/person\/03e36043331117e97a373299bbcd30a6\",\"name\":\"Raffy Ben\u00edtez\",\"image\":{\"@type\":\"ImageObject\",\"inLanguage\":\"es\",\"@id\":\"https:\/\/conexion23.com\/#\/schema\/person\/image\/\",\"url\":\"https:\/\/secure.gravatar.com\/avatar\/3190a6a6c5e1b0327500f7d6c56b6242472ee6cb974cf09b401ee6b3b0798f23?s=96&d=mm&r=g\",\"contentUrl\":\"https:\/\/secure.gravatar.com\/avatar\/3190a6a6c5e1b0327500f7d6c56b6242472ee6cb974cf09b401ee6b3b0798f23?s=96&d=mm&r=g\",\"caption\":\"Raffy Ben\u00edtez\"},\"url\":\"https:\/\/conexion23.com\/?author=15\"}]}<\/script>\n<!-- \/ Yoast SEO plugin. -->","yoast_head_json":{"title":"PN apresa a \u201cEl Pavo\u201d por robo de motocicletas y art\u00edculos el\u00e9ctricos mediante rotura y escalamiento en SPM. - Conexi\u00f3n 23","robots":{"index":"index","follow":"follow","max-snippet":"max-snippet:-1","max-image-preview":"max-image-preview:large","max-video-preview":"max-video-preview:-1"},"canonical":"http:\/\/conexion23.com\/?p=32388","og_locale":"es_ES","og_type":"article","og_title":"PN apresa a \u201cEl Pavo\u201d por robo de motocicletas y art\u00edculos el\u00e9ctricos mediante rotura y escalamiento en SPM. - Conexi\u00f3n 23","og_description":"Agentes policiales adscritos a la divisi\u00f3n de recuperaci\u00f3n de veh\u00edculos robados y a la divisi\u00f3n de delitos contra la propiedad (Robo) y la Polic\u00eda Preventiva de esta regional, apresaron un hombre y su compa\u00f1ero de fechor\u00edas, mediante orden de arresto en su contra, por la comisi\u00f3n de diferentes hechos delictivos. El detenido es el nombrado [&hellip;]","og_url":"http:\/\/conexion23.com\/?p=32388","og_site_name":"Conexi\u00f3n 23","article_publisher":"https:\/\/www.facebook.com\/conexion23com","article_published_time":"2024-09-06T11:56:38+00:00","article_modified_time":"2024-09-06T11:56:39+00:00","og_image":[{"width":960,"height":750,"url":"http:\/\/conexion23.com\/wp-content\/uploads\/2024\/09\/kjvgkg.jpg","type":"image\/jpeg"}],"author":"Raffy Ben\u00edtez","twitter_card":"summary_large_image","twitter_misc":{"Escrito por":"Raffy Ben\u00edtez","Tiempo de lectura":"2 minutos"},"schema":{"@context":"https:\/\/schema.org","@graph":[{"@type":"Article","@id":"http:\/\/conexion23.com\/?p=32388#article","isPartOf":{"@id":"http:\/\/conexion23.com\/?p=32388"},"author":{"name":"Raffy Ben\u00edtez","@id":"https:\/\/conexion23.com\/#\/schema\/person\/03e36043331117e97a373299bbcd30a6"},"headline":"PN apresa a \u201cEl Pavo\u201d por robo de motocicletas y art\u00edculos el\u00e9ctricos mediante rotura y escalamiento en SPM.","datePublished":"2024-09-06T11:56:38+00:00","dateModified":"2024-09-06T11:56:39+00:00","mainEntityOfPage":{"@id":"http:\/\/conexion23.com\/?p=32388"},"wordCount":271,"commentCount":0,"publisher":{"@id":"https:\/\/conexion23.com\/#organization"},"image":{"@id":"http:\/\/conexion23.com\/?p=32388#primaryimage"},"thumbnailUrl":"https:\/\/conexion23.com\/wp-content\/uploads\/2024\/09\/kjvgkg.jpg","articleSection":["SPM"],"inLanguage":"es","potentialAction":[{"@type":"CommentAction","name":"Comment","target":["http:\/\/conexion23.com\/?p=32388#respond"]}]},{"@type":"WebPage","@id":"http:\/\/conexion23.com\/?p=32388","url":"http:\/\/conexion23.com\/?p=32388","name":"PN apresa a \u201cEl Pavo\u201d por robo de motocicletas y art\u00edculos el\u00e9ctricos mediante rotura y escalamiento en SPM. - Conexi\u00f3n 23","isPartOf":{"@id":"https:\/\/conexion23.com\/#website"},"primaryImageOfPage":{"@id":"http:\/\/conexion23.com\/?p=32388#primaryimage"},"image":{"@id":"http:\/\/conexion23.com\/?p=32388#primaryimage"},"thumbnailUrl":"https:\/\/conexion23.com\/wp-content\/uploads\/2024\/09\/kjvgkg.jpg","datePublished":"2024-09-06T11:56:38+00:00","dateModified":"2024-09-06T11:56:39+00:00","breadcrumb":{"@id":"http:\/\/conexion23.com\/?p=32388#breadcrumb"},"inLanguage":"es","potentialAction":[{"@type":"ReadAction","target":["http:\/\/conexion23.com\/?p=32388"]}]},{"@type":"ImageObject","inLanguage":"es","@id":"http:\/\/conexion23.com\/?p=32388#primaryimage","url":"https:\/\/conexion23.com\/wp-content\/uploads\/2024\/09\/kjvgkg.jpg","contentUrl":"https:\/\/conexion23.com\/wp-content\/uploads\/2024\/09\/kjvgkg.jpg","width":960,"height":750},{"@type":"BreadcrumbList","@id":"http:\/\/conexion23.com\/?p=32388#breadcrumb","itemListElement":[{"@type":"ListItem","position":1,"name":"Portada","item":"https:\/\/conexion23.com\/"},{"@type":"ListItem","position":2,"name":"PN apresa a \u201cEl Pavo\u201d por robo de motocicletas y art\u00edculos el\u00e9ctricos mediante rotura y escalamiento en SPM."}]},{"@type":"WebSite","@id":"https:\/\/conexion23.com\/#website","url":"https:\/\/conexion23.com\/","name":"Conexi\u00f3n 23","description":"Peri\u00f3dico 100% Petromacorisano","publisher":{"@id":"https:\/\/conexion23.com\/#organization"},"potentialAction":[{"@type":"SearchAction","target":{"@type":"EntryPoint","urlTemplate":"https:\/\/conexion23.com\/?s={search_term_string}"},"query-input":{"@type":"PropertyValueSpecification","valueRequired":true,"valueName":"search_term_string"}}],"inLanguage":"es"},{"@type":"Organization","@id":"https:\/\/conexion23.com\/#organization","name":"Conexion 23","url":"https:\/\/conexion23.com\/","logo":{"@type":"ImageObject","inLanguage":"es","@id":"https:\/\/conexion23.com\/#\/schema\/logo\/image\/","url":"https:\/\/conexion23.com\/wp-content\/uploads\/2021\/11\/Diseno-sin-titulo-2.png","contentUrl":"https:\/\/conexion23.com\/wp-content\/uploads\/2021\/11\/Diseno-sin-titulo-2.png","width":541,"height":90,"caption":"Conexion 23"},"image":{"@id":"https:\/\/conexion23.com\/#\/schema\/logo\/image\/"},"sameAs":["https:\/\/www.facebook.com\/conexion23com","https:\/\/www.instagram.com\/conexion23com\/","https:\/\/www.youtube.com\/channel\/UCYc7vxxFZMYLIHNsHHxPZ3Q"]},{"@type":"Person","@id":"https:\/\/conexion23.com\/#\/schema\/person\/03e36043331117e97a373299bbcd30a6","name":"Raffy Ben\u00edtez","image":{"@type":"ImageObject","inLanguage":"es","@id":"https:\/\/conexion23.com\/#\/schema\/person\/image\/","url":"https:\/\/secure.gravatar.com\/avatar\/3190a6a6c5e1b0327500f7d6c56b6242472ee6cb974cf09b401ee6b3b0798f23?s=96&d=mm&r=g","contentUrl":"https:\/\/secure.gravatar.com\/avatar\/3190a6a6c5e1b0327500f7d6c56b6242472ee6cb974cf09b401ee6b3b0798f23?s=96&d=mm&r=g","caption":"Raffy Ben\u00edtez"},"url":"https:\/\/conexion23.com\/?author=15"}]}},"_links":{"self":[{"href":"https:\/\/conexion23.com\/index.php?rest_route=\/wp\/v2\/posts\/32388","targetHints":{"allow":["GET"]}}],"collection":[{"href":"https:\/\/conexion23.com\/index.php?rest_route=\/wp\/v2\/posts"}],"about":[{"href":"https:\/\/conexion23.com\/index.php?rest_route=\/wp\/v2\/types\/post"}],"author":[{"embeddable":true,"href":"https:\/\/conexion23.com\/index.php?rest_route=\/wp\/v2\/users\/15"}],"replies":[{"embeddable":true,"href":"https:\/\/conexion23.com\/index.php?rest_route=%2Fwp%2Fv2%2Fcomments&post=32388"}],"version-history":[{"count":1,"href":"https:\/\/conexion23.com\/index.php?rest_route=\/wp\/v2\/posts\/32388\/revisions"}],"predecessor-version":[{"id":32390,"href":"https:\/\/conexion23.com\/index.php?rest_route=\/wp\/v2\/posts\/32388\/revisions\/32390"}],"wp:featuredmedia":[{"embeddable":true,"href":"https:\/\/conexion23.com\/index.php?rest_route=\/wp\/v2\/media\/32389"}],"wp:attachment":[{"href":"https:\/\/conexion23.com\/index.php?rest_route=%2Fwp%2Fv2%2Fmedia&parent=32388"}],"wp:term":[{"taxonomy":"category","embeddable":true,"href":"https:\/\/conexion23.com\/index.php?rest_route=%2Fwp%2Fv2%2Fcategories&post=32388"},{"taxonomy":"post_tag","embeddable":true,"href":"https:\/\/conexion23.com\/index.php?rest_route=%2Fwp%2Fv2%2Ftags&post=32388"}],"curies":[{"name":"wp","href":"https:\/\/api.w.org\/{rel}","templated":true}]}}