{"id":32404,"date":"2024-09-06T08:24:00","date_gmt":"2024-09-06T12:24:00","guid":{"rendered":"https:\/\/conexion23.com\/?p=32404"},"modified":"2024-09-06T08:24:02","modified_gmt":"2024-09-06T12:24:02","slug":"mas-de-una-tonelada-de-drogas-incinerada-la-mayoria-decomisada-en-la-altagracia","status":"publish","type":"post","link":"https:\/\/conexion23.com\/?p=32404","title":{"rendered":"M\u00e1s de una tonelada de drogas incinerada, la mayor\u00eda decomisada en la Altagracia."},"content":{"rendered":"\n<p>M\u00e1s de una tonelada de distintas drogas, principalmente coca\u00edna, fue incinerada este jueves por el Instituto Nacional de Ciencias Forenses.<\/p>\n\n\n\n<p>Entre los narc\u00f3ticos destruidos figura un importante cargamento de coca\u00edna decomisado en la provincia La Altagracia.<\/p>\n\n\n\n<p>El informe detalla que formaban parte de casos de coca\u00edna 1,177.236 kilogramos, para un 97.35%, y de marihuana 30.903 kilogramos, para un 2.56%, en tanto que de crack 1.095 kilogramos, con un 0.905%, y de \u00e9xtasis 67 gramos, equivalentes a un 0.0055%, para un total de 1,209.300 kilogramos.<\/p>\n\n\n\n<p>Adem\u00e1s, fueron incinerados otros 282 gramos de otras sustancias que se determin\u00f3 en los an\u00e1lisis que no correspond\u00edan a drogas.<\/p>\n\n\n\n<p>La mayor cantidad fue ocupada en La Altagracia con un mill\u00f3n 49 mil 524.215 kilogramos, seguido de Santo Domingo con 115,629.053 kilogramos.<\/p>\n\n\n\n<p>Tambi\u00e9n, otros operativos donde se realizaron incautaciones recientemente se llevaron a cabo en el Distrito Nacional, Peravia, San Crist\u00f3bal, Santiago, San Juan, El Seibo, San Pedro de Macor\u00eds, Barahona y Puerto Plata, entre otras localidades.<\/p>\n","protected":false},"excerpt":{"rendered":"<p>M\u00e1s de una tonelada de distintas drogas, principalmente coca\u00edna, fue incinerada este jueves por el Instituto Nacional de Ciencias Forenses. Entre los narc\u00f3ticos destruidos figura un importante cargamento de coca\u00edna decomisado en la provincia La Altagracia. El informe detalla que formaban parte de casos de coca\u00edna 1,177.236 kilogramos, para un 97.35%, y de marihuana 30.903 [&hellip;]<\/p>\n","protected":false},"author":15,"featured_media":32405,"comment_status":"open","ping_status":"open","sticky":false,"template":"","format":"standard","meta":{"footnotes":""},"categories":[2474],"tags":[],"class_list":{"0":"post-32404","1":"post","2":"type-post","3":"status-publish","4":"format-standard","5":"has-post-thumbnail","7":"category-la-altagracia"},"yoast_head":"<!-- This site is optimized with the Yoast SEO plugin v27.1.1 - https:\/\/yoast.com\/product\/yoast-seo-wordpress\/ -->\n<title>M\u00e1s de una tonelada de drogas incinerada, la mayor\u00eda decomisada en la Altagracia. - Conexi\u00f3n 23<\/title>\n<meta name=\"robots\" content=\"index, follow, max-snippet:-1, max-image-preview:large, max-video-preview:-1\" \/>\n<link rel=\"canonical\" href=\"http:\/\/conexion23.com\/?p=32404\" \/>\n<meta property=\"og:locale\" content=\"es_ES\" \/>\n<meta property=\"og:type\" content=\"article\" \/>\n<meta property=\"og:title\" content=\"M\u00e1s de una tonelada de drogas incinerada, la mayor\u00eda decomisada en la Altagracia. - Conexi\u00f3n 23\" \/>\n<meta property=\"og:description\" content=\"M\u00e1s de una tonelada de distintas drogas, principalmente coca\u00edna, fue incinerada este jueves por el Instituto Nacional de Ciencias Forenses. Entre los narc\u00f3ticos destruidos figura un importante cargamento de coca\u00edna decomisado en la provincia La Altagracia. El informe detalla que formaban parte de casos de coca\u00edna 1,177.236 kilogramos, para un 97.35%, y de marihuana 30.903 [&hellip;]\" \/>\n<meta property=\"og:url\" content=\"http:\/\/conexion23.com\/?p=32404\" \/>\n<meta property=\"og:site_name\" content=\"Conexi\u00f3n 23\" \/>\n<meta property=\"article:publisher\" content=\"https:\/\/www.facebook.com\/conexion23com\" \/>\n<meta property=\"article:published_time\" content=\"2024-09-06T12:24:00+00:00\" \/>\n<meta property=\"article:modified_time\" content=\"2024-09-06T12:24:02+00:00\" \/>\n<meta property=\"og:image\" content=\"http:\/\/conexion23.com\/wp-content\/uploads\/2024\/09\/IMG-20240905-WA0024.jpg\" \/>\n\t<meta property=\"og:image:width\" content=\"948\" \/>\n\t<meta property=\"og:image:height\" content=\"575\" \/>\n\t<meta property=\"og:image:type\" content=\"image\/jpeg\" \/>\n<meta name=\"author\" content=\"Raffy Ben\u00edtez\" \/>\n<meta name=\"twitter:card\" content=\"summary_large_image\" \/>\n<meta name=\"twitter:label1\" content=\"Escrito por\" \/>\n\t<meta name=\"twitter:data1\" content=\"Raffy Ben\u00edtez\" \/>\n\t<meta name=\"twitter:label2\" content=\"Tiempo de lectura\" \/>\n\t<meta name=\"twitter:data2\" content=\"1 minuto\" \/>\n<script type=\"application\/ld+json\" class=\"yoast-schema-graph\">{\"@context\":\"https:\/\/schema.org\",\"@graph\":[{\"@type\":\"Article\",\"@id\":\"http:\/\/conexion23.com\/?p=32404#article\",\"isPartOf\":{\"@id\":\"http:\/\/conexion23.com\/?p=32404\"},\"author\":{\"name\":\"Raffy Ben\u00edtez\",\"@id\":\"https:\/\/conexion23.com\/#\/schema\/person\/03e36043331117e97a373299bbcd30a6\"},\"headline\":\"M\u00e1s de una tonelada de drogas incinerada, la mayor\u00eda decomisada en la Altagracia.\",\"datePublished\":\"2024-09-06T12:24:00+00:00\",\"dateModified\":\"2024-09-06T12:24:02+00:00\",\"mainEntityOfPage\":{\"@id\":\"http:\/\/conexion23.com\/?p=32404\"},\"wordCount\":175,\"commentCount\":0,\"publisher\":{\"@id\":\"https:\/\/conexion23.com\/#organization\"},\"image\":{\"@id\":\"http:\/\/conexion23.com\/?p=32404#primaryimage\"},\"thumbnailUrl\":\"https:\/\/conexion23.com\/wp-content\/uploads\/2024\/09\/IMG-20240905-WA0024.jpg\",\"articleSection\":[\"La Altagracia\"],\"inLanguage\":\"es\",\"potentialAction\":[{\"@type\":\"CommentAction\",\"name\":\"Comment\",\"target\":[\"http:\/\/conexion23.com\/?p=32404#respond\"]}]},{\"@type\":\"WebPage\",\"@id\":\"http:\/\/conexion23.com\/?p=32404\",\"url\":\"http:\/\/conexion23.com\/?p=32404\",\"name\":\"M\u00e1s de una tonelada de drogas incinerada, la mayor\u00eda decomisada en la Altagracia. - Conexi\u00f3n 23\",\"isPartOf\":{\"@id\":\"https:\/\/conexion23.com\/#website\"},\"primaryImageOfPage\":{\"@id\":\"http:\/\/conexion23.com\/?p=32404#primaryimage\"},\"image\":{\"@id\":\"http:\/\/conexion23.com\/?p=32404#primaryimage\"},\"thumbnailUrl\":\"https:\/\/conexion23.com\/wp-content\/uploads\/2024\/09\/IMG-20240905-WA0024.jpg\",\"datePublished\":\"2024-09-06T12:24:00+00:00\",\"dateModified\":\"2024-09-06T12:24:02+00:00\",\"breadcrumb\":{\"@id\":\"http:\/\/conexion23.com\/?p=32404#breadcrumb\"},\"inLanguage\":\"es\",\"potentialAction\":[{\"@type\":\"ReadAction\",\"target\":[\"http:\/\/conexion23.com\/?p=32404\"]}]},{\"@type\":\"ImageObject\",\"inLanguage\":\"es\",\"@id\":\"http:\/\/conexion23.com\/?p=32404#primaryimage\",\"url\":\"https:\/\/conexion23.com\/wp-content\/uploads\/2024\/09\/IMG-20240905-WA0024.jpg\",\"contentUrl\":\"https:\/\/conexion23.com\/wp-content\/uploads\/2024\/09\/IMG-20240905-WA0024.jpg\",\"width\":948,\"height\":575},{\"@type\":\"BreadcrumbList\",\"@id\":\"http:\/\/conexion23.com\/?p=32404#breadcrumb\",\"itemListElement\":[{\"@type\":\"ListItem\",\"position\":1,\"name\":\"Portada\",\"item\":\"https:\/\/conexion23.com\/\"},{\"@type\":\"ListItem\",\"position\":2,\"name\":\"M\u00e1s de una tonelada de drogas incinerada, la mayor\u00eda decomisada en la Altagracia.\"}]},{\"@type\":\"WebSite\",\"@id\":\"https:\/\/conexion23.com\/#website\",\"url\":\"https:\/\/conexion23.com\/\",\"name\":\"Conexi\u00f3n 23\",\"description\":\"Peri\u00f3dico 100% Petromacorisano\",\"publisher\":{\"@id\":\"https:\/\/conexion23.com\/#organization\"},\"potentialAction\":[{\"@type\":\"SearchAction\",\"target\":{\"@type\":\"EntryPoint\",\"urlTemplate\":\"https:\/\/conexion23.com\/?s={search_term_string}\"},\"query-input\":{\"@type\":\"PropertyValueSpecification\",\"valueRequired\":true,\"valueName\":\"search_term_string\"}}],\"inLanguage\":\"es\"},{\"@type\":\"Organization\",\"@id\":\"https:\/\/conexion23.com\/#organization\",\"name\":\"Conexion 23\",\"url\":\"https:\/\/conexion23.com\/\",\"logo\":{\"@type\":\"ImageObject\",\"inLanguage\":\"es\",\"@id\":\"https:\/\/conexion23.com\/#\/schema\/logo\/image\/\",\"url\":\"https:\/\/conexion23.com\/wp-content\/uploads\/2021\/11\/Diseno-sin-titulo-2.png\",\"contentUrl\":\"https:\/\/conexion23.com\/wp-content\/uploads\/2021\/11\/Diseno-sin-titulo-2.png\",\"width\":541,\"height\":90,\"caption\":\"Conexion 23\"},\"image\":{\"@id\":\"https:\/\/conexion23.com\/#\/schema\/logo\/image\/\"},\"sameAs\":[\"https:\/\/www.facebook.com\/conexion23com\",\"https:\/\/www.instagram.com\/conexion23com\/\",\"https:\/\/www.youtube.com\/channel\/UCYc7vxxFZMYLIHNsHHxPZ3Q\"]},{\"@type\":\"Person\",\"@id\":\"https:\/\/conexion23.com\/#\/schema\/person\/03e36043331117e97a373299bbcd30a6\",\"name\":\"Raffy Ben\u00edtez\",\"image\":{\"@type\":\"ImageObject\",\"inLanguage\":\"es\",\"@id\":\"https:\/\/conexion23.com\/#\/schema\/person\/image\/\",\"url\":\"https:\/\/secure.gravatar.com\/avatar\/3190a6a6c5e1b0327500f7d6c56b6242472ee6cb974cf09b401ee6b3b0798f23?s=96&d=mm&r=g\",\"contentUrl\":\"https:\/\/secure.gravatar.com\/avatar\/3190a6a6c5e1b0327500f7d6c56b6242472ee6cb974cf09b401ee6b3b0798f23?s=96&d=mm&r=g\",\"caption\":\"Raffy Ben\u00edtez\"},\"url\":\"https:\/\/conexion23.com\/?author=15\"}]}<\/script>\n<!-- \/ Yoast SEO plugin. -->","yoast_head_json":{"title":"M\u00e1s de una tonelada de drogas incinerada, la mayor\u00eda decomisada en la Altagracia. - Conexi\u00f3n 23","robots":{"index":"index","follow":"follow","max-snippet":"max-snippet:-1","max-image-preview":"max-image-preview:large","max-video-preview":"max-video-preview:-1"},"canonical":"http:\/\/conexion23.com\/?p=32404","og_locale":"es_ES","og_type":"article","og_title":"M\u00e1s de una tonelada de drogas incinerada, la mayor\u00eda decomisada en la Altagracia. - Conexi\u00f3n 23","og_description":"M\u00e1s de una tonelada de distintas drogas, principalmente coca\u00edna, fue incinerada este jueves por el Instituto Nacional de Ciencias Forenses. Entre los narc\u00f3ticos destruidos figura un importante cargamento de coca\u00edna decomisado en la provincia La Altagracia. El informe detalla que formaban parte de casos de coca\u00edna 1,177.236 kilogramos, para un 97.35%, y de marihuana 30.903 [&hellip;]","og_url":"http:\/\/conexion23.com\/?p=32404","og_site_name":"Conexi\u00f3n 23","article_publisher":"https:\/\/www.facebook.com\/conexion23com","article_published_time":"2024-09-06T12:24:00+00:00","article_modified_time":"2024-09-06T12:24:02+00:00","og_image":[{"width":948,"height":575,"url":"http:\/\/conexion23.com\/wp-content\/uploads\/2024\/09\/IMG-20240905-WA0024.jpg","type":"image\/jpeg"}],"author":"Raffy Ben\u00edtez","twitter_card":"summary_large_image","twitter_misc":{"Escrito por":"Raffy Ben\u00edtez","Tiempo de lectura":"1 minuto"},"schema":{"@context":"https:\/\/schema.org","@graph":[{"@type":"Article","@id":"http:\/\/conexion23.com\/?p=32404#article","isPartOf":{"@id":"http:\/\/conexion23.com\/?p=32404"},"author":{"name":"Raffy Ben\u00edtez","@id":"https:\/\/conexion23.com\/#\/schema\/person\/03e36043331117e97a373299bbcd30a6"},"headline":"M\u00e1s de una tonelada de drogas incinerada, la mayor\u00eda decomisada en la Altagracia.","datePublished":"2024-09-06T12:24:00+00:00","dateModified":"2024-09-06T12:24:02+00:00","mainEntityOfPage":{"@id":"http:\/\/conexion23.com\/?p=32404"},"wordCount":175,"commentCount":0,"publisher":{"@id":"https:\/\/conexion23.com\/#organization"},"image":{"@id":"http:\/\/conexion23.com\/?p=32404#primaryimage"},"thumbnailUrl":"https:\/\/conexion23.com\/wp-content\/uploads\/2024\/09\/IMG-20240905-WA0024.jpg","articleSection":["La Altagracia"],"inLanguage":"es","potentialAction":[{"@type":"CommentAction","name":"Comment","target":["http:\/\/conexion23.com\/?p=32404#respond"]}]},{"@type":"WebPage","@id":"http:\/\/conexion23.com\/?p=32404","url":"http:\/\/conexion23.com\/?p=32404","name":"M\u00e1s de una tonelada de drogas incinerada, la mayor\u00eda decomisada en la Altagracia. - Conexi\u00f3n 23","isPartOf":{"@id":"https:\/\/conexion23.com\/#website"},"primaryImageOfPage":{"@id":"http:\/\/conexion23.com\/?p=32404#primaryimage"},"image":{"@id":"http:\/\/conexion23.com\/?p=32404#primaryimage"},"thumbnailUrl":"https:\/\/conexion23.com\/wp-content\/uploads\/2024\/09\/IMG-20240905-WA0024.jpg","datePublished":"2024-09-06T12:24:00+00:00","dateModified":"2024-09-06T12:24:02+00:00","breadcrumb":{"@id":"http:\/\/conexion23.com\/?p=32404#breadcrumb"},"inLanguage":"es","potentialAction":[{"@type":"ReadAction","target":["http:\/\/conexion23.com\/?p=32404"]}]},{"@type":"ImageObject","inLanguage":"es","@id":"http:\/\/conexion23.com\/?p=32404#primaryimage","url":"https:\/\/conexion23.com\/wp-content\/uploads\/2024\/09\/IMG-20240905-WA0024.jpg","contentUrl":"https:\/\/conexion23.com\/wp-content\/uploads\/2024\/09\/IMG-20240905-WA0024.jpg","width":948,"height":575},{"@type":"BreadcrumbList","@id":"http:\/\/conexion23.com\/?p=32404#breadcrumb","itemListElement":[{"@type":"ListItem","position":1,"name":"Portada","item":"https:\/\/conexion23.com\/"},{"@type":"ListItem","position":2,"name":"M\u00e1s de una tonelada de drogas incinerada, la mayor\u00eda decomisada en la Altagracia."}]},{"@type":"WebSite","@id":"https:\/\/conexion23.com\/#website","url":"https:\/\/conexion23.com\/","name":"Conexi\u00f3n 23","description":"Peri\u00f3dico 100% Petromacorisano","publisher":{"@id":"https:\/\/conexion23.com\/#organization"},"potentialAction":[{"@type":"SearchAction","target":{"@type":"EntryPoint","urlTemplate":"https:\/\/conexion23.com\/?s={search_term_string}"},"query-input":{"@type":"PropertyValueSpecification","valueRequired":true,"valueName":"search_term_string"}}],"inLanguage":"es"},{"@type":"Organization","@id":"https:\/\/conexion23.com\/#organization","name":"Conexion 23","url":"https:\/\/conexion23.com\/","logo":{"@type":"ImageObject","inLanguage":"es","@id":"https:\/\/conexion23.com\/#\/schema\/logo\/image\/","url":"https:\/\/conexion23.com\/wp-content\/uploads\/2021\/11\/Diseno-sin-titulo-2.png","contentUrl":"https:\/\/conexion23.com\/wp-content\/uploads\/2021\/11\/Diseno-sin-titulo-2.png","width":541,"height":90,"caption":"Conexion 23"},"image":{"@id":"https:\/\/conexion23.com\/#\/schema\/logo\/image\/"},"sameAs":["https:\/\/www.facebook.com\/conexion23com","https:\/\/www.instagram.com\/conexion23com\/","https:\/\/www.youtube.com\/channel\/UCYc7vxxFZMYLIHNsHHxPZ3Q"]},{"@type":"Person","@id":"https:\/\/conexion23.com\/#\/schema\/person\/03e36043331117e97a373299bbcd30a6","name":"Raffy Ben\u00edtez","image":{"@type":"ImageObject","inLanguage":"es","@id":"https:\/\/conexion23.com\/#\/schema\/person\/image\/","url":"https:\/\/secure.gravatar.com\/avatar\/3190a6a6c5e1b0327500f7d6c56b6242472ee6cb974cf09b401ee6b3b0798f23?s=96&d=mm&r=g","contentUrl":"https:\/\/secure.gravatar.com\/avatar\/3190a6a6c5e1b0327500f7d6c56b6242472ee6cb974cf09b401ee6b3b0798f23?s=96&d=mm&r=g","caption":"Raffy Ben\u00edtez"},"url":"https:\/\/conexion23.com\/?author=15"}]}},"_links":{"self":[{"href":"https:\/\/conexion23.com\/index.php?rest_route=\/wp\/v2\/posts\/32404","targetHints":{"allow":["GET"]}}],"collection":[{"href":"https:\/\/conexion23.com\/index.php?rest_route=\/wp\/v2\/posts"}],"about":[{"href":"https:\/\/conexion23.com\/index.php?rest_route=\/wp\/v2\/types\/post"}],"author":[{"embeddable":true,"href":"https:\/\/conexion23.com\/index.php?rest_route=\/wp\/v2\/users\/15"}],"replies":[{"embeddable":true,"href":"https:\/\/conexion23.com\/index.php?rest_route=%2Fwp%2Fv2%2Fcomments&post=32404"}],"version-history":[{"count":1,"href":"https:\/\/conexion23.com\/index.php?rest_route=\/wp\/v2\/posts\/32404\/revisions"}],"predecessor-version":[{"id":32406,"href":"https:\/\/conexion23.com\/index.php?rest_route=\/wp\/v2\/posts\/32404\/revisions\/32406"}],"wp:featuredmedia":[{"embeddable":true,"href":"https:\/\/conexion23.com\/index.php?rest_route=\/wp\/v2\/media\/32405"}],"wp:attachment":[{"href":"https:\/\/conexion23.com\/index.php?rest_route=%2Fwp%2Fv2%2Fmedia&parent=32404"}],"wp:term":[{"taxonomy":"category","embeddable":true,"href":"https:\/\/conexion23.com\/index.php?rest_route=%2Fwp%2Fv2%2Fcategories&post=32404"},{"taxonomy":"post_tag","embeddable":true,"href":"https:\/\/conexion23.com\/index.php?rest_route=%2Fwp%2Fv2%2Ftags&post=32404"}],"curies":[{"name":"wp","href":"https:\/\/api.w.org\/{rel}","templated":true}]}}