{"id":32408,"date":"2024-09-07T07:49:12","date_gmt":"2024-09-07T11:49:12","guid":{"rendered":"https:\/\/conexion23.com\/?p=32408"},"modified":"2024-09-07T07:49:14","modified_gmt":"2024-09-07T11:49:14","slug":"walky-cuevas-se-declara-inocente-durante-su-comparecencia-en-el-palacio-de-justicia-de-san-pedro-de-macoris","status":"publish","type":"post","link":"https:\/\/conexion23.com\/?p=32408","title":{"rendered":"\u00abWalky Cuevas se Declara Inocente Durante su Comparecencia en el Palacio de Justicia de San Pedro de Macor\u00eds\u00bb"},"content":{"rendered":"\n<p>El regidor Walky Cuevas fue trasladado al Palacio de Justicia de San Pedro de Macor\u00eds en el d\u00eda de hoy. Cuevas, quien enfrenta acusaciones por parte del Ministerio P\u00fablico, se declar\u00f3 inocente de todos los cargos en su contra.<\/p>\n\n\n\n<p>Durante su comparecencia, el regidor rechaz\u00f3 las acusaciones y manifest\u00f3 su intenci\u00f3n de demostrar su inocencia ante la justicia. El caso sigue bajo investigaci\u00f3n mientras se llevan a cabo los procedimientos legales correspondientes.<\/p>\n","protected":false},"excerpt":{"rendered":"<p>El regidor Walky Cuevas fue trasladado al Palacio de Justicia de San Pedro de Macor\u00eds en el d\u00eda de hoy. Cuevas, quien enfrenta acusaciones por parte del Ministerio P\u00fablico, se declar\u00f3 inocente de todos los cargos en su contra. Durante su comparecencia, el regidor rechaz\u00f3 las acusaciones y manifest\u00f3 su intenci\u00f3n de demostrar su inocencia [&hellip;]<\/p>\n","protected":false},"author":15,"featured_media":32409,"comment_status":"open","ping_status":"open","sticky":false,"template":"","format":"standard","meta":{"footnotes":""},"categories":[35],"tags":[],"class_list":{"0":"post-32408","1":"post","2":"type-post","3":"status-publish","4":"format-standard","5":"has-post-thumbnail","7":"category-spm"},"yoast_head":"<!-- This site is optimized with the Yoast SEO plugin v27.1.1 - https:\/\/yoast.com\/product\/yoast-seo-wordpress\/ -->\n<title>&quot;Walky Cuevas se Declara Inocente Durante su Comparecencia en el Palacio de Justicia de San Pedro de Macor\u00eds&quot; - Conexi\u00f3n 23<\/title>\n<meta name=\"robots\" content=\"index, follow, max-snippet:-1, max-image-preview:large, max-video-preview:-1\" \/>\n<link rel=\"canonical\" href=\"http:\/\/conexion23.com\/?p=32408\" \/>\n<meta property=\"og:locale\" content=\"es_ES\" \/>\n<meta property=\"og:type\" content=\"article\" \/>\n<meta property=\"og:title\" content=\"&quot;Walky Cuevas se Declara Inocente Durante su Comparecencia en el Palacio de Justicia de San Pedro de Macor\u00eds&quot; - Conexi\u00f3n 23\" \/>\n<meta property=\"og:description\" content=\"El regidor Walky Cuevas fue trasladado al Palacio de Justicia de San Pedro de Macor\u00eds en el d\u00eda de hoy. Cuevas, quien enfrenta acusaciones por parte del Ministerio P\u00fablico, se declar\u00f3 inocente de todos los cargos en su contra. Durante su comparecencia, el regidor rechaz\u00f3 las acusaciones y manifest\u00f3 su intenci\u00f3n de demostrar su inocencia [&hellip;]\" \/>\n<meta property=\"og:url\" content=\"http:\/\/conexion23.com\/?p=32408\" \/>\n<meta property=\"og:site_name\" content=\"Conexi\u00f3n 23\" \/>\n<meta property=\"article:publisher\" content=\"https:\/\/www.facebook.com\/conexion23com\" \/>\n<meta property=\"article:published_time\" content=\"2024-09-07T11:49:12+00:00\" \/>\n<meta property=\"article:modified_time\" content=\"2024-09-07T11:49:14+00:00\" \/>\n<meta property=\"og:image\" content=\"http:\/\/conexion23.com\/wp-content\/uploads\/2024\/09\/download-2.jpg\" \/>\n\t<meta property=\"og:image:width\" content=\"300\" \/>\n\t<meta property=\"og:image:height\" content=\"138\" \/>\n\t<meta property=\"og:image:type\" content=\"image\/jpeg\" \/>\n<meta name=\"author\" content=\"Raffy Ben\u00edtez\" \/>\n<meta name=\"twitter:card\" content=\"summary_large_image\" \/>\n<meta name=\"twitter:label1\" content=\"Escrito por\" \/>\n\t<meta name=\"twitter:data1\" content=\"Raffy Ben\u00edtez\" \/>\n\t<meta name=\"twitter:label2\" content=\"Tiempo de lectura\" \/>\n\t<meta name=\"twitter:data2\" content=\"1 minuto\" \/>\n<script type=\"application\/ld+json\" class=\"yoast-schema-graph\">{\"@context\":\"https:\/\/schema.org\",\"@graph\":[{\"@type\":\"Article\",\"@id\":\"http:\/\/conexion23.com\/?p=32408#article\",\"isPartOf\":{\"@id\":\"http:\/\/conexion23.com\/?p=32408\"},\"author\":{\"name\":\"Raffy Ben\u00edtez\",\"@id\":\"https:\/\/conexion23.com\/#\/schema\/person\/03e36043331117e97a373299bbcd30a6\"},\"headline\":\"\u00abWalky Cuevas se Declara Inocente Durante su Comparecencia en el Palacio de Justicia de San Pedro de Macor\u00eds\u00bb\",\"datePublished\":\"2024-09-07T11:49:12+00:00\",\"dateModified\":\"2024-09-07T11:49:14+00:00\",\"mainEntityOfPage\":{\"@id\":\"http:\/\/conexion23.com\/?p=32408\"},\"wordCount\":96,\"commentCount\":0,\"publisher\":{\"@id\":\"https:\/\/conexion23.com\/#organization\"},\"image\":{\"@id\":\"http:\/\/conexion23.com\/?p=32408#primaryimage\"},\"thumbnailUrl\":\"https:\/\/conexion23.com\/wp-content\/uploads\/2024\/09\/download-2.jpg\",\"articleSection\":[\"SPM\"],\"inLanguage\":\"es\",\"potentialAction\":[{\"@type\":\"CommentAction\",\"name\":\"Comment\",\"target\":[\"http:\/\/conexion23.com\/?p=32408#respond\"]}]},{\"@type\":\"WebPage\",\"@id\":\"http:\/\/conexion23.com\/?p=32408\",\"url\":\"http:\/\/conexion23.com\/?p=32408\",\"name\":\"\\\"Walky Cuevas se Declara Inocente Durante su Comparecencia en el Palacio de Justicia de San Pedro de Macor\u00eds\\\" - Conexi\u00f3n 23\",\"isPartOf\":{\"@id\":\"https:\/\/conexion23.com\/#website\"},\"primaryImageOfPage\":{\"@id\":\"http:\/\/conexion23.com\/?p=32408#primaryimage\"},\"image\":{\"@id\":\"http:\/\/conexion23.com\/?p=32408#primaryimage\"},\"thumbnailUrl\":\"https:\/\/conexion23.com\/wp-content\/uploads\/2024\/09\/download-2.jpg\",\"datePublished\":\"2024-09-07T11:49:12+00:00\",\"dateModified\":\"2024-09-07T11:49:14+00:00\",\"breadcrumb\":{\"@id\":\"http:\/\/conexion23.com\/?p=32408#breadcrumb\"},\"inLanguage\":\"es\",\"potentialAction\":[{\"@type\":\"ReadAction\",\"target\":[\"http:\/\/conexion23.com\/?p=32408\"]}]},{\"@type\":\"ImageObject\",\"inLanguage\":\"es\",\"@id\":\"http:\/\/conexion23.com\/?p=32408#primaryimage\",\"url\":\"https:\/\/conexion23.com\/wp-content\/uploads\/2024\/09\/download-2.jpg\",\"contentUrl\":\"https:\/\/conexion23.com\/wp-content\/uploads\/2024\/09\/download-2.jpg\",\"width\":300,\"height\":138},{\"@type\":\"BreadcrumbList\",\"@id\":\"http:\/\/conexion23.com\/?p=32408#breadcrumb\",\"itemListElement\":[{\"@type\":\"ListItem\",\"position\":1,\"name\":\"Portada\",\"item\":\"https:\/\/conexion23.com\/\"},{\"@type\":\"ListItem\",\"position\":2,\"name\":\"\u00abWalky Cuevas se Declara Inocente Durante su Comparecencia en el Palacio de Justicia de San Pedro de Macor\u00eds\u00bb\"}]},{\"@type\":\"WebSite\",\"@id\":\"https:\/\/conexion23.com\/#website\",\"url\":\"https:\/\/conexion23.com\/\",\"name\":\"Conexi\u00f3n 23\",\"description\":\"Peri\u00f3dico 100% Petromacorisano\",\"publisher\":{\"@id\":\"https:\/\/conexion23.com\/#organization\"},\"potentialAction\":[{\"@type\":\"SearchAction\",\"target\":{\"@type\":\"EntryPoint\",\"urlTemplate\":\"https:\/\/conexion23.com\/?s={search_term_string}\"},\"query-input\":{\"@type\":\"PropertyValueSpecification\",\"valueRequired\":true,\"valueName\":\"search_term_string\"}}],\"inLanguage\":\"es\"},{\"@type\":\"Organization\",\"@id\":\"https:\/\/conexion23.com\/#organization\",\"name\":\"Conexion 23\",\"url\":\"https:\/\/conexion23.com\/\",\"logo\":{\"@type\":\"ImageObject\",\"inLanguage\":\"es\",\"@id\":\"https:\/\/conexion23.com\/#\/schema\/logo\/image\/\",\"url\":\"https:\/\/conexion23.com\/wp-content\/uploads\/2021\/11\/Diseno-sin-titulo-2.png\",\"contentUrl\":\"https:\/\/conexion23.com\/wp-content\/uploads\/2021\/11\/Diseno-sin-titulo-2.png\",\"width\":541,\"height\":90,\"caption\":\"Conexion 23\"},\"image\":{\"@id\":\"https:\/\/conexion23.com\/#\/schema\/logo\/image\/\"},\"sameAs\":[\"https:\/\/www.facebook.com\/conexion23com\",\"https:\/\/www.instagram.com\/conexion23com\/\",\"https:\/\/www.youtube.com\/channel\/UCYc7vxxFZMYLIHNsHHxPZ3Q\"]},{\"@type\":\"Person\",\"@id\":\"https:\/\/conexion23.com\/#\/schema\/person\/03e36043331117e97a373299bbcd30a6\",\"name\":\"Raffy Ben\u00edtez\",\"image\":{\"@type\":\"ImageObject\",\"inLanguage\":\"es\",\"@id\":\"https:\/\/conexion23.com\/#\/schema\/person\/image\/\",\"url\":\"https:\/\/secure.gravatar.com\/avatar\/3190a6a6c5e1b0327500f7d6c56b6242472ee6cb974cf09b401ee6b3b0798f23?s=96&d=mm&r=g\",\"contentUrl\":\"https:\/\/secure.gravatar.com\/avatar\/3190a6a6c5e1b0327500f7d6c56b6242472ee6cb974cf09b401ee6b3b0798f23?s=96&d=mm&r=g\",\"caption\":\"Raffy Ben\u00edtez\"},\"url\":\"https:\/\/conexion23.com\/?author=15\"}]}<\/script>\n<!-- \/ Yoast SEO plugin. -->","yoast_head_json":{"title":"\"Walky Cuevas se Declara Inocente Durante su Comparecencia en el Palacio de Justicia de San Pedro de Macor\u00eds\" - Conexi\u00f3n 23","robots":{"index":"index","follow":"follow","max-snippet":"max-snippet:-1","max-image-preview":"max-image-preview:large","max-video-preview":"max-video-preview:-1"},"canonical":"http:\/\/conexion23.com\/?p=32408","og_locale":"es_ES","og_type":"article","og_title":"\"Walky Cuevas se Declara Inocente Durante su Comparecencia en el Palacio de Justicia de San Pedro de Macor\u00eds\" - Conexi\u00f3n 23","og_description":"El regidor Walky Cuevas fue trasladado al Palacio de Justicia de San Pedro de Macor\u00eds en el d\u00eda de hoy. Cuevas, quien enfrenta acusaciones por parte del Ministerio P\u00fablico, se declar\u00f3 inocente de todos los cargos en su contra. Durante su comparecencia, el regidor rechaz\u00f3 las acusaciones y manifest\u00f3 su intenci\u00f3n de demostrar su inocencia [&hellip;]","og_url":"http:\/\/conexion23.com\/?p=32408","og_site_name":"Conexi\u00f3n 23","article_publisher":"https:\/\/www.facebook.com\/conexion23com","article_published_time":"2024-09-07T11:49:12+00:00","article_modified_time":"2024-09-07T11:49:14+00:00","og_image":[{"width":300,"height":138,"url":"http:\/\/conexion23.com\/wp-content\/uploads\/2024\/09\/download-2.jpg","type":"image\/jpeg"}],"author":"Raffy Ben\u00edtez","twitter_card":"summary_large_image","twitter_misc":{"Escrito por":"Raffy Ben\u00edtez","Tiempo de lectura":"1 minuto"},"schema":{"@context":"https:\/\/schema.org","@graph":[{"@type":"Article","@id":"http:\/\/conexion23.com\/?p=32408#article","isPartOf":{"@id":"http:\/\/conexion23.com\/?p=32408"},"author":{"name":"Raffy Ben\u00edtez","@id":"https:\/\/conexion23.com\/#\/schema\/person\/03e36043331117e97a373299bbcd30a6"},"headline":"\u00abWalky Cuevas se Declara Inocente Durante su Comparecencia en el Palacio de Justicia de San Pedro de Macor\u00eds\u00bb","datePublished":"2024-09-07T11:49:12+00:00","dateModified":"2024-09-07T11:49:14+00:00","mainEntityOfPage":{"@id":"http:\/\/conexion23.com\/?p=32408"},"wordCount":96,"commentCount":0,"publisher":{"@id":"https:\/\/conexion23.com\/#organization"},"image":{"@id":"http:\/\/conexion23.com\/?p=32408#primaryimage"},"thumbnailUrl":"https:\/\/conexion23.com\/wp-content\/uploads\/2024\/09\/download-2.jpg","articleSection":["SPM"],"inLanguage":"es","potentialAction":[{"@type":"CommentAction","name":"Comment","target":["http:\/\/conexion23.com\/?p=32408#respond"]}]},{"@type":"WebPage","@id":"http:\/\/conexion23.com\/?p=32408","url":"http:\/\/conexion23.com\/?p=32408","name":"\"Walky Cuevas se Declara Inocente Durante su Comparecencia en el Palacio de Justicia de San Pedro de Macor\u00eds\" - Conexi\u00f3n 23","isPartOf":{"@id":"https:\/\/conexion23.com\/#website"},"primaryImageOfPage":{"@id":"http:\/\/conexion23.com\/?p=32408#primaryimage"},"image":{"@id":"http:\/\/conexion23.com\/?p=32408#primaryimage"},"thumbnailUrl":"https:\/\/conexion23.com\/wp-content\/uploads\/2024\/09\/download-2.jpg","datePublished":"2024-09-07T11:49:12+00:00","dateModified":"2024-09-07T11:49:14+00:00","breadcrumb":{"@id":"http:\/\/conexion23.com\/?p=32408#breadcrumb"},"inLanguage":"es","potentialAction":[{"@type":"ReadAction","target":["http:\/\/conexion23.com\/?p=32408"]}]},{"@type":"ImageObject","inLanguage":"es","@id":"http:\/\/conexion23.com\/?p=32408#primaryimage","url":"https:\/\/conexion23.com\/wp-content\/uploads\/2024\/09\/download-2.jpg","contentUrl":"https:\/\/conexion23.com\/wp-content\/uploads\/2024\/09\/download-2.jpg","width":300,"height":138},{"@type":"BreadcrumbList","@id":"http:\/\/conexion23.com\/?p=32408#breadcrumb","itemListElement":[{"@type":"ListItem","position":1,"name":"Portada","item":"https:\/\/conexion23.com\/"},{"@type":"ListItem","position":2,"name":"\u00abWalky Cuevas se Declara Inocente Durante su Comparecencia en el Palacio de Justicia de San Pedro de Macor\u00eds\u00bb"}]},{"@type":"WebSite","@id":"https:\/\/conexion23.com\/#website","url":"https:\/\/conexion23.com\/","name":"Conexi\u00f3n 23","description":"Peri\u00f3dico 100% Petromacorisano","publisher":{"@id":"https:\/\/conexion23.com\/#organization"},"potentialAction":[{"@type":"SearchAction","target":{"@type":"EntryPoint","urlTemplate":"https:\/\/conexion23.com\/?s={search_term_string}"},"query-input":{"@type":"PropertyValueSpecification","valueRequired":true,"valueName":"search_term_string"}}],"inLanguage":"es"},{"@type":"Organization","@id":"https:\/\/conexion23.com\/#organization","name":"Conexion 23","url":"https:\/\/conexion23.com\/","logo":{"@type":"ImageObject","inLanguage":"es","@id":"https:\/\/conexion23.com\/#\/schema\/logo\/image\/","url":"https:\/\/conexion23.com\/wp-content\/uploads\/2021\/11\/Diseno-sin-titulo-2.png","contentUrl":"https:\/\/conexion23.com\/wp-content\/uploads\/2021\/11\/Diseno-sin-titulo-2.png","width":541,"height":90,"caption":"Conexion 23"},"image":{"@id":"https:\/\/conexion23.com\/#\/schema\/logo\/image\/"},"sameAs":["https:\/\/www.facebook.com\/conexion23com","https:\/\/www.instagram.com\/conexion23com\/","https:\/\/www.youtube.com\/channel\/UCYc7vxxFZMYLIHNsHHxPZ3Q"]},{"@type":"Person","@id":"https:\/\/conexion23.com\/#\/schema\/person\/03e36043331117e97a373299bbcd30a6","name":"Raffy Ben\u00edtez","image":{"@type":"ImageObject","inLanguage":"es","@id":"https:\/\/conexion23.com\/#\/schema\/person\/image\/","url":"https:\/\/secure.gravatar.com\/avatar\/3190a6a6c5e1b0327500f7d6c56b6242472ee6cb974cf09b401ee6b3b0798f23?s=96&d=mm&r=g","contentUrl":"https:\/\/secure.gravatar.com\/avatar\/3190a6a6c5e1b0327500f7d6c56b6242472ee6cb974cf09b401ee6b3b0798f23?s=96&d=mm&r=g","caption":"Raffy Ben\u00edtez"},"url":"https:\/\/conexion23.com\/?author=15"}]}},"_links":{"self":[{"href":"https:\/\/conexion23.com\/index.php?rest_route=\/wp\/v2\/posts\/32408","targetHints":{"allow":["GET"]}}],"collection":[{"href":"https:\/\/conexion23.com\/index.php?rest_route=\/wp\/v2\/posts"}],"about":[{"href":"https:\/\/conexion23.com\/index.php?rest_route=\/wp\/v2\/types\/post"}],"author":[{"embeddable":true,"href":"https:\/\/conexion23.com\/index.php?rest_route=\/wp\/v2\/users\/15"}],"replies":[{"embeddable":true,"href":"https:\/\/conexion23.com\/index.php?rest_route=%2Fwp%2Fv2%2Fcomments&post=32408"}],"version-history":[{"count":1,"href":"https:\/\/conexion23.com\/index.php?rest_route=\/wp\/v2\/posts\/32408\/revisions"}],"predecessor-version":[{"id":32410,"href":"https:\/\/conexion23.com\/index.php?rest_route=\/wp\/v2\/posts\/32408\/revisions\/32410"}],"wp:featuredmedia":[{"embeddable":true,"href":"https:\/\/conexion23.com\/index.php?rest_route=\/wp\/v2\/media\/32409"}],"wp:attachment":[{"href":"https:\/\/conexion23.com\/index.php?rest_route=%2Fwp%2Fv2%2Fmedia&parent=32408"}],"wp:term":[{"taxonomy":"category","embeddable":true,"href":"https:\/\/conexion23.com\/index.php?rest_route=%2Fwp%2Fv2%2Fcategories&post=32408"},{"taxonomy":"post_tag","embeddable":true,"href":"https:\/\/conexion23.com\/index.php?rest_route=%2Fwp%2Fv2%2Ftags&post=32408"}],"curies":[{"name":"wp","href":"https:\/\/api.w.org\/{rel}","templated":true}]}}