{"id":32435,"date":"2024-09-07T08:58:40","date_gmt":"2024-09-07T12:58:40","guid":{"rendered":"https:\/\/conexion23.com\/?p=32435"},"modified":"2024-09-07T08:58:41","modified_gmt":"2024-09-07T12:58:41","slug":"ee-uu-anuncia-apoyo-para-la-industrializacion-de-republica-dominicana","status":"publish","type":"post","link":"https:\/\/conexion23.com\/?p=32435","title":{"rendered":"EE.UU anuncia apoyo para la industrializaci\u00f3n de Rep\u00fablica Dominicana."},"content":{"rendered":"\n<p>El secretario de Estado de Estados Unidos, Antony Blinken, resalt\u00f3 ayer, durante su visita al presidente Luis Abinader en el PalacioNacional, que la Rep\u00fablica Dominicana ya es la econom\u00eda m\u00e1s grande del Caribe y una de las que est\u00e1n creciendo m\u00e1s r\u00e1pido en Latinoam\u00e9rica.<\/p>\n\n\n\n<p>Blinken record\u00f3 el acuerdo de cielos abiertos firmado el mes pasado entre ambas naciones, que permitir\u00e1 m\u00e1s vuelos comerciales entre ambos pa\u00edses y generar\u00e1 m\u00e1s comercio, turismo y empleos.<\/p>\n\n\n\n<p>Anunci\u00f3 el lanzamiento de una nueva iniciativa entre tres universidades dominicanas y estadounidenses para dar a los estudiantes dominicanos capacidades en la industria de los semiconductores y la primera fase de una inversi\u00f3n de la cadena de suministro de la Usaid, con 3 millones de d\u00f3lares que ayudar\u00e1n al Gobierno dominicano para mejorar la capacitaci\u00f3n laboral, construir parques industriales y atraer a las industrias de alta tecnolog\u00eda en el pa\u00eds.<\/p>\n\n\n\n<p>Consider\u00f3 que este programa adelantar\u00e1 las prioridades de la alianza para la prosperidad econ\u00f3mica de las Am\u00e9ricas, que incluye a una decena de pa\u00edses para modernizar las relaciones econ\u00f3micas, mejorar la protecci\u00f3n al trabajador y hacer m\u00e1s resilientes las cadenas de suministros. Destac\u00f3 el liderazgo de la Rep\u00fablica Dominicana en este esfuerzo, especialmente la transparencia y el estado de derecho que comparten.<\/p>\n\n\n\n<p>El secretario de Estado de Estados Unidos, Antony Blinken, cerr\u00f3 este viernes en Rep\u00fablica Dominicana una gira que le llev\u00f3 a Hait\u00ed y que enfoc\u00f3 en conseguir apoyos internacionales para que el depauperado pa\u00eds pueda celebrar elecciones en 2025 y poner freno a la violencia de las bandas armadas.<\/p>\n\n\n\n<p>Blinken pas\u00f3 revista el jueves en Puerto Pr\u00edncipe al contingente de 380 polic\u00edas kenianos desplegados como parte de la Misi\u00f3n Multinacional de Apoyo a la Seguridad (MSS) y que avanza lentamente hacia los n\u00fameros de efectivos esperados.<\/p>\n\n\n\n<p>Ayer, en Santo Domingo, Blinken y Abinader aseguraron que trabajar\u00e1n para pedir durante la Asamblea General de Naciones Unidas de este mes la renovaci\u00f3n del mandato para la MSS, que expira en octubre, y obtener nuevos compromisos de personal, que por el momento se limita al contingente keniano.<\/p>\n\n\n\n<h3 class=\"wp-block-heading\">las preocupaciones<\/h3>\n\n\n\n<p>\u201cLa situaci\u00f3n en Hait\u00ed es una preocupaci\u00f3n para sus vecinos y para todo el hemisferio. Agradezco al presidente (Abinader) por su rol vital de movilizar a la comunidad internacional. Lo que pasa en Hait\u00ed se nota mucho m\u00e1s all\u00e1 de Hait\u00ed\u201d, dijo Blinken.<\/p>\n\n\n\n<p>\u201cHay una voluntad colectiva mayor para hacer algo efectivo sobre Hait\u00ed. Creo que hemos conseguido progresos reales, sin minimizar los desaf\u00edos que tenemos por delante\u201d, a\u00f1adi\u00f3 el jefe de la diplomacia estadounidense.<\/p>\n\n\n\n<p>Uno de los miembros de la misi\u00f3n, el coronel de la Polic\u00eda keniana Wafula Hesbon, asegur\u00f3 ayer a EFE que desde junio ha habido mejoras en su labor, como los m\u00e1s de 30 nuevos veh\u00edculos blindados antiminas MRAP que recientemente Estados Unidos envi\u00f3 a la base en el aeropuerto de Puerto Pr\u00edncipe.<\/p>\n\n\n\n<p>Por el contrario, las marcas de los balazos eran evidentes en los maltrechos veh\u00edculos de la Polic\u00eda Nacional de Hait\u00ed, que adolece de falta de recursos, bajos salarios y corrupci\u00f3n, y que ahora opera bajo la declaraci\u00f3n del estado de emergencia.<\/p>\n\n\n\n<h3 class=\"wp-block-heading\">repercusiones de la crisis haitiana<\/h3>\n\n\n\n<p>Blinken record\u00f3 que la crisis haitiana, que a comienzos de a\u00f1o llev\u00f3 al pa\u00eds m\u00e1s pobre del Hemisferio Occidental a quedar en manos de bandas armadas, tiene repercusiones en todo el continente.<\/p>\n","protected":false},"excerpt":{"rendered":"<p>El secretario de Estado de Estados Unidos, Antony Blinken, resalt\u00f3 ayer, durante su visita al presidente Luis Abinader en el PalacioNacional, que la Rep\u00fablica Dominicana ya es la econom\u00eda m\u00e1s grande del Caribe y una de las que est\u00e1n creciendo m\u00e1s r\u00e1pido en Latinoam\u00e9rica. Blinken record\u00f3 el acuerdo de cielos abiertos firmado el mes pasado [&hellip;]<\/p>\n","protected":false},"author":15,"featured_media":32436,"comment_status":"open","ping_status":"open","sticky":false,"template":"","format":"standard","meta":{"footnotes":""},"categories":[1],"tags":[],"class_list":{"0":"post-32435","1":"post","2":"type-post","3":"status-publish","4":"format-standard","5":"has-post-thumbnail","7":"category-uncategorized"},"yoast_head":"<!-- This site is optimized with the Yoast SEO plugin v27.1.1 - https:\/\/yoast.com\/product\/yoast-seo-wordpress\/ -->\n<title>EE.UU anuncia apoyo para la industrializaci\u00f3n de Rep\u00fablica Dominicana. - Conexi\u00f3n 23<\/title>\n<meta name=\"robots\" content=\"index, follow, max-snippet:-1, max-image-preview:large, max-video-preview:-1\" \/>\n<link rel=\"canonical\" href=\"http:\/\/conexion23.com\/?p=32435\" \/>\n<meta property=\"og:locale\" content=\"es_ES\" \/>\n<meta property=\"og:type\" content=\"article\" \/>\n<meta property=\"og:title\" content=\"EE.UU anuncia apoyo para la industrializaci\u00f3n de Rep\u00fablica Dominicana. - Conexi\u00f3n 23\" \/>\n<meta property=\"og:description\" content=\"El secretario de Estado de Estados Unidos, Antony Blinken, resalt\u00f3 ayer, durante su visita al presidente Luis Abinader en el PalacioNacional, que la Rep\u00fablica Dominicana ya es la econom\u00eda m\u00e1s grande del Caribe y una de las que est\u00e1n creciendo m\u00e1s r\u00e1pido en Latinoam\u00e9rica. Blinken record\u00f3 el acuerdo de cielos abiertos firmado el mes pasado [&hellip;]\" \/>\n<meta property=\"og:url\" content=\"http:\/\/conexion23.com\/?p=32435\" \/>\n<meta property=\"og:site_name\" content=\"Conexi\u00f3n 23\" \/>\n<meta property=\"article:publisher\" content=\"https:\/\/www.facebook.com\/conexion23com\" \/>\n<meta property=\"article:published_time\" content=\"2024-09-07T12:58:40+00:00\" \/>\n<meta property=\"article:modified_time\" content=\"2024-09-07T12:58:41+00:00\" \/>\n<meta property=\"og:image\" content=\"http:\/\/conexion23.com\/wp-content\/uploads\/2024\/09\/bv.jpg\" \/>\n\t<meta property=\"og:image:width\" content=\"800\" \/>\n\t<meta property=\"og:image:height\" content=\"522\" \/>\n\t<meta property=\"og:image:type\" content=\"image\/jpeg\" \/>\n<meta name=\"author\" content=\"Raffy Ben\u00edtez\" \/>\n<meta name=\"twitter:card\" content=\"summary_large_image\" \/>\n<meta name=\"twitter:label1\" content=\"Escrito por\" \/>\n\t<meta name=\"twitter:data1\" content=\"Raffy Ben\u00edtez\" \/>\n\t<meta name=\"twitter:label2\" content=\"Tiempo de lectura\" \/>\n\t<meta name=\"twitter:data2\" content=\"3 minutos\" \/>\n<script type=\"application\/ld+json\" class=\"yoast-schema-graph\">{\"@context\":\"https:\/\/schema.org\",\"@graph\":[{\"@type\":\"Article\",\"@id\":\"http:\/\/conexion23.com\/?p=32435#article\",\"isPartOf\":{\"@id\":\"http:\/\/conexion23.com\/?p=32435\"},\"author\":{\"name\":\"Raffy Ben\u00edtez\",\"@id\":\"https:\/\/conexion23.com\/#\/schema\/person\/03e36043331117e97a373299bbcd30a6\"},\"headline\":\"EE.UU anuncia apoyo para la industrializaci\u00f3n de Rep\u00fablica Dominicana.\",\"datePublished\":\"2024-09-07T12:58:40+00:00\",\"dateModified\":\"2024-09-07T12:58:41+00:00\",\"mainEntityOfPage\":{\"@id\":\"http:\/\/conexion23.com\/?p=32435\"},\"wordCount\":602,\"commentCount\":0,\"publisher\":{\"@id\":\"https:\/\/conexion23.com\/#organization\"},\"image\":{\"@id\":\"http:\/\/conexion23.com\/?p=32435#primaryimage\"},\"thumbnailUrl\":\"https:\/\/conexion23.com\/wp-content\/uploads\/2024\/09\/bv.jpg\",\"articleSection\":[\"Uncategorized\"],\"inLanguage\":\"es\",\"potentialAction\":[{\"@type\":\"CommentAction\",\"name\":\"Comment\",\"target\":[\"http:\/\/conexion23.com\/?p=32435#respond\"]}]},{\"@type\":\"WebPage\",\"@id\":\"http:\/\/conexion23.com\/?p=32435\",\"url\":\"http:\/\/conexion23.com\/?p=32435\",\"name\":\"EE.UU anuncia apoyo para la industrializaci\u00f3n de Rep\u00fablica Dominicana. - Conexi\u00f3n 23\",\"isPartOf\":{\"@id\":\"https:\/\/conexion23.com\/#website\"},\"primaryImageOfPage\":{\"@id\":\"http:\/\/conexion23.com\/?p=32435#primaryimage\"},\"image\":{\"@id\":\"http:\/\/conexion23.com\/?p=32435#primaryimage\"},\"thumbnailUrl\":\"https:\/\/conexion23.com\/wp-content\/uploads\/2024\/09\/bv.jpg\",\"datePublished\":\"2024-09-07T12:58:40+00:00\",\"dateModified\":\"2024-09-07T12:58:41+00:00\",\"breadcrumb\":{\"@id\":\"http:\/\/conexion23.com\/?p=32435#breadcrumb\"},\"inLanguage\":\"es\",\"potentialAction\":[{\"@type\":\"ReadAction\",\"target\":[\"http:\/\/conexion23.com\/?p=32435\"]}]},{\"@type\":\"ImageObject\",\"inLanguage\":\"es\",\"@id\":\"http:\/\/conexion23.com\/?p=32435#primaryimage\",\"url\":\"https:\/\/conexion23.com\/wp-content\/uploads\/2024\/09\/bv.jpg\",\"contentUrl\":\"https:\/\/conexion23.com\/wp-content\/uploads\/2024\/09\/bv.jpg\",\"width\":800,\"height\":522},{\"@type\":\"BreadcrumbList\",\"@id\":\"http:\/\/conexion23.com\/?p=32435#breadcrumb\",\"itemListElement\":[{\"@type\":\"ListItem\",\"position\":1,\"name\":\"Portada\",\"item\":\"https:\/\/conexion23.com\/\"},{\"@type\":\"ListItem\",\"position\":2,\"name\":\"EE.UU anuncia apoyo para la industrializaci\u00f3n de Rep\u00fablica Dominicana.\"}]},{\"@type\":\"WebSite\",\"@id\":\"https:\/\/conexion23.com\/#website\",\"url\":\"https:\/\/conexion23.com\/\",\"name\":\"Conexi\u00f3n 23\",\"description\":\"Peri\u00f3dico 100% Petromacorisano\",\"publisher\":{\"@id\":\"https:\/\/conexion23.com\/#organization\"},\"potentialAction\":[{\"@type\":\"SearchAction\",\"target\":{\"@type\":\"EntryPoint\",\"urlTemplate\":\"https:\/\/conexion23.com\/?s={search_term_string}\"},\"query-input\":{\"@type\":\"PropertyValueSpecification\",\"valueRequired\":true,\"valueName\":\"search_term_string\"}}],\"inLanguage\":\"es\"},{\"@type\":\"Organization\",\"@id\":\"https:\/\/conexion23.com\/#organization\",\"name\":\"Conexion 23\",\"url\":\"https:\/\/conexion23.com\/\",\"logo\":{\"@type\":\"ImageObject\",\"inLanguage\":\"es\",\"@id\":\"https:\/\/conexion23.com\/#\/schema\/logo\/image\/\",\"url\":\"https:\/\/conexion23.com\/wp-content\/uploads\/2021\/11\/Diseno-sin-titulo-2.png\",\"contentUrl\":\"https:\/\/conexion23.com\/wp-content\/uploads\/2021\/11\/Diseno-sin-titulo-2.png\",\"width\":541,\"height\":90,\"caption\":\"Conexion 23\"},\"image\":{\"@id\":\"https:\/\/conexion23.com\/#\/schema\/logo\/image\/\"},\"sameAs\":[\"https:\/\/www.facebook.com\/conexion23com\",\"https:\/\/www.instagram.com\/conexion23com\/\",\"https:\/\/www.youtube.com\/channel\/UCYc7vxxFZMYLIHNsHHxPZ3Q\"]},{\"@type\":\"Person\",\"@id\":\"https:\/\/conexion23.com\/#\/schema\/person\/03e36043331117e97a373299bbcd30a6\",\"name\":\"Raffy Ben\u00edtez\",\"image\":{\"@type\":\"ImageObject\",\"inLanguage\":\"es\",\"@id\":\"https:\/\/conexion23.com\/#\/schema\/person\/image\/\",\"url\":\"https:\/\/secure.gravatar.com\/avatar\/3190a6a6c5e1b0327500f7d6c56b6242472ee6cb974cf09b401ee6b3b0798f23?s=96&d=mm&r=g\",\"contentUrl\":\"https:\/\/secure.gravatar.com\/avatar\/3190a6a6c5e1b0327500f7d6c56b6242472ee6cb974cf09b401ee6b3b0798f23?s=96&d=mm&r=g\",\"caption\":\"Raffy Ben\u00edtez\"},\"url\":\"https:\/\/conexion23.com\/?author=15\"}]}<\/script>\n<!-- \/ Yoast SEO plugin. -->","yoast_head_json":{"title":"EE.UU anuncia apoyo para la industrializaci\u00f3n de Rep\u00fablica Dominicana. - Conexi\u00f3n 23","robots":{"index":"index","follow":"follow","max-snippet":"max-snippet:-1","max-image-preview":"max-image-preview:large","max-video-preview":"max-video-preview:-1"},"canonical":"http:\/\/conexion23.com\/?p=32435","og_locale":"es_ES","og_type":"article","og_title":"EE.UU anuncia apoyo para la industrializaci\u00f3n de Rep\u00fablica Dominicana. - Conexi\u00f3n 23","og_description":"El secretario de Estado de Estados Unidos, Antony Blinken, resalt\u00f3 ayer, durante su visita al presidente Luis Abinader en el PalacioNacional, que la Rep\u00fablica Dominicana ya es la econom\u00eda m\u00e1s grande del Caribe y una de las que est\u00e1n creciendo m\u00e1s r\u00e1pido en Latinoam\u00e9rica. Blinken record\u00f3 el acuerdo de cielos abiertos firmado el mes pasado [&hellip;]","og_url":"http:\/\/conexion23.com\/?p=32435","og_site_name":"Conexi\u00f3n 23","article_publisher":"https:\/\/www.facebook.com\/conexion23com","article_published_time":"2024-09-07T12:58:40+00:00","article_modified_time":"2024-09-07T12:58:41+00:00","og_image":[{"width":800,"height":522,"url":"http:\/\/conexion23.com\/wp-content\/uploads\/2024\/09\/bv.jpg","type":"image\/jpeg"}],"author":"Raffy Ben\u00edtez","twitter_card":"summary_large_image","twitter_misc":{"Escrito por":"Raffy Ben\u00edtez","Tiempo de lectura":"3 minutos"},"schema":{"@context":"https:\/\/schema.org","@graph":[{"@type":"Article","@id":"http:\/\/conexion23.com\/?p=32435#article","isPartOf":{"@id":"http:\/\/conexion23.com\/?p=32435"},"author":{"name":"Raffy Ben\u00edtez","@id":"https:\/\/conexion23.com\/#\/schema\/person\/03e36043331117e97a373299bbcd30a6"},"headline":"EE.UU anuncia apoyo para la industrializaci\u00f3n de Rep\u00fablica Dominicana.","datePublished":"2024-09-07T12:58:40+00:00","dateModified":"2024-09-07T12:58:41+00:00","mainEntityOfPage":{"@id":"http:\/\/conexion23.com\/?p=32435"},"wordCount":602,"commentCount":0,"publisher":{"@id":"https:\/\/conexion23.com\/#organization"},"image":{"@id":"http:\/\/conexion23.com\/?p=32435#primaryimage"},"thumbnailUrl":"https:\/\/conexion23.com\/wp-content\/uploads\/2024\/09\/bv.jpg","articleSection":["Uncategorized"],"inLanguage":"es","potentialAction":[{"@type":"CommentAction","name":"Comment","target":["http:\/\/conexion23.com\/?p=32435#respond"]}]},{"@type":"WebPage","@id":"http:\/\/conexion23.com\/?p=32435","url":"http:\/\/conexion23.com\/?p=32435","name":"EE.UU anuncia apoyo para la industrializaci\u00f3n de Rep\u00fablica Dominicana. - Conexi\u00f3n 23","isPartOf":{"@id":"https:\/\/conexion23.com\/#website"},"primaryImageOfPage":{"@id":"http:\/\/conexion23.com\/?p=32435#primaryimage"},"image":{"@id":"http:\/\/conexion23.com\/?p=32435#primaryimage"},"thumbnailUrl":"https:\/\/conexion23.com\/wp-content\/uploads\/2024\/09\/bv.jpg","datePublished":"2024-09-07T12:58:40+00:00","dateModified":"2024-09-07T12:58:41+00:00","breadcrumb":{"@id":"http:\/\/conexion23.com\/?p=32435#breadcrumb"},"inLanguage":"es","potentialAction":[{"@type":"ReadAction","target":["http:\/\/conexion23.com\/?p=32435"]}]},{"@type":"ImageObject","inLanguage":"es","@id":"http:\/\/conexion23.com\/?p=32435#primaryimage","url":"https:\/\/conexion23.com\/wp-content\/uploads\/2024\/09\/bv.jpg","contentUrl":"https:\/\/conexion23.com\/wp-content\/uploads\/2024\/09\/bv.jpg","width":800,"height":522},{"@type":"BreadcrumbList","@id":"http:\/\/conexion23.com\/?p=32435#breadcrumb","itemListElement":[{"@type":"ListItem","position":1,"name":"Portada","item":"https:\/\/conexion23.com\/"},{"@type":"ListItem","position":2,"name":"EE.UU anuncia apoyo para la industrializaci\u00f3n de Rep\u00fablica Dominicana."}]},{"@type":"WebSite","@id":"https:\/\/conexion23.com\/#website","url":"https:\/\/conexion23.com\/","name":"Conexi\u00f3n 23","description":"Peri\u00f3dico 100% Petromacorisano","publisher":{"@id":"https:\/\/conexion23.com\/#organization"},"potentialAction":[{"@type":"SearchAction","target":{"@type":"EntryPoint","urlTemplate":"https:\/\/conexion23.com\/?s={search_term_string}"},"query-input":{"@type":"PropertyValueSpecification","valueRequired":true,"valueName":"search_term_string"}}],"inLanguage":"es"},{"@type":"Organization","@id":"https:\/\/conexion23.com\/#organization","name":"Conexion 23","url":"https:\/\/conexion23.com\/","logo":{"@type":"ImageObject","inLanguage":"es","@id":"https:\/\/conexion23.com\/#\/schema\/logo\/image\/","url":"https:\/\/conexion23.com\/wp-content\/uploads\/2021\/11\/Diseno-sin-titulo-2.png","contentUrl":"https:\/\/conexion23.com\/wp-content\/uploads\/2021\/11\/Diseno-sin-titulo-2.png","width":541,"height":90,"caption":"Conexion 23"},"image":{"@id":"https:\/\/conexion23.com\/#\/schema\/logo\/image\/"},"sameAs":["https:\/\/www.facebook.com\/conexion23com","https:\/\/www.instagram.com\/conexion23com\/","https:\/\/www.youtube.com\/channel\/UCYc7vxxFZMYLIHNsHHxPZ3Q"]},{"@type":"Person","@id":"https:\/\/conexion23.com\/#\/schema\/person\/03e36043331117e97a373299bbcd30a6","name":"Raffy Ben\u00edtez","image":{"@type":"ImageObject","inLanguage":"es","@id":"https:\/\/conexion23.com\/#\/schema\/person\/image\/","url":"https:\/\/secure.gravatar.com\/avatar\/3190a6a6c5e1b0327500f7d6c56b6242472ee6cb974cf09b401ee6b3b0798f23?s=96&d=mm&r=g","contentUrl":"https:\/\/secure.gravatar.com\/avatar\/3190a6a6c5e1b0327500f7d6c56b6242472ee6cb974cf09b401ee6b3b0798f23?s=96&d=mm&r=g","caption":"Raffy Ben\u00edtez"},"url":"https:\/\/conexion23.com\/?author=15"}]}},"_links":{"self":[{"href":"https:\/\/conexion23.com\/index.php?rest_route=\/wp\/v2\/posts\/32435","targetHints":{"allow":["GET"]}}],"collection":[{"href":"https:\/\/conexion23.com\/index.php?rest_route=\/wp\/v2\/posts"}],"about":[{"href":"https:\/\/conexion23.com\/index.php?rest_route=\/wp\/v2\/types\/post"}],"author":[{"embeddable":true,"href":"https:\/\/conexion23.com\/index.php?rest_route=\/wp\/v2\/users\/15"}],"replies":[{"embeddable":true,"href":"https:\/\/conexion23.com\/index.php?rest_route=%2Fwp%2Fv2%2Fcomments&post=32435"}],"version-history":[{"count":1,"href":"https:\/\/conexion23.com\/index.php?rest_route=\/wp\/v2\/posts\/32435\/revisions"}],"predecessor-version":[{"id":32437,"href":"https:\/\/conexion23.com\/index.php?rest_route=\/wp\/v2\/posts\/32435\/revisions\/32437"}],"wp:featuredmedia":[{"embeddable":true,"href":"https:\/\/conexion23.com\/index.php?rest_route=\/wp\/v2\/media\/32436"}],"wp:attachment":[{"href":"https:\/\/conexion23.com\/index.php?rest_route=%2Fwp%2Fv2%2Fmedia&parent=32435"}],"wp:term":[{"taxonomy":"category","embeddable":true,"href":"https:\/\/conexion23.com\/index.php?rest_route=%2Fwp%2Fv2%2Fcategories&post=32435"},{"taxonomy":"post_tag","embeddable":true,"href":"https:\/\/conexion23.com\/index.php?rest_route=%2Fwp%2Fv2%2Ftags&post=32435"}],"curies":[{"name":"wp","href":"https:\/\/api.w.org\/{rel}","templated":true}]}}