{"id":32441,"date":"2024-09-07T09:07:46","date_gmt":"2024-09-07T13:07:46","guid":{"rendered":"https:\/\/conexion23.com\/?p=32441"},"modified":"2024-09-07T09:07:47","modified_gmt":"2024-09-07T13:07:47","slug":"mitur-iniciara-proceso-de-licitacion-para-reconstruir-el-muelle-de-miches","status":"publish","type":"post","link":"https:\/\/conexion23.com\/?p=32441","title":{"rendered":"Mitur iniciar\u00e1 proceso de licitaci\u00f3n para reconstruir el muelle de Miches."},"content":{"rendered":"\n<p>En respuesta a la creciente demanda de los residentes de Miches por la demora en la restauraci\u00f3n del muelle, el Ministerio de Turismo (Mitur) ha anunciado que, por quinta ocasi\u00f3n, iniciar\u00e1 un nuevo proceso de licitaci\u00f3n para su reconstrucci\u00f3n.<\/p>\n\n\n\n<p>La terminal, destruida por el paso del hurac\u00e1n Fiona en septiembre de 2022, ha sido objeto de constantes reclamos por parte de la comunidad y medios como Diario Libre, que se han hecho eco de la tardanza en su rehabilitaci\u00f3n.<\/p>\n\n\n\n<p>El Ministerio, a trav\u00e9s del Comit\u00e9 Ejecutor de Infraestructuras de Zonas Tur\u00edsticas (Ceiztur), inform\u00f3 que este viernes subir\u00e1 nuevamente el proceso de licitaci\u00f3n a la plataforma de la Direcci\u00f3n de Compras y Contrataciones P\u00fablicas (DGCP).<\/p>\n\n\n\n<p>La entidad record\u00f3 que el muelle fue entregado el 4 de septiembre de 2020, en un acto que cont\u00f3 con la presencia del presidente Luis Abinader, como parte de un esfuerzo por fomentar el turismo en esta zona costera clave.<\/p>\n","protected":false},"excerpt":{"rendered":"<p>En respuesta a la creciente demanda de los residentes de Miches por la demora en la restauraci\u00f3n del muelle, el Ministerio de Turismo (Mitur) ha anunciado que, por quinta ocasi\u00f3n, iniciar\u00e1 un nuevo proceso de licitaci\u00f3n para su reconstrucci\u00f3n. La terminal, destruida por el paso del hurac\u00e1n Fiona en septiembre de 2022, ha sido objeto [&hellip;]<\/p>\n","protected":false},"author":15,"featured_media":32442,"comment_status":"open","ping_status":"open","sticky":false,"template":"","format":"standard","meta":{"footnotes":""},"categories":[2474],"tags":[],"class_list":{"0":"post-32441","1":"post","2":"type-post","3":"status-publish","4":"format-standard","5":"has-post-thumbnail","7":"category-la-altagracia"},"yoast_head":"<!-- This site is optimized with the Yoast SEO plugin v27.1.1 - https:\/\/yoast.com\/product\/yoast-seo-wordpress\/ -->\n<title>Mitur iniciar\u00e1 proceso de licitaci\u00f3n para reconstruir el muelle de Miches. - Conexi\u00f3n 23<\/title>\n<meta name=\"robots\" content=\"index, follow, max-snippet:-1, max-image-preview:large, max-video-preview:-1\" \/>\n<link rel=\"canonical\" href=\"http:\/\/conexion23.com\/?p=32441\" \/>\n<meta property=\"og:locale\" content=\"es_ES\" \/>\n<meta property=\"og:type\" content=\"article\" \/>\n<meta property=\"og:title\" content=\"Mitur iniciar\u00e1 proceso de licitaci\u00f3n para reconstruir el muelle de Miches. - Conexi\u00f3n 23\" \/>\n<meta property=\"og:description\" content=\"En respuesta a la creciente demanda de los residentes de Miches por la demora en la restauraci\u00f3n del muelle, el Ministerio de Turismo (Mitur) ha anunciado que, por quinta ocasi\u00f3n, iniciar\u00e1 un nuevo proceso de licitaci\u00f3n para su reconstrucci\u00f3n. La terminal, destruida por el paso del hurac\u00e1n Fiona en septiembre de 2022, ha sido objeto [&hellip;]\" \/>\n<meta property=\"og:url\" content=\"http:\/\/conexion23.com\/?p=32441\" \/>\n<meta property=\"og:site_name\" content=\"Conexi\u00f3n 23\" \/>\n<meta property=\"article:publisher\" content=\"https:\/\/www.facebook.com\/conexion23com\" \/>\n<meta property=\"article:published_time\" content=\"2024-09-07T13:07:46+00:00\" \/>\n<meta property=\"article:modified_time\" content=\"2024-09-07T13:07:47+00:00\" \/>\n<meta property=\"og:image\" content=\"http:\/\/conexion23.com\/wp-content\/uploads\/2024\/09\/Miches-muelle.jpg\" \/>\n\t<meta property=\"og:image:width\" content=\"849\" \/>\n\t<meta property=\"og:image:height\" content=\"566\" \/>\n\t<meta property=\"og:image:type\" content=\"image\/jpeg\" \/>\n<meta name=\"author\" content=\"Raffy Ben\u00edtez\" \/>\n<meta name=\"twitter:card\" content=\"summary_large_image\" \/>\n<meta name=\"twitter:label1\" content=\"Escrito por\" \/>\n\t<meta name=\"twitter:data1\" content=\"Raffy Ben\u00edtez\" \/>\n\t<meta name=\"twitter:label2\" content=\"Tiempo de lectura\" \/>\n\t<meta name=\"twitter:data2\" content=\"1 minuto\" \/>\n<script type=\"application\/ld+json\" class=\"yoast-schema-graph\">{\"@context\":\"https:\/\/schema.org\",\"@graph\":[{\"@type\":\"Article\",\"@id\":\"http:\/\/conexion23.com\/?p=32441#article\",\"isPartOf\":{\"@id\":\"http:\/\/conexion23.com\/?p=32441\"},\"author\":{\"name\":\"Raffy Ben\u00edtez\",\"@id\":\"https:\/\/conexion23.com\/#\/schema\/person\/03e36043331117e97a373299bbcd30a6\"},\"headline\":\"Mitur iniciar\u00e1 proceso de licitaci\u00f3n para reconstruir el muelle de Miches.\",\"datePublished\":\"2024-09-07T13:07:46+00:00\",\"dateModified\":\"2024-09-07T13:07:47+00:00\",\"mainEntityOfPage\":{\"@id\":\"http:\/\/conexion23.com\/?p=32441\"},\"wordCount\":174,\"commentCount\":0,\"publisher\":{\"@id\":\"https:\/\/conexion23.com\/#organization\"},\"image\":{\"@id\":\"http:\/\/conexion23.com\/?p=32441#primaryimage\"},\"thumbnailUrl\":\"https:\/\/conexion23.com\/wp-content\/uploads\/2024\/09\/Miches-muelle.jpg\",\"articleSection\":[\"La Altagracia\"],\"inLanguage\":\"es\",\"potentialAction\":[{\"@type\":\"CommentAction\",\"name\":\"Comment\",\"target\":[\"http:\/\/conexion23.com\/?p=32441#respond\"]}]},{\"@type\":\"WebPage\",\"@id\":\"http:\/\/conexion23.com\/?p=32441\",\"url\":\"http:\/\/conexion23.com\/?p=32441\",\"name\":\"Mitur iniciar\u00e1 proceso de licitaci\u00f3n para reconstruir el muelle de Miches. - Conexi\u00f3n 23\",\"isPartOf\":{\"@id\":\"https:\/\/conexion23.com\/#website\"},\"primaryImageOfPage\":{\"@id\":\"http:\/\/conexion23.com\/?p=32441#primaryimage\"},\"image\":{\"@id\":\"http:\/\/conexion23.com\/?p=32441#primaryimage\"},\"thumbnailUrl\":\"https:\/\/conexion23.com\/wp-content\/uploads\/2024\/09\/Miches-muelle.jpg\",\"datePublished\":\"2024-09-07T13:07:46+00:00\",\"dateModified\":\"2024-09-07T13:07:47+00:00\",\"breadcrumb\":{\"@id\":\"http:\/\/conexion23.com\/?p=32441#breadcrumb\"},\"inLanguage\":\"es\",\"potentialAction\":[{\"@type\":\"ReadAction\",\"target\":[\"http:\/\/conexion23.com\/?p=32441\"]}]},{\"@type\":\"ImageObject\",\"inLanguage\":\"es\",\"@id\":\"http:\/\/conexion23.com\/?p=32441#primaryimage\",\"url\":\"https:\/\/conexion23.com\/wp-content\/uploads\/2024\/09\/Miches-muelle.jpg\",\"contentUrl\":\"https:\/\/conexion23.com\/wp-content\/uploads\/2024\/09\/Miches-muelle.jpg\",\"width\":849,\"height\":566},{\"@type\":\"BreadcrumbList\",\"@id\":\"http:\/\/conexion23.com\/?p=32441#breadcrumb\",\"itemListElement\":[{\"@type\":\"ListItem\",\"position\":1,\"name\":\"Portada\",\"item\":\"https:\/\/conexion23.com\/\"},{\"@type\":\"ListItem\",\"position\":2,\"name\":\"Mitur iniciar\u00e1 proceso de licitaci\u00f3n para reconstruir el muelle de Miches.\"}]},{\"@type\":\"WebSite\",\"@id\":\"https:\/\/conexion23.com\/#website\",\"url\":\"https:\/\/conexion23.com\/\",\"name\":\"Conexi\u00f3n 23\",\"description\":\"Peri\u00f3dico 100% Petromacorisano\",\"publisher\":{\"@id\":\"https:\/\/conexion23.com\/#organization\"},\"potentialAction\":[{\"@type\":\"SearchAction\",\"target\":{\"@type\":\"EntryPoint\",\"urlTemplate\":\"https:\/\/conexion23.com\/?s={search_term_string}\"},\"query-input\":{\"@type\":\"PropertyValueSpecification\",\"valueRequired\":true,\"valueName\":\"search_term_string\"}}],\"inLanguage\":\"es\"},{\"@type\":\"Organization\",\"@id\":\"https:\/\/conexion23.com\/#organization\",\"name\":\"Conexion 23\",\"url\":\"https:\/\/conexion23.com\/\",\"logo\":{\"@type\":\"ImageObject\",\"inLanguage\":\"es\",\"@id\":\"https:\/\/conexion23.com\/#\/schema\/logo\/image\/\",\"url\":\"https:\/\/conexion23.com\/wp-content\/uploads\/2021\/11\/Diseno-sin-titulo-2.png\",\"contentUrl\":\"https:\/\/conexion23.com\/wp-content\/uploads\/2021\/11\/Diseno-sin-titulo-2.png\",\"width\":541,\"height\":90,\"caption\":\"Conexion 23\"},\"image\":{\"@id\":\"https:\/\/conexion23.com\/#\/schema\/logo\/image\/\"},\"sameAs\":[\"https:\/\/www.facebook.com\/conexion23com\",\"https:\/\/www.instagram.com\/conexion23com\/\",\"https:\/\/www.youtube.com\/channel\/UCYc7vxxFZMYLIHNsHHxPZ3Q\"]},{\"@type\":\"Person\",\"@id\":\"https:\/\/conexion23.com\/#\/schema\/person\/03e36043331117e97a373299bbcd30a6\",\"name\":\"Raffy Ben\u00edtez\",\"image\":{\"@type\":\"ImageObject\",\"inLanguage\":\"es\",\"@id\":\"https:\/\/conexion23.com\/#\/schema\/person\/image\/\",\"url\":\"https:\/\/secure.gravatar.com\/avatar\/3190a6a6c5e1b0327500f7d6c56b6242472ee6cb974cf09b401ee6b3b0798f23?s=96&d=mm&r=g\",\"contentUrl\":\"https:\/\/secure.gravatar.com\/avatar\/3190a6a6c5e1b0327500f7d6c56b6242472ee6cb974cf09b401ee6b3b0798f23?s=96&d=mm&r=g\",\"caption\":\"Raffy Ben\u00edtez\"},\"url\":\"https:\/\/conexion23.com\/?author=15\"}]}<\/script>\n<!-- \/ Yoast SEO plugin. -->","yoast_head_json":{"title":"Mitur iniciar\u00e1 proceso de licitaci\u00f3n para reconstruir el muelle de Miches. - Conexi\u00f3n 23","robots":{"index":"index","follow":"follow","max-snippet":"max-snippet:-1","max-image-preview":"max-image-preview:large","max-video-preview":"max-video-preview:-1"},"canonical":"http:\/\/conexion23.com\/?p=32441","og_locale":"es_ES","og_type":"article","og_title":"Mitur iniciar\u00e1 proceso de licitaci\u00f3n para reconstruir el muelle de Miches. - Conexi\u00f3n 23","og_description":"En respuesta a la creciente demanda de los residentes de Miches por la demora en la restauraci\u00f3n del muelle, el Ministerio de Turismo (Mitur) ha anunciado que, por quinta ocasi\u00f3n, iniciar\u00e1 un nuevo proceso de licitaci\u00f3n para su reconstrucci\u00f3n. La terminal, destruida por el paso del hurac\u00e1n Fiona en septiembre de 2022, ha sido objeto [&hellip;]","og_url":"http:\/\/conexion23.com\/?p=32441","og_site_name":"Conexi\u00f3n 23","article_publisher":"https:\/\/www.facebook.com\/conexion23com","article_published_time":"2024-09-07T13:07:46+00:00","article_modified_time":"2024-09-07T13:07:47+00:00","og_image":[{"width":849,"height":566,"url":"http:\/\/conexion23.com\/wp-content\/uploads\/2024\/09\/Miches-muelle.jpg","type":"image\/jpeg"}],"author":"Raffy Ben\u00edtez","twitter_card":"summary_large_image","twitter_misc":{"Escrito por":"Raffy Ben\u00edtez","Tiempo de lectura":"1 minuto"},"schema":{"@context":"https:\/\/schema.org","@graph":[{"@type":"Article","@id":"http:\/\/conexion23.com\/?p=32441#article","isPartOf":{"@id":"http:\/\/conexion23.com\/?p=32441"},"author":{"name":"Raffy Ben\u00edtez","@id":"https:\/\/conexion23.com\/#\/schema\/person\/03e36043331117e97a373299bbcd30a6"},"headline":"Mitur iniciar\u00e1 proceso de licitaci\u00f3n para reconstruir el muelle de Miches.","datePublished":"2024-09-07T13:07:46+00:00","dateModified":"2024-09-07T13:07:47+00:00","mainEntityOfPage":{"@id":"http:\/\/conexion23.com\/?p=32441"},"wordCount":174,"commentCount":0,"publisher":{"@id":"https:\/\/conexion23.com\/#organization"},"image":{"@id":"http:\/\/conexion23.com\/?p=32441#primaryimage"},"thumbnailUrl":"https:\/\/conexion23.com\/wp-content\/uploads\/2024\/09\/Miches-muelle.jpg","articleSection":["La Altagracia"],"inLanguage":"es","potentialAction":[{"@type":"CommentAction","name":"Comment","target":["http:\/\/conexion23.com\/?p=32441#respond"]}]},{"@type":"WebPage","@id":"http:\/\/conexion23.com\/?p=32441","url":"http:\/\/conexion23.com\/?p=32441","name":"Mitur iniciar\u00e1 proceso de licitaci\u00f3n para reconstruir el muelle de Miches. - Conexi\u00f3n 23","isPartOf":{"@id":"https:\/\/conexion23.com\/#website"},"primaryImageOfPage":{"@id":"http:\/\/conexion23.com\/?p=32441#primaryimage"},"image":{"@id":"http:\/\/conexion23.com\/?p=32441#primaryimage"},"thumbnailUrl":"https:\/\/conexion23.com\/wp-content\/uploads\/2024\/09\/Miches-muelle.jpg","datePublished":"2024-09-07T13:07:46+00:00","dateModified":"2024-09-07T13:07:47+00:00","breadcrumb":{"@id":"http:\/\/conexion23.com\/?p=32441#breadcrumb"},"inLanguage":"es","potentialAction":[{"@type":"ReadAction","target":["http:\/\/conexion23.com\/?p=32441"]}]},{"@type":"ImageObject","inLanguage":"es","@id":"http:\/\/conexion23.com\/?p=32441#primaryimage","url":"https:\/\/conexion23.com\/wp-content\/uploads\/2024\/09\/Miches-muelle.jpg","contentUrl":"https:\/\/conexion23.com\/wp-content\/uploads\/2024\/09\/Miches-muelle.jpg","width":849,"height":566},{"@type":"BreadcrumbList","@id":"http:\/\/conexion23.com\/?p=32441#breadcrumb","itemListElement":[{"@type":"ListItem","position":1,"name":"Portada","item":"https:\/\/conexion23.com\/"},{"@type":"ListItem","position":2,"name":"Mitur iniciar\u00e1 proceso de licitaci\u00f3n para reconstruir el muelle de Miches."}]},{"@type":"WebSite","@id":"https:\/\/conexion23.com\/#website","url":"https:\/\/conexion23.com\/","name":"Conexi\u00f3n 23","description":"Peri\u00f3dico 100% Petromacorisano","publisher":{"@id":"https:\/\/conexion23.com\/#organization"},"potentialAction":[{"@type":"SearchAction","target":{"@type":"EntryPoint","urlTemplate":"https:\/\/conexion23.com\/?s={search_term_string}"},"query-input":{"@type":"PropertyValueSpecification","valueRequired":true,"valueName":"search_term_string"}}],"inLanguage":"es"},{"@type":"Organization","@id":"https:\/\/conexion23.com\/#organization","name":"Conexion 23","url":"https:\/\/conexion23.com\/","logo":{"@type":"ImageObject","inLanguage":"es","@id":"https:\/\/conexion23.com\/#\/schema\/logo\/image\/","url":"https:\/\/conexion23.com\/wp-content\/uploads\/2021\/11\/Diseno-sin-titulo-2.png","contentUrl":"https:\/\/conexion23.com\/wp-content\/uploads\/2021\/11\/Diseno-sin-titulo-2.png","width":541,"height":90,"caption":"Conexion 23"},"image":{"@id":"https:\/\/conexion23.com\/#\/schema\/logo\/image\/"},"sameAs":["https:\/\/www.facebook.com\/conexion23com","https:\/\/www.instagram.com\/conexion23com\/","https:\/\/www.youtube.com\/channel\/UCYc7vxxFZMYLIHNsHHxPZ3Q"]},{"@type":"Person","@id":"https:\/\/conexion23.com\/#\/schema\/person\/03e36043331117e97a373299bbcd30a6","name":"Raffy Ben\u00edtez","image":{"@type":"ImageObject","inLanguage":"es","@id":"https:\/\/conexion23.com\/#\/schema\/person\/image\/","url":"https:\/\/secure.gravatar.com\/avatar\/3190a6a6c5e1b0327500f7d6c56b6242472ee6cb974cf09b401ee6b3b0798f23?s=96&d=mm&r=g","contentUrl":"https:\/\/secure.gravatar.com\/avatar\/3190a6a6c5e1b0327500f7d6c56b6242472ee6cb974cf09b401ee6b3b0798f23?s=96&d=mm&r=g","caption":"Raffy Ben\u00edtez"},"url":"https:\/\/conexion23.com\/?author=15"}]}},"_links":{"self":[{"href":"https:\/\/conexion23.com\/index.php?rest_route=\/wp\/v2\/posts\/32441","targetHints":{"allow":["GET"]}}],"collection":[{"href":"https:\/\/conexion23.com\/index.php?rest_route=\/wp\/v2\/posts"}],"about":[{"href":"https:\/\/conexion23.com\/index.php?rest_route=\/wp\/v2\/types\/post"}],"author":[{"embeddable":true,"href":"https:\/\/conexion23.com\/index.php?rest_route=\/wp\/v2\/users\/15"}],"replies":[{"embeddable":true,"href":"https:\/\/conexion23.com\/index.php?rest_route=%2Fwp%2Fv2%2Fcomments&post=32441"}],"version-history":[{"count":1,"href":"https:\/\/conexion23.com\/index.php?rest_route=\/wp\/v2\/posts\/32441\/revisions"}],"predecessor-version":[{"id":32443,"href":"https:\/\/conexion23.com\/index.php?rest_route=\/wp\/v2\/posts\/32441\/revisions\/32443"}],"wp:featuredmedia":[{"embeddable":true,"href":"https:\/\/conexion23.com\/index.php?rest_route=\/wp\/v2\/media\/32442"}],"wp:attachment":[{"href":"https:\/\/conexion23.com\/index.php?rest_route=%2Fwp%2Fv2%2Fmedia&parent=32441"}],"wp:term":[{"taxonomy":"category","embeddable":true,"href":"https:\/\/conexion23.com\/index.php?rest_route=%2Fwp%2Fv2%2Fcategories&post=32441"},{"taxonomy":"post_tag","embeddable":true,"href":"https:\/\/conexion23.com\/index.php?rest_route=%2Fwp%2Fv2%2Ftags&post=32441"}],"curies":[{"name":"wp","href":"https:\/\/api.w.org\/{rel}","templated":true}]}}