{"id":32456,"date":"2024-09-09T07:49:51","date_gmt":"2024-09-09T11:49:51","guid":{"rendered":"https:\/\/conexion23.com\/?p=32456"},"modified":"2024-09-09T07:49:53","modified_gmt":"2024-09-09T11:49:53","slug":"capitan-del-ejercito-es-asesinado-a-tiros-por-desconocidos","status":"publish","type":"post","link":"https:\/\/conexion23.com\/?p=32456","title":{"rendered":"Capit\u00e1n del ej\u00e9rcito es asesinado a tiros por desconocidos."},"content":{"rendered":"\n<p>El capit\u00e1n del Ej\u00e9rcito Nacional,\u00a0<strong>Alberto de la Rosa Do\u00f1\u00e9<\/strong>, fallecio tras recibir varios impactos de bala en la cabeza y la espalda por parte de desconocidos que inmediatamente huyeron de la escena.\u00a0<\/p>\n\n\n\n<p>De la Rosa Do\u00f1\u00e9, quien prestaba servicios en la artiller\u00eda de las Fuerzas Armadas, fue asesinado en un hecho a\u00fan no esclarecido.<\/p>\n\n\n\n<p>Oficiales del Departamento de Investigaci\u00f3n Criminal (DICRIM) est\u00e1n investigando a fondo este incidente.&nbsp;<\/p>\n\n\n\n<p>Un chofer identificado como Mendy, quien supuestamente auxili\u00f3 a la victima, se encuentra bajo investigaci\u00f3n para esclarecer su posible participaci\u00f3n o conocimiento de lo ocurrido.<\/p>\n\n\n\n<p>El suceso ha generado diversas versiones en la comunidad de Cambita Garabitos, pero hasta el momento, los familiares del capit\u00e1n no han emitido declaraciones oficiales sobre el hecho. Las autoridades contin\u00faan trabajando para esclarecer las circunstancias del crimen y dar con los responsables.<\/p>\n","protected":false},"excerpt":{"rendered":"<p>El capit\u00e1n del Ej\u00e9rcito Nacional,\u00a0Alberto de la Rosa Do\u00f1\u00e9, fallecio tras recibir varios impactos de bala en la cabeza y la espalda por parte de desconocidos que inmediatamente huyeron de la escena.\u00a0 De la Rosa Do\u00f1\u00e9, quien prestaba servicios en la artiller\u00eda de las Fuerzas Armadas, fue asesinado en un hecho a\u00fan no esclarecido. Oficiales [&hellip;]<\/p>\n","protected":false},"author":15,"featured_media":32457,"comment_status":"open","ping_status":"open","sticky":false,"template":"","format":"standard","meta":{"footnotes":""},"categories":[1],"tags":[],"class_list":{"0":"post-32456","1":"post","2":"type-post","3":"status-publish","4":"format-standard","5":"has-post-thumbnail","7":"category-uncategorized"},"yoast_head":"<!-- This site is optimized with the Yoast SEO plugin v27.1.1 - https:\/\/yoast.com\/product\/yoast-seo-wordpress\/ -->\n<title>Capit\u00e1n del ej\u00e9rcito es asesinado a tiros por desconocidos. - Conexi\u00f3n 23<\/title>\n<meta name=\"robots\" content=\"index, follow, max-snippet:-1, max-image-preview:large, max-video-preview:-1\" \/>\n<link rel=\"canonical\" href=\"http:\/\/conexion23.com\/?p=32456\" \/>\n<meta property=\"og:locale\" content=\"es_ES\" \/>\n<meta property=\"og:type\" content=\"article\" \/>\n<meta property=\"og:title\" content=\"Capit\u00e1n del ej\u00e9rcito es asesinado a tiros por desconocidos. - Conexi\u00f3n 23\" \/>\n<meta property=\"og:description\" content=\"El capit\u00e1n del Ej\u00e9rcito Nacional,\u00a0Alberto de la Rosa Do\u00f1\u00e9, fallecio tras recibir varios impactos de bala en la cabeza y la espalda por parte de desconocidos que inmediatamente huyeron de la escena.\u00a0 De la Rosa Do\u00f1\u00e9, quien prestaba servicios en la artiller\u00eda de las Fuerzas Armadas, fue asesinado en un hecho a\u00fan no esclarecido. Oficiales [&hellip;]\" \/>\n<meta property=\"og:url\" content=\"http:\/\/conexion23.com\/?p=32456\" \/>\n<meta property=\"og:site_name\" content=\"Conexi\u00f3n 23\" \/>\n<meta property=\"article:publisher\" content=\"https:\/\/www.facebook.com\/conexion23com\" \/>\n<meta property=\"article:published_time\" content=\"2024-09-09T11:49:51+00:00\" \/>\n<meta property=\"article:modified_time\" content=\"2024-09-09T11:49:53+00:00\" \/>\n<meta property=\"og:image\" content=\"http:\/\/conexion23.com\/wp-content\/uploads\/2024\/09\/0-66ddc9355259c.webp\" \/>\n\t<meta property=\"og:image:width\" content=\"936\" \/>\n\t<meta property=\"og:image:height\" content=\"914\" \/>\n\t<meta property=\"og:image:type\" content=\"image\/webp\" \/>\n<meta name=\"author\" content=\"Raffy Ben\u00edtez\" \/>\n<meta name=\"twitter:card\" content=\"summary_large_image\" \/>\n<meta name=\"twitter:label1\" content=\"Escrito por\" \/>\n\t<meta name=\"twitter:data1\" content=\"Raffy Ben\u00edtez\" \/>\n\t<meta name=\"twitter:label2\" content=\"Tiempo de lectura\" \/>\n\t<meta name=\"twitter:data2\" content=\"1 minuto\" \/>\n<script type=\"application\/ld+json\" class=\"yoast-schema-graph\">{\"@context\":\"https:\/\/schema.org\",\"@graph\":[{\"@type\":\"Article\",\"@id\":\"http:\/\/conexion23.com\/?p=32456#article\",\"isPartOf\":{\"@id\":\"http:\/\/conexion23.com\/?p=32456\"},\"author\":{\"name\":\"Raffy Ben\u00edtez\",\"@id\":\"https:\/\/conexion23.com\/#\/schema\/person\/03e36043331117e97a373299bbcd30a6\"},\"headline\":\"Capit\u00e1n del ej\u00e9rcito es asesinado a tiros por desconocidos.\",\"datePublished\":\"2024-09-09T11:49:51+00:00\",\"dateModified\":\"2024-09-09T11:49:53+00:00\",\"mainEntityOfPage\":{\"@id\":\"http:\/\/conexion23.com\/?p=32456\"},\"wordCount\":158,\"commentCount\":0,\"publisher\":{\"@id\":\"https:\/\/conexion23.com\/#organization\"},\"image\":{\"@id\":\"http:\/\/conexion23.com\/?p=32456#primaryimage\"},\"thumbnailUrl\":\"https:\/\/conexion23.com\/wp-content\/uploads\/2024\/09\/0-66ddc9355259c.webp\",\"articleSection\":[\"Uncategorized\"],\"inLanguage\":\"es\",\"potentialAction\":[{\"@type\":\"CommentAction\",\"name\":\"Comment\",\"target\":[\"http:\/\/conexion23.com\/?p=32456#respond\"]}]},{\"@type\":\"WebPage\",\"@id\":\"http:\/\/conexion23.com\/?p=32456\",\"url\":\"http:\/\/conexion23.com\/?p=32456\",\"name\":\"Capit\u00e1n del ej\u00e9rcito es asesinado a tiros por desconocidos. - Conexi\u00f3n 23\",\"isPartOf\":{\"@id\":\"https:\/\/conexion23.com\/#website\"},\"primaryImageOfPage\":{\"@id\":\"http:\/\/conexion23.com\/?p=32456#primaryimage\"},\"image\":{\"@id\":\"http:\/\/conexion23.com\/?p=32456#primaryimage\"},\"thumbnailUrl\":\"https:\/\/conexion23.com\/wp-content\/uploads\/2024\/09\/0-66ddc9355259c.webp\",\"datePublished\":\"2024-09-09T11:49:51+00:00\",\"dateModified\":\"2024-09-09T11:49:53+00:00\",\"breadcrumb\":{\"@id\":\"http:\/\/conexion23.com\/?p=32456#breadcrumb\"},\"inLanguage\":\"es\",\"potentialAction\":[{\"@type\":\"ReadAction\",\"target\":[\"http:\/\/conexion23.com\/?p=32456\"]}]},{\"@type\":\"ImageObject\",\"inLanguage\":\"es\",\"@id\":\"http:\/\/conexion23.com\/?p=32456#primaryimage\",\"url\":\"https:\/\/conexion23.com\/wp-content\/uploads\/2024\/09\/0-66ddc9355259c.webp\",\"contentUrl\":\"https:\/\/conexion23.com\/wp-content\/uploads\/2024\/09\/0-66ddc9355259c.webp\",\"width\":936,\"height\":914},{\"@type\":\"BreadcrumbList\",\"@id\":\"http:\/\/conexion23.com\/?p=32456#breadcrumb\",\"itemListElement\":[{\"@type\":\"ListItem\",\"position\":1,\"name\":\"Portada\",\"item\":\"https:\/\/conexion23.com\/\"},{\"@type\":\"ListItem\",\"position\":2,\"name\":\"Capit\u00e1n del ej\u00e9rcito es asesinado a tiros por desconocidos.\"}]},{\"@type\":\"WebSite\",\"@id\":\"https:\/\/conexion23.com\/#website\",\"url\":\"https:\/\/conexion23.com\/\",\"name\":\"Conexi\u00f3n 23\",\"description\":\"Peri\u00f3dico 100% Petromacorisano\",\"publisher\":{\"@id\":\"https:\/\/conexion23.com\/#organization\"},\"potentialAction\":[{\"@type\":\"SearchAction\",\"target\":{\"@type\":\"EntryPoint\",\"urlTemplate\":\"https:\/\/conexion23.com\/?s={search_term_string}\"},\"query-input\":{\"@type\":\"PropertyValueSpecification\",\"valueRequired\":true,\"valueName\":\"search_term_string\"}}],\"inLanguage\":\"es\"},{\"@type\":\"Organization\",\"@id\":\"https:\/\/conexion23.com\/#organization\",\"name\":\"Conexion 23\",\"url\":\"https:\/\/conexion23.com\/\",\"logo\":{\"@type\":\"ImageObject\",\"inLanguage\":\"es\",\"@id\":\"https:\/\/conexion23.com\/#\/schema\/logo\/image\/\",\"url\":\"https:\/\/conexion23.com\/wp-content\/uploads\/2021\/11\/Diseno-sin-titulo-2.png\",\"contentUrl\":\"https:\/\/conexion23.com\/wp-content\/uploads\/2021\/11\/Diseno-sin-titulo-2.png\",\"width\":541,\"height\":90,\"caption\":\"Conexion 23\"},\"image\":{\"@id\":\"https:\/\/conexion23.com\/#\/schema\/logo\/image\/\"},\"sameAs\":[\"https:\/\/www.facebook.com\/conexion23com\",\"https:\/\/www.instagram.com\/conexion23com\/\",\"https:\/\/www.youtube.com\/channel\/UCYc7vxxFZMYLIHNsHHxPZ3Q\"]},{\"@type\":\"Person\",\"@id\":\"https:\/\/conexion23.com\/#\/schema\/person\/03e36043331117e97a373299bbcd30a6\",\"name\":\"Raffy Ben\u00edtez\",\"image\":{\"@type\":\"ImageObject\",\"inLanguage\":\"es\",\"@id\":\"https:\/\/conexion23.com\/#\/schema\/person\/image\/\",\"url\":\"https:\/\/secure.gravatar.com\/avatar\/3190a6a6c5e1b0327500f7d6c56b6242472ee6cb974cf09b401ee6b3b0798f23?s=96&d=mm&r=g\",\"contentUrl\":\"https:\/\/secure.gravatar.com\/avatar\/3190a6a6c5e1b0327500f7d6c56b6242472ee6cb974cf09b401ee6b3b0798f23?s=96&d=mm&r=g\",\"caption\":\"Raffy Ben\u00edtez\"},\"url\":\"https:\/\/conexion23.com\/?author=15\"}]}<\/script>\n<!-- \/ Yoast SEO plugin. -->","yoast_head_json":{"title":"Capit\u00e1n del ej\u00e9rcito es asesinado a tiros por desconocidos. - Conexi\u00f3n 23","robots":{"index":"index","follow":"follow","max-snippet":"max-snippet:-1","max-image-preview":"max-image-preview:large","max-video-preview":"max-video-preview:-1"},"canonical":"http:\/\/conexion23.com\/?p=32456","og_locale":"es_ES","og_type":"article","og_title":"Capit\u00e1n del ej\u00e9rcito es asesinado a tiros por desconocidos. - Conexi\u00f3n 23","og_description":"El capit\u00e1n del Ej\u00e9rcito Nacional,\u00a0Alberto de la Rosa Do\u00f1\u00e9, fallecio tras recibir varios impactos de bala en la cabeza y la espalda por parte de desconocidos que inmediatamente huyeron de la escena.\u00a0 De la Rosa Do\u00f1\u00e9, quien prestaba servicios en la artiller\u00eda de las Fuerzas Armadas, fue asesinado en un hecho a\u00fan no esclarecido. Oficiales [&hellip;]","og_url":"http:\/\/conexion23.com\/?p=32456","og_site_name":"Conexi\u00f3n 23","article_publisher":"https:\/\/www.facebook.com\/conexion23com","article_published_time":"2024-09-09T11:49:51+00:00","article_modified_time":"2024-09-09T11:49:53+00:00","og_image":[{"width":936,"height":914,"url":"http:\/\/conexion23.com\/wp-content\/uploads\/2024\/09\/0-66ddc9355259c.webp","type":"image\/webp"}],"author":"Raffy Ben\u00edtez","twitter_card":"summary_large_image","twitter_misc":{"Escrito por":"Raffy Ben\u00edtez","Tiempo de lectura":"1 minuto"},"schema":{"@context":"https:\/\/schema.org","@graph":[{"@type":"Article","@id":"http:\/\/conexion23.com\/?p=32456#article","isPartOf":{"@id":"http:\/\/conexion23.com\/?p=32456"},"author":{"name":"Raffy Ben\u00edtez","@id":"https:\/\/conexion23.com\/#\/schema\/person\/03e36043331117e97a373299bbcd30a6"},"headline":"Capit\u00e1n del ej\u00e9rcito es asesinado a tiros por desconocidos.","datePublished":"2024-09-09T11:49:51+00:00","dateModified":"2024-09-09T11:49:53+00:00","mainEntityOfPage":{"@id":"http:\/\/conexion23.com\/?p=32456"},"wordCount":158,"commentCount":0,"publisher":{"@id":"https:\/\/conexion23.com\/#organization"},"image":{"@id":"http:\/\/conexion23.com\/?p=32456#primaryimage"},"thumbnailUrl":"https:\/\/conexion23.com\/wp-content\/uploads\/2024\/09\/0-66ddc9355259c.webp","articleSection":["Uncategorized"],"inLanguage":"es","potentialAction":[{"@type":"CommentAction","name":"Comment","target":["http:\/\/conexion23.com\/?p=32456#respond"]}]},{"@type":"WebPage","@id":"http:\/\/conexion23.com\/?p=32456","url":"http:\/\/conexion23.com\/?p=32456","name":"Capit\u00e1n del ej\u00e9rcito es asesinado a tiros por desconocidos. - Conexi\u00f3n 23","isPartOf":{"@id":"https:\/\/conexion23.com\/#website"},"primaryImageOfPage":{"@id":"http:\/\/conexion23.com\/?p=32456#primaryimage"},"image":{"@id":"http:\/\/conexion23.com\/?p=32456#primaryimage"},"thumbnailUrl":"https:\/\/conexion23.com\/wp-content\/uploads\/2024\/09\/0-66ddc9355259c.webp","datePublished":"2024-09-09T11:49:51+00:00","dateModified":"2024-09-09T11:49:53+00:00","breadcrumb":{"@id":"http:\/\/conexion23.com\/?p=32456#breadcrumb"},"inLanguage":"es","potentialAction":[{"@type":"ReadAction","target":["http:\/\/conexion23.com\/?p=32456"]}]},{"@type":"ImageObject","inLanguage":"es","@id":"http:\/\/conexion23.com\/?p=32456#primaryimage","url":"https:\/\/conexion23.com\/wp-content\/uploads\/2024\/09\/0-66ddc9355259c.webp","contentUrl":"https:\/\/conexion23.com\/wp-content\/uploads\/2024\/09\/0-66ddc9355259c.webp","width":936,"height":914},{"@type":"BreadcrumbList","@id":"http:\/\/conexion23.com\/?p=32456#breadcrumb","itemListElement":[{"@type":"ListItem","position":1,"name":"Portada","item":"https:\/\/conexion23.com\/"},{"@type":"ListItem","position":2,"name":"Capit\u00e1n del ej\u00e9rcito es asesinado a tiros por desconocidos."}]},{"@type":"WebSite","@id":"https:\/\/conexion23.com\/#website","url":"https:\/\/conexion23.com\/","name":"Conexi\u00f3n 23","description":"Peri\u00f3dico 100% Petromacorisano","publisher":{"@id":"https:\/\/conexion23.com\/#organization"},"potentialAction":[{"@type":"SearchAction","target":{"@type":"EntryPoint","urlTemplate":"https:\/\/conexion23.com\/?s={search_term_string}"},"query-input":{"@type":"PropertyValueSpecification","valueRequired":true,"valueName":"search_term_string"}}],"inLanguage":"es"},{"@type":"Organization","@id":"https:\/\/conexion23.com\/#organization","name":"Conexion 23","url":"https:\/\/conexion23.com\/","logo":{"@type":"ImageObject","inLanguage":"es","@id":"https:\/\/conexion23.com\/#\/schema\/logo\/image\/","url":"https:\/\/conexion23.com\/wp-content\/uploads\/2021\/11\/Diseno-sin-titulo-2.png","contentUrl":"https:\/\/conexion23.com\/wp-content\/uploads\/2021\/11\/Diseno-sin-titulo-2.png","width":541,"height":90,"caption":"Conexion 23"},"image":{"@id":"https:\/\/conexion23.com\/#\/schema\/logo\/image\/"},"sameAs":["https:\/\/www.facebook.com\/conexion23com","https:\/\/www.instagram.com\/conexion23com\/","https:\/\/www.youtube.com\/channel\/UCYc7vxxFZMYLIHNsHHxPZ3Q"]},{"@type":"Person","@id":"https:\/\/conexion23.com\/#\/schema\/person\/03e36043331117e97a373299bbcd30a6","name":"Raffy Ben\u00edtez","image":{"@type":"ImageObject","inLanguage":"es","@id":"https:\/\/conexion23.com\/#\/schema\/person\/image\/","url":"https:\/\/secure.gravatar.com\/avatar\/3190a6a6c5e1b0327500f7d6c56b6242472ee6cb974cf09b401ee6b3b0798f23?s=96&d=mm&r=g","contentUrl":"https:\/\/secure.gravatar.com\/avatar\/3190a6a6c5e1b0327500f7d6c56b6242472ee6cb974cf09b401ee6b3b0798f23?s=96&d=mm&r=g","caption":"Raffy Ben\u00edtez"},"url":"https:\/\/conexion23.com\/?author=15"}]}},"_links":{"self":[{"href":"https:\/\/conexion23.com\/index.php?rest_route=\/wp\/v2\/posts\/32456","targetHints":{"allow":["GET"]}}],"collection":[{"href":"https:\/\/conexion23.com\/index.php?rest_route=\/wp\/v2\/posts"}],"about":[{"href":"https:\/\/conexion23.com\/index.php?rest_route=\/wp\/v2\/types\/post"}],"author":[{"embeddable":true,"href":"https:\/\/conexion23.com\/index.php?rest_route=\/wp\/v2\/users\/15"}],"replies":[{"embeddable":true,"href":"https:\/\/conexion23.com\/index.php?rest_route=%2Fwp%2Fv2%2Fcomments&post=32456"}],"version-history":[{"count":1,"href":"https:\/\/conexion23.com\/index.php?rest_route=\/wp\/v2\/posts\/32456\/revisions"}],"predecessor-version":[{"id":32458,"href":"https:\/\/conexion23.com\/index.php?rest_route=\/wp\/v2\/posts\/32456\/revisions\/32458"}],"wp:featuredmedia":[{"embeddable":true,"href":"https:\/\/conexion23.com\/index.php?rest_route=\/wp\/v2\/media\/32457"}],"wp:attachment":[{"href":"https:\/\/conexion23.com\/index.php?rest_route=%2Fwp%2Fv2%2Fmedia&parent=32456"}],"wp:term":[{"taxonomy":"category","embeddable":true,"href":"https:\/\/conexion23.com\/index.php?rest_route=%2Fwp%2Fv2%2Fcategories&post=32456"},{"taxonomy":"post_tag","embeddable":true,"href":"https:\/\/conexion23.com\/index.php?rest_route=%2Fwp%2Fv2%2Ftags&post=32456"}],"curies":[{"name":"wp","href":"https:\/\/api.w.org\/{rel}","templated":true}]}}