{"id":32462,"date":"2024-09-09T08:12:46","date_gmt":"2024-09-09T12:12:46","guid":{"rendered":"https:\/\/conexion23.com\/?p=32462"},"modified":"2024-09-09T08:12:47","modified_gmt":"2024-09-09T12:12:47","slug":"salon-de-la-fama-del-deporte-petromacorisano-exalta-a-8-nuevos-inmortales","status":"publish","type":"post","link":"https:\/\/conexion23.com\/?p=32462","title":{"rendered":"Sal\u00f3n de la Fama del deporte petromacorisano exalta a 8 nuevos inmortales."},"content":{"rendered":"\n<p>En un emotivo ceremonial, el Sal\u00f3n de la Fama del Deporte Petromacorisano elev\u00f3 a la inmortalidad a ocho destacados deportistas y propulsores, en reconocimiento a sus contribuciones al deporte en San Pedro de Macor\u00eds y al pa\u00eds. El evento, que celebr\u00f3 su decimocuarta edici\u00f3n, honr\u00f3 a figuras que han dejado una huella imborrable en el deporte dominicano.<\/p>\n\n\n\n<p>Los exaltados en esta ocasi\u00f3n fueron: &nbsp;<\/p>\n\n\n\n<p>&#8211; **Yuderqui Contreras** (levantamiento de pesas) &nbsp;<\/p>\n\n\n\n<p>&#8211; **Kelvin de Le\u00f3n Castro** (balonmano) &nbsp;<\/p>\n\n\n\n<p>&#8211; **Juli\u00e1n Heredia** (b\u00e9isbol profesional) &nbsp;<\/p>\n\n\n\n<p>&#8211; **George O&#8217;Reilly** (b\u00e9isbol amateur) &nbsp;<\/p>\n\n\n\n<p>&#8211; **Ariel Antonio P\u00e9rez Ubiera** (propulsor deportivo) &nbsp;<\/p>\n\n\n\n<p>&#8211; **Yasm\u00edn Rodr\u00edguez Javier** (atletismo) &nbsp;<\/p>\n\n\n\n<p>&#8211; **B\u00e1rbara Santos Ram\u00edrez** (baloncesto) &nbsp;<\/p>\n\n\n\n<p>&#8211; **Maribel Silvestre de la Cruz** (atletismo)<\/p>\n\n\n\n<p>El acto fue dirigido por Luis Manuel Aguil\u00f3, quien actu\u00f3 como presidente de honor del ceremonial. Durante la actividad, se rindi\u00f3 un reconocimiento especial al locutor Anthony Richardson por sus a\u00f1os de servicio como presentador oficial del evento, destacando sus aportes a la difusi\u00f3n del deporte en la provincia.<\/p>\n\n\n\n<p>El comit\u00e9 permanente del Sal\u00f3n de la Fama est\u00e1 compuesto por Reymundo Gantier, Joaqu\u00edn Albizu, Daniel Javier, Euclides Javier, Rafael de Pe\u00f1a, Jos\u00e9 Manuel Glass Guti\u00e9rrez, Omar Cepeda, Domingo de la Cruz, Miguel \u00c1ngel Reyes, Karina Gonz\u00e1lez y Miguel Morales, quienes estuvieron presentes para la ceremonia.<\/p>\n\n\n\n<p>Entre las autoridades que asistieron al evento se encontraron la gobernadora Yovanis Baltazar, la senadora Aracelis Villanueva, el alcalde Raymundo Ortiz, el vicepresidente de Seguros Reservas, Dr. Nelson Arroyo, y el presidente del Comit\u00e9 Ol\u00edmpico, Garibaldi Bautista. Tambi\u00e9n asistieron los diputados Alcib\u00edades Tav\u00e1rez y Luis G\u00f3mez, el presidente de la Sala Capitular, Francisco Fr\u00edas, y el general Wandy Mad\u00e9, junto a otros invitados especiales.<\/p>\n\n\n\n<p>La representaci\u00f3n de la prensa estuvo encabezada por Nancy Santana, presidenta de la Asociaci\u00f3n de Cronistas Deportivos de la provincia. Durante la actividad, se dedic\u00f3 un reconocimiento a la empresa C\u00e9sar Iglesias por sus valiosos aportes al deporte en San Pedro de Macor\u00eds.<\/p>\n\n\n\n<p>En un gesto especial, el alcalde Raymundo Ortiz entreg\u00f3 las llaves de un espacio destinado a las oficinas del Sal\u00f3n de la Fama del Deporte Petromacorisano, consolidando as\u00ed su lugar en la historia deportiva de la provincia.<\/p>\n\n\n\n<p>Al final del evento, se anunci\u00f3 que el pr\u00f3ximo presidente del Sal\u00f3n de la Fama ser\u00e1 el Dr. Nelson Arroyo, quien tomar\u00e1 el relevo para la siguiente edici\u00f3n del ceremonial.<\/p>\n","protected":false},"excerpt":{"rendered":"<p>En un emotivo ceremonial, el Sal\u00f3n de la Fama del Deporte Petromacorisano elev\u00f3 a la inmortalidad a ocho destacados deportistas y propulsores, en reconocimiento a sus contribuciones al deporte en San Pedro de Macor\u00eds y al pa\u00eds. El evento, que celebr\u00f3 su decimocuarta edici\u00f3n, honr\u00f3 a figuras que han dejado una huella imborrable en el [&hellip;]<\/p>\n","protected":false},"author":15,"featured_media":32463,"comment_status":"open","ping_status":"open","sticky":false,"template":"","format":"standard","meta":{"footnotes":""},"categories":[35],"tags":[],"class_list":{"0":"post-32462","1":"post","2":"type-post","3":"status-publish","4":"format-standard","5":"has-post-thumbnail","7":"category-spm"},"yoast_head":"<!-- This site is optimized with the Yoast SEO plugin v27.1.1 - https:\/\/yoast.com\/product\/yoast-seo-wordpress\/ -->\n<title>Sal\u00f3n de la Fama del deporte petromacorisano exalta a 8 nuevos inmortales. - Conexi\u00f3n 23<\/title>\n<meta name=\"robots\" content=\"index, follow, max-snippet:-1, max-image-preview:large, max-video-preview:-1\" \/>\n<link rel=\"canonical\" href=\"http:\/\/conexion23.com\/?p=32462\" \/>\n<meta property=\"og:locale\" content=\"es_ES\" \/>\n<meta property=\"og:type\" content=\"article\" \/>\n<meta property=\"og:title\" content=\"Sal\u00f3n de la Fama del deporte petromacorisano exalta a 8 nuevos inmortales. - Conexi\u00f3n 23\" \/>\n<meta property=\"og:description\" content=\"En un emotivo ceremonial, el Sal\u00f3n de la Fama del Deporte Petromacorisano elev\u00f3 a la inmortalidad a ocho destacados deportistas y propulsores, en reconocimiento a sus contribuciones al deporte en San Pedro de Macor\u00eds y al pa\u00eds. El evento, que celebr\u00f3 su decimocuarta edici\u00f3n, honr\u00f3 a figuras que han dejado una huella imborrable en el [&hellip;]\" \/>\n<meta property=\"og:url\" content=\"http:\/\/conexion23.com\/?p=32462\" \/>\n<meta property=\"og:site_name\" content=\"Conexi\u00f3n 23\" \/>\n<meta property=\"article:publisher\" content=\"https:\/\/www.facebook.com\/conexion23com\" \/>\n<meta property=\"article:published_time\" content=\"2024-09-09T12:12:46+00:00\" \/>\n<meta property=\"article:modified_time\" content=\"2024-09-09T12:12:47+00:00\" \/>\n<meta property=\"og:image\" content=\"http:\/\/conexion23.com\/wp-content\/uploads\/2024\/09\/IMG_4896.jpeg\" \/>\n\t<meta property=\"og:image:width\" content=\"320\" \/>\n\t<meta property=\"og:image:height\" content=\"240\" \/>\n\t<meta property=\"og:image:type\" content=\"image\/jpeg\" \/>\n<meta name=\"author\" content=\"Raffy Ben\u00edtez\" \/>\n<meta name=\"twitter:card\" content=\"summary_large_image\" \/>\n<meta name=\"twitter:label1\" content=\"Escrito por\" \/>\n\t<meta name=\"twitter:data1\" content=\"Raffy Ben\u00edtez\" \/>\n\t<meta name=\"twitter:label2\" content=\"Tiempo de lectura\" \/>\n\t<meta name=\"twitter:data2\" content=\"2 minutos\" \/>\n<script type=\"application\/ld+json\" class=\"yoast-schema-graph\">{\"@context\":\"https:\/\/schema.org\",\"@graph\":[{\"@type\":\"Article\",\"@id\":\"http:\/\/conexion23.com\/?p=32462#article\",\"isPartOf\":{\"@id\":\"http:\/\/conexion23.com\/?p=32462\"},\"author\":{\"name\":\"Raffy Ben\u00edtez\",\"@id\":\"https:\/\/conexion23.com\/#\/schema\/person\/03e36043331117e97a373299bbcd30a6\"},\"headline\":\"Sal\u00f3n de la Fama del deporte petromacorisano exalta a 8 nuevos inmortales.\",\"datePublished\":\"2024-09-09T12:12:46+00:00\",\"dateModified\":\"2024-09-09T12:12:47+00:00\",\"mainEntityOfPage\":{\"@id\":\"http:\/\/conexion23.com\/?p=32462\"},\"wordCount\":434,\"commentCount\":0,\"publisher\":{\"@id\":\"https:\/\/conexion23.com\/#organization\"},\"image\":{\"@id\":\"http:\/\/conexion23.com\/?p=32462#primaryimage\"},\"thumbnailUrl\":\"https:\/\/conexion23.com\/wp-content\/uploads\/2024\/09\/IMG_4896.jpeg\",\"articleSection\":[\"SPM\"],\"inLanguage\":\"es\",\"potentialAction\":[{\"@type\":\"CommentAction\",\"name\":\"Comment\",\"target\":[\"http:\/\/conexion23.com\/?p=32462#respond\"]}]},{\"@type\":\"WebPage\",\"@id\":\"http:\/\/conexion23.com\/?p=32462\",\"url\":\"http:\/\/conexion23.com\/?p=32462\",\"name\":\"Sal\u00f3n de la Fama del deporte petromacorisano exalta a 8 nuevos inmortales. - Conexi\u00f3n 23\",\"isPartOf\":{\"@id\":\"https:\/\/conexion23.com\/#website\"},\"primaryImageOfPage\":{\"@id\":\"http:\/\/conexion23.com\/?p=32462#primaryimage\"},\"image\":{\"@id\":\"http:\/\/conexion23.com\/?p=32462#primaryimage\"},\"thumbnailUrl\":\"https:\/\/conexion23.com\/wp-content\/uploads\/2024\/09\/IMG_4896.jpeg\",\"datePublished\":\"2024-09-09T12:12:46+00:00\",\"dateModified\":\"2024-09-09T12:12:47+00:00\",\"breadcrumb\":{\"@id\":\"http:\/\/conexion23.com\/?p=32462#breadcrumb\"},\"inLanguage\":\"es\",\"potentialAction\":[{\"@type\":\"ReadAction\",\"target\":[\"http:\/\/conexion23.com\/?p=32462\"]}]},{\"@type\":\"ImageObject\",\"inLanguage\":\"es\",\"@id\":\"http:\/\/conexion23.com\/?p=32462#primaryimage\",\"url\":\"https:\/\/conexion23.com\/wp-content\/uploads\/2024\/09\/IMG_4896.jpeg\",\"contentUrl\":\"https:\/\/conexion23.com\/wp-content\/uploads\/2024\/09\/IMG_4896.jpeg\",\"width\":320,\"height\":240},{\"@type\":\"BreadcrumbList\",\"@id\":\"http:\/\/conexion23.com\/?p=32462#breadcrumb\",\"itemListElement\":[{\"@type\":\"ListItem\",\"position\":1,\"name\":\"Portada\",\"item\":\"https:\/\/conexion23.com\/\"},{\"@type\":\"ListItem\",\"position\":2,\"name\":\"Sal\u00f3n de la Fama del deporte petromacorisano exalta a 8 nuevos inmortales.\"}]},{\"@type\":\"WebSite\",\"@id\":\"https:\/\/conexion23.com\/#website\",\"url\":\"https:\/\/conexion23.com\/\",\"name\":\"Conexi\u00f3n 23\",\"description\":\"Peri\u00f3dico 100% Petromacorisano\",\"publisher\":{\"@id\":\"https:\/\/conexion23.com\/#organization\"},\"potentialAction\":[{\"@type\":\"SearchAction\",\"target\":{\"@type\":\"EntryPoint\",\"urlTemplate\":\"https:\/\/conexion23.com\/?s={search_term_string}\"},\"query-input\":{\"@type\":\"PropertyValueSpecification\",\"valueRequired\":true,\"valueName\":\"search_term_string\"}}],\"inLanguage\":\"es\"},{\"@type\":\"Organization\",\"@id\":\"https:\/\/conexion23.com\/#organization\",\"name\":\"Conexion 23\",\"url\":\"https:\/\/conexion23.com\/\",\"logo\":{\"@type\":\"ImageObject\",\"inLanguage\":\"es\",\"@id\":\"https:\/\/conexion23.com\/#\/schema\/logo\/image\/\",\"url\":\"https:\/\/conexion23.com\/wp-content\/uploads\/2021\/11\/Diseno-sin-titulo-2.png\",\"contentUrl\":\"https:\/\/conexion23.com\/wp-content\/uploads\/2021\/11\/Diseno-sin-titulo-2.png\",\"width\":541,\"height\":90,\"caption\":\"Conexion 23\"},\"image\":{\"@id\":\"https:\/\/conexion23.com\/#\/schema\/logo\/image\/\"},\"sameAs\":[\"https:\/\/www.facebook.com\/conexion23com\",\"https:\/\/www.instagram.com\/conexion23com\/\",\"https:\/\/www.youtube.com\/channel\/UCYc7vxxFZMYLIHNsHHxPZ3Q\"]},{\"@type\":\"Person\",\"@id\":\"https:\/\/conexion23.com\/#\/schema\/person\/03e36043331117e97a373299bbcd30a6\",\"name\":\"Raffy Ben\u00edtez\",\"image\":{\"@type\":\"ImageObject\",\"inLanguage\":\"es\",\"@id\":\"https:\/\/conexion23.com\/#\/schema\/person\/image\/\",\"url\":\"https:\/\/secure.gravatar.com\/avatar\/3190a6a6c5e1b0327500f7d6c56b6242472ee6cb974cf09b401ee6b3b0798f23?s=96&d=mm&r=g\",\"contentUrl\":\"https:\/\/secure.gravatar.com\/avatar\/3190a6a6c5e1b0327500f7d6c56b6242472ee6cb974cf09b401ee6b3b0798f23?s=96&d=mm&r=g\",\"caption\":\"Raffy Ben\u00edtez\"},\"url\":\"https:\/\/conexion23.com\/?author=15\"}]}<\/script>\n<!-- \/ Yoast SEO plugin. -->","yoast_head_json":{"title":"Sal\u00f3n de la Fama del deporte petromacorisano exalta a 8 nuevos inmortales. - Conexi\u00f3n 23","robots":{"index":"index","follow":"follow","max-snippet":"max-snippet:-1","max-image-preview":"max-image-preview:large","max-video-preview":"max-video-preview:-1"},"canonical":"http:\/\/conexion23.com\/?p=32462","og_locale":"es_ES","og_type":"article","og_title":"Sal\u00f3n de la Fama del deporte petromacorisano exalta a 8 nuevos inmortales. - Conexi\u00f3n 23","og_description":"En un emotivo ceremonial, el Sal\u00f3n de la Fama del Deporte Petromacorisano elev\u00f3 a la inmortalidad a ocho destacados deportistas y propulsores, en reconocimiento a sus contribuciones al deporte en San Pedro de Macor\u00eds y al pa\u00eds. El evento, que celebr\u00f3 su decimocuarta edici\u00f3n, honr\u00f3 a figuras que han dejado una huella imborrable en el [&hellip;]","og_url":"http:\/\/conexion23.com\/?p=32462","og_site_name":"Conexi\u00f3n 23","article_publisher":"https:\/\/www.facebook.com\/conexion23com","article_published_time":"2024-09-09T12:12:46+00:00","article_modified_time":"2024-09-09T12:12:47+00:00","og_image":[{"width":320,"height":240,"url":"http:\/\/conexion23.com\/wp-content\/uploads\/2024\/09\/IMG_4896.jpeg","type":"image\/jpeg"}],"author":"Raffy Ben\u00edtez","twitter_card":"summary_large_image","twitter_misc":{"Escrito por":"Raffy Ben\u00edtez","Tiempo de lectura":"2 minutos"},"schema":{"@context":"https:\/\/schema.org","@graph":[{"@type":"Article","@id":"http:\/\/conexion23.com\/?p=32462#article","isPartOf":{"@id":"http:\/\/conexion23.com\/?p=32462"},"author":{"name":"Raffy Ben\u00edtez","@id":"https:\/\/conexion23.com\/#\/schema\/person\/03e36043331117e97a373299bbcd30a6"},"headline":"Sal\u00f3n de la Fama del deporte petromacorisano exalta a 8 nuevos inmortales.","datePublished":"2024-09-09T12:12:46+00:00","dateModified":"2024-09-09T12:12:47+00:00","mainEntityOfPage":{"@id":"http:\/\/conexion23.com\/?p=32462"},"wordCount":434,"commentCount":0,"publisher":{"@id":"https:\/\/conexion23.com\/#organization"},"image":{"@id":"http:\/\/conexion23.com\/?p=32462#primaryimage"},"thumbnailUrl":"https:\/\/conexion23.com\/wp-content\/uploads\/2024\/09\/IMG_4896.jpeg","articleSection":["SPM"],"inLanguage":"es","potentialAction":[{"@type":"CommentAction","name":"Comment","target":["http:\/\/conexion23.com\/?p=32462#respond"]}]},{"@type":"WebPage","@id":"http:\/\/conexion23.com\/?p=32462","url":"http:\/\/conexion23.com\/?p=32462","name":"Sal\u00f3n de la Fama del deporte petromacorisano exalta a 8 nuevos inmortales. - Conexi\u00f3n 23","isPartOf":{"@id":"https:\/\/conexion23.com\/#website"},"primaryImageOfPage":{"@id":"http:\/\/conexion23.com\/?p=32462#primaryimage"},"image":{"@id":"http:\/\/conexion23.com\/?p=32462#primaryimage"},"thumbnailUrl":"https:\/\/conexion23.com\/wp-content\/uploads\/2024\/09\/IMG_4896.jpeg","datePublished":"2024-09-09T12:12:46+00:00","dateModified":"2024-09-09T12:12:47+00:00","breadcrumb":{"@id":"http:\/\/conexion23.com\/?p=32462#breadcrumb"},"inLanguage":"es","potentialAction":[{"@type":"ReadAction","target":["http:\/\/conexion23.com\/?p=32462"]}]},{"@type":"ImageObject","inLanguage":"es","@id":"http:\/\/conexion23.com\/?p=32462#primaryimage","url":"https:\/\/conexion23.com\/wp-content\/uploads\/2024\/09\/IMG_4896.jpeg","contentUrl":"https:\/\/conexion23.com\/wp-content\/uploads\/2024\/09\/IMG_4896.jpeg","width":320,"height":240},{"@type":"BreadcrumbList","@id":"http:\/\/conexion23.com\/?p=32462#breadcrumb","itemListElement":[{"@type":"ListItem","position":1,"name":"Portada","item":"https:\/\/conexion23.com\/"},{"@type":"ListItem","position":2,"name":"Sal\u00f3n de la Fama del deporte petromacorisano exalta a 8 nuevos inmortales."}]},{"@type":"WebSite","@id":"https:\/\/conexion23.com\/#website","url":"https:\/\/conexion23.com\/","name":"Conexi\u00f3n 23","description":"Peri\u00f3dico 100% Petromacorisano","publisher":{"@id":"https:\/\/conexion23.com\/#organization"},"potentialAction":[{"@type":"SearchAction","target":{"@type":"EntryPoint","urlTemplate":"https:\/\/conexion23.com\/?s={search_term_string}"},"query-input":{"@type":"PropertyValueSpecification","valueRequired":true,"valueName":"search_term_string"}}],"inLanguage":"es"},{"@type":"Organization","@id":"https:\/\/conexion23.com\/#organization","name":"Conexion 23","url":"https:\/\/conexion23.com\/","logo":{"@type":"ImageObject","inLanguage":"es","@id":"https:\/\/conexion23.com\/#\/schema\/logo\/image\/","url":"https:\/\/conexion23.com\/wp-content\/uploads\/2021\/11\/Diseno-sin-titulo-2.png","contentUrl":"https:\/\/conexion23.com\/wp-content\/uploads\/2021\/11\/Diseno-sin-titulo-2.png","width":541,"height":90,"caption":"Conexion 23"},"image":{"@id":"https:\/\/conexion23.com\/#\/schema\/logo\/image\/"},"sameAs":["https:\/\/www.facebook.com\/conexion23com","https:\/\/www.instagram.com\/conexion23com\/","https:\/\/www.youtube.com\/channel\/UCYc7vxxFZMYLIHNsHHxPZ3Q"]},{"@type":"Person","@id":"https:\/\/conexion23.com\/#\/schema\/person\/03e36043331117e97a373299bbcd30a6","name":"Raffy Ben\u00edtez","image":{"@type":"ImageObject","inLanguage":"es","@id":"https:\/\/conexion23.com\/#\/schema\/person\/image\/","url":"https:\/\/secure.gravatar.com\/avatar\/3190a6a6c5e1b0327500f7d6c56b6242472ee6cb974cf09b401ee6b3b0798f23?s=96&d=mm&r=g","contentUrl":"https:\/\/secure.gravatar.com\/avatar\/3190a6a6c5e1b0327500f7d6c56b6242472ee6cb974cf09b401ee6b3b0798f23?s=96&d=mm&r=g","caption":"Raffy Ben\u00edtez"},"url":"https:\/\/conexion23.com\/?author=15"}]}},"_links":{"self":[{"href":"https:\/\/conexion23.com\/index.php?rest_route=\/wp\/v2\/posts\/32462","targetHints":{"allow":["GET"]}}],"collection":[{"href":"https:\/\/conexion23.com\/index.php?rest_route=\/wp\/v2\/posts"}],"about":[{"href":"https:\/\/conexion23.com\/index.php?rest_route=\/wp\/v2\/types\/post"}],"author":[{"embeddable":true,"href":"https:\/\/conexion23.com\/index.php?rest_route=\/wp\/v2\/users\/15"}],"replies":[{"embeddable":true,"href":"https:\/\/conexion23.com\/index.php?rest_route=%2Fwp%2Fv2%2Fcomments&post=32462"}],"version-history":[{"count":1,"href":"https:\/\/conexion23.com\/index.php?rest_route=\/wp\/v2\/posts\/32462\/revisions"}],"predecessor-version":[{"id":32464,"href":"https:\/\/conexion23.com\/index.php?rest_route=\/wp\/v2\/posts\/32462\/revisions\/32464"}],"wp:featuredmedia":[{"embeddable":true,"href":"https:\/\/conexion23.com\/index.php?rest_route=\/wp\/v2\/media\/32463"}],"wp:attachment":[{"href":"https:\/\/conexion23.com\/index.php?rest_route=%2Fwp%2Fv2%2Fmedia&parent=32462"}],"wp:term":[{"taxonomy":"category","embeddable":true,"href":"https:\/\/conexion23.com\/index.php?rest_route=%2Fwp%2Fv2%2Fcategories&post=32462"},{"taxonomy":"post_tag","embeddable":true,"href":"https:\/\/conexion23.com\/index.php?rest_route=%2Fwp%2Fv2%2Ftags&post=32462"}],"curies":[{"name":"wp","href":"https:\/\/api.w.org\/{rel}","templated":true}]}}