{"id":32576,"date":"2024-09-11T08:42:11","date_gmt":"2024-09-11T12:42:11","guid":{"rendered":"https:\/\/conexion23.com\/?p=32576"},"modified":"2024-09-11T08:42:13","modified_gmt":"2024-09-11T12:42:13","slug":"fallece-joven-tras-ser-herido-de-bala-en-santa-fe-san-pedro-de-macoris","status":"publish","type":"post","link":"https:\/\/conexion23.com\/?p=32576","title":{"rendered":"Fallece Joven Tras Ser Herido de Bala en Santa Fe, San Pedro de Macor\u00eds."},"content":{"rendered":"\n<p>Michael Jos\u00e9, un joven residente en la comunidad detr\u00e1s del cementerio de Santa Fe, falleci\u00f3 este martes en el Hospital Antonio Musa, luego de haber sido herido de bala el pasado domingo por individuos a\u00fan no identificados.<\/p>\n\n\n\n<p>El tr\u00e1gico incidente, que ha conmocionado a los residentes de Santa Fe, ocurri\u00f3 cuando Michael fue atacado por desconocidos, quienes le dispararon por razones que a\u00fan est\u00e1n bajo investigaci\u00f3n. A pesar de los esfuerzos m\u00e9dicos, el joven sucumbi\u00f3 a sus heridas.<\/p>\n\n\n\n<p>El cuerpo de Michael Jos\u00e9 reposa en la morgue del hospital a la espera de la autopsia, mientras que las autoridades locales contin\u00faan investigando el caso para dar con los responsables del ataque. La comunidad exige justicia y un mayor patrullaje para evitar futuros actos de violencia.<\/p>\n","protected":false},"excerpt":{"rendered":"<p>Michael Jos\u00e9, un joven residente en la comunidad detr\u00e1s del cementerio de Santa Fe, falleci\u00f3 este martes en el Hospital Antonio Musa, luego de haber sido herido de bala el pasado domingo por individuos a\u00fan no identificados. El tr\u00e1gico incidente, que ha conmocionado a los residentes de Santa Fe, ocurri\u00f3 cuando Michael fue atacado por [&hellip;]<\/p>\n","protected":false},"author":15,"featured_media":32577,"comment_status":"open","ping_status":"open","sticky":false,"template":"","format":"standard","meta":{"footnotes":""},"categories":[35],"tags":[],"class_list":{"0":"post-32576","1":"post","2":"type-post","3":"status-publish","4":"format-standard","5":"has-post-thumbnail","7":"category-spm"},"yoast_head":"<!-- This site is optimized with the Yoast SEO plugin v27.1.1 - https:\/\/yoast.com\/product\/yoast-seo-wordpress\/ -->\n<title>Fallece Joven Tras Ser Herido de Bala en Santa Fe, San Pedro de Macor\u00eds. - Conexi\u00f3n 23<\/title>\n<meta name=\"robots\" content=\"index, follow, max-snippet:-1, max-image-preview:large, max-video-preview:-1\" \/>\n<link rel=\"canonical\" href=\"http:\/\/conexion23.com\/?p=32576\" \/>\n<meta property=\"og:locale\" content=\"es_ES\" \/>\n<meta property=\"og:type\" content=\"article\" \/>\n<meta property=\"og:title\" content=\"Fallece Joven Tras Ser Herido de Bala en Santa Fe, San Pedro de Macor\u00eds. - Conexi\u00f3n 23\" \/>\n<meta property=\"og:description\" content=\"Michael Jos\u00e9, un joven residente en la comunidad detr\u00e1s del cementerio de Santa Fe, falleci\u00f3 este martes en el Hospital Antonio Musa, luego de haber sido herido de bala el pasado domingo por individuos a\u00fan no identificados. El tr\u00e1gico incidente, que ha conmocionado a los residentes de Santa Fe, ocurri\u00f3 cuando Michael fue atacado por [&hellip;]\" \/>\n<meta property=\"og:url\" content=\"http:\/\/conexion23.com\/?p=32576\" \/>\n<meta property=\"og:site_name\" content=\"Conexi\u00f3n 23\" \/>\n<meta property=\"article:publisher\" content=\"https:\/\/www.facebook.com\/conexion23com\" \/>\n<meta property=\"article:published_time\" content=\"2024-09-11T12:42:11+00:00\" \/>\n<meta property=\"article:modified_time\" content=\"2024-09-11T12:42:13+00:00\" \/>\n<meta property=\"og:image\" content=\"http:\/\/conexion23.com\/wp-content\/uploads\/2024\/09\/a2b29f66-e519-43d9-9e91-ec493ce6555d.jpg\" \/>\n\t<meta property=\"og:image:width\" content=\"720\" \/>\n\t<meta property=\"og:image:height\" content=\"591\" \/>\n\t<meta property=\"og:image:type\" content=\"image\/jpeg\" \/>\n<meta name=\"author\" content=\"Raffy Ben\u00edtez\" \/>\n<meta name=\"twitter:card\" content=\"summary_large_image\" \/>\n<meta name=\"twitter:label1\" content=\"Escrito por\" \/>\n\t<meta name=\"twitter:data1\" content=\"Raffy Ben\u00edtez\" \/>\n\t<meta name=\"twitter:label2\" content=\"Tiempo de lectura\" \/>\n\t<meta name=\"twitter:data2\" content=\"1 minuto\" \/>\n<script type=\"application\/ld+json\" class=\"yoast-schema-graph\">{\"@context\":\"https:\/\/schema.org\",\"@graph\":[{\"@type\":\"Article\",\"@id\":\"http:\/\/conexion23.com\/?p=32576#article\",\"isPartOf\":{\"@id\":\"http:\/\/conexion23.com\/?p=32576\"},\"author\":{\"name\":\"Raffy Ben\u00edtez\",\"@id\":\"https:\/\/conexion23.com\/#\/schema\/person\/03e36043331117e97a373299bbcd30a6\"},\"headline\":\"Fallece Joven Tras Ser Herido de Bala en Santa Fe, San Pedro de Macor\u00eds.\",\"datePublished\":\"2024-09-11T12:42:11+00:00\",\"dateModified\":\"2024-09-11T12:42:13+00:00\",\"mainEntityOfPage\":{\"@id\":\"http:\/\/conexion23.com\/?p=32576\"},\"wordCount\":148,\"commentCount\":0,\"publisher\":{\"@id\":\"https:\/\/conexion23.com\/#organization\"},\"image\":{\"@id\":\"http:\/\/conexion23.com\/?p=32576#primaryimage\"},\"thumbnailUrl\":\"https:\/\/conexion23.com\/wp-content\/uploads\/2024\/09\/a2b29f66-e519-43d9-9e91-ec493ce6555d.jpg\",\"articleSection\":[\"SPM\"],\"inLanguage\":\"es\",\"potentialAction\":[{\"@type\":\"CommentAction\",\"name\":\"Comment\",\"target\":[\"http:\/\/conexion23.com\/?p=32576#respond\"]}]},{\"@type\":\"WebPage\",\"@id\":\"http:\/\/conexion23.com\/?p=32576\",\"url\":\"http:\/\/conexion23.com\/?p=32576\",\"name\":\"Fallece Joven Tras Ser Herido de Bala en Santa Fe, San Pedro de Macor\u00eds. - Conexi\u00f3n 23\",\"isPartOf\":{\"@id\":\"https:\/\/conexion23.com\/#website\"},\"primaryImageOfPage\":{\"@id\":\"http:\/\/conexion23.com\/?p=32576#primaryimage\"},\"image\":{\"@id\":\"http:\/\/conexion23.com\/?p=32576#primaryimage\"},\"thumbnailUrl\":\"https:\/\/conexion23.com\/wp-content\/uploads\/2024\/09\/a2b29f66-e519-43d9-9e91-ec493ce6555d.jpg\",\"datePublished\":\"2024-09-11T12:42:11+00:00\",\"dateModified\":\"2024-09-11T12:42:13+00:00\",\"breadcrumb\":{\"@id\":\"http:\/\/conexion23.com\/?p=32576#breadcrumb\"},\"inLanguage\":\"es\",\"potentialAction\":[{\"@type\":\"ReadAction\",\"target\":[\"http:\/\/conexion23.com\/?p=32576\"]}]},{\"@type\":\"ImageObject\",\"inLanguage\":\"es\",\"@id\":\"http:\/\/conexion23.com\/?p=32576#primaryimage\",\"url\":\"https:\/\/conexion23.com\/wp-content\/uploads\/2024\/09\/a2b29f66-e519-43d9-9e91-ec493ce6555d.jpg\",\"contentUrl\":\"https:\/\/conexion23.com\/wp-content\/uploads\/2024\/09\/a2b29f66-e519-43d9-9e91-ec493ce6555d.jpg\",\"width\":720,\"height\":591},{\"@type\":\"BreadcrumbList\",\"@id\":\"http:\/\/conexion23.com\/?p=32576#breadcrumb\",\"itemListElement\":[{\"@type\":\"ListItem\",\"position\":1,\"name\":\"Portada\",\"item\":\"https:\/\/conexion23.com\/\"},{\"@type\":\"ListItem\",\"position\":2,\"name\":\"Fallece Joven Tras Ser Herido de Bala en Santa Fe, San Pedro de Macor\u00eds.\"}]},{\"@type\":\"WebSite\",\"@id\":\"https:\/\/conexion23.com\/#website\",\"url\":\"https:\/\/conexion23.com\/\",\"name\":\"Conexi\u00f3n 23\",\"description\":\"Peri\u00f3dico 100% Petromacorisano\",\"publisher\":{\"@id\":\"https:\/\/conexion23.com\/#organization\"},\"potentialAction\":[{\"@type\":\"SearchAction\",\"target\":{\"@type\":\"EntryPoint\",\"urlTemplate\":\"https:\/\/conexion23.com\/?s={search_term_string}\"},\"query-input\":{\"@type\":\"PropertyValueSpecification\",\"valueRequired\":true,\"valueName\":\"search_term_string\"}}],\"inLanguage\":\"es\"},{\"@type\":\"Organization\",\"@id\":\"https:\/\/conexion23.com\/#organization\",\"name\":\"Conexion 23\",\"url\":\"https:\/\/conexion23.com\/\",\"logo\":{\"@type\":\"ImageObject\",\"inLanguage\":\"es\",\"@id\":\"https:\/\/conexion23.com\/#\/schema\/logo\/image\/\",\"url\":\"https:\/\/conexion23.com\/wp-content\/uploads\/2021\/11\/Diseno-sin-titulo-2.png\",\"contentUrl\":\"https:\/\/conexion23.com\/wp-content\/uploads\/2021\/11\/Diseno-sin-titulo-2.png\",\"width\":541,\"height\":90,\"caption\":\"Conexion 23\"},\"image\":{\"@id\":\"https:\/\/conexion23.com\/#\/schema\/logo\/image\/\"},\"sameAs\":[\"https:\/\/www.facebook.com\/conexion23com\",\"https:\/\/www.instagram.com\/conexion23com\/\",\"https:\/\/www.youtube.com\/channel\/UCYc7vxxFZMYLIHNsHHxPZ3Q\"]},{\"@type\":\"Person\",\"@id\":\"https:\/\/conexion23.com\/#\/schema\/person\/03e36043331117e97a373299bbcd30a6\",\"name\":\"Raffy Ben\u00edtez\",\"image\":{\"@type\":\"ImageObject\",\"inLanguage\":\"es\",\"@id\":\"https:\/\/conexion23.com\/#\/schema\/person\/image\/\",\"url\":\"https:\/\/secure.gravatar.com\/avatar\/3190a6a6c5e1b0327500f7d6c56b6242472ee6cb974cf09b401ee6b3b0798f23?s=96&d=mm&r=g\",\"contentUrl\":\"https:\/\/secure.gravatar.com\/avatar\/3190a6a6c5e1b0327500f7d6c56b6242472ee6cb974cf09b401ee6b3b0798f23?s=96&d=mm&r=g\",\"caption\":\"Raffy Ben\u00edtez\"},\"url\":\"https:\/\/conexion23.com\/?author=15\"}]}<\/script>\n<!-- \/ Yoast SEO plugin. -->","yoast_head_json":{"title":"Fallece Joven Tras Ser Herido de Bala en Santa Fe, San Pedro de Macor\u00eds. - Conexi\u00f3n 23","robots":{"index":"index","follow":"follow","max-snippet":"max-snippet:-1","max-image-preview":"max-image-preview:large","max-video-preview":"max-video-preview:-1"},"canonical":"http:\/\/conexion23.com\/?p=32576","og_locale":"es_ES","og_type":"article","og_title":"Fallece Joven Tras Ser Herido de Bala en Santa Fe, San Pedro de Macor\u00eds. - Conexi\u00f3n 23","og_description":"Michael Jos\u00e9, un joven residente en la comunidad detr\u00e1s del cementerio de Santa Fe, falleci\u00f3 este martes en el Hospital Antonio Musa, luego de haber sido herido de bala el pasado domingo por individuos a\u00fan no identificados. El tr\u00e1gico incidente, que ha conmocionado a los residentes de Santa Fe, ocurri\u00f3 cuando Michael fue atacado por [&hellip;]","og_url":"http:\/\/conexion23.com\/?p=32576","og_site_name":"Conexi\u00f3n 23","article_publisher":"https:\/\/www.facebook.com\/conexion23com","article_published_time":"2024-09-11T12:42:11+00:00","article_modified_time":"2024-09-11T12:42:13+00:00","og_image":[{"width":720,"height":591,"url":"http:\/\/conexion23.com\/wp-content\/uploads\/2024\/09\/a2b29f66-e519-43d9-9e91-ec493ce6555d.jpg","type":"image\/jpeg"}],"author":"Raffy Ben\u00edtez","twitter_card":"summary_large_image","twitter_misc":{"Escrito por":"Raffy Ben\u00edtez","Tiempo de lectura":"1 minuto"},"schema":{"@context":"https:\/\/schema.org","@graph":[{"@type":"Article","@id":"http:\/\/conexion23.com\/?p=32576#article","isPartOf":{"@id":"http:\/\/conexion23.com\/?p=32576"},"author":{"name":"Raffy Ben\u00edtez","@id":"https:\/\/conexion23.com\/#\/schema\/person\/03e36043331117e97a373299bbcd30a6"},"headline":"Fallece Joven Tras Ser Herido de Bala en Santa Fe, San Pedro de Macor\u00eds.","datePublished":"2024-09-11T12:42:11+00:00","dateModified":"2024-09-11T12:42:13+00:00","mainEntityOfPage":{"@id":"http:\/\/conexion23.com\/?p=32576"},"wordCount":148,"commentCount":0,"publisher":{"@id":"https:\/\/conexion23.com\/#organization"},"image":{"@id":"http:\/\/conexion23.com\/?p=32576#primaryimage"},"thumbnailUrl":"https:\/\/conexion23.com\/wp-content\/uploads\/2024\/09\/a2b29f66-e519-43d9-9e91-ec493ce6555d.jpg","articleSection":["SPM"],"inLanguage":"es","potentialAction":[{"@type":"CommentAction","name":"Comment","target":["http:\/\/conexion23.com\/?p=32576#respond"]}]},{"@type":"WebPage","@id":"http:\/\/conexion23.com\/?p=32576","url":"http:\/\/conexion23.com\/?p=32576","name":"Fallece Joven Tras Ser Herido de Bala en Santa Fe, San Pedro de Macor\u00eds. - Conexi\u00f3n 23","isPartOf":{"@id":"https:\/\/conexion23.com\/#website"},"primaryImageOfPage":{"@id":"http:\/\/conexion23.com\/?p=32576#primaryimage"},"image":{"@id":"http:\/\/conexion23.com\/?p=32576#primaryimage"},"thumbnailUrl":"https:\/\/conexion23.com\/wp-content\/uploads\/2024\/09\/a2b29f66-e519-43d9-9e91-ec493ce6555d.jpg","datePublished":"2024-09-11T12:42:11+00:00","dateModified":"2024-09-11T12:42:13+00:00","breadcrumb":{"@id":"http:\/\/conexion23.com\/?p=32576#breadcrumb"},"inLanguage":"es","potentialAction":[{"@type":"ReadAction","target":["http:\/\/conexion23.com\/?p=32576"]}]},{"@type":"ImageObject","inLanguage":"es","@id":"http:\/\/conexion23.com\/?p=32576#primaryimage","url":"https:\/\/conexion23.com\/wp-content\/uploads\/2024\/09\/a2b29f66-e519-43d9-9e91-ec493ce6555d.jpg","contentUrl":"https:\/\/conexion23.com\/wp-content\/uploads\/2024\/09\/a2b29f66-e519-43d9-9e91-ec493ce6555d.jpg","width":720,"height":591},{"@type":"BreadcrumbList","@id":"http:\/\/conexion23.com\/?p=32576#breadcrumb","itemListElement":[{"@type":"ListItem","position":1,"name":"Portada","item":"https:\/\/conexion23.com\/"},{"@type":"ListItem","position":2,"name":"Fallece Joven Tras Ser Herido de Bala en Santa Fe, San Pedro de Macor\u00eds."}]},{"@type":"WebSite","@id":"https:\/\/conexion23.com\/#website","url":"https:\/\/conexion23.com\/","name":"Conexi\u00f3n 23","description":"Peri\u00f3dico 100% Petromacorisano","publisher":{"@id":"https:\/\/conexion23.com\/#organization"},"potentialAction":[{"@type":"SearchAction","target":{"@type":"EntryPoint","urlTemplate":"https:\/\/conexion23.com\/?s={search_term_string}"},"query-input":{"@type":"PropertyValueSpecification","valueRequired":true,"valueName":"search_term_string"}}],"inLanguage":"es"},{"@type":"Organization","@id":"https:\/\/conexion23.com\/#organization","name":"Conexion 23","url":"https:\/\/conexion23.com\/","logo":{"@type":"ImageObject","inLanguage":"es","@id":"https:\/\/conexion23.com\/#\/schema\/logo\/image\/","url":"https:\/\/conexion23.com\/wp-content\/uploads\/2021\/11\/Diseno-sin-titulo-2.png","contentUrl":"https:\/\/conexion23.com\/wp-content\/uploads\/2021\/11\/Diseno-sin-titulo-2.png","width":541,"height":90,"caption":"Conexion 23"},"image":{"@id":"https:\/\/conexion23.com\/#\/schema\/logo\/image\/"},"sameAs":["https:\/\/www.facebook.com\/conexion23com","https:\/\/www.instagram.com\/conexion23com\/","https:\/\/www.youtube.com\/channel\/UCYc7vxxFZMYLIHNsHHxPZ3Q"]},{"@type":"Person","@id":"https:\/\/conexion23.com\/#\/schema\/person\/03e36043331117e97a373299bbcd30a6","name":"Raffy Ben\u00edtez","image":{"@type":"ImageObject","inLanguage":"es","@id":"https:\/\/conexion23.com\/#\/schema\/person\/image\/","url":"https:\/\/secure.gravatar.com\/avatar\/3190a6a6c5e1b0327500f7d6c56b6242472ee6cb974cf09b401ee6b3b0798f23?s=96&d=mm&r=g","contentUrl":"https:\/\/secure.gravatar.com\/avatar\/3190a6a6c5e1b0327500f7d6c56b6242472ee6cb974cf09b401ee6b3b0798f23?s=96&d=mm&r=g","caption":"Raffy Ben\u00edtez"},"url":"https:\/\/conexion23.com\/?author=15"}]}},"_links":{"self":[{"href":"https:\/\/conexion23.com\/index.php?rest_route=\/wp\/v2\/posts\/32576","targetHints":{"allow":["GET"]}}],"collection":[{"href":"https:\/\/conexion23.com\/index.php?rest_route=\/wp\/v2\/posts"}],"about":[{"href":"https:\/\/conexion23.com\/index.php?rest_route=\/wp\/v2\/types\/post"}],"author":[{"embeddable":true,"href":"https:\/\/conexion23.com\/index.php?rest_route=\/wp\/v2\/users\/15"}],"replies":[{"embeddable":true,"href":"https:\/\/conexion23.com\/index.php?rest_route=%2Fwp%2Fv2%2Fcomments&post=32576"}],"version-history":[{"count":1,"href":"https:\/\/conexion23.com\/index.php?rest_route=\/wp\/v2\/posts\/32576\/revisions"}],"predecessor-version":[{"id":32578,"href":"https:\/\/conexion23.com\/index.php?rest_route=\/wp\/v2\/posts\/32576\/revisions\/32578"}],"wp:featuredmedia":[{"embeddable":true,"href":"https:\/\/conexion23.com\/index.php?rest_route=\/wp\/v2\/media\/32577"}],"wp:attachment":[{"href":"https:\/\/conexion23.com\/index.php?rest_route=%2Fwp%2Fv2%2Fmedia&parent=32576"}],"wp:term":[{"taxonomy":"category","embeddable":true,"href":"https:\/\/conexion23.com\/index.php?rest_route=%2Fwp%2Fv2%2Fcategories&post=32576"},{"taxonomy":"post_tag","embeddable":true,"href":"https:\/\/conexion23.com\/index.php?rest_route=%2Fwp%2Fv2%2Ftags&post=32576"}],"curies":[{"name":"wp","href":"https:\/\/api.w.org\/{rel}","templated":true}]}}