{"id":32579,"date":"2024-09-12T07:04:10","date_gmt":"2024-09-12T11:04:10","guid":{"rendered":"https:\/\/conexion23.com\/?p=32579"},"modified":"2024-09-12T07:04:12","modified_gmt":"2024-09-12T11:04:12","slug":"encuentran-muerto-un-preso-en-carcel-de-spm-familiares-solicitan-una-investigacion","status":"publish","type":"post","link":"https:\/\/conexion23.com\/?p=32579","title":{"rendered":"Encuentran muerto un preso en c\u00e1rcel de SPM familiares solicitan una investigaci\u00f3n."},"content":{"rendered":"\n<p>Un interno del&nbsp;<strong>Centro de Correcci\u00f3n y Rehabilitaci\u00f3n de San Pedro de Macor\u00eds<\/strong>, fue encontrado muerto este mi\u00e9rcoles, dentro de su celda.<\/p>\n\n\n\n<p>Se trata de&nbsp;<strong>M\u00e1ximo Arturo Rijo Miranda<\/strong>, de 34 a\u00f1os. Las autoridades se\u00f1alan que podr\u00eda tratarse de un suicidio, pero las circunstancias a\u00fan no est\u00e1n claras.<\/p>\n\n\n\n<p>Su padre, M\u00e1ximo Rijo, afirm\u00f3 que se enter\u00f3 de la tragedia a trav\u00e9s de una llamada telef\u00f3nica y expres\u00f3 dudas sobre la versi\u00f3n oficial.<\/p>\n\n\n\n<p>Seg\u00fan \u00e9l, otros internos le informaron que su hijo se habr\u00eda ahorcado, pero insiste en que la familia necesita respuestas claras.<\/p>\n\n\n\n<p>Hasta el momento, la familia no ha recibido la carta que, seg\u00fan las&nbsp;<strong>autoridades<\/strong>, el joven dej\u00f3 antes de su muerte. Por ello, el padre exige una investigaci\u00f3n profunda para esclarecer lo sucedido.<\/p>\n\n\n\n<h2 class=\"wp-block-heading\" id=\"h-joven-muerto-en-destacamento-de-ocoa-se-debio-a-causa-natural-segun-la-policia-nacional\">Joven muerto en destacamento de Ocoa se debi\u00f3 a causa natural, seg\u00fan la Polic\u00eda Nacional<\/h2>\n\n\n\n<p>La Polic\u00eda Nacional inform\u00f3 este lunes que la muerte de un joven que llevaba seis d\u00edas detenido, en el destacamento policial en San Jos\u00e9 de Ocoa se debi\u00f3 a causa natural.<\/p>\n\n\n\n<p>El occiso responde al nombre de Wellington Reyes Ruiz, de 34 a\u00f1os,&nbsp; y seg\u00fan familiares este pereci\u00f3 tras recibir m\u00faltiples golpes, los cuales creen le provocaron la muerte.<\/p>\n\n\n\n<p>Asimismo, el vocero de la Polic\u00eda Nacional,&nbsp;<strong>Diego Pesquiera<\/strong>, precis\u00f3 que las evidencias periciales y certificaciones emitidas por el Instituto Nacional de Ciencias Forenses (INACIF), con sede en Azua, indican que muri\u00f3 a causa natural.<\/p>\n","protected":false},"excerpt":{"rendered":"<p>Un interno del&nbsp;Centro de Correcci\u00f3n y Rehabilitaci\u00f3n de San Pedro de Macor\u00eds, fue encontrado muerto este mi\u00e9rcoles, dentro de su celda. Se trata de&nbsp;M\u00e1ximo Arturo Rijo Miranda, de 34 a\u00f1os. Las autoridades se\u00f1alan que podr\u00eda tratarse de un suicidio, pero las circunstancias a\u00fan no est\u00e1n claras. Su padre, M\u00e1ximo Rijo, afirm\u00f3 que se enter\u00f3 de [&hellip;]<\/p>\n","protected":false},"author":15,"featured_media":32580,"comment_status":"open","ping_status":"open","sticky":false,"template":"","format":"standard","meta":{"footnotes":""},"categories":[35],"tags":[],"class_list":{"0":"post-32579","1":"post","2":"type-post","3":"status-publish","4":"format-standard","5":"has-post-thumbnail","7":"category-spm"},"yoast_head":"<!-- This site is optimized with the Yoast SEO plugin v27.1.1 - https:\/\/yoast.com\/product\/yoast-seo-wordpress\/ -->\n<title>Encuentran muerto un preso en c\u00e1rcel de SPM familiares solicitan una investigaci\u00f3n. - Conexi\u00f3n 23<\/title>\n<meta name=\"robots\" content=\"index, follow, max-snippet:-1, max-image-preview:large, max-video-preview:-1\" \/>\n<link rel=\"canonical\" href=\"http:\/\/conexion23.com\/?p=32579\" \/>\n<meta property=\"og:locale\" content=\"es_ES\" \/>\n<meta property=\"og:type\" content=\"article\" \/>\n<meta property=\"og:title\" content=\"Encuentran muerto un preso en c\u00e1rcel de SPM familiares solicitan una investigaci\u00f3n. - Conexi\u00f3n 23\" \/>\n<meta property=\"og:description\" content=\"Un interno del&nbsp;Centro de Correcci\u00f3n y Rehabilitaci\u00f3n de San Pedro de Macor\u00eds, fue encontrado muerto este mi\u00e9rcoles, dentro de su celda. Se trata de&nbsp;M\u00e1ximo Arturo Rijo Miranda, de 34 a\u00f1os. Las autoridades se\u00f1alan que podr\u00eda tratarse de un suicidio, pero las circunstancias a\u00fan no est\u00e1n claras. Su padre, M\u00e1ximo Rijo, afirm\u00f3 que se enter\u00f3 de [&hellip;]\" \/>\n<meta property=\"og:url\" content=\"http:\/\/conexion23.com\/?p=32579\" \/>\n<meta property=\"og:site_name\" content=\"Conexi\u00f3n 23\" \/>\n<meta property=\"article:publisher\" content=\"https:\/\/www.facebook.com\/conexion23com\" \/>\n<meta property=\"article:published_time\" content=\"2024-09-12T11:04:10+00:00\" \/>\n<meta property=\"article:modified_time\" content=\"2024-09-12T11:04:12+00:00\" \/>\n<meta property=\"og:image\" content=\"http:\/\/conexion23.com\/wp-content\/uploads\/2024\/09\/879adb7c-021f-4e8d-93d5-9ac102979eaa-1-780x470-1.webp\" \/>\n\t<meta property=\"og:image:width\" content=\"780\" \/>\n\t<meta property=\"og:image:height\" content=\"470\" \/>\n\t<meta property=\"og:image:type\" content=\"image\/webp\" \/>\n<meta name=\"author\" content=\"Raffy Ben\u00edtez\" \/>\n<meta name=\"twitter:card\" content=\"summary_large_image\" \/>\n<meta name=\"twitter:label1\" content=\"Escrito por\" \/>\n\t<meta name=\"twitter:data1\" content=\"Raffy Ben\u00edtez\" \/>\n\t<meta name=\"twitter:label2\" content=\"Tiempo de lectura\" \/>\n\t<meta name=\"twitter:data2\" content=\"2 minutos\" \/>\n<script type=\"application\/ld+json\" class=\"yoast-schema-graph\">{\"@context\":\"https:\/\/schema.org\",\"@graph\":[{\"@type\":\"Article\",\"@id\":\"http:\/\/conexion23.com\/?p=32579#article\",\"isPartOf\":{\"@id\":\"http:\/\/conexion23.com\/?p=32579\"},\"author\":{\"name\":\"Raffy Ben\u00edtez\",\"@id\":\"https:\/\/conexion23.com\/#\/schema\/person\/03e36043331117e97a373299bbcd30a6\"},\"headline\":\"Encuentran muerto un preso en c\u00e1rcel de SPM familiares solicitan una investigaci\u00f3n.\",\"datePublished\":\"2024-09-12T11:04:10+00:00\",\"dateModified\":\"2024-09-12T11:04:12+00:00\",\"mainEntityOfPage\":{\"@id\":\"http:\/\/conexion23.com\/?p=32579\"},\"wordCount\":278,\"commentCount\":0,\"publisher\":{\"@id\":\"https:\/\/conexion23.com\/#organization\"},\"image\":{\"@id\":\"http:\/\/conexion23.com\/?p=32579#primaryimage\"},\"thumbnailUrl\":\"https:\/\/conexion23.com\/wp-content\/uploads\/2024\/09\/879adb7c-021f-4e8d-93d5-9ac102979eaa-1-780x470-1.webp\",\"articleSection\":[\"SPM\"],\"inLanguage\":\"es\",\"potentialAction\":[{\"@type\":\"CommentAction\",\"name\":\"Comment\",\"target\":[\"http:\/\/conexion23.com\/?p=32579#respond\"]}]},{\"@type\":\"WebPage\",\"@id\":\"http:\/\/conexion23.com\/?p=32579\",\"url\":\"http:\/\/conexion23.com\/?p=32579\",\"name\":\"Encuentran muerto un preso en c\u00e1rcel de SPM familiares solicitan una investigaci\u00f3n. - Conexi\u00f3n 23\",\"isPartOf\":{\"@id\":\"https:\/\/conexion23.com\/#website\"},\"primaryImageOfPage\":{\"@id\":\"http:\/\/conexion23.com\/?p=32579#primaryimage\"},\"image\":{\"@id\":\"http:\/\/conexion23.com\/?p=32579#primaryimage\"},\"thumbnailUrl\":\"https:\/\/conexion23.com\/wp-content\/uploads\/2024\/09\/879adb7c-021f-4e8d-93d5-9ac102979eaa-1-780x470-1.webp\",\"datePublished\":\"2024-09-12T11:04:10+00:00\",\"dateModified\":\"2024-09-12T11:04:12+00:00\",\"breadcrumb\":{\"@id\":\"http:\/\/conexion23.com\/?p=32579#breadcrumb\"},\"inLanguage\":\"es\",\"potentialAction\":[{\"@type\":\"ReadAction\",\"target\":[\"http:\/\/conexion23.com\/?p=32579\"]}]},{\"@type\":\"ImageObject\",\"inLanguage\":\"es\",\"@id\":\"http:\/\/conexion23.com\/?p=32579#primaryimage\",\"url\":\"https:\/\/conexion23.com\/wp-content\/uploads\/2024\/09\/879adb7c-021f-4e8d-93d5-9ac102979eaa-1-780x470-1.webp\",\"contentUrl\":\"https:\/\/conexion23.com\/wp-content\/uploads\/2024\/09\/879adb7c-021f-4e8d-93d5-9ac102979eaa-1-780x470-1.webp\",\"width\":780,\"height\":470},{\"@type\":\"BreadcrumbList\",\"@id\":\"http:\/\/conexion23.com\/?p=32579#breadcrumb\",\"itemListElement\":[{\"@type\":\"ListItem\",\"position\":1,\"name\":\"Portada\",\"item\":\"https:\/\/conexion23.com\/\"},{\"@type\":\"ListItem\",\"position\":2,\"name\":\"Encuentran muerto un preso en c\u00e1rcel de SPM familiares solicitan una investigaci\u00f3n.\"}]},{\"@type\":\"WebSite\",\"@id\":\"https:\/\/conexion23.com\/#website\",\"url\":\"https:\/\/conexion23.com\/\",\"name\":\"Conexi\u00f3n 23\",\"description\":\"Peri\u00f3dico 100% Petromacorisano\",\"publisher\":{\"@id\":\"https:\/\/conexion23.com\/#organization\"},\"potentialAction\":[{\"@type\":\"SearchAction\",\"target\":{\"@type\":\"EntryPoint\",\"urlTemplate\":\"https:\/\/conexion23.com\/?s={search_term_string}\"},\"query-input\":{\"@type\":\"PropertyValueSpecification\",\"valueRequired\":true,\"valueName\":\"search_term_string\"}}],\"inLanguage\":\"es\"},{\"@type\":\"Organization\",\"@id\":\"https:\/\/conexion23.com\/#organization\",\"name\":\"Conexion 23\",\"url\":\"https:\/\/conexion23.com\/\",\"logo\":{\"@type\":\"ImageObject\",\"inLanguage\":\"es\",\"@id\":\"https:\/\/conexion23.com\/#\/schema\/logo\/image\/\",\"url\":\"https:\/\/conexion23.com\/wp-content\/uploads\/2021\/11\/Diseno-sin-titulo-2.png\",\"contentUrl\":\"https:\/\/conexion23.com\/wp-content\/uploads\/2021\/11\/Diseno-sin-titulo-2.png\",\"width\":541,\"height\":90,\"caption\":\"Conexion 23\"},\"image\":{\"@id\":\"https:\/\/conexion23.com\/#\/schema\/logo\/image\/\"},\"sameAs\":[\"https:\/\/www.facebook.com\/conexion23com\",\"https:\/\/www.instagram.com\/conexion23com\/\",\"https:\/\/www.youtube.com\/channel\/UCYc7vxxFZMYLIHNsHHxPZ3Q\"]},{\"@type\":\"Person\",\"@id\":\"https:\/\/conexion23.com\/#\/schema\/person\/03e36043331117e97a373299bbcd30a6\",\"name\":\"Raffy Ben\u00edtez\",\"image\":{\"@type\":\"ImageObject\",\"inLanguage\":\"es\",\"@id\":\"https:\/\/conexion23.com\/#\/schema\/person\/image\/\",\"url\":\"https:\/\/secure.gravatar.com\/avatar\/3190a6a6c5e1b0327500f7d6c56b6242472ee6cb974cf09b401ee6b3b0798f23?s=96&d=mm&r=g\",\"contentUrl\":\"https:\/\/secure.gravatar.com\/avatar\/3190a6a6c5e1b0327500f7d6c56b6242472ee6cb974cf09b401ee6b3b0798f23?s=96&d=mm&r=g\",\"caption\":\"Raffy Ben\u00edtez\"},\"url\":\"https:\/\/conexion23.com\/?author=15\"}]}<\/script>\n<!-- \/ Yoast SEO plugin. -->","yoast_head_json":{"title":"Encuentran muerto un preso en c\u00e1rcel de SPM familiares solicitan una investigaci\u00f3n. - Conexi\u00f3n 23","robots":{"index":"index","follow":"follow","max-snippet":"max-snippet:-1","max-image-preview":"max-image-preview:large","max-video-preview":"max-video-preview:-1"},"canonical":"http:\/\/conexion23.com\/?p=32579","og_locale":"es_ES","og_type":"article","og_title":"Encuentran muerto un preso en c\u00e1rcel de SPM familiares solicitan una investigaci\u00f3n. - Conexi\u00f3n 23","og_description":"Un interno del&nbsp;Centro de Correcci\u00f3n y Rehabilitaci\u00f3n de San Pedro de Macor\u00eds, fue encontrado muerto este mi\u00e9rcoles, dentro de su celda. Se trata de&nbsp;M\u00e1ximo Arturo Rijo Miranda, de 34 a\u00f1os. Las autoridades se\u00f1alan que podr\u00eda tratarse de un suicidio, pero las circunstancias a\u00fan no est\u00e1n claras. Su padre, M\u00e1ximo Rijo, afirm\u00f3 que se enter\u00f3 de [&hellip;]","og_url":"http:\/\/conexion23.com\/?p=32579","og_site_name":"Conexi\u00f3n 23","article_publisher":"https:\/\/www.facebook.com\/conexion23com","article_published_time":"2024-09-12T11:04:10+00:00","article_modified_time":"2024-09-12T11:04:12+00:00","og_image":[{"width":780,"height":470,"url":"http:\/\/conexion23.com\/wp-content\/uploads\/2024\/09\/879adb7c-021f-4e8d-93d5-9ac102979eaa-1-780x470-1.webp","type":"image\/webp"}],"author":"Raffy Ben\u00edtez","twitter_card":"summary_large_image","twitter_misc":{"Escrito por":"Raffy Ben\u00edtez","Tiempo de lectura":"2 minutos"},"schema":{"@context":"https:\/\/schema.org","@graph":[{"@type":"Article","@id":"http:\/\/conexion23.com\/?p=32579#article","isPartOf":{"@id":"http:\/\/conexion23.com\/?p=32579"},"author":{"name":"Raffy Ben\u00edtez","@id":"https:\/\/conexion23.com\/#\/schema\/person\/03e36043331117e97a373299bbcd30a6"},"headline":"Encuentran muerto un preso en c\u00e1rcel de SPM familiares solicitan una investigaci\u00f3n.","datePublished":"2024-09-12T11:04:10+00:00","dateModified":"2024-09-12T11:04:12+00:00","mainEntityOfPage":{"@id":"http:\/\/conexion23.com\/?p=32579"},"wordCount":278,"commentCount":0,"publisher":{"@id":"https:\/\/conexion23.com\/#organization"},"image":{"@id":"http:\/\/conexion23.com\/?p=32579#primaryimage"},"thumbnailUrl":"https:\/\/conexion23.com\/wp-content\/uploads\/2024\/09\/879adb7c-021f-4e8d-93d5-9ac102979eaa-1-780x470-1.webp","articleSection":["SPM"],"inLanguage":"es","potentialAction":[{"@type":"CommentAction","name":"Comment","target":["http:\/\/conexion23.com\/?p=32579#respond"]}]},{"@type":"WebPage","@id":"http:\/\/conexion23.com\/?p=32579","url":"http:\/\/conexion23.com\/?p=32579","name":"Encuentran muerto un preso en c\u00e1rcel de SPM familiares solicitan una investigaci\u00f3n. - Conexi\u00f3n 23","isPartOf":{"@id":"https:\/\/conexion23.com\/#website"},"primaryImageOfPage":{"@id":"http:\/\/conexion23.com\/?p=32579#primaryimage"},"image":{"@id":"http:\/\/conexion23.com\/?p=32579#primaryimage"},"thumbnailUrl":"https:\/\/conexion23.com\/wp-content\/uploads\/2024\/09\/879adb7c-021f-4e8d-93d5-9ac102979eaa-1-780x470-1.webp","datePublished":"2024-09-12T11:04:10+00:00","dateModified":"2024-09-12T11:04:12+00:00","breadcrumb":{"@id":"http:\/\/conexion23.com\/?p=32579#breadcrumb"},"inLanguage":"es","potentialAction":[{"@type":"ReadAction","target":["http:\/\/conexion23.com\/?p=32579"]}]},{"@type":"ImageObject","inLanguage":"es","@id":"http:\/\/conexion23.com\/?p=32579#primaryimage","url":"https:\/\/conexion23.com\/wp-content\/uploads\/2024\/09\/879adb7c-021f-4e8d-93d5-9ac102979eaa-1-780x470-1.webp","contentUrl":"https:\/\/conexion23.com\/wp-content\/uploads\/2024\/09\/879adb7c-021f-4e8d-93d5-9ac102979eaa-1-780x470-1.webp","width":780,"height":470},{"@type":"BreadcrumbList","@id":"http:\/\/conexion23.com\/?p=32579#breadcrumb","itemListElement":[{"@type":"ListItem","position":1,"name":"Portada","item":"https:\/\/conexion23.com\/"},{"@type":"ListItem","position":2,"name":"Encuentran muerto un preso en c\u00e1rcel de SPM familiares solicitan una investigaci\u00f3n."}]},{"@type":"WebSite","@id":"https:\/\/conexion23.com\/#website","url":"https:\/\/conexion23.com\/","name":"Conexi\u00f3n 23","description":"Peri\u00f3dico 100% Petromacorisano","publisher":{"@id":"https:\/\/conexion23.com\/#organization"},"potentialAction":[{"@type":"SearchAction","target":{"@type":"EntryPoint","urlTemplate":"https:\/\/conexion23.com\/?s={search_term_string}"},"query-input":{"@type":"PropertyValueSpecification","valueRequired":true,"valueName":"search_term_string"}}],"inLanguage":"es"},{"@type":"Organization","@id":"https:\/\/conexion23.com\/#organization","name":"Conexion 23","url":"https:\/\/conexion23.com\/","logo":{"@type":"ImageObject","inLanguage":"es","@id":"https:\/\/conexion23.com\/#\/schema\/logo\/image\/","url":"https:\/\/conexion23.com\/wp-content\/uploads\/2021\/11\/Diseno-sin-titulo-2.png","contentUrl":"https:\/\/conexion23.com\/wp-content\/uploads\/2021\/11\/Diseno-sin-titulo-2.png","width":541,"height":90,"caption":"Conexion 23"},"image":{"@id":"https:\/\/conexion23.com\/#\/schema\/logo\/image\/"},"sameAs":["https:\/\/www.facebook.com\/conexion23com","https:\/\/www.instagram.com\/conexion23com\/","https:\/\/www.youtube.com\/channel\/UCYc7vxxFZMYLIHNsHHxPZ3Q"]},{"@type":"Person","@id":"https:\/\/conexion23.com\/#\/schema\/person\/03e36043331117e97a373299bbcd30a6","name":"Raffy Ben\u00edtez","image":{"@type":"ImageObject","inLanguage":"es","@id":"https:\/\/conexion23.com\/#\/schema\/person\/image\/","url":"https:\/\/secure.gravatar.com\/avatar\/3190a6a6c5e1b0327500f7d6c56b6242472ee6cb974cf09b401ee6b3b0798f23?s=96&d=mm&r=g","contentUrl":"https:\/\/secure.gravatar.com\/avatar\/3190a6a6c5e1b0327500f7d6c56b6242472ee6cb974cf09b401ee6b3b0798f23?s=96&d=mm&r=g","caption":"Raffy Ben\u00edtez"},"url":"https:\/\/conexion23.com\/?author=15"}]}},"_links":{"self":[{"href":"https:\/\/conexion23.com\/index.php?rest_route=\/wp\/v2\/posts\/32579","targetHints":{"allow":["GET"]}}],"collection":[{"href":"https:\/\/conexion23.com\/index.php?rest_route=\/wp\/v2\/posts"}],"about":[{"href":"https:\/\/conexion23.com\/index.php?rest_route=\/wp\/v2\/types\/post"}],"author":[{"embeddable":true,"href":"https:\/\/conexion23.com\/index.php?rest_route=\/wp\/v2\/users\/15"}],"replies":[{"embeddable":true,"href":"https:\/\/conexion23.com\/index.php?rest_route=%2Fwp%2Fv2%2Fcomments&post=32579"}],"version-history":[{"count":1,"href":"https:\/\/conexion23.com\/index.php?rest_route=\/wp\/v2\/posts\/32579\/revisions"}],"predecessor-version":[{"id":32581,"href":"https:\/\/conexion23.com\/index.php?rest_route=\/wp\/v2\/posts\/32579\/revisions\/32581"}],"wp:featuredmedia":[{"embeddable":true,"href":"https:\/\/conexion23.com\/index.php?rest_route=\/wp\/v2\/media\/32580"}],"wp:attachment":[{"href":"https:\/\/conexion23.com\/index.php?rest_route=%2Fwp%2Fv2%2Fmedia&parent=32579"}],"wp:term":[{"taxonomy":"category","embeddable":true,"href":"https:\/\/conexion23.com\/index.php?rest_route=%2Fwp%2Fv2%2Fcategories&post=32579"},{"taxonomy":"post_tag","embeddable":true,"href":"https:\/\/conexion23.com\/index.php?rest_route=%2Fwp%2Fv2%2Ftags&post=32579"}],"curies":[{"name":"wp","href":"https:\/\/api.w.org\/{rel}","templated":true}]}}