{"id":32582,"date":"2024-09-12T07:10:05","date_gmt":"2024-09-12T11:10:05","guid":{"rendered":"https:\/\/conexion23.com\/?p=32582"},"modified":"2024-09-12T07:10:06","modified_gmt":"2024-09-12T11:10:06","slug":"tribunal-condena-hombre-a-cinco-anos-de-prision-por-violencia-intrafamiliar-en-spm","status":"publish","type":"post","link":"https:\/\/conexion23.com\/?p=32582","title":{"rendered":"Tribunal condena hombre a cinco a\u00f1os de prisi\u00f3n por violencia intrafamiliar en SPM."},"content":{"rendered":"\n<p>&nbsp;Un tribunal de este distrito judicial conden\u00f3 a cinco a\u00f1os de prisi\u00f3n a un hombre acusado por el Ministerio P\u00fablico de cometer violencia intrafamiliar, en un hecho ocurrido en el sector Playa de Muertos, de San Pedro de Macor\u00eds, en el a\u00f1o<strong>&nbsp;2021.<\/strong><\/p>\n\n\n\n<p>La condena fue impuesta en contra de<strong>&nbsp;Federico Octavio Morla Gast\u00f3n,<\/strong>&nbsp;quien deber\u00e1 cumplir la sentencia en el Centro de Correcci\u00f3n y Rehabilitaci\u00f3n de San Pedro de Macor\u00eds&nbsp;<strong>(CCR-11),<\/strong>&nbsp;por disposici\u00f3n de los jueces&nbsp;<strong>Juan de la Cruz Rijo G\u00fc\u00edlamo, Bethania del Carmen Conce Polanco<\/strong>&nbsp;y&nbsp;<strong>Katerine Santana Mej\u00eda<\/strong>, del Tribunal Colegiado de esta provincia.<\/p>\n\n\n\n<p>El Ministerio P\u00fablico indic\u00f3 en el expediente acusatorio que, en fecha&nbsp;<strong>4<\/strong>&nbsp;de octubre del a\u00f1o&nbsp;<strong>2021,<\/strong>&nbsp;alrededor de las<strong>&nbsp;8:30<\/strong>&nbsp;de la noche, en el sector Playa de Muertos, de San Pedro de Macor\u00eds,&nbsp;<strong>Morla Gast\u00f3n<\/strong>&nbsp;golpe\u00f3 a su madre y a sus propios hijos en la vivienda que compart\u00edan.<\/p>\n\n\n\n<p>LEER TAMBI\u00c9N :<a href=\"https:\/\/www.sinnadaqueocultarrd.com\/2024\/01\/eligen-la-antropologa-forense-sonia.html\">&nbsp;Eligen a la antrop\u00f3loga forense Sonia Lebr\u00f3n como nueva directora del Inacif<\/a><\/p>\n\n\n\n<p>Posteriormente, la denuncia del caso fue presentada por familiares del acusado ante la Unidad de Atenci\u00f3n Integral a V\u00edctimas de Violencia de G\u00e9nero, Intrafamiliar y Delitos Sexuales de San Pedro de Macor\u00eds, estableci\u00e9ndose que<strong>&nbsp;Morla Gast\u00f3n<\/strong>&nbsp;de manera recurrente se mostraba agresivo y que agred\u00eda a su familia bajo los efectos de las drogas.<\/p>\n\n\n\n<p>Mediante certificaciones del Instituto Nacional de Ciencias Forenses<strong>&nbsp;(Inacif)&nbsp;<\/strong>se pudo determinar que las v\u00edctimas presentaban, entre otras lesiones, abrasiones lineales cicatrizadas, antiguas, en el t\u00f3rax.<\/p>\n\n\n\n<p>En el proceso seguido contra&nbsp;<strong>Morla Gast\u00f3n&nbsp;<\/strong>por los hechos de violencia, el Ministerio P\u00fablico obtuvo una orden de arresto en su contra, que fue ejecutada en fecha&nbsp;<strong>29<\/strong>&nbsp;de diciembre del a\u00f1o&nbsp;<strong>2021.<\/strong><\/p>\n\n\n\n<p>LEER TAMBI\u00c9N :<a href=\"https:\/\/www.sinnadaqueocultarrd.com\/2024\/01\/fiscalia-obtuvo-condenas-de-20-anos-de.html\">Fiscal\u00eda obtuvo condenas de 20 a\u00f1os de prisi\u00f3n en contra de dos atracadores que asaltaron una joyer\u00eda en Invivienda<\/a><\/p>\n\n\n\n<p>El \u00f3rgano persecutor de los delitos le otorg\u00f3 al caso de violencia intrafamiliar la calificaci\u00f3n jur\u00eddica provisional de violaci\u00f3n a los art\u00edculos&nbsp;<strong>309-2&nbsp;<\/strong>del C\u00f3digo Penal Dominicano y&nbsp;<strong>396,<\/strong>&nbsp;letras<strong>&nbsp;A<\/strong>&nbsp;y<strong>&nbsp;B<\/strong>, del C\u00f3digo para la Protecci\u00f3n y los Derechos Fundamentales de Ni\u00f1os, Ni\u00f1as y Adolescentes (Ley&nbsp;<strong>136-03<\/strong>).<\/p>\n","protected":false},"excerpt":{"rendered":"<p>&nbsp;Un tribunal de este distrito judicial conden\u00f3 a cinco a\u00f1os de prisi\u00f3n a un hombre acusado por el Ministerio P\u00fablico de cometer violencia intrafamiliar, en un hecho ocurrido en el sector Playa de Muertos, de San Pedro de Macor\u00eds, en el a\u00f1o&nbsp;2021. La condena fue impuesta en contra de&nbsp;Federico Octavio Morla Gast\u00f3n,&nbsp;quien deber\u00e1 cumplir la [&hellip;]<\/p>\n","protected":false},"author":15,"featured_media":32583,"comment_status":"open","ping_status":"open","sticky":false,"template":"","format":"standard","meta":{"footnotes":""},"categories":[35],"tags":[],"class_list":{"0":"post-32582","1":"post","2":"type-post","3":"status-publish","4":"format-standard","5":"has-post-thumbnail","7":"category-spm"},"yoast_head":"<!-- This site is optimized with the Yoast SEO plugin v27.1.1 - https:\/\/yoast.com\/product\/yoast-seo-wordpress\/ -->\n<title>Tribunal condena hombre a cinco a\u00f1os de prisi\u00f3n por violencia intrafamiliar en SPM. - Conexi\u00f3n 23<\/title>\n<meta name=\"robots\" content=\"index, follow, max-snippet:-1, max-image-preview:large, max-video-preview:-1\" \/>\n<link rel=\"canonical\" href=\"http:\/\/conexion23.com\/?p=32582\" \/>\n<meta property=\"og:locale\" content=\"es_ES\" \/>\n<meta property=\"og:type\" content=\"article\" \/>\n<meta property=\"og:title\" content=\"Tribunal condena hombre a cinco a\u00f1os de prisi\u00f3n por violencia intrafamiliar en SPM. - Conexi\u00f3n 23\" \/>\n<meta property=\"og:description\" content=\"&nbsp;Un tribunal de este distrito judicial conden\u00f3 a cinco a\u00f1os de prisi\u00f3n a un hombre acusado por el Ministerio P\u00fablico de cometer violencia intrafamiliar, en un hecho ocurrido en el sector Playa de Muertos, de San Pedro de Macor\u00eds, en el a\u00f1o&nbsp;2021. La condena fue impuesta en contra de&nbsp;Federico Octavio Morla Gast\u00f3n,&nbsp;quien deber\u00e1 cumplir la [&hellip;]\" \/>\n<meta property=\"og:url\" content=\"http:\/\/conexion23.com\/?p=32582\" \/>\n<meta property=\"og:site_name\" content=\"Conexi\u00f3n 23\" \/>\n<meta property=\"article:publisher\" content=\"https:\/\/www.facebook.com\/conexion23com\" \/>\n<meta property=\"article:published_time\" content=\"2024-09-12T11:10:05+00:00\" \/>\n<meta property=\"article:modified_time\" content=\"2024-09-12T11:10:06+00:00\" \/>\n<meta property=\"og:image\" content=\"http:\/\/conexion23.com\/wp-content\/uploads\/2024\/09\/FB_IMG_1681498816516-1068x601-1.jpg\" \/>\n\t<meta property=\"og:image:width\" content=\"400\" \/>\n\t<meta property=\"og:image:height\" content=\"225\" \/>\n\t<meta property=\"og:image:type\" content=\"image\/jpeg\" \/>\n<meta name=\"author\" content=\"Raffy Ben\u00edtez\" \/>\n<meta name=\"twitter:card\" content=\"summary_large_image\" \/>\n<meta name=\"twitter:label1\" content=\"Escrito por\" \/>\n\t<meta name=\"twitter:data1\" content=\"Raffy Ben\u00edtez\" \/>\n\t<meta name=\"twitter:label2\" content=\"Tiempo de lectura\" \/>\n\t<meta name=\"twitter:data2\" content=\"2 minutos\" \/>\n<script type=\"application\/ld+json\" class=\"yoast-schema-graph\">{\"@context\":\"https:\/\/schema.org\",\"@graph\":[{\"@type\":\"Article\",\"@id\":\"http:\/\/conexion23.com\/?p=32582#article\",\"isPartOf\":{\"@id\":\"http:\/\/conexion23.com\/?p=32582\"},\"author\":{\"name\":\"Raffy Ben\u00edtez\",\"@id\":\"https:\/\/conexion23.com\/#\/schema\/person\/03e36043331117e97a373299bbcd30a6\"},\"headline\":\"Tribunal condena hombre a cinco a\u00f1os de prisi\u00f3n por violencia intrafamiliar en SPM.\",\"datePublished\":\"2024-09-12T11:10:05+00:00\",\"dateModified\":\"2024-09-12T11:10:06+00:00\",\"mainEntityOfPage\":{\"@id\":\"http:\/\/conexion23.com\/?p=32582\"},\"wordCount\":435,\"commentCount\":0,\"publisher\":{\"@id\":\"https:\/\/conexion23.com\/#organization\"},\"image\":{\"@id\":\"http:\/\/conexion23.com\/?p=32582#primaryimage\"},\"thumbnailUrl\":\"https:\/\/conexion23.com\/wp-content\/uploads\/2024\/09\/FB_IMG_1681498816516-1068x601-1.jpg\",\"articleSection\":[\"SPM\"],\"inLanguage\":\"es\",\"potentialAction\":[{\"@type\":\"CommentAction\",\"name\":\"Comment\",\"target\":[\"http:\/\/conexion23.com\/?p=32582#respond\"]}]},{\"@type\":\"WebPage\",\"@id\":\"http:\/\/conexion23.com\/?p=32582\",\"url\":\"http:\/\/conexion23.com\/?p=32582\",\"name\":\"Tribunal condena hombre a cinco a\u00f1os de prisi\u00f3n por violencia intrafamiliar en SPM. - Conexi\u00f3n 23\",\"isPartOf\":{\"@id\":\"https:\/\/conexion23.com\/#website\"},\"primaryImageOfPage\":{\"@id\":\"http:\/\/conexion23.com\/?p=32582#primaryimage\"},\"image\":{\"@id\":\"http:\/\/conexion23.com\/?p=32582#primaryimage\"},\"thumbnailUrl\":\"https:\/\/conexion23.com\/wp-content\/uploads\/2024\/09\/FB_IMG_1681498816516-1068x601-1.jpg\",\"datePublished\":\"2024-09-12T11:10:05+00:00\",\"dateModified\":\"2024-09-12T11:10:06+00:00\",\"breadcrumb\":{\"@id\":\"http:\/\/conexion23.com\/?p=32582#breadcrumb\"},\"inLanguage\":\"es\",\"potentialAction\":[{\"@type\":\"ReadAction\",\"target\":[\"http:\/\/conexion23.com\/?p=32582\"]}]},{\"@type\":\"ImageObject\",\"inLanguage\":\"es\",\"@id\":\"http:\/\/conexion23.com\/?p=32582#primaryimage\",\"url\":\"https:\/\/conexion23.com\/wp-content\/uploads\/2024\/09\/FB_IMG_1681498816516-1068x601-1.jpg\",\"contentUrl\":\"https:\/\/conexion23.com\/wp-content\/uploads\/2024\/09\/FB_IMG_1681498816516-1068x601-1.jpg\",\"width\":400,\"height\":225},{\"@type\":\"BreadcrumbList\",\"@id\":\"http:\/\/conexion23.com\/?p=32582#breadcrumb\",\"itemListElement\":[{\"@type\":\"ListItem\",\"position\":1,\"name\":\"Portada\",\"item\":\"https:\/\/conexion23.com\/\"},{\"@type\":\"ListItem\",\"position\":2,\"name\":\"Tribunal condena hombre a cinco a\u00f1os de prisi\u00f3n por violencia intrafamiliar en SPM.\"}]},{\"@type\":\"WebSite\",\"@id\":\"https:\/\/conexion23.com\/#website\",\"url\":\"https:\/\/conexion23.com\/\",\"name\":\"Conexi\u00f3n 23\",\"description\":\"Peri\u00f3dico 100% Petromacorisano\",\"publisher\":{\"@id\":\"https:\/\/conexion23.com\/#organization\"},\"potentialAction\":[{\"@type\":\"SearchAction\",\"target\":{\"@type\":\"EntryPoint\",\"urlTemplate\":\"https:\/\/conexion23.com\/?s={search_term_string}\"},\"query-input\":{\"@type\":\"PropertyValueSpecification\",\"valueRequired\":true,\"valueName\":\"search_term_string\"}}],\"inLanguage\":\"es\"},{\"@type\":\"Organization\",\"@id\":\"https:\/\/conexion23.com\/#organization\",\"name\":\"Conexion 23\",\"url\":\"https:\/\/conexion23.com\/\",\"logo\":{\"@type\":\"ImageObject\",\"inLanguage\":\"es\",\"@id\":\"https:\/\/conexion23.com\/#\/schema\/logo\/image\/\",\"url\":\"https:\/\/conexion23.com\/wp-content\/uploads\/2021\/11\/Diseno-sin-titulo-2.png\",\"contentUrl\":\"https:\/\/conexion23.com\/wp-content\/uploads\/2021\/11\/Diseno-sin-titulo-2.png\",\"width\":541,\"height\":90,\"caption\":\"Conexion 23\"},\"image\":{\"@id\":\"https:\/\/conexion23.com\/#\/schema\/logo\/image\/\"},\"sameAs\":[\"https:\/\/www.facebook.com\/conexion23com\",\"https:\/\/www.instagram.com\/conexion23com\/\",\"https:\/\/www.youtube.com\/channel\/UCYc7vxxFZMYLIHNsHHxPZ3Q\"]},{\"@type\":\"Person\",\"@id\":\"https:\/\/conexion23.com\/#\/schema\/person\/03e36043331117e97a373299bbcd30a6\",\"name\":\"Raffy Ben\u00edtez\",\"image\":{\"@type\":\"ImageObject\",\"inLanguage\":\"es\",\"@id\":\"https:\/\/conexion23.com\/#\/schema\/person\/image\/\",\"url\":\"https:\/\/secure.gravatar.com\/avatar\/3190a6a6c5e1b0327500f7d6c56b6242472ee6cb974cf09b401ee6b3b0798f23?s=96&d=mm&r=g\",\"contentUrl\":\"https:\/\/secure.gravatar.com\/avatar\/3190a6a6c5e1b0327500f7d6c56b6242472ee6cb974cf09b401ee6b3b0798f23?s=96&d=mm&r=g\",\"caption\":\"Raffy Ben\u00edtez\"},\"url\":\"https:\/\/conexion23.com\/?author=15\"}]}<\/script>\n<!-- \/ Yoast SEO plugin. -->","yoast_head_json":{"title":"Tribunal condena hombre a cinco a\u00f1os de prisi\u00f3n por violencia intrafamiliar en SPM. - Conexi\u00f3n 23","robots":{"index":"index","follow":"follow","max-snippet":"max-snippet:-1","max-image-preview":"max-image-preview:large","max-video-preview":"max-video-preview:-1"},"canonical":"http:\/\/conexion23.com\/?p=32582","og_locale":"es_ES","og_type":"article","og_title":"Tribunal condena hombre a cinco a\u00f1os de prisi\u00f3n por violencia intrafamiliar en SPM. - Conexi\u00f3n 23","og_description":"&nbsp;Un tribunal de este distrito judicial conden\u00f3 a cinco a\u00f1os de prisi\u00f3n a un hombre acusado por el Ministerio P\u00fablico de cometer violencia intrafamiliar, en un hecho ocurrido en el sector Playa de Muertos, de San Pedro de Macor\u00eds, en el a\u00f1o&nbsp;2021. La condena fue impuesta en contra de&nbsp;Federico Octavio Morla Gast\u00f3n,&nbsp;quien deber\u00e1 cumplir la [&hellip;]","og_url":"http:\/\/conexion23.com\/?p=32582","og_site_name":"Conexi\u00f3n 23","article_publisher":"https:\/\/www.facebook.com\/conexion23com","article_published_time":"2024-09-12T11:10:05+00:00","article_modified_time":"2024-09-12T11:10:06+00:00","og_image":[{"width":400,"height":225,"url":"http:\/\/conexion23.com\/wp-content\/uploads\/2024\/09\/FB_IMG_1681498816516-1068x601-1.jpg","type":"image\/jpeg"}],"author":"Raffy Ben\u00edtez","twitter_card":"summary_large_image","twitter_misc":{"Escrito por":"Raffy Ben\u00edtez","Tiempo de lectura":"2 minutos"},"schema":{"@context":"https:\/\/schema.org","@graph":[{"@type":"Article","@id":"http:\/\/conexion23.com\/?p=32582#article","isPartOf":{"@id":"http:\/\/conexion23.com\/?p=32582"},"author":{"name":"Raffy Ben\u00edtez","@id":"https:\/\/conexion23.com\/#\/schema\/person\/03e36043331117e97a373299bbcd30a6"},"headline":"Tribunal condena hombre a cinco a\u00f1os de prisi\u00f3n por violencia intrafamiliar en SPM.","datePublished":"2024-09-12T11:10:05+00:00","dateModified":"2024-09-12T11:10:06+00:00","mainEntityOfPage":{"@id":"http:\/\/conexion23.com\/?p=32582"},"wordCount":435,"commentCount":0,"publisher":{"@id":"https:\/\/conexion23.com\/#organization"},"image":{"@id":"http:\/\/conexion23.com\/?p=32582#primaryimage"},"thumbnailUrl":"https:\/\/conexion23.com\/wp-content\/uploads\/2024\/09\/FB_IMG_1681498816516-1068x601-1.jpg","articleSection":["SPM"],"inLanguage":"es","potentialAction":[{"@type":"CommentAction","name":"Comment","target":["http:\/\/conexion23.com\/?p=32582#respond"]}]},{"@type":"WebPage","@id":"http:\/\/conexion23.com\/?p=32582","url":"http:\/\/conexion23.com\/?p=32582","name":"Tribunal condena hombre a cinco a\u00f1os de prisi\u00f3n por violencia intrafamiliar en SPM. - Conexi\u00f3n 23","isPartOf":{"@id":"https:\/\/conexion23.com\/#website"},"primaryImageOfPage":{"@id":"http:\/\/conexion23.com\/?p=32582#primaryimage"},"image":{"@id":"http:\/\/conexion23.com\/?p=32582#primaryimage"},"thumbnailUrl":"https:\/\/conexion23.com\/wp-content\/uploads\/2024\/09\/FB_IMG_1681498816516-1068x601-1.jpg","datePublished":"2024-09-12T11:10:05+00:00","dateModified":"2024-09-12T11:10:06+00:00","breadcrumb":{"@id":"http:\/\/conexion23.com\/?p=32582#breadcrumb"},"inLanguage":"es","potentialAction":[{"@type":"ReadAction","target":["http:\/\/conexion23.com\/?p=32582"]}]},{"@type":"ImageObject","inLanguage":"es","@id":"http:\/\/conexion23.com\/?p=32582#primaryimage","url":"https:\/\/conexion23.com\/wp-content\/uploads\/2024\/09\/FB_IMG_1681498816516-1068x601-1.jpg","contentUrl":"https:\/\/conexion23.com\/wp-content\/uploads\/2024\/09\/FB_IMG_1681498816516-1068x601-1.jpg","width":400,"height":225},{"@type":"BreadcrumbList","@id":"http:\/\/conexion23.com\/?p=32582#breadcrumb","itemListElement":[{"@type":"ListItem","position":1,"name":"Portada","item":"https:\/\/conexion23.com\/"},{"@type":"ListItem","position":2,"name":"Tribunal condena hombre a cinco a\u00f1os de prisi\u00f3n por violencia intrafamiliar en SPM."}]},{"@type":"WebSite","@id":"https:\/\/conexion23.com\/#website","url":"https:\/\/conexion23.com\/","name":"Conexi\u00f3n 23","description":"Peri\u00f3dico 100% Petromacorisano","publisher":{"@id":"https:\/\/conexion23.com\/#organization"},"potentialAction":[{"@type":"SearchAction","target":{"@type":"EntryPoint","urlTemplate":"https:\/\/conexion23.com\/?s={search_term_string}"},"query-input":{"@type":"PropertyValueSpecification","valueRequired":true,"valueName":"search_term_string"}}],"inLanguage":"es"},{"@type":"Organization","@id":"https:\/\/conexion23.com\/#organization","name":"Conexion 23","url":"https:\/\/conexion23.com\/","logo":{"@type":"ImageObject","inLanguage":"es","@id":"https:\/\/conexion23.com\/#\/schema\/logo\/image\/","url":"https:\/\/conexion23.com\/wp-content\/uploads\/2021\/11\/Diseno-sin-titulo-2.png","contentUrl":"https:\/\/conexion23.com\/wp-content\/uploads\/2021\/11\/Diseno-sin-titulo-2.png","width":541,"height":90,"caption":"Conexion 23"},"image":{"@id":"https:\/\/conexion23.com\/#\/schema\/logo\/image\/"},"sameAs":["https:\/\/www.facebook.com\/conexion23com","https:\/\/www.instagram.com\/conexion23com\/","https:\/\/www.youtube.com\/channel\/UCYc7vxxFZMYLIHNsHHxPZ3Q"]},{"@type":"Person","@id":"https:\/\/conexion23.com\/#\/schema\/person\/03e36043331117e97a373299bbcd30a6","name":"Raffy Ben\u00edtez","image":{"@type":"ImageObject","inLanguage":"es","@id":"https:\/\/conexion23.com\/#\/schema\/person\/image\/","url":"https:\/\/secure.gravatar.com\/avatar\/3190a6a6c5e1b0327500f7d6c56b6242472ee6cb974cf09b401ee6b3b0798f23?s=96&d=mm&r=g","contentUrl":"https:\/\/secure.gravatar.com\/avatar\/3190a6a6c5e1b0327500f7d6c56b6242472ee6cb974cf09b401ee6b3b0798f23?s=96&d=mm&r=g","caption":"Raffy Ben\u00edtez"},"url":"https:\/\/conexion23.com\/?author=15"}]}},"_links":{"self":[{"href":"https:\/\/conexion23.com\/index.php?rest_route=\/wp\/v2\/posts\/32582","targetHints":{"allow":["GET"]}}],"collection":[{"href":"https:\/\/conexion23.com\/index.php?rest_route=\/wp\/v2\/posts"}],"about":[{"href":"https:\/\/conexion23.com\/index.php?rest_route=\/wp\/v2\/types\/post"}],"author":[{"embeddable":true,"href":"https:\/\/conexion23.com\/index.php?rest_route=\/wp\/v2\/users\/15"}],"replies":[{"embeddable":true,"href":"https:\/\/conexion23.com\/index.php?rest_route=%2Fwp%2Fv2%2Fcomments&post=32582"}],"version-history":[{"count":1,"href":"https:\/\/conexion23.com\/index.php?rest_route=\/wp\/v2\/posts\/32582\/revisions"}],"predecessor-version":[{"id":32584,"href":"https:\/\/conexion23.com\/index.php?rest_route=\/wp\/v2\/posts\/32582\/revisions\/32584"}],"wp:featuredmedia":[{"embeddable":true,"href":"https:\/\/conexion23.com\/index.php?rest_route=\/wp\/v2\/media\/32583"}],"wp:attachment":[{"href":"https:\/\/conexion23.com\/index.php?rest_route=%2Fwp%2Fv2%2Fmedia&parent=32582"}],"wp:term":[{"taxonomy":"category","embeddable":true,"href":"https:\/\/conexion23.com\/index.php?rest_route=%2Fwp%2Fv2%2Fcategories&post=32582"},{"taxonomy":"post_tag","embeddable":true,"href":"https:\/\/conexion23.com\/index.php?rest_route=%2Fwp%2Fv2%2Ftags&post=32582"}],"curies":[{"name":"wp","href":"https:\/\/api.w.org\/{rel}","templated":true}]}}