{"id":32594,"date":"2024-09-12T07:39:07","date_gmt":"2024-09-12T11:39:07","guid":{"rendered":"https:\/\/conexion23.com\/?p=32594"},"modified":"2024-09-12T07:39:08","modified_gmt":"2024-09-12T11:39:08","slug":"canciller-de-haiti-pide-proteccion-para-compatriotas-en-ee-uu","status":"publish","type":"post","link":"https:\/\/conexion23.com\/?p=32594","title":{"rendered":"Canciller de Hait\u00ed pide protecci\u00f3n para compatriotas en EE.UU."},"content":{"rendered":"\n<p>La canciller de Hait\u00ed, Dominique Dupuy, hizo un llamado a las autoridades de Springfield, Ohio, y de otras regiones de los Estados Unidos, solicitando protecci\u00f3n para los ciudadanos haitianos que residen en ese pa\u00eds, con el fin de evitar que sean v\u00edctimas de violencia motivada por supuestas falsedades.<\/p>\n\n\n\n<p>Dupuy inst\u00f3 a sus compatriotas a unirse \u201cen una sola voz para afirmar que somos humanos\u201d. La ministra de Relaciones Exteriores destac\u00f3 que el martes 10 de septiembre sostuvo una reuni\u00f3n virtual con m\u00e1s de 50 l\u00edderes comunitarios, religiosos y representantes de organizaciones que trabajan con migrantes en Estados Unidos.<\/p>\n\n\n\n<p>El encuentro, que cont\u00f3 con la participaci\u00f3n de Nikita S\u00e9jour, asesora del primer ministro, tuvo como objetivo expresar solidaridad con la comunidad haitiana afectada y dise\u00f1ar conjuntamente una respuesta eficaz ante los recientes ataques.<\/p>\n\n\n\n<p>\u201cQueremos no solo mostrar nuestra solidaridad, sino tambi\u00e9n enviar un mensaje claro de que rechazamos rotundamente estas afirmaciones que vulneran la dignidad de nuestros compatriotas y ponen en riesgo sus vidas\u201d, subray\u00f3 Dupuy.<\/p>\n\n\n\n<p>El Ministerio de Relaciones Exteriores, en colaboraci\u00f3n con organizaciones de la di\u00e1spora, est\u00e1 evaluando todas las estrategias posibles para garantizar que los haitianos v\u00edctimas de intimidaci\u00f3n y estigmatizaci\u00f3n, tanto en Springfield como en otras localidades, reciban protecci\u00f3n de las autoridades competentes. Adem\u00e1s, se est\u00e1n promoviendo acciones legales para defender los derechos de los inmigrantes haitianos en Estados Unidos.<\/p>\n","protected":false},"excerpt":{"rendered":"<p>La canciller de Hait\u00ed, Dominique Dupuy, hizo un llamado a las autoridades de Springfield, Ohio, y de otras regiones de los Estados Unidos, solicitando protecci\u00f3n para los ciudadanos haitianos que residen en ese pa\u00eds, con el fin de evitar que sean v\u00edctimas de violencia motivada por supuestas falsedades. Dupuy inst\u00f3 a sus compatriotas a unirse [&hellip;]<\/p>\n","protected":false},"author":15,"featured_media":32595,"comment_status":"open","ping_status":"open","sticky":false,"template":"","format":"standard","meta":{"footnotes":""},"categories":[1],"tags":[],"class_list":{"0":"post-32594","1":"post","2":"type-post","3":"status-publish","4":"format-standard","5":"has-post-thumbnail","7":"category-uncategorized"},"yoast_head":"<!-- This site is optimized with the Yoast SEO plugin v27.1.1 - https:\/\/yoast.com\/product\/yoast-seo-wordpress\/ -->\n<title>Canciller de Hait\u00ed pide protecci\u00f3n para compatriotas en EE.UU. - Conexi\u00f3n 23<\/title>\n<meta name=\"robots\" content=\"index, follow, max-snippet:-1, max-image-preview:large, max-video-preview:-1\" \/>\n<link rel=\"canonical\" href=\"http:\/\/conexion23.com\/?p=32594\" \/>\n<meta property=\"og:locale\" content=\"es_ES\" \/>\n<meta property=\"og:type\" content=\"article\" \/>\n<meta property=\"og:title\" content=\"Canciller de Hait\u00ed pide protecci\u00f3n para compatriotas en EE.UU. - Conexi\u00f3n 23\" \/>\n<meta property=\"og:description\" content=\"La canciller de Hait\u00ed, Dominique Dupuy, hizo un llamado a las autoridades de Springfield, Ohio, y de otras regiones de los Estados Unidos, solicitando protecci\u00f3n para los ciudadanos haitianos que residen en ese pa\u00eds, con el fin de evitar que sean v\u00edctimas de violencia motivada por supuestas falsedades. Dupuy inst\u00f3 a sus compatriotas a unirse [&hellip;]\" \/>\n<meta property=\"og:url\" content=\"http:\/\/conexion23.com\/?p=32594\" \/>\n<meta property=\"og:site_name\" content=\"Conexi\u00f3n 23\" \/>\n<meta property=\"article:publisher\" content=\"https:\/\/www.facebook.com\/conexion23com\" \/>\n<meta property=\"article:published_time\" content=\"2024-09-12T11:39:07+00:00\" \/>\n<meta property=\"article:modified_time\" content=\"2024-09-12T11:39:08+00:00\" \/>\n<meta property=\"og:image\" content=\"http:\/\/conexion23.com\/wp-content\/uploads\/2024\/09\/fghk.jpg\" \/>\n\t<meta property=\"og:image:width\" content=\"225\" \/>\n\t<meta property=\"og:image:height\" content=\"220\" \/>\n\t<meta property=\"og:image:type\" content=\"image\/jpeg\" \/>\n<meta name=\"author\" content=\"Raffy Ben\u00edtez\" \/>\n<meta name=\"twitter:card\" content=\"summary_large_image\" \/>\n<meta name=\"twitter:label1\" content=\"Escrito por\" \/>\n\t<meta name=\"twitter:data1\" content=\"Raffy Ben\u00edtez\" \/>\n\t<meta name=\"twitter:label2\" content=\"Tiempo de lectura\" \/>\n\t<meta name=\"twitter:data2\" content=\"2 minutos\" \/>\n<script type=\"application\/ld+json\" class=\"yoast-schema-graph\">{\"@context\":\"https:\/\/schema.org\",\"@graph\":[{\"@type\":\"Article\",\"@id\":\"http:\/\/conexion23.com\/?p=32594#article\",\"isPartOf\":{\"@id\":\"http:\/\/conexion23.com\/?p=32594\"},\"author\":{\"name\":\"Raffy Ben\u00edtez\",\"@id\":\"https:\/\/conexion23.com\/#\/schema\/person\/03e36043331117e97a373299bbcd30a6\"},\"headline\":\"Canciller de Hait\u00ed pide protecci\u00f3n para compatriotas en EE.UU.\",\"datePublished\":\"2024-09-12T11:39:07+00:00\",\"dateModified\":\"2024-09-12T11:39:08+00:00\",\"mainEntityOfPage\":{\"@id\":\"http:\/\/conexion23.com\/?p=32594\"},\"wordCount\":250,\"commentCount\":0,\"publisher\":{\"@id\":\"https:\/\/conexion23.com\/#organization\"},\"image\":{\"@id\":\"http:\/\/conexion23.com\/?p=32594#primaryimage\"},\"thumbnailUrl\":\"https:\/\/conexion23.com\/wp-content\/uploads\/2024\/09\/fghk.jpg\",\"articleSection\":[\"Uncategorized\"],\"inLanguage\":\"es\",\"potentialAction\":[{\"@type\":\"CommentAction\",\"name\":\"Comment\",\"target\":[\"http:\/\/conexion23.com\/?p=32594#respond\"]}]},{\"@type\":\"WebPage\",\"@id\":\"http:\/\/conexion23.com\/?p=32594\",\"url\":\"http:\/\/conexion23.com\/?p=32594\",\"name\":\"Canciller de Hait\u00ed pide protecci\u00f3n para compatriotas en EE.UU. - Conexi\u00f3n 23\",\"isPartOf\":{\"@id\":\"https:\/\/conexion23.com\/#website\"},\"primaryImageOfPage\":{\"@id\":\"http:\/\/conexion23.com\/?p=32594#primaryimage\"},\"image\":{\"@id\":\"http:\/\/conexion23.com\/?p=32594#primaryimage\"},\"thumbnailUrl\":\"https:\/\/conexion23.com\/wp-content\/uploads\/2024\/09\/fghk.jpg\",\"datePublished\":\"2024-09-12T11:39:07+00:00\",\"dateModified\":\"2024-09-12T11:39:08+00:00\",\"breadcrumb\":{\"@id\":\"http:\/\/conexion23.com\/?p=32594#breadcrumb\"},\"inLanguage\":\"es\",\"potentialAction\":[{\"@type\":\"ReadAction\",\"target\":[\"http:\/\/conexion23.com\/?p=32594\"]}]},{\"@type\":\"ImageObject\",\"inLanguage\":\"es\",\"@id\":\"http:\/\/conexion23.com\/?p=32594#primaryimage\",\"url\":\"https:\/\/conexion23.com\/wp-content\/uploads\/2024\/09\/fghk.jpg\",\"contentUrl\":\"https:\/\/conexion23.com\/wp-content\/uploads\/2024\/09\/fghk.jpg\",\"width\":225,\"height\":220},{\"@type\":\"BreadcrumbList\",\"@id\":\"http:\/\/conexion23.com\/?p=32594#breadcrumb\",\"itemListElement\":[{\"@type\":\"ListItem\",\"position\":1,\"name\":\"Portada\",\"item\":\"https:\/\/conexion23.com\/\"},{\"@type\":\"ListItem\",\"position\":2,\"name\":\"Canciller de Hait\u00ed pide protecci\u00f3n para compatriotas en EE.UU.\"}]},{\"@type\":\"WebSite\",\"@id\":\"https:\/\/conexion23.com\/#website\",\"url\":\"https:\/\/conexion23.com\/\",\"name\":\"Conexi\u00f3n 23\",\"description\":\"Peri\u00f3dico 100% Petromacorisano\",\"publisher\":{\"@id\":\"https:\/\/conexion23.com\/#organization\"},\"potentialAction\":[{\"@type\":\"SearchAction\",\"target\":{\"@type\":\"EntryPoint\",\"urlTemplate\":\"https:\/\/conexion23.com\/?s={search_term_string}\"},\"query-input\":{\"@type\":\"PropertyValueSpecification\",\"valueRequired\":true,\"valueName\":\"search_term_string\"}}],\"inLanguage\":\"es\"},{\"@type\":\"Organization\",\"@id\":\"https:\/\/conexion23.com\/#organization\",\"name\":\"Conexion 23\",\"url\":\"https:\/\/conexion23.com\/\",\"logo\":{\"@type\":\"ImageObject\",\"inLanguage\":\"es\",\"@id\":\"https:\/\/conexion23.com\/#\/schema\/logo\/image\/\",\"url\":\"https:\/\/conexion23.com\/wp-content\/uploads\/2021\/11\/Diseno-sin-titulo-2.png\",\"contentUrl\":\"https:\/\/conexion23.com\/wp-content\/uploads\/2021\/11\/Diseno-sin-titulo-2.png\",\"width\":541,\"height\":90,\"caption\":\"Conexion 23\"},\"image\":{\"@id\":\"https:\/\/conexion23.com\/#\/schema\/logo\/image\/\"},\"sameAs\":[\"https:\/\/www.facebook.com\/conexion23com\",\"https:\/\/www.instagram.com\/conexion23com\/\",\"https:\/\/www.youtube.com\/channel\/UCYc7vxxFZMYLIHNsHHxPZ3Q\"]},{\"@type\":\"Person\",\"@id\":\"https:\/\/conexion23.com\/#\/schema\/person\/03e36043331117e97a373299bbcd30a6\",\"name\":\"Raffy Ben\u00edtez\",\"image\":{\"@type\":\"ImageObject\",\"inLanguage\":\"es\",\"@id\":\"https:\/\/conexion23.com\/#\/schema\/person\/image\/\",\"url\":\"https:\/\/secure.gravatar.com\/avatar\/3190a6a6c5e1b0327500f7d6c56b6242472ee6cb974cf09b401ee6b3b0798f23?s=96&d=mm&r=g\",\"contentUrl\":\"https:\/\/secure.gravatar.com\/avatar\/3190a6a6c5e1b0327500f7d6c56b6242472ee6cb974cf09b401ee6b3b0798f23?s=96&d=mm&r=g\",\"caption\":\"Raffy Ben\u00edtez\"},\"url\":\"https:\/\/conexion23.com\/?author=15\"}]}<\/script>\n<!-- \/ Yoast SEO plugin. -->","yoast_head_json":{"title":"Canciller de Hait\u00ed pide protecci\u00f3n para compatriotas en EE.UU. - Conexi\u00f3n 23","robots":{"index":"index","follow":"follow","max-snippet":"max-snippet:-1","max-image-preview":"max-image-preview:large","max-video-preview":"max-video-preview:-1"},"canonical":"http:\/\/conexion23.com\/?p=32594","og_locale":"es_ES","og_type":"article","og_title":"Canciller de Hait\u00ed pide protecci\u00f3n para compatriotas en EE.UU. - Conexi\u00f3n 23","og_description":"La canciller de Hait\u00ed, Dominique Dupuy, hizo un llamado a las autoridades de Springfield, Ohio, y de otras regiones de los Estados Unidos, solicitando protecci\u00f3n para los ciudadanos haitianos que residen en ese pa\u00eds, con el fin de evitar que sean v\u00edctimas de violencia motivada por supuestas falsedades. Dupuy inst\u00f3 a sus compatriotas a unirse [&hellip;]","og_url":"http:\/\/conexion23.com\/?p=32594","og_site_name":"Conexi\u00f3n 23","article_publisher":"https:\/\/www.facebook.com\/conexion23com","article_published_time":"2024-09-12T11:39:07+00:00","article_modified_time":"2024-09-12T11:39:08+00:00","og_image":[{"width":225,"height":220,"url":"http:\/\/conexion23.com\/wp-content\/uploads\/2024\/09\/fghk.jpg","type":"image\/jpeg"}],"author":"Raffy Ben\u00edtez","twitter_card":"summary_large_image","twitter_misc":{"Escrito por":"Raffy Ben\u00edtez","Tiempo de lectura":"2 minutos"},"schema":{"@context":"https:\/\/schema.org","@graph":[{"@type":"Article","@id":"http:\/\/conexion23.com\/?p=32594#article","isPartOf":{"@id":"http:\/\/conexion23.com\/?p=32594"},"author":{"name":"Raffy Ben\u00edtez","@id":"https:\/\/conexion23.com\/#\/schema\/person\/03e36043331117e97a373299bbcd30a6"},"headline":"Canciller de Hait\u00ed pide protecci\u00f3n para compatriotas en EE.UU.","datePublished":"2024-09-12T11:39:07+00:00","dateModified":"2024-09-12T11:39:08+00:00","mainEntityOfPage":{"@id":"http:\/\/conexion23.com\/?p=32594"},"wordCount":250,"commentCount":0,"publisher":{"@id":"https:\/\/conexion23.com\/#organization"},"image":{"@id":"http:\/\/conexion23.com\/?p=32594#primaryimage"},"thumbnailUrl":"https:\/\/conexion23.com\/wp-content\/uploads\/2024\/09\/fghk.jpg","articleSection":["Uncategorized"],"inLanguage":"es","potentialAction":[{"@type":"CommentAction","name":"Comment","target":["http:\/\/conexion23.com\/?p=32594#respond"]}]},{"@type":"WebPage","@id":"http:\/\/conexion23.com\/?p=32594","url":"http:\/\/conexion23.com\/?p=32594","name":"Canciller de Hait\u00ed pide protecci\u00f3n para compatriotas en EE.UU. - Conexi\u00f3n 23","isPartOf":{"@id":"https:\/\/conexion23.com\/#website"},"primaryImageOfPage":{"@id":"http:\/\/conexion23.com\/?p=32594#primaryimage"},"image":{"@id":"http:\/\/conexion23.com\/?p=32594#primaryimage"},"thumbnailUrl":"https:\/\/conexion23.com\/wp-content\/uploads\/2024\/09\/fghk.jpg","datePublished":"2024-09-12T11:39:07+00:00","dateModified":"2024-09-12T11:39:08+00:00","breadcrumb":{"@id":"http:\/\/conexion23.com\/?p=32594#breadcrumb"},"inLanguage":"es","potentialAction":[{"@type":"ReadAction","target":["http:\/\/conexion23.com\/?p=32594"]}]},{"@type":"ImageObject","inLanguage":"es","@id":"http:\/\/conexion23.com\/?p=32594#primaryimage","url":"https:\/\/conexion23.com\/wp-content\/uploads\/2024\/09\/fghk.jpg","contentUrl":"https:\/\/conexion23.com\/wp-content\/uploads\/2024\/09\/fghk.jpg","width":225,"height":220},{"@type":"BreadcrumbList","@id":"http:\/\/conexion23.com\/?p=32594#breadcrumb","itemListElement":[{"@type":"ListItem","position":1,"name":"Portada","item":"https:\/\/conexion23.com\/"},{"@type":"ListItem","position":2,"name":"Canciller de Hait\u00ed pide protecci\u00f3n para compatriotas en EE.UU."}]},{"@type":"WebSite","@id":"https:\/\/conexion23.com\/#website","url":"https:\/\/conexion23.com\/","name":"Conexi\u00f3n 23","description":"Peri\u00f3dico 100% Petromacorisano","publisher":{"@id":"https:\/\/conexion23.com\/#organization"},"potentialAction":[{"@type":"SearchAction","target":{"@type":"EntryPoint","urlTemplate":"https:\/\/conexion23.com\/?s={search_term_string}"},"query-input":{"@type":"PropertyValueSpecification","valueRequired":true,"valueName":"search_term_string"}}],"inLanguage":"es"},{"@type":"Organization","@id":"https:\/\/conexion23.com\/#organization","name":"Conexion 23","url":"https:\/\/conexion23.com\/","logo":{"@type":"ImageObject","inLanguage":"es","@id":"https:\/\/conexion23.com\/#\/schema\/logo\/image\/","url":"https:\/\/conexion23.com\/wp-content\/uploads\/2021\/11\/Diseno-sin-titulo-2.png","contentUrl":"https:\/\/conexion23.com\/wp-content\/uploads\/2021\/11\/Diseno-sin-titulo-2.png","width":541,"height":90,"caption":"Conexion 23"},"image":{"@id":"https:\/\/conexion23.com\/#\/schema\/logo\/image\/"},"sameAs":["https:\/\/www.facebook.com\/conexion23com","https:\/\/www.instagram.com\/conexion23com\/","https:\/\/www.youtube.com\/channel\/UCYc7vxxFZMYLIHNsHHxPZ3Q"]},{"@type":"Person","@id":"https:\/\/conexion23.com\/#\/schema\/person\/03e36043331117e97a373299bbcd30a6","name":"Raffy Ben\u00edtez","image":{"@type":"ImageObject","inLanguage":"es","@id":"https:\/\/conexion23.com\/#\/schema\/person\/image\/","url":"https:\/\/secure.gravatar.com\/avatar\/3190a6a6c5e1b0327500f7d6c56b6242472ee6cb974cf09b401ee6b3b0798f23?s=96&d=mm&r=g","contentUrl":"https:\/\/secure.gravatar.com\/avatar\/3190a6a6c5e1b0327500f7d6c56b6242472ee6cb974cf09b401ee6b3b0798f23?s=96&d=mm&r=g","caption":"Raffy Ben\u00edtez"},"url":"https:\/\/conexion23.com\/?author=15"}]}},"_links":{"self":[{"href":"https:\/\/conexion23.com\/index.php?rest_route=\/wp\/v2\/posts\/32594","targetHints":{"allow":["GET"]}}],"collection":[{"href":"https:\/\/conexion23.com\/index.php?rest_route=\/wp\/v2\/posts"}],"about":[{"href":"https:\/\/conexion23.com\/index.php?rest_route=\/wp\/v2\/types\/post"}],"author":[{"embeddable":true,"href":"https:\/\/conexion23.com\/index.php?rest_route=\/wp\/v2\/users\/15"}],"replies":[{"embeddable":true,"href":"https:\/\/conexion23.com\/index.php?rest_route=%2Fwp%2Fv2%2Fcomments&post=32594"}],"version-history":[{"count":1,"href":"https:\/\/conexion23.com\/index.php?rest_route=\/wp\/v2\/posts\/32594\/revisions"}],"predecessor-version":[{"id":32596,"href":"https:\/\/conexion23.com\/index.php?rest_route=\/wp\/v2\/posts\/32594\/revisions\/32596"}],"wp:featuredmedia":[{"embeddable":true,"href":"https:\/\/conexion23.com\/index.php?rest_route=\/wp\/v2\/media\/32595"}],"wp:attachment":[{"href":"https:\/\/conexion23.com\/index.php?rest_route=%2Fwp%2Fv2%2Fmedia&parent=32594"}],"wp:term":[{"taxonomy":"category","embeddable":true,"href":"https:\/\/conexion23.com\/index.php?rest_route=%2Fwp%2Fv2%2Fcategories&post=32594"},{"taxonomy":"post_tag","embeddable":true,"href":"https:\/\/conexion23.com\/index.php?rest_route=%2Fwp%2Fv2%2Ftags&post=32594"}],"curies":[{"name":"wp","href":"https:\/\/api.w.org\/{rel}","templated":true}]}}