{"id":32597,"date":"2024-09-12T07:46:16","date_gmt":"2024-09-12T11:46:16","guid":{"rendered":"https:\/\/conexion23.com\/?p=32597"},"modified":"2024-09-12T07:46:17","modified_gmt":"2024-09-12T11:46:17","slug":"alberto-fujimori-expresidente-de-peru-muere-a-los-86-anos","status":"publish","type":"post","link":"https:\/\/conexion23.com\/?p=32597","title":{"rendered":"Alberto Fujimori, expresidente de Per\u00fa, muere a los 86 a\u00f1os."},"content":{"rendered":"\n<p><strong>&nbsp;<\/strong>El expresidente de Per\u00fa Alberto Fujimori muri\u00f3 este mi\u00e9rcoles a los 86 a\u00f1os, inform\u00f3 Keiko Fujimori, su hija y dirigente del partido Fuerza Popular, en su cuenta de X.<\/p>\n\n\n\n<p>Fujimori falleci\u00f3 horas despu\u00e9s de que su m\u00e9dico de cabecera, Alejandro Aguinaga, dijera que estaba \u201cluchando\u201d por su salud.<\/p>\n\n\n\n<p>\u201cDespu\u00e9s de una larga batalla contra el c\u00e1ncer, nuestro padre, Alberto Fujimori, acaba de partir al encuentro del Se\u00f1or. Pedimos a quienes lo amaron que nos acompa\u00f1en con una oraci\u00f3n por el eterno descanso de su alma\u201d, escribi\u00f3 Keiko Fujimori.<\/p>\n\n\n\n<figure class=\"wp-block-image\"><img decoding=\"async\" src=\"https:\/\/media.cnn.com\/api\/v1\/images\/stellar\/prod\/cnne-1751224-gettyimages-1836239294.jpg?q=w_1110,c_fill\" alt=\"El expresidente de Per\u00fa Alberto Fujimori sale en un autom\u00f3vil de la prisi\u00f3n de Barbadillo luego de ser liberado el 06 de diciembre de 2023 en Lima, Per\u00fa. Cr\u00e9dito: Mariana Bazo\/Getty Images\"\/><\/figure>\n\n\n\n<p>El expresidente de Per\u00fa Alberto Fujimori sale en un autom\u00f3vil de la prisi\u00f3n de Barbadillo luego de ser liberado el 06 de diciembre de 2023 en Lima, Per\u00fa. Cr\u00e9dito: Mariana Bazo\/Getty Images<\/p>\n\n\n\n<p>Fujimori, una figura controvertida en su pa\u00eds, dirigi\u00f3 Per\u00fa entre 1990 y 2000. Su mandato sac\u00f3 al pa\u00eds del borde del colapso econ\u00f3mico, pero tambi\u00e9n estuvo plagado de denuncias de violaciones de derechos humanos y corrupci\u00f3n, por las que luego fue condenado d\u00e9cadas despu\u00e9s a 25 a\u00f1os de c\u00e1rcel por los delitos de homicidio calificado y lesiones por los casos Barrios Altos y La Cantuta.<\/p>\n\n\n\n<p>En diciembre de 2023 Fujimori sali\u00f3 de prisi\u00f3n, luego de que el Tribunal Constitucional de Per\u00fa ordenara su libertad inmediata. Su salida de prisi\u00f3n ocurri\u00f3 debido a que la sentencia del alto tribunal ratific\u00f3 un fallo anterior de la misma corte, emitido en marzo de 2022, en el que se restitu\u00edan los efectos del indulto humanitario otorgado a Fujimori en diciembre de 2017 por Kuczynski.<\/p>\n\n\n\n<p>Una vez en libertad, en julio de 2024, su hija Keiko Fujimori revel\u00f3 que su padre aspiraba a ser una vez m\u00e1s candidato presidencial. \u201cLo hemos conversado y decidido juntos\u201d, dijo Keiko Fujimori en un mensaje publicado en su cuenta de X.<\/p>\n","protected":false},"excerpt":{"rendered":"<p>&nbsp;El expresidente de Per\u00fa Alberto Fujimori muri\u00f3 este mi\u00e9rcoles a los 86 a\u00f1os, inform\u00f3 Keiko Fujimori, su hija y dirigente del partido Fuerza Popular, en su cuenta de X. Fujimori falleci\u00f3 horas despu\u00e9s de que su m\u00e9dico de cabecera, Alejandro Aguinaga, dijera que estaba \u201cluchando\u201d por su salud. \u201cDespu\u00e9s de una larga batalla contra el [&hellip;]<\/p>\n","protected":false},"author":15,"featured_media":32598,"comment_status":"open","ping_status":"open","sticky":false,"template":"","format":"standard","meta":{"footnotes":""},"categories":[1],"tags":[],"class_list":{"0":"post-32597","1":"post","2":"type-post","3":"status-publish","4":"format-standard","5":"has-post-thumbnail","7":"category-uncategorized"},"yoast_head":"<!-- This site is optimized with the Yoast SEO plugin v27.1.1 - https:\/\/yoast.com\/product\/yoast-seo-wordpress\/ -->\n<title>Alberto Fujimori, expresidente de Per\u00fa, muere a los 86 a\u00f1os. - Conexi\u00f3n 23<\/title>\n<meta name=\"robots\" content=\"index, follow, max-snippet:-1, max-image-preview:large, max-video-preview:-1\" \/>\n<link rel=\"canonical\" href=\"http:\/\/conexion23.com\/?p=32597\" \/>\n<meta property=\"og:locale\" content=\"es_ES\" \/>\n<meta property=\"og:type\" content=\"article\" \/>\n<meta property=\"og:title\" content=\"Alberto Fujimori, expresidente de Per\u00fa, muere a los 86 a\u00f1os. - Conexi\u00f3n 23\" \/>\n<meta property=\"og:description\" content=\"&nbsp;El expresidente de Per\u00fa Alberto Fujimori muri\u00f3 este mi\u00e9rcoles a los 86 a\u00f1os, inform\u00f3 Keiko Fujimori, su hija y dirigente del partido Fuerza Popular, en su cuenta de X. Fujimori falleci\u00f3 horas despu\u00e9s de que su m\u00e9dico de cabecera, Alejandro Aguinaga, dijera que estaba \u201cluchando\u201d por su salud. \u201cDespu\u00e9s de una larga batalla contra el [&hellip;]\" \/>\n<meta property=\"og:url\" content=\"http:\/\/conexion23.com\/?p=32597\" \/>\n<meta property=\"og:site_name\" content=\"Conexi\u00f3n 23\" \/>\n<meta property=\"article:publisher\" content=\"https:\/\/www.facebook.com\/conexion23com\" \/>\n<meta property=\"article:published_time\" content=\"2024-09-12T11:46:16+00:00\" \/>\n<meta property=\"article:modified_time\" content=\"2024-09-12T11:46:17+00:00\" \/>\n<meta property=\"og:image\" content=\"http:\/\/conexion23.com\/wp-content\/uploads\/2024\/09\/rtjmhhgjyf.jpg\" \/>\n\t<meta property=\"og:image:width\" content=\"248\" \/>\n\t<meta property=\"og:image:height\" content=\"176\" \/>\n\t<meta property=\"og:image:type\" content=\"image\/jpeg\" \/>\n<meta name=\"author\" content=\"Raffy Ben\u00edtez\" \/>\n<meta name=\"twitter:card\" content=\"summary_large_image\" \/>\n<meta name=\"twitter:label1\" content=\"Escrito por\" \/>\n\t<meta name=\"twitter:data1\" content=\"Raffy Ben\u00edtez\" \/>\n\t<meta name=\"twitter:label2\" content=\"Tiempo de lectura\" \/>\n\t<meta name=\"twitter:data2\" content=\"2 minutos\" \/>\n<script type=\"application\/ld+json\" class=\"yoast-schema-graph\">{\"@context\":\"https:\/\/schema.org\",\"@graph\":[{\"@type\":\"Article\",\"@id\":\"http:\/\/conexion23.com\/?p=32597#article\",\"isPartOf\":{\"@id\":\"http:\/\/conexion23.com\/?p=32597\"},\"author\":{\"name\":\"Raffy Ben\u00edtez\",\"@id\":\"https:\/\/conexion23.com\/#\/schema\/person\/03e36043331117e97a373299bbcd30a6\"},\"headline\":\"Alberto Fujimori, expresidente de Per\u00fa, muere a los 86 a\u00f1os.\",\"datePublished\":\"2024-09-12T11:46:16+00:00\",\"dateModified\":\"2024-09-12T11:46:17+00:00\",\"mainEntityOfPage\":{\"@id\":\"http:\/\/conexion23.com\/?p=32597\"},\"wordCount\":319,\"commentCount\":0,\"publisher\":{\"@id\":\"https:\/\/conexion23.com\/#organization\"},\"image\":{\"@id\":\"http:\/\/conexion23.com\/?p=32597#primaryimage\"},\"thumbnailUrl\":\"https:\/\/conexion23.com\/wp-content\/uploads\/2024\/09\/rtjmhhgjyf.jpg\",\"articleSection\":[\"Uncategorized\"],\"inLanguage\":\"es\",\"potentialAction\":[{\"@type\":\"CommentAction\",\"name\":\"Comment\",\"target\":[\"http:\/\/conexion23.com\/?p=32597#respond\"]}]},{\"@type\":\"WebPage\",\"@id\":\"http:\/\/conexion23.com\/?p=32597\",\"url\":\"http:\/\/conexion23.com\/?p=32597\",\"name\":\"Alberto Fujimori, expresidente de Per\u00fa, muere a los 86 a\u00f1os. - Conexi\u00f3n 23\",\"isPartOf\":{\"@id\":\"https:\/\/conexion23.com\/#website\"},\"primaryImageOfPage\":{\"@id\":\"http:\/\/conexion23.com\/?p=32597#primaryimage\"},\"image\":{\"@id\":\"http:\/\/conexion23.com\/?p=32597#primaryimage\"},\"thumbnailUrl\":\"https:\/\/conexion23.com\/wp-content\/uploads\/2024\/09\/rtjmhhgjyf.jpg\",\"datePublished\":\"2024-09-12T11:46:16+00:00\",\"dateModified\":\"2024-09-12T11:46:17+00:00\",\"breadcrumb\":{\"@id\":\"http:\/\/conexion23.com\/?p=32597#breadcrumb\"},\"inLanguage\":\"es\",\"potentialAction\":[{\"@type\":\"ReadAction\",\"target\":[\"http:\/\/conexion23.com\/?p=32597\"]}]},{\"@type\":\"ImageObject\",\"inLanguage\":\"es\",\"@id\":\"http:\/\/conexion23.com\/?p=32597#primaryimage\",\"url\":\"https:\/\/conexion23.com\/wp-content\/uploads\/2024\/09\/rtjmhhgjyf.jpg\",\"contentUrl\":\"https:\/\/conexion23.com\/wp-content\/uploads\/2024\/09\/rtjmhhgjyf.jpg\",\"width\":248,\"height\":176},{\"@type\":\"BreadcrumbList\",\"@id\":\"http:\/\/conexion23.com\/?p=32597#breadcrumb\",\"itemListElement\":[{\"@type\":\"ListItem\",\"position\":1,\"name\":\"Portada\",\"item\":\"https:\/\/conexion23.com\/\"},{\"@type\":\"ListItem\",\"position\":2,\"name\":\"Alberto Fujimori, expresidente de Per\u00fa, muere a los 86 a\u00f1os.\"}]},{\"@type\":\"WebSite\",\"@id\":\"https:\/\/conexion23.com\/#website\",\"url\":\"https:\/\/conexion23.com\/\",\"name\":\"Conexi\u00f3n 23\",\"description\":\"Peri\u00f3dico 100% Petromacorisano\",\"publisher\":{\"@id\":\"https:\/\/conexion23.com\/#organization\"},\"potentialAction\":[{\"@type\":\"SearchAction\",\"target\":{\"@type\":\"EntryPoint\",\"urlTemplate\":\"https:\/\/conexion23.com\/?s={search_term_string}\"},\"query-input\":{\"@type\":\"PropertyValueSpecification\",\"valueRequired\":true,\"valueName\":\"search_term_string\"}}],\"inLanguage\":\"es\"},{\"@type\":\"Organization\",\"@id\":\"https:\/\/conexion23.com\/#organization\",\"name\":\"Conexion 23\",\"url\":\"https:\/\/conexion23.com\/\",\"logo\":{\"@type\":\"ImageObject\",\"inLanguage\":\"es\",\"@id\":\"https:\/\/conexion23.com\/#\/schema\/logo\/image\/\",\"url\":\"https:\/\/conexion23.com\/wp-content\/uploads\/2021\/11\/Diseno-sin-titulo-2.png\",\"contentUrl\":\"https:\/\/conexion23.com\/wp-content\/uploads\/2021\/11\/Diseno-sin-titulo-2.png\",\"width\":541,\"height\":90,\"caption\":\"Conexion 23\"},\"image\":{\"@id\":\"https:\/\/conexion23.com\/#\/schema\/logo\/image\/\"},\"sameAs\":[\"https:\/\/www.facebook.com\/conexion23com\",\"https:\/\/www.instagram.com\/conexion23com\/\",\"https:\/\/www.youtube.com\/channel\/UCYc7vxxFZMYLIHNsHHxPZ3Q\"]},{\"@type\":\"Person\",\"@id\":\"https:\/\/conexion23.com\/#\/schema\/person\/03e36043331117e97a373299bbcd30a6\",\"name\":\"Raffy Ben\u00edtez\",\"image\":{\"@type\":\"ImageObject\",\"inLanguage\":\"es\",\"@id\":\"https:\/\/conexion23.com\/#\/schema\/person\/image\/\",\"url\":\"https:\/\/secure.gravatar.com\/avatar\/3190a6a6c5e1b0327500f7d6c56b6242472ee6cb974cf09b401ee6b3b0798f23?s=96&d=mm&r=g\",\"contentUrl\":\"https:\/\/secure.gravatar.com\/avatar\/3190a6a6c5e1b0327500f7d6c56b6242472ee6cb974cf09b401ee6b3b0798f23?s=96&d=mm&r=g\",\"caption\":\"Raffy Ben\u00edtez\"},\"url\":\"https:\/\/conexion23.com\/?author=15\"}]}<\/script>\n<!-- \/ Yoast SEO plugin. -->","yoast_head_json":{"title":"Alberto Fujimori, expresidente de Per\u00fa, muere a los 86 a\u00f1os. - Conexi\u00f3n 23","robots":{"index":"index","follow":"follow","max-snippet":"max-snippet:-1","max-image-preview":"max-image-preview:large","max-video-preview":"max-video-preview:-1"},"canonical":"http:\/\/conexion23.com\/?p=32597","og_locale":"es_ES","og_type":"article","og_title":"Alberto Fujimori, expresidente de Per\u00fa, muere a los 86 a\u00f1os. - Conexi\u00f3n 23","og_description":"&nbsp;El expresidente de Per\u00fa Alberto Fujimori muri\u00f3 este mi\u00e9rcoles a los 86 a\u00f1os, inform\u00f3 Keiko Fujimori, su hija y dirigente del partido Fuerza Popular, en su cuenta de X. Fujimori falleci\u00f3 horas despu\u00e9s de que su m\u00e9dico de cabecera, Alejandro Aguinaga, dijera que estaba \u201cluchando\u201d por su salud. \u201cDespu\u00e9s de una larga batalla contra el [&hellip;]","og_url":"http:\/\/conexion23.com\/?p=32597","og_site_name":"Conexi\u00f3n 23","article_publisher":"https:\/\/www.facebook.com\/conexion23com","article_published_time":"2024-09-12T11:46:16+00:00","article_modified_time":"2024-09-12T11:46:17+00:00","og_image":[{"width":248,"height":176,"url":"http:\/\/conexion23.com\/wp-content\/uploads\/2024\/09\/rtjmhhgjyf.jpg","type":"image\/jpeg"}],"author":"Raffy Ben\u00edtez","twitter_card":"summary_large_image","twitter_misc":{"Escrito por":"Raffy Ben\u00edtez","Tiempo de lectura":"2 minutos"},"schema":{"@context":"https:\/\/schema.org","@graph":[{"@type":"Article","@id":"http:\/\/conexion23.com\/?p=32597#article","isPartOf":{"@id":"http:\/\/conexion23.com\/?p=32597"},"author":{"name":"Raffy Ben\u00edtez","@id":"https:\/\/conexion23.com\/#\/schema\/person\/03e36043331117e97a373299bbcd30a6"},"headline":"Alberto Fujimori, expresidente de Per\u00fa, muere a los 86 a\u00f1os.","datePublished":"2024-09-12T11:46:16+00:00","dateModified":"2024-09-12T11:46:17+00:00","mainEntityOfPage":{"@id":"http:\/\/conexion23.com\/?p=32597"},"wordCount":319,"commentCount":0,"publisher":{"@id":"https:\/\/conexion23.com\/#organization"},"image":{"@id":"http:\/\/conexion23.com\/?p=32597#primaryimage"},"thumbnailUrl":"https:\/\/conexion23.com\/wp-content\/uploads\/2024\/09\/rtjmhhgjyf.jpg","articleSection":["Uncategorized"],"inLanguage":"es","potentialAction":[{"@type":"CommentAction","name":"Comment","target":["http:\/\/conexion23.com\/?p=32597#respond"]}]},{"@type":"WebPage","@id":"http:\/\/conexion23.com\/?p=32597","url":"http:\/\/conexion23.com\/?p=32597","name":"Alberto Fujimori, expresidente de Per\u00fa, muere a los 86 a\u00f1os. - Conexi\u00f3n 23","isPartOf":{"@id":"https:\/\/conexion23.com\/#website"},"primaryImageOfPage":{"@id":"http:\/\/conexion23.com\/?p=32597#primaryimage"},"image":{"@id":"http:\/\/conexion23.com\/?p=32597#primaryimage"},"thumbnailUrl":"https:\/\/conexion23.com\/wp-content\/uploads\/2024\/09\/rtjmhhgjyf.jpg","datePublished":"2024-09-12T11:46:16+00:00","dateModified":"2024-09-12T11:46:17+00:00","breadcrumb":{"@id":"http:\/\/conexion23.com\/?p=32597#breadcrumb"},"inLanguage":"es","potentialAction":[{"@type":"ReadAction","target":["http:\/\/conexion23.com\/?p=32597"]}]},{"@type":"ImageObject","inLanguage":"es","@id":"http:\/\/conexion23.com\/?p=32597#primaryimage","url":"https:\/\/conexion23.com\/wp-content\/uploads\/2024\/09\/rtjmhhgjyf.jpg","contentUrl":"https:\/\/conexion23.com\/wp-content\/uploads\/2024\/09\/rtjmhhgjyf.jpg","width":248,"height":176},{"@type":"BreadcrumbList","@id":"http:\/\/conexion23.com\/?p=32597#breadcrumb","itemListElement":[{"@type":"ListItem","position":1,"name":"Portada","item":"https:\/\/conexion23.com\/"},{"@type":"ListItem","position":2,"name":"Alberto Fujimori, expresidente de Per\u00fa, muere a los 86 a\u00f1os."}]},{"@type":"WebSite","@id":"https:\/\/conexion23.com\/#website","url":"https:\/\/conexion23.com\/","name":"Conexi\u00f3n 23","description":"Peri\u00f3dico 100% Petromacorisano","publisher":{"@id":"https:\/\/conexion23.com\/#organization"},"potentialAction":[{"@type":"SearchAction","target":{"@type":"EntryPoint","urlTemplate":"https:\/\/conexion23.com\/?s={search_term_string}"},"query-input":{"@type":"PropertyValueSpecification","valueRequired":true,"valueName":"search_term_string"}}],"inLanguage":"es"},{"@type":"Organization","@id":"https:\/\/conexion23.com\/#organization","name":"Conexion 23","url":"https:\/\/conexion23.com\/","logo":{"@type":"ImageObject","inLanguage":"es","@id":"https:\/\/conexion23.com\/#\/schema\/logo\/image\/","url":"https:\/\/conexion23.com\/wp-content\/uploads\/2021\/11\/Diseno-sin-titulo-2.png","contentUrl":"https:\/\/conexion23.com\/wp-content\/uploads\/2021\/11\/Diseno-sin-titulo-2.png","width":541,"height":90,"caption":"Conexion 23"},"image":{"@id":"https:\/\/conexion23.com\/#\/schema\/logo\/image\/"},"sameAs":["https:\/\/www.facebook.com\/conexion23com","https:\/\/www.instagram.com\/conexion23com\/","https:\/\/www.youtube.com\/channel\/UCYc7vxxFZMYLIHNsHHxPZ3Q"]},{"@type":"Person","@id":"https:\/\/conexion23.com\/#\/schema\/person\/03e36043331117e97a373299bbcd30a6","name":"Raffy Ben\u00edtez","image":{"@type":"ImageObject","inLanguage":"es","@id":"https:\/\/conexion23.com\/#\/schema\/person\/image\/","url":"https:\/\/secure.gravatar.com\/avatar\/3190a6a6c5e1b0327500f7d6c56b6242472ee6cb974cf09b401ee6b3b0798f23?s=96&d=mm&r=g","contentUrl":"https:\/\/secure.gravatar.com\/avatar\/3190a6a6c5e1b0327500f7d6c56b6242472ee6cb974cf09b401ee6b3b0798f23?s=96&d=mm&r=g","caption":"Raffy Ben\u00edtez"},"url":"https:\/\/conexion23.com\/?author=15"}]}},"_links":{"self":[{"href":"https:\/\/conexion23.com\/index.php?rest_route=\/wp\/v2\/posts\/32597","targetHints":{"allow":["GET"]}}],"collection":[{"href":"https:\/\/conexion23.com\/index.php?rest_route=\/wp\/v2\/posts"}],"about":[{"href":"https:\/\/conexion23.com\/index.php?rest_route=\/wp\/v2\/types\/post"}],"author":[{"embeddable":true,"href":"https:\/\/conexion23.com\/index.php?rest_route=\/wp\/v2\/users\/15"}],"replies":[{"embeddable":true,"href":"https:\/\/conexion23.com\/index.php?rest_route=%2Fwp%2Fv2%2Fcomments&post=32597"}],"version-history":[{"count":1,"href":"https:\/\/conexion23.com\/index.php?rest_route=\/wp\/v2\/posts\/32597\/revisions"}],"predecessor-version":[{"id":32599,"href":"https:\/\/conexion23.com\/index.php?rest_route=\/wp\/v2\/posts\/32597\/revisions\/32599"}],"wp:featuredmedia":[{"embeddable":true,"href":"https:\/\/conexion23.com\/index.php?rest_route=\/wp\/v2\/media\/32598"}],"wp:attachment":[{"href":"https:\/\/conexion23.com\/index.php?rest_route=%2Fwp%2Fv2%2Fmedia&parent=32597"}],"wp:term":[{"taxonomy":"category","embeddable":true,"href":"https:\/\/conexion23.com\/index.php?rest_route=%2Fwp%2Fv2%2Fcategories&post=32597"},{"taxonomy":"post_tag","embeddable":true,"href":"https:\/\/conexion23.com\/index.php?rest_route=%2Fwp%2Fv2%2Ftags&post=32597"}],"curies":[{"name":"wp","href":"https:\/\/api.w.org\/{rel}","templated":true}]}}