{"id":32600,"date":"2024-09-12T07:51:44","date_gmt":"2024-09-12T11:51:44","guid":{"rendered":"https:\/\/conexion23.com\/?p=32600"},"modified":"2024-09-12T07:51:46","modified_gmt":"2024-09-12T11:51:46","slug":"cabello-reacciona-airado-por-la-decision-del-congreso-espana","status":"publish","type":"post","link":"https:\/\/conexion23.com\/?p=32600","title":{"rendered":"Cabello reacciona airado por la decisi\u00f3n del Congreso Espa\u00f1a."},"content":{"rendered":"\n<p>El ministro del Interior de Venezuela, Diosdado Cabello, ha vinculado con el \u00abcolonialismo\u00bb la decisi\u00f3n adoptada este mi\u00e9rcoles&nbsp; por el Congreso de los Diputados de Espa\u00f1a de para instar al Gobierno a reconocer a Edmundo Gonz\u00e1lez como presidente electo.<\/p>\n\n\n\n<p>\u00ab\u00bfQu\u00e9 carajo tiene que ver el Congreso de Espa\u00f1a con los asuntos internos de Venezuela?\u00bb, pregunt\u00f3 Cabello,&nbsp; n\u00famero dos del Partido Socialista Unido de Venezuela (PSUV), durante un discurso en el Congreso Internacional en contra del Fascismo organizado en Caracas.<\/p>\n\n\n\n<p>Acus\u00f3 a las autoridades espa\u00f1olas de \u00abproteger\u00bb a criminales y se pregunt\u00f3 por qu\u00e9 tiene que \u00abmeterse\u00bb el Congreso de Espa\u00f1a en cuestiones que son \u00abinternas\u00bb.<\/p>\n\n\n\n<p>\u00abNos creen colonia y ellos se creen imperio. De aqu\u00ed los echamos, hace 300 a\u00f1os, y los vamos a volver a echar cada vez que intenten meterse en los asuntos internos de Venezuela. A ellos y a cualquier imperialista\u00bb, ha proclamado Cabello, que ha se\u00f1alado que la oposici\u00f3n interna deber\u00eda recibir \u00abla condena del mundo entero\u00bb.<\/p>\n\n\n\n<p><strong>LA DECISI\u00d3N ESPA\u00d1OLA<\/strong><\/p>\n\n\n\n<p>El Congreso, con el voto favorable de PP, Vox, UPN, CC y PNV, ha aprobado una proposici\u00f3n no de ley de los \u2018populares\u2019 por la que se insta al Gobierno a reconocer a Gonz\u00e1lez, refugiado desde el domingo en Espa\u00f1a, como presidente electo tras las presidenciales del pasado 28 de julio en Venezuela.<\/p>\n\n\n\n<p>Sin embargo, desde el Ministerio de Asuntos Exteriores, Uni\u00f3n Europea y Cooperaci\u00f3n han reiterado que el objetivo del Gobierno es trabajar para que se mantenga la \u00abposici\u00f3n com\u00fan como hasta ahora en la UE\u00bb para facilitar que pueda haber una \u00absoluci\u00f3n pol\u00edtica negociada\u00bb en Venezuela y que \u00abincluya analizar si el reconocimiento de Edmundo Gonz\u00e1lez Urrutia puede ayudar a ello\u00bb.<\/p>\n","protected":false},"excerpt":{"rendered":"<p>El ministro del Interior de Venezuela, Diosdado Cabello, ha vinculado con el \u00abcolonialismo\u00bb la decisi\u00f3n adoptada este mi\u00e9rcoles&nbsp; por el Congreso de los Diputados de Espa\u00f1a de para instar al Gobierno a reconocer a Edmundo Gonz\u00e1lez como presidente electo. \u00ab\u00bfQu\u00e9 carajo tiene que ver el Congreso de Espa\u00f1a con los asuntos internos de Venezuela?\u00bb, pregunt\u00f3 [&hellip;]<\/p>\n","protected":false},"author":15,"featured_media":32601,"comment_status":"open","ping_status":"open","sticky":false,"template":"","format":"standard","meta":{"footnotes":""},"categories":[1],"tags":[],"class_list":{"0":"post-32600","1":"post","2":"type-post","3":"status-publish","4":"format-standard","5":"has-post-thumbnail","7":"category-uncategorized"},"yoast_head":"<!-- This site is optimized with the Yoast SEO plugin v27.1.1 - https:\/\/yoast.com\/product\/yoast-seo-wordpress\/ -->\n<title>Cabello reacciona airado por la decisi\u00f3n del Congreso Espa\u00f1a. - Conexi\u00f3n 23<\/title>\n<meta name=\"robots\" content=\"index, follow, max-snippet:-1, max-image-preview:large, max-video-preview:-1\" \/>\n<link rel=\"canonical\" href=\"http:\/\/conexion23.com\/?p=32600\" \/>\n<meta property=\"og:locale\" content=\"es_ES\" \/>\n<meta property=\"og:type\" content=\"article\" \/>\n<meta property=\"og:title\" content=\"Cabello reacciona airado por la decisi\u00f3n del Congreso Espa\u00f1a. - Conexi\u00f3n 23\" \/>\n<meta property=\"og:description\" content=\"El ministro del Interior de Venezuela, Diosdado Cabello, ha vinculado con el \u00abcolonialismo\u00bb la decisi\u00f3n adoptada este mi\u00e9rcoles&nbsp; por el Congreso de los Diputados de Espa\u00f1a de para instar al Gobierno a reconocer a Edmundo Gonz\u00e1lez como presidente electo. \u00ab\u00bfQu\u00e9 carajo tiene que ver el Congreso de Espa\u00f1a con los asuntos internos de Venezuela?\u00bb, pregunt\u00f3 [&hellip;]\" \/>\n<meta property=\"og:url\" content=\"http:\/\/conexion23.com\/?p=32600\" \/>\n<meta property=\"og:site_name\" content=\"Conexi\u00f3n 23\" \/>\n<meta property=\"article:publisher\" content=\"https:\/\/www.facebook.com\/conexion23com\" \/>\n<meta property=\"article:published_time\" content=\"2024-09-12T11:51:44+00:00\" \/>\n<meta property=\"article:modified_time\" content=\"2024-09-12T11:51:46+00:00\" \/>\n<meta property=\"og:image\" content=\"http:\/\/conexion23.com\/wp-content\/uploads\/2024\/09\/image-2.jpg\" \/>\n\t<meta property=\"og:image:width\" content=\"1600\" \/>\n\t<meta property=\"og:image:height\" content=\"900\" \/>\n\t<meta property=\"og:image:type\" content=\"image\/jpeg\" \/>\n<meta name=\"author\" content=\"Raffy Ben\u00edtez\" \/>\n<meta name=\"twitter:card\" content=\"summary_large_image\" \/>\n<meta name=\"twitter:label1\" content=\"Escrito por\" \/>\n\t<meta name=\"twitter:data1\" content=\"Raffy Ben\u00edtez\" \/>\n\t<meta name=\"twitter:label2\" content=\"Tiempo de lectura\" \/>\n\t<meta name=\"twitter:data2\" content=\"2 minutos\" \/>\n<script type=\"application\/ld+json\" class=\"yoast-schema-graph\">{\"@context\":\"https:\/\/schema.org\",\"@graph\":[{\"@type\":\"Article\",\"@id\":\"http:\/\/conexion23.com\/?p=32600#article\",\"isPartOf\":{\"@id\":\"http:\/\/conexion23.com\/?p=32600\"},\"author\":{\"name\":\"Raffy Ben\u00edtez\",\"@id\":\"https:\/\/conexion23.com\/#\/schema\/person\/03e36043331117e97a373299bbcd30a6\"},\"headline\":\"Cabello reacciona airado por la decisi\u00f3n del Congreso Espa\u00f1a.\",\"datePublished\":\"2024-09-12T11:51:44+00:00\",\"dateModified\":\"2024-09-12T11:51:46+00:00\",\"mainEntityOfPage\":{\"@id\":\"http:\/\/conexion23.com\/?p=32600\"},\"wordCount\":312,\"commentCount\":0,\"publisher\":{\"@id\":\"https:\/\/conexion23.com\/#organization\"},\"image\":{\"@id\":\"http:\/\/conexion23.com\/?p=32600#primaryimage\"},\"thumbnailUrl\":\"https:\/\/conexion23.com\/wp-content\/uploads\/2024\/09\/image-2.jpg\",\"articleSection\":[\"Uncategorized\"],\"inLanguage\":\"es\",\"potentialAction\":[{\"@type\":\"CommentAction\",\"name\":\"Comment\",\"target\":[\"http:\/\/conexion23.com\/?p=32600#respond\"]}]},{\"@type\":\"WebPage\",\"@id\":\"http:\/\/conexion23.com\/?p=32600\",\"url\":\"http:\/\/conexion23.com\/?p=32600\",\"name\":\"Cabello reacciona airado por la decisi\u00f3n del Congreso Espa\u00f1a. - Conexi\u00f3n 23\",\"isPartOf\":{\"@id\":\"https:\/\/conexion23.com\/#website\"},\"primaryImageOfPage\":{\"@id\":\"http:\/\/conexion23.com\/?p=32600#primaryimage\"},\"image\":{\"@id\":\"http:\/\/conexion23.com\/?p=32600#primaryimage\"},\"thumbnailUrl\":\"https:\/\/conexion23.com\/wp-content\/uploads\/2024\/09\/image-2.jpg\",\"datePublished\":\"2024-09-12T11:51:44+00:00\",\"dateModified\":\"2024-09-12T11:51:46+00:00\",\"breadcrumb\":{\"@id\":\"http:\/\/conexion23.com\/?p=32600#breadcrumb\"},\"inLanguage\":\"es\",\"potentialAction\":[{\"@type\":\"ReadAction\",\"target\":[\"http:\/\/conexion23.com\/?p=32600\"]}]},{\"@type\":\"ImageObject\",\"inLanguage\":\"es\",\"@id\":\"http:\/\/conexion23.com\/?p=32600#primaryimage\",\"url\":\"https:\/\/conexion23.com\/wp-content\/uploads\/2024\/09\/image-2.jpg\",\"contentUrl\":\"https:\/\/conexion23.com\/wp-content\/uploads\/2024\/09\/image-2.jpg\",\"width\":1600,\"height\":900},{\"@type\":\"BreadcrumbList\",\"@id\":\"http:\/\/conexion23.com\/?p=32600#breadcrumb\",\"itemListElement\":[{\"@type\":\"ListItem\",\"position\":1,\"name\":\"Portada\",\"item\":\"https:\/\/conexion23.com\/\"},{\"@type\":\"ListItem\",\"position\":2,\"name\":\"Cabello reacciona airado por la decisi\u00f3n del Congreso Espa\u00f1a.\"}]},{\"@type\":\"WebSite\",\"@id\":\"https:\/\/conexion23.com\/#website\",\"url\":\"https:\/\/conexion23.com\/\",\"name\":\"Conexi\u00f3n 23\",\"description\":\"Peri\u00f3dico 100% Petromacorisano\",\"publisher\":{\"@id\":\"https:\/\/conexion23.com\/#organization\"},\"potentialAction\":[{\"@type\":\"SearchAction\",\"target\":{\"@type\":\"EntryPoint\",\"urlTemplate\":\"https:\/\/conexion23.com\/?s={search_term_string}\"},\"query-input\":{\"@type\":\"PropertyValueSpecification\",\"valueRequired\":true,\"valueName\":\"search_term_string\"}}],\"inLanguage\":\"es\"},{\"@type\":\"Organization\",\"@id\":\"https:\/\/conexion23.com\/#organization\",\"name\":\"Conexion 23\",\"url\":\"https:\/\/conexion23.com\/\",\"logo\":{\"@type\":\"ImageObject\",\"inLanguage\":\"es\",\"@id\":\"https:\/\/conexion23.com\/#\/schema\/logo\/image\/\",\"url\":\"https:\/\/conexion23.com\/wp-content\/uploads\/2021\/11\/Diseno-sin-titulo-2.png\",\"contentUrl\":\"https:\/\/conexion23.com\/wp-content\/uploads\/2021\/11\/Diseno-sin-titulo-2.png\",\"width\":541,\"height\":90,\"caption\":\"Conexion 23\"},\"image\":{\"@id\":\"https:\/\/conexion23.com\/#\/schema\/logo\/image\/\"},\"sameAs\":[\"https:\/\/www.facebook.com\/conexion23com\",\"https:\/\/www.instagram.com\/conexion23com\/\",\"https:\/\/www.youtube.com\/channel\/UCYc7vxxFZMYLIHNsHHxPZ3Q\"]},{\"@type\":\"Person\",\"@id\":\"https:\/\/conexion23.com\/#\/schema\/person\/03e36043331117e97a373299bbcd30a6\",\"name\":\"Raffy Ben\u00edtez\",\"image\":{\"@type\":\"ImageObject\",\"inLanguage\":\"es\",\"@id\":\"https:\/\/conexion23.com\/#\/schema\/person\/image\/\",\"url\":\"https:\/\/secure.gravatar.com\/avatar\/3190a6a6c5e1b0327500f7d6c56b6242472ee6cb974cf09b401ee6b3b0798f23?s=96&d=mm&r=g\",\"contentUrl\":\"https:\/\/secure.gravatar.com\/avatar\/3190a6a6c5e1b0327500f7d6c56b6242472ee6cb974cf09b401ee6b3b0798f23?s=96&d=mm&r=g\",\"caption\":\"Raffy Ben\u00edtez\"},\"url\":\"https:\/\/conexion23.com\/?author=15\"}]}<\/script>\n<!-- \/ Yoast SEO plugin. -->","yoast_head_json":{"title":"Cabello reacciona airado por la decisi\u00f3n del Congreso Espa\u00f1a. - Conexi\u00f3n 23","robots":{"index":"index","follow":"follow","max-snippet":"max-snippet:-1","max-image-preview":"max-image-preview:large","max-video-preview":"max-video-preview:-1"},"canonical":"http:\/\/conexion23.com\/?p=32600","og_locale":"es_ES","og_type":"article","og_title":"Cabello reacciona airado por la decisi\u00f3n del Congreso Espa\u00f1a. - Conexi\u00f3n 23","og_description":"El ministro del Interior de Venezuela, Diosdado Cabello, ha vinculado con el \u00abcolonialismo\u00bb la decisi\u00f3n adoptada este mi\u00e9rcoles&nbsp; por el Congreso de los Diputados de Espa\u00f1a de para instar al Gobierno a reconocer a Edmundo Gonz\u00e1lez como presidente electo. \u00ab\u00bfQu\u00e9 carajo tiene que ver el Congreso de Espa\u00f1a con los asuntos internos de Venezuela?\u00bb, pregunt\u00f3 [&hellip;]","og_url":"http:\/\/conexion23.com\/?p=32600","og_site_name":"Conexi\u00f3n 23","article_publisher":"https:\/\/www.facebook.com\/conexion23com","article_published_time":"2024-09-12T11:51:44+00:00","article_modified_time":"2024-09-12T11:51:46+00:00","og_image":[{"width":1600,"height":900,"url":"http:\/\/conexion23.com\/wp-content\/uploads\/2024\/09\/image-2.jpg","type":"image\/jpeg"}],"author":"Raffy Ben\u00edtez","twitter_card":"summary_large_image","twitter_misc":{"Escrito por":"Raffy Ben\u00edtez","Tiempo de lectura":"2 minutos"},"schema":{"@context":"https:\/\/schema.org","@graph":[{"@type":"Article","@id":"http:\/\/conexion23.com\/?p=32600#article","isPartOf":{"@id":"http:\/\/conexion23.com\/?p=32600"},"author":{"name":"Raffy Ben\u00edtez","@id":"https:\/\/conexion23.com\/#\/schema\/person\/03e36043331117e97a373299bbcd30a6"},"headline":"Cabello reacciona airado por la decisi\u00f3n del Congreso Espa\u00f1a.","datePublished":"2024-09-12T11:51:44+00:00","dateModified":"2024-09-12T11:51:46+00:00","mainEntityOfPage":{"@id":"http:\/\/conexion23.com\/?p=32600"},"wordCount":312,"commentCount":0,"publisher":{"@id":"https:\/\/conexion23.com\/#organization"},"image":{"@id":"http:\/\/conexion23.com\/?p=32600#primaryimage"},"thumbnailUrl":"https:\/\/conexion23.com\/wp-content\/uploads\/2024\/09\/image-2.jpg","articleSection":["Uncategorized"],"inLanguage":"es","potentialAction":[{"@type":"CommentAction","name":"Comment","target":["http:\/\/conexion23.com\/?p=32600#respond"]}]},{"@type":"WebPage","@id":"http:\/\/conexion23.com\/?p=32600","url":"http:\/\/conexion23.com\/?p=32600","name":"Cabello reacciona airado por la decisi\u00f3n del Congreso Espa\u00f1a. - Conexi\u00f3n 23","isPartOf":{"@id":"https:\/\/conexion23.com\/#website"},"primaryImageOfPage":{"@id":"http:\/\/conexion23.com\/?p=32600#primaryimage"},"image":{"@id":"http:\/\/conexion23.com\/?p=32600#primaryimage"},"thumbnailUrl":"https:\/\/conexion23.com\/wp-content\/uploads\/2024\/09\/image-2.jpg","datePublished":"2024-09-12T11:51:44+00:00","dateModified":"2024-09-12T11:51:46+00:00","breadcrumb":{"@id":"http:\/\/conexion23.com\/?p=32600#breadcrumb"},"inLanguage":"es","potentialAction":[{"@type":"ReadAction","target":["http:\/\/conexion23.com\/?p=32600"]}]},{"@type":"ImageObject","inLanguage":"es","@id":"http:\/\/conexion23.com\/?p=32600#primaryimage","url":"https:\/\/conexion23.com\/wp-content\/uploads\/2024\/09\/image-2.jpg","contentUrl":"https:\/\/conexion23.com\/wp-content\/uploads\/2024\/09\/image-2.jpg","width":1600,"height":900},{"@type":"BreadcrumbList","@id":"http:\/\/conexion23.com\/?p=32600#breadcrumb","itemListElement":[{"@type":"ListItem","position":1,"name":"Portada","item":"https:\/\/conexion23.com\/"},{"@type":"ListItem","position":2,"name":"Cabello reacciona airado por la decisi\u00f3n del Congreso Espa\u00f1a."}]},{"@type":"WebSite","@id":"https:\/\/conexion23.com\/#website","url":"https:\/\/conexion23.com\/","name":"Conexi\u00f3n 23","description":"Peri\u00f3dico 100% Petromacorisano","publisher":{"@id":"https:\/\/conexion23.com\/#organization"},"potentialAction":[{"@type":"SearchAction","target":{"@type":"EntryPoint","urlTemplate":"https:\/\/conexion23.com\/?s={search_term_string}"},"query-input":{"@type":"PropertyValueSpecification","valueRequired":true,"valueName":"search_term_string"}}],"inLanguage":"es"},{"@type":"Organization","@id":"https:\/\/conexion23.com\/#organization","name":"Conexion 23","url":"https:\/\/conexion23.com\/","logo":{"@type":"ImageObject","inLanguage":"es","@id":"https:\/\/conexion23.com\/#\/schema\/logo\/image\/","url":"https:\/\/conexion23.com\/wp-content\/uploads\/2021\/11\/Diseno-sin-titulo-2.png","contentUrl":"https:\/\/conexion23.com\/wp-content\/uploads\/2021\/11\/Diseno-sin-titulo-2.png","width":541,"height":90,"caption":"Conexion 23"},"image":{"@id":"https:\/\/conexion23.com\/#\/schema\/logo\/image\/"},"sameAs":["https:\/\/www.facebook.com\/conexion23com","https:\/\/www.instagram.com\/conexion23com\/","https:\/\/www.youtube.com\/channel\/UCYc7vxxFZMYLIHNsHHxPZ3Q"]},{"@type":"Person","@id":"https:\/\/conexion23.com\/#\/schema\/person\/03e36043331117e97a373299bbcd30a6","name":"Raffy Ben\u00edtez","image":{"@type":"ImageObject","inLanguage":"es","@id":"https:\/\/conexion23.com\/#\/schema\/person\/image\/","url":"https:\/\/secure.gravatar.com\/avatar\/3190a6a6c5e1b0327500f7d6c56b6242472ee6cb974cf09b401ee6b3b0798f23?s=96&d=mm&r=g","contentUrl":"https:\/\/secure.gravatar.com\/avatar\/3190a6a6c5e1b0327500f7d6c56b6242472ee6cb974cf09b401ee6b3b0798f23?s=96&d=mm&r=g","caption":"Raffy Ben\u00edtez"},"url":"https:\/\/conexion23.com\/?author=15"}]}},"_links":{"self":[{"href":"https:\/\/conexion23.com\/index.php?rest_route=\/wp\/v2\/posts\/32600","targetHints":{"allow":["GET"]}}],"collection":[{"href":"https:\/\/conexion23.com\/index.php?rest_route=\/wp\/v2\/posts"}],"about":[{"href":"https:\/\/conexion23.com\/index.php?rest_route=\/wp\/v2\/types\/post"}],"author":[{"embeddable":true,"href":"https:\/\/conexion23.com\/index.php?rest_route=\/wp\/v2\/users\/15"}],"replies":[{"embeddable":true,"href":"https:\/\/conexion23.com\/index.php?rest_route=%2Fwp%2Fv2%2Fcomments&post=32600"}],"version-history":[{"count":1,"href":"https:\/\/conexion23.com\/index.php?rest_route=\/wp\/v2\/posts\/32600\/revisions"}],"predecessor-version":[{"id":32602,"href":"https:\/\/conexion23.com\/index.php?rest_route=\/wp\/v2\/posts\/32600\/revisions\/32602"}],"wp:featuredmedia":[{"embeddable":true,"href":"https:\/\/conexion23.com\/index.php?rest_route=\/wp\/v2\/media\/32601"}],"wp:attachment":[{"href":"https:\/\/conexion23.com\/index.php?rest_route=%2Fwp%2Fv2%2Fmedia&parent=32600"}],"wp:term":[{"taxonomy":"category","embeddable":true,"href":"https:\/\/conexion23.com\/index.php?rest_route=%2Fwp%2Fv2%2Fcategories&post=32600"},{"taxonomy":"post_tag","embeddable":true,"href":"https:\/\/conexion23.com\/index.php?rest_route=%2Fwp%2Fv2%2Ftags&post=32600"}],"curies":[{"name":"wp","href":"https:\/\/api.w.org\/{rel}","templated":true}]}}