{"id":32687,"date":"2024-09-14T08:34:23","date_gmt":"2024-09-14T12:34:23","guid":{"rendered":"https:\/\/conexion23.com\/?p=32687"},"modified":"2024-09-14T08:34:25","modified_gmt":"2024-09-14T12:34:25","slug":"antisociales-roban-en-fundacion-sembrando-semillas-en-tierra-fertil-en-san-pedro-de-macoris","status":"publish","type":"post","link":"https:\/\/conexion23.com\/?p=32687","title":{"rendered":"Antisociales roban en Fundaci\u00f3n Sembrando Semillas en Tierra F\u00e9rtil en San Pedro de Macor\u00eds"},"content":{"rendered":"\n<p>La Fundaci\u00f3n Sembrando la Semilla en Tierra F\u00e9rtil, ubicada en el sector de San Ant\u00f3n, fue v\u00edctima de un robo significativo. <\/p>\n\n\n\n<p>Los antisociales se llevaron 24 sillas, una estufa, un bebedero, as\u00ed como el protector y la persiana de la instituci\u00f3n.<\/p>\n\n\n\n<p>Nelly Sabino, comunicadora y presidenta de la fundaci\u00f3n, expres\u00f3 su indignaci\u00f3n ante la falta de respuesta de las autoridades policiales para identificar a los responsables de este saqueo. La fundaci\u00f3n trabaja incansablemente por el bienestar de los ni\u00f1os y sus familias, y este incidente representa un duro golpe para su labor.<\/p>\n","protected":false},"excerpt":{"rendered":"<p>La Fundaci\u00f3n Sembrando la Semilla en Tierra F\u00e9rtil, ubicada en el sector de San Ant\u00f3n, fue v\u00edctima de un robo significativo. Los antisociales se llevaron 24 sillas, una estufa, un bebedero, as\u00ed como el protector y la persiana de la instituci\u00f3n. Nelly Sabino, comunicadora y presidenta de la fundaci\u00f3n, expres\u00f3 su indignaci\u00f3n ante la falta [&hellip;]<\/p>\n","protected":false},"author":15,"featured_media":32688,"comment_status":"open","ping_status":"open","sticky":false,"template":"","format":"standard","meta":{"footnotes":""},"categories":[35],"tags":[],"class_list":{"0":"post-32687","1":"post","2":"type-post","3":"status-publish","4":"format-standard","5":"has-post-thumbnail","7":"category-spm"},"yoast_head":"<!-- This site is optimized with the Yoast SEO plugin v27.1.1 - https:\/\/yoast.com\/product\/yoast-seo-wordpress\/ -->\n<title>Antisociales roban en Fundaci\u00f3n Sembrando Semillas en Tierra F\u00e9rtil en San Pedro de Macor\u00eds - Conexi\u00f3n 23<\/title>\n<meta name=\"robots\" content=\"index, follow, max-snippet:-1, max-image-preview:large, max-video-preview:-1\" \/>\n<link rel=\"canonical\" href=\"http:\/\/conexion23.com\/?p=32687\" \/>\n<meta property=\"og:locale\" content=\"es_ES\" \/>\n<meta property=\"og:type\" content=\"article\" \/>\n<meta property=\"og:title\" content=\"Antisociales roban en Fundaci\u00f3n Sembrando Semillas en Tierra F\u00e9rtil en San Pedro de Macor\u00eds - Conexi\u00f3n 23\" \/>\n<meta property=\"og:description\" content=\"La Fundaci\u00f3n Sembrando la Semilla en Tierra F\u00e9rtil, ubicada en el sector de San Ant\u00f3n, fue v\u00edctima de un robo significativo. Los antisociales se llevaron 24 sillas, una estufa, un bebedero, as\u00ed como el protector y la persiana de la instituci\u00f3n. Nelly Sabino, comunicadora y presidenta de la fundaci\u00f3n, expres\u00f3 su indignaci\u00f3n ante la falta [&hellip;]\" \/>\n<meta property=\"og:url\" content=\"http:\/\/conexion23.com\/?p=32687\" \/>\n<meta property=\"og:site_name\" content=\"Conexi\u00f3n 23\" \/>\n<meta property=\"article:publisher\" content=\"https:\/\/www.facebook.com\/conexion23com\" \/>\n<meta property=\"article:published_time\" content=\"2024-09-14T12:34:23+00:00\" \/>\n<meta property=\"article:modified_time\" content=\"2024-09-14T12:34:25+00:00\" \/>\n<meta property=\"og:image\" content=\"http:\/\/conexion23.com\/wp-content\/uploads\/2024\/09\/hjjhj.jpg\" \/>\n\t<meta property=\"og:image:width\" content=\"649\" \/>\n\t<meta property=\"og:image:height\" content=\"596\" \/>\n\t<meta property=\"og:image:type\" content=\"image\/jpeg\" \/>\n<meta name=\"author\" content=\"Raffy Ben\u00edtez\" \/>\n<meta name=\"twitter:card\" content=\"summary_large_image\" \/>\n<meta name=\"twitter:label1\" content=\"Escrito por\" \/>\n\t<meta name=\"twitter:data1\" content=\"Raffy Ben\u00edtez\" \/>\n\t<meta name=\"twitter:label2\" content=\"Tiempo de lectura\" \/>\n\t<meta name=\"twitter:data2\" content=\"1 minuto\" \/>\n<script type=\"application\/ld+json\" class=\"yoast-schema-graph\">{\"@context\":\"https:\/\/schema.org\",\"@graph\":[{\"@type\":\"Article\",\"@id\":\"http:\/\/conexion23.com\/?p=32687#article\",\"isPartOf\":{\"@id\":\"http:\/\/conexion23.com\/?p=32687\"},\"author\":{\"name\":\"Raffy Ben\u00edtez\",\"@id\":\"https:\/\/conexion23.com\/#\/schema\/person\/03e36043331117e97a373299bbcd30a6\"},\"headline\":\"Antisociales roban en Fundaci\u00f3n Sembrando Semillas en Tierra F\u00e9rtil en San Pedro de Macor\u00eds\",\"datePublished\":\"2024-09-14T12:34:23+00:00\",\"dateModified\":\"2024-09-14T12:34:25+00:00\",\"mainEntityOfPage\":{\"@id\":\"http:\/\/conexion23.com\/?p=32687\"},\"wordCount\":117,\"commentCount\":0,\"publisher\":{\"@id\":\"https:\/\/conexion23.com\/#organization\"},\"image\":{\"@id\":\"http:\/\/conexion23.com\/?p=32687#primaryimage\"},\"thumbnailUrl\":\"https:\/\/conexion23.com\/wp-content\/uploads\/2024\/09\/hjjhj.jpg\",\"articleSection\":[\"SPM\"],\"inLanguage\":\"es\",\"potentialAction\":[{\"@type\":\"CommentAction\",\"name\":\"Comment\",\"target\":[\"http:\/\/conexion23.com\/?p=32687#respond\"]}]},{\"@type\":\"WebPage\",\"@id\":\"http:\/\/conexion23.com\/?p=32687\",\"url\":\"http:\/\/conexion23.com\/?p=32687\",\"name\":\"Antisociales roban en Fundaci\u00f3n Sembrando Semillas en Tierra F\u00e9rtil en San Pedro de Macor\u00eds - Conexi\u00f3n 23\",\"isPartOf\":{\"@id\":\"https:\/\/conexion23.com\/#website\"},\"primaryImageOfPage\":{\"@id\":\"http:\/\/conexion23.com\/?p=32687#primaryimage\"},\"image\":{\"@id\":\"http:\/\/conexion23.com\/?p=32687#primaryimage\"},\"thumbnailUrl\":\"https:\/\/conexion23.com\/wp-content\/uploads\/2024\/09\/hjjhj.jpg\",\"datePublished\":\"2024-09-14T12:34:23+00:00\",\"dateModified\":\"2024-09-14T12:34:25+00:00\",\"breadcrumb\":{\"@id\":\"http:\/\/conexion23.com\/?p=32687#breadcrumb\"},\"inLanguage\":\"es\",\"potentialAction\":[{\"@type\":\"ReadAction\",\"target\":[\"http:\/\/conexion23.com\/?p=32687\"]}]},{\"@type\":\"ImageObject\",\"inLanguage\":\"es\",\"@id\":\"http:\/\/conexion23.com\/?p=32687#primaryimage\",\"url\":\"https:\/\/conexion23.com\/wp-content\/uploads\/2024\/09\/hjjhj.jpg\",\"contentUrl\":\"https:\/\/conexion23.com\/wp-content\/uploads\/2024\/09\/hjjhj.jpg\",\"width\":649,\"height\":596},{\"@type\":\"BreadcrumbList\",\"@id\":\"http:\/\/conexion23.com\/?p=32687#breadcrumb\",\"itemListElement\":[{\"@type\":\"ListItem\",\"position\":1,\"name\":\"Portada\",\"item\":\"https:\/\/conexion23.com\/\"},{\"@type\":\"ListItem\",\"position\":2,\"name\":\"Antisociales roban en Fundaci\u00f3n Sembrando Semillas en Tierra F\u00e9rtil en San Pedro de Macor\u00eds\"}]},{\"@type\":\"WebSite\",\"@id\":\"https:\/\/conexion23.com\/#website\",\"url\":\"https:\/\/conexion23.com\/\",\"name\":\"Conexi\u00f3n 23\",\"description\":\"Peri\u00f3dico 100% Petromacorisano\",\"publisher\":{\"@id\":\"https:\/\/conexion23.com\/#organization\"},\"potentialAction\":[{\"@type\":\"SearchAction\",\"target\":{\"@type\":\"EntryPoint\",\"urlTemplate\":\"https:\/\/conexion23.com\/?s={search_term_string}\"},\"query-input\":{\"@type\":\"PropertyValueSpecification\",\"valueRequired\":true,\"valueName\":\"search_term_string\"}}],\"inLanguage\":\"es\"},{\"@type\":\"Organization\",\"@id\":\"https:\/\/conexion23.com\/#organization\",\"name\":\"Conexion 23\",\"url\":\"https:\/\/conexion23.com\/\",\"logo\":{\"@type\":\"ImageObject\",\"inLanguage\":\"es\",\"@id\":\"https:\/\/conexion23.com\/#\/schema\/logo\/image\/\",\"url\":\"https:\/\/conexion23.com\/wp-content\/uploads\/2021\/11\/Diseno-sin-titulo-2.png\",\"contentUrl\":\"https:\/\/conexion23.com\/wp-content\/uploads\/2021\/11\/Diseno-sin-titulo-2.png\",\"width\":541,\"height\":90,\"caption\":\"Conexion 23\"},\"image\":{\"@id\":\"https:\/\/conexion23.com\/#\/schema\/logo\/image\/\"},\"sameAs\":[\"https:\/\/www.facebook.com\/conexion23com\",\"https:\/\/www.instagram.com\/conexion23com\/\",\"https:\/\/www.youtube.com\/channel\/UCYc7vxxFZMYLIHNsHHxPZ3Q\"]},{\"@type\":\"Person\",\"@id\":\"https:\/\/conexion23.com\/#\/schema\/person\/03e36043331117e97a373299bbcd30a6\",\"name\":\"Raffy Ben\u00edtez\",\"image\":{\"@type\":\"ImageObject\",\"inLanguage\":\"es\",\"@id\":\"https:\/\/conexion23.com\/#\/schema\/person\/image\/\",\"url\":\"https:\/\/secure.gravatar.com\/avatar\/3190a6a6c5e1b0327500f7d6c56b6242472ee6cb974cf09b401ee6b3b0798f23?s=96&d=mm&r=g\",\"contentUrl\":\"https:\/\/secure.gravatar.com\/avatar\/3190a6a6c5e1b0327500f7d6c56b6242472ee6cb974cf09b401ee6b3b0798f23?s=96&d=mm&r=g\",\"caption\":\"Raffy Ben\u00edtez\"},\"url\":\"https:\/\/conexion23.com\/?author=15\"}]}<\/script>\n<!-- \/ Yoast SEO plugin. -->","yoast_head_json":{"title":"Antisociales roban en Fundaci\u00f3n Sembrando Semillas en Tierra F\u00e9rtil en San Pedro de Macor\u00eds - Conexi\u00f3n 23","robots":{"index":"index","follow":"follow","max-snippet":"max-snippet:-1","max-image-preview":"max-image-preview:large","max-video-preview":"max-video-preview:-1"},"canonical":"http:\/\/conexion23.com\/?p=32687","og_locale":"es_ES","og_type":"article","og_title":"Antisociales roban en Fundaci\u00f3n Sembrando Semillas en Tierra F\u00e9rtil en San Pedro de Macor\u00eds - Conexi\u00f3n 23","og_description":"La Fundaci\u00f3n Sembrando la Semilla en Tierra F\u00e9rtil, ubicada en el sector de San Ant\u00f3n, fue v\u00edctima de un robo significativo. Los antisociales se llevaron 24 sillas, una estufa, un bebedero, as\u00ed como el protector y la persiana de la instituci\u00f3n. Nelly Sabino, comunicadora y presidenta de la fundaci\u00f3n, expres\u00f3 su indignaci\u00f3n ante la falta [&hellip;]","og_url":"http:\/\/conexion23.com\/?p=32687","og_site_name":"Conexi\u00f3n 23","article_publisher":"https:\/\/www.facebook.com\/conexion23com","article_published_time":"2024-09-14T12:34:23+00:00","article_modified_time":"2024-09-14T12:34:25+00:00","og_image":[{"width":649,"height":596,"url":"http:\/\/conexion23.com\/wp-content\/uploads\/2024\/09\/hjjhj.jpg","type":"image\/jpeg"}],"author":"Raffy Ben\u00edtez","twitter_card":"summary_large_image","twitter_misc":{"Escrito por":"Raffy Ben\u00edtez","Tiempo de lectura":"1 minuto"},"schema":{"@context":"https:\/\/schema.org","@graph":[{"@type":"Article","@id":"http:\/\/conexion23.com\/?p=32687#article","isPartOf":{"@id":"http:\/\/conexion23.com\/?p=32687"},"author":{"name":"Raffy Ben\u00edtez","@id":"https:\/\/conexion23.com\/#\/schema\/person\/03e36043331117e97a373299bbcd30a6"},"headline":"Antisociales roban en Fundaci\u00f3n Sembrando Semillas en Tierra F\u00e9rtil en San Pedro de Macor\u00eds","datePublished":"2024-09-14T12:34:23+00:00","dateModified":"2024-09-14T12:34:25+00:00","mainEntityOfPage":{"@id":"http:\/\/conexion23.com\/?p=32687"},"wordCount":117,"commentCount":0,"publisher":{"@id":"https:\/\/conexion23.com\/#organization"},"image":{"@id":"http:\/\/conexion23.com\/?p=32687#primaryimage"},"thumbnailUrl":"https:\/\/conexion23.com\/wp-content\/uploads\/2024\/09\/hjjhj.jpg","articleSection":["SPM"],"inLanguage":"es","potentialAction":[{"@type":"CommentAction","name":"Comment","target":["http:\/\/conexion23.com\/?p=32687#respond"]}]},{"@type":"WebPage","@id":"http:\/\/conexion23.com\/?p=32687","url":"http:\/\/conexion23.com\/?p=32687","name":"Antisociales roban en Fundaci\u00f3n Sembrando Semillas en Tierra F\u00e9rtil en San Pedro de Macor\u00eds - Conexi\u00f3n 23","isPartOf":{"@id":"https:\/\/conexion23.com\/#website"},"primaryImageOfPage":{"@id":"http:\/\/conexion23.com\/?p=32687#primaryimage"},"image":{"@id":"http:\/\/conexion23.com\/?p=32687#primaryimage"},"thumbnailUrl":"https:\/\/conexion23.com\/wp-content\/uploads\/2024\/09\/hjjhj.jpg","datePublished":"2024-09-14T12:34:23+00:00","dateModified":"2024-09-14T12:34:25+00:00","breadcrumb":{"@id":"http:\/\/conexion23.com\/?p=32687#breadcrumb"},"inLanguage":"es","potentialAction":[{"@type":"ReadAction","target":["http:\/\/conexion23.com\/?p=32687"]}]},{"@type":"ImageObject","inLanguage":"es","@id":"http:\/\/conexion23.com\/?p=32687#primaryimage","url":"https:\/\/conexion23.com\/wp-content\/uploads\/2024\/09\/hjjhj.jpg","contentUrl":"https:\/\/conexion23.com\/wp-content\/uploads\/2024\/09\/hjjhj.jpg","width":649,"height":596},{"@type":"BreadcrumbList","@id":"http:\/\/conexion23.com\/?p=32687#breadcrumb","itemListElement":[{"@type":"ListItem","position":1,"name":"Portada","item":"https:\/\/conexion23.com\/"},{"@type":"ListItem","position":2,"name":"Antisociales roban en Fundaci\u00f3n Sembrando Semillas en Tierra F\u00e9rtil en San Pedro de Macor\u00eds"}]},{"@type":"WebSite","@id":"https:\/\/conexion23.com\/#website","url":"https:\/\/conexion23.com\/","name":"Conexi\u00f3n 23","description":"Peri\u00f3dico 100% Petromacorisano","publisher":{"@id":"https:\/\/conexion23.com\/#organization"},"potentialAction":[{"@type":"SearchAction","target":{"@type":"EntryPoint","urlTemplate":"https:\/\/conexion23.com\/?s={search_term_string}"},"query-input":{"@type":"PropertyValueSpecification","valueRequired":true,"valueName":"search_term_string"}}],"inLanguage":"es"},{"@type":"Organization","@id":"https:\/\/conexion23.com\/#organization","name":"Conexion 23","url":"https:\/\/conexion23.com\/","logo":{"@type":"ImageObject","inLanguage":"es","@id":"https:\/\/conexion23.com\/#\/schema\/logo\/image\/","url":"https:\/\/conexion23.com\/wp-content\/uploads\/2021\/11\/Diseno-sin-titulo-2.png","contentUrl":"https:\/\/conexion23.com\/wp-content\/uploads\/2021\/11\/Diseno-sin-titulo-2.png","width":541,"height":90,"caption":"Conexion 23"},"image":{"@id":"https:\/\/conexion23.com\/#\/schema\/logo\/image\/"},"sameAs":["https:\/\/www.facebook.com\/conexion23com","https:\/\/www.instagram.com\/conexion23com\/","https:\/\/www.youtube.com\/channel\/UCYc7vxxFZMYLIHNsHHxPZ3Q"]},{"@type":"Person","@id":"https:\/\/conexion23.com\/#\/schema\/person\/03e36043331117e97a373299bbcd30a6","name":"Raffy Ben\u00edtez","image":{"@type":"ImageObject","inLanguage":"es","@id":"https:\/\/conexion23.com\/#\/schema\/person\/image\/","url":"https:\/\/secure.gravatar.com\/avatar\/3190a6a6c5e1b0327500f7d6c56b6242472ee6cb974cf09b401ee6b3b0798f23?s=96&d=mm&r=g","contentUrl":"https:\/\/secure.gravatar.com\/avatar\/3190a6a6c5e1b0327500f7d6c56b6242472ee6cb974cf09b401ee6b3b0798f23?s=96&d=mm&r=g","caption":"Raffy Ben\u00edtez"},"url":"https:\/\/conexion23.com\/?author=15"}]}},"_links":{"self":[{"href":"https:\/\/conexion23.com\/index.php?rest_route=\/wp\/v2\/posts\/32687","targetHints":{"allow":["GET"]}}],"collection":[{"href":"https:\/\/conexion23.com\/index.php?rest_route=\/wp\/v2\/posts"}],"about":[{"href":"https:\/\/conexion23.com\/index.php?rest_route=\/wp\/v2\/types\/post"}],"author":[{"embeddable":true,"href":"https:\/\/conexion23.com\/index.php?rest_route=\/wp\/v2\/users\/15"}],"replies":[{"embeddable":true,"href":"https:\/\/conexion23.com\/index.php?rest_route=%2Fwp%2Fv2%2Fcomments&post=32687"}],"version-history":[{"count":1,"href":"https:\/\/conexion23.com\/index.php?rest_route=\/wp\/v2\/posts\/32687\/revisions"}],"predecessor-version":[{"id":32689,"href":"https:\/\/conexion23.com\/index.php?rest_route=\/wp\/v2\/posts\/32687\/revisions\/32689"}],"wp:featuredmedia":[{"embeddable":true,"href":"https:\/\/conexion23.com\/index.php?rest_route=\/wp\/v2\/media\/32688"}],"wp:attachment":[{"href":"https:\/\/conexion23.com\/index.php?rest_route=%2Fwp%2Fv2%2Fmedia&parent=32687"}],"wp:term":[{"taxonomy":"category","embeddable":true,"href":"https:\/\/conexion23.com\/index.php?rest_route=%2Fwp%2Fv2%2Fcategories&post=32687"},{"taxonomy":"post_tag","embeddable":true,"href":"https:\/\/conexion23.com\/index.php?rest_route=%2Fwp%2Fv2%2Ftags&post=32687"}],"curies":[{"name":"wp","href":"https:\/\/api.w.org\/{rel}","templated":true}]}}