{"id":32760,"date":"2024-09-17T08:04:48","date_gmt":"2024-09-17T12:04:48","guid":{"rendered":"https:\/\/conexion23.com\/?p=32760"},"modified":"2024-09-17T08:04:49","modified_gmt":"2024-09-17T12:04:49","slug":"repatrian-a-58-inmigrantes-a-republica-dominicana-tras-intentar-entrar-en-puerto-rico","status":"publish","type":"post","link":"https:\/\/conexion23.com\/?p=32760","title":{"rendered":"Repatrian a 58 inmigrantes a Rep\u00fablica Dominicana tras intentar entrar en Puerto Rico."},"content":{"rendered":"\n<p>La Guardia Costera estadounidense en San Juan inform\u00f3 este lunes de que repatri\u00f3 el jueves a 58 inmigrantes a las autoridades dominicanas, tras interceptar una embarcaci\u00f3n irregular en aguas cercanas a la isla de la Mona, en Puerto Rico.<\/p>\n\n\n\n<p>\u00abAfortunadamente, en este caso se rescat\u00f3 a todos los inmigrantes a bordo de&nbsp;<strong>esta embarcaci\u00f3n excesivamente sobrecargada<\/strong>\u00ab, declar\u00f3 en un comunicado Matthew Romano, jefe de respuesta del sector San Juan de los guardacostas.<\/p>\n\n\n\n<p>Los migrantes fueron transferidos a las autoridades de la Armada de Rep\u00fablica Dominicana en Punta Cana.<\/p>\n\n\n\n<p>\u00abLos inmigrantes afirmaron haber estado en el mar durante cuatro d\u00edas a bordo de una embarcaci\u00f3n no apta para navegar y sin equipo de salvamento a bordo, una situaci\u00f3n muy peligrosa que podr\u00eda haber tenido un desenlace tr\u00e1gico\u00bb, a\u00f1adi\u00f3 Romano.<\/p>\n\n\n\n<p>La embarcaci\u00f3n Reliance de la Guardia Costera localiz\u00f3 e intercept\u00f3 una embarcaci\u00f3n improvisada y sobrecargada en aguas internacionales, aproximadamente a 92,6 kil\u00f3metros al noreste de Punta Cana, en Rep\u00fablica Dominicana.<\/p>\n\n\n\n<p><strong>La tripulaci\u00f3n del Reliance proporcion\u00f3 chalecos salvavidas a los migrantes<\/strong>, antes de subirlos a bordo y llevarlos al buque guardacostas Heriberto Hern\u00e1ndez.<\/p>\n\n\n\n<p>\u00abInstamos a quienes est\u00e9n pensando en participar en uno de estos viajes a que&nbsp;<strong>no se lancen al mar arriesgando su vida,<\/strong>&nbsp;y busquen en su lugar v\u00edas de migraci\u00f3n seguras, ordenadas y legales\u00bb, zanj\u00f3 Romano.<\/p>\n\n\n\n<p>Isla de Mona est\u00e1 situada en el canal hom\u00f3nimo, que separa Puerto Rico de Rep\u00fablica Dominicana y es una ruta migratoria frecuente.<\/p>\n","protected":false},"excerpt":{"rendered":"<p>La Guardia Costera estadounidense en San Juan inform\u00f3 este lunes de que repatri\u00f3 el jueves a 58 inmigrantes a las autoridades dominicanas, tras interceptar una embarcaci\u00f3n irregular en aguas cercanas a la isla de la Mona, en Puerto Rico. \u00abAfortunadamente, en este caso se rescat\u00f3 a todos los inmigrantes a bordo de&nbsp;esta embarcaci\u00f3n excesivamente sobrecargada\u00ab, [&hellip;]<\/p>\n","protected":false},"author":15,"featured_media":32761,"comment_status":"open","ping_status":"open","sticky":false,"template":"","format":"standard","meta":{"footnotes":""},"categories":[1],"tags":[],"class_list":{"0":"post-32760","1":"post","2":"type-post","3":"status-publish","4":"format-standard","5":"has-post-thumbnail","7":"category-uncategorized"},"yoast_head":"<!-- This site is optimized with the Yoast SEO plugin v27.1.1 - https:\/\/yoast.com\/product\/yoast-seo-wordpress\/ -->\n<title>Repatrian a 58 inmigrantes a Rep\u00fablica Dominicana tras intentar entrar en Puerto Rico. - Conexi\u00f3n 23<\/title>\n<meta name=\"robots\" content=\"index, follow, max-snippet:-1, max-image-preview:large, max-video-preview:-1\" \/>\n<link rel=\"canonical\" href=\"http:\/\/conexion23.com\/?p=32760\" \/>\n<meta property=\"og:locale\" content=\"es_ES\" \/>\n<meta property=\"og:type\" content=\"article\" \/>\n<meta property=\"og:title\" content=\"Repatrian a 58 inmigrantes a Rep\u00fablica Dominicana tras intentar entrar en Puerto Rico. - Conexi\u00f3n 23\" \/>\n<meta property=\"og:description\" content=\"La Guardia Costera estadounidense en San Juan inform\u00f3 este lunes de que repatri\u00f3 el jueves a 58 inmigrantes a las autoridades dominicanas, tras interceptar una embarcaci\u00f3n irregular en aguas cercanas a la isla de la Mona, en Puerto Rico. \u00abAfortunadamente, en este caso se rescat\u00f3 a todos los inmigrantes a bordo de&nbsp;esta embarcaci\u00f3n excesivamente sobrecargada\u00ab, [&hellip;]\" \/>\n<meta property=\"og:url\" content=\"http:\/\/conexion23.com\/?p=32760\" \/>\n<meta property=\"og:site_name\" content=\"Conexi\u00f3n 23\" \/>\n<meta property=\"article:publisher\" content=\"https:\/\/www.facebook.com\/conexion23com\" \/>\n<meta property=\"article:published_time\" content=\"2024-09-17T12:04:48+00:00\" \/>\n<meta property=\"article:modified_time\" content=\"2024-09-17T12:04:49+00:00\" \/>\n<meta property=\"og:image\" content=\"http:\/\/conexion23.com\/wp-content\/uploads\/2024\/09\/64f2445499241.jpeg\" \/>\n\t<meta property=\"og:image:width\" content=\"950\" \/>\n\t<meta property=\"og:image:height\" content=\"465\" \/>\n\t<meta property=\"og:image:type\" content=\"image\/jpeg\" \/>\n<meta name=\"author\" content=\"Raffy Ben\u00edtez\" \/>\n<meta name=\"twitter:card\" content=\"summary_large_image\" \/>\n<meta name=\"twitter:label1\" content=\"Escrito por\" \/>\n\t<meta name=\"twitter:data1\" content=\"Raffy Ben\u00edtez\" \/>\n\t<meta name=\"twitter:label2\" content=\"Tiempo de lectura\" \/>\n\t<meta name=\"twitter:data2\" content=\"2 minutos\" \/>\n<script type=\"application\/ld+json\" class=\"yoast-schema-graph\">{\"@context\":\"https:\/\/schema.org\",\"@graph\":[{\"@type\":\"Article\",\"@id\":\"http:\/\/conexion23.com\/?p=32760#article\",\"isPartOf\":{\"@id\":\"http:\/\/conexion23.com\/?p=32760\"},\"author\":{\"name\":\"Raffy Ben\u00edtez\",\"@id\":\"https:\/\/conexion23.com\/#\/schema\/person\/03e36043331117e97a373299bbcd30a6\"},\"headline\":\"Repatrian a 58 inmigrantes a Rep\u00fablica Dominicana tras intentar entrar en Puerto Rico.\",\"datePublished\":\"2024-09-17T12:04:48+00:00\",\"dateModified\":\"2024-09-17T12:04:49+00:00\",\"mainEntityOfPage\":{\"@id\":\"http:\/\/conexion23.com\/?p=32760\"},\"wordCount\":272,\"commentCount\":0,\"publisher\":{\"@id\":\"https:\/\/conexion23.com\/#organization\"},\"image\":{\"@id\":\"http:\/\/conexion23.com\/?p=32760#primaryimage\"},\"thumbnailUrl\":\"https:\/\/conexion23.com\/wp-content\/uploads\/2024\/09\/64f2445499241.jpeg\",\"articleSection\":[\"Uncategorized\"],\"inLanguage\":\"es\",\"potentialAction\":[{\"@type\":\"CommentAction\",\"name\":\"Comment\",\"target\":[\"http:\/\/conexion23.com\/?p=32760#respond\"]}]},{\"@type\":\"WebPage\",\"@id\":\"http:\/\/conexion23.com\/?p=32760\",\"url\":\"http:\/\/conexion23.com\/?p=32760\",\"name\":\"Repatrian a 58 inmigrantes a Rep\u00fablica Dominicana tras intentar entrar en Puerto Rico. - Conexi\u00f3n 23\",\"isPartOf\":{\"@id\":\"https:\/\/conexion23.com\/#website\"},\"primaryImageOfPage\":{\"@id\":\"http:\/\/conexion23.com\/?p=32760#primaryimage\"},\"image\":{\"@id\":\"http:\/\/conexion23.com\/?p=32760#primaryimage\"},\"thumbnailUrl\":\"https:\/\/conexion23.com\/wp-content\/uploads\/2024\/09\/64f2445499241.jpeg\",\"datePublished\":\"2024-09-17T12:04:48+00:00\",\"dateModified\":\"2024-09-17T12:04:49+00:00\",\"breadcrumb\":{\"@id\":\"http:\/\/conexion23.com\/?p=32760#breadcrumb\"},\"inLanguage\":\"es\",\"potentialAction\":[{\"@type\":\"ReadAction\",\"target\":[\"http:\/\/conexion23.com\/?p=32760\"]}]},{\"@type\":\"ImageObject\",\"inLanguage\":\"es\",\"@id\":\"http:\/\/conexion23.com\/?p=32760#primaryimage\",\"url\":\"https:\/\/conexion23.com\/wp-content\/uploads\/2024\/09\/64f2445499241.jpeg\",\"contentUrl\":\"https:\/\/conexion23.com\/wp-content\/uploads\/2024\/09\/64f2445499241.jpeg\",\"width\":950,\"height\":465},{\"@type\":\"BreadcrumbList\",\"@id\":\"http:\/\/conexion23.com\/?p=32760#breadcrumb\",\"itemListElement\":[{\"@type\":\"ListItem\",\"position\":1,\"name\":\"Portada\",\"item\":\"https:\/\/conexion23.com\/\"},{\"@type\":\"ListItem\",\"position\":2,\"name\":\"Repatrian a 58 inmigrantes a Rep\u00fablica Dominicana tras intentar entrar en Puerto Rico.\"}]},{\"@type\":\"WebSite\",\"@id\":\"https:\/\/conexion23.com\/#website\",\"url\":\"https:\/\/conexion23.com\/\",\"name\":\"Conexi\u00f3n 23\",\"description\":\"Peri\u00f3dico 100% Petromacorisano\",\"publisher\":{\"@id\":\"https:\/\/conexion23.com\/#organization\"},\"potentialAction\":[{\"@type\":\"SearchAction\",\"target\":{\"@type\":\"EntryPoint\",\"urlTemplate\":\"https:\/\/conexion23.com\/?s={search_term_string}\"},\"query-input\":{\"@type\":\"PropertyValueSpecification\",\"valueRequired\":true,\"valueName\":\"search_term_string\"}}],\"inLanguage\":\"es\"},{\"@type\":\"Organization\",\"@id\":\"https:\/\/conexion23.com\/#organization\",\"name\":\"Conexion 23\",\"url\":\"https:\/\/conexion23.com\/\",\"logo\":{\"@type\":\"ImageObject\",\"inLanguage\":\"es\",\"@id\":\"https:\/\/conexion23.com\/#\/schema\/logo\/image\/\",\"url\":\"https:\/\/conexion23.com\/wp-content\/uploads\/2021\/11\/Diseno-sin-titulo-2.png\",\"contentUrl\":\"https:\/\/conexion23.com\/wp-content\/uploads\/2021\/11\/Diseno-sin-titulo-2.png\",\"width\":541,\"height\":90,\"caption\":\"Conexion 23\"},\"image\":{\"@id\":\"https:\/\/conexion23.com\/#\/schema\/logo\/image\/\"},\"sameAs\":[\"https:\/\/www.facebook.com\/conexion23com\",\"https:\/\/www.instagram.com\/conexion23com\/\",\"https:\/\/www.youtube.com\/channel\/UCYc7vxxFZMYLIHNsHHxPZ3Q\"]},{\"@type\":\"Person\",\"@id\":\"https:\/\/conexion23.com\/#\/schema\/person\/03e36043331117e97a373299bbcd30a6\",\"name\":\"Raffy Ben\u00edtez\",\"image\":{\"@type\":\"ImageObject\",\"inLanguage\":\"es\",\"@id\":\"https:\/\/conexion23.com\/#\/schema\/person\/image\/\",\"url\":\"https:\/\/secure.gravatar.com\/avatar\/3190a6a6c5e1b0327500f7d6c56b6242472ee6cb974cf09b401ee6b3b0798f23?s=96&d=mm&r=g\",\"contentUrl\":\"https:\/\/secure.gravatar.com\/avatar\/3190a6a6c5e1b0327500f7d6c56b6242472ee6cb974cf09b401ee6b3b0798f23?s=96&d=mm&r=g\",\"caption\":\"Raffy Ben\u00edtez\"},\"url\":\"https:\/\/conexion23.com\/?author=15\"}]}<\/script>\n<!-- \/ Yoast SEO plugin. -->","yoast_head_json":{"title":"Repatrian a 58 inmigrantes a Rep\u00fablica Dominicana tras intentar entrar en Puerto Rico. - Conexi\u00f3n 23","robots":{"index":"index","follow":"follow","max-snippet":"max-snippet:-1","max-image-preview":"max-image-preview:large","max-video-preview":"max-video-preview:-1"},"canonical":"http:\/\/conexion23.com\/?p=32760","og_locale":"es_ES","og_type":"article","og_title":"Repatrian a 58 inmigrantes a Rep\u00fablica Dominicana tras intentar entrar en Puerto Rico. - Conexi\u00f3n 23","og_description":"La Guardia Costera estadounidense en San Juan inform\u00f3 este lunes de que repatri\u00f3 el jueves a 58 inmigrantes a las autoridades dominicanas, tras interceptar una embarcaci\u00f3n irregular en aguas cercanas a la isla de la Mona, en Puerto Rico. \u00abAfortunadamente, en este caso se rescat\u00f3 a todos los inmigrantes a bordo de&nbsp;esta embarcaci\u00f3n excesivamente sobrecargada\u00ab, [&hellip;]","og_url":"http:\/\/conexion23.com\/?p=32760","og_site_name":"Conexi\u00f3n 23","article_publisher":"https:\/\/www.facebook.com\/conexion23com","article_published_time":"2024-09-17T12:04:48+00:00","article_modified_time":"2024-09-17T12:04:49+00:00","og_image":[{"width":950,"height":465,"url":"http:\/\/conexion23.com\/wp-content\/uploads\/2024\/09\/64f2445499241.jpeg","type":"image\/jpeg"}],"author":"Raffy Ben\u00edtez","twitter_card":"summary_large_image","twitter_misc":{"Escrito por":"Raffy Ben\u00edtez","Tiempo de lectura":"2 minutos"},"schema":{"@context":"https:\/\/schema.org","@graph":[{"@type":"Article","@id":"http:\/\/conexion23.com\/?p=32760#article","isPartOf":{"@id":"http:\/\/conexion23.com\/?p=32760"},"author":{"name":"Raffy Ben\u00edtez","@id":"https:\/\/conexion23.com\/#\/schema\/person\/03e36043331117e97a373299bbcd30a6"},"headline":"Repatrian a 58 inmigrantes a Rep\u00fablica Dominicana tras intentar entrar en Puerto Rico.","datePublished":"2024-09-17T12:04:48+00:00","dateModified":"2024-09-17T12:04:49+00:00","mainEntityOfPage":{"@id":"http:\/\/conexion23.com\/?p=32760"},"wordCount":272,"commentCount":0,"publisher":{"@id":"https:\/\/conexion23.com\/#organization"},"image":{"@id":"http:\/\/conexion23.com\/?p=32760#primaryimage"},"thumbnailUrl":"https:\/\/conexion23.com\/wp-content\/uploads\/2024\/09\/64f2445499241.jpeg","articleSection":["Uncategorized"],"inLanguage":"es","potentialAction":[{"@type":"CommentAction","name":"Comment","target":["http:\/\/conexion23.com\/?p=32760#respond"]}]},{"@type":"WebPage","@id":"http:\/\/conexion23.com\/?p=32760","url":"http:\/\/conexion23.com\/?p=32760","name":"Repatrian a 58 inmigrantes a Rep\u00fablica Dominicana tras intentar entrar en Puerto Rico. - Conexi\u00f3n 23","isPartOf":{"@id":"https:\/\/conexion23.com\/#website"},"primaryImageOfPage":{"@id":"http:\/\/conexion23.com\/?p=32760#primaryimage"},"image":{"@id":"http:\/\/conexion23.com\/?p=32760#primaryimage"},"thumbnailUrl":"https:\/\/conexion23.com\/wp-content\/uploads\/2024\/09\/64f2445499241.jpeg","datePublished":"2024-09-17T12:04:48+00:00","dateModified":"2024-09-17T12:04:49+00:00","breadcrumb":{"@id":"http:\/\/conexion23.com\/?p=32760#breadcrumb"},"inLanguage":"es","potentialAction":[{"@type":"ReadAction","target":["http:\/\/conexion23.com\/?p=32760"]}]},{"@type":"ImageObject","inLanguage":"es","@id":"http:\/\/conexion23.com\/?p=32760#primaryimage","url":"https:\/\/conexion23.com\/wp-content\/uploads\/2024\/09\/64f2445499241.jpeg","contentUrl":"https:\/\/conexion23.com\/wp-content\/uploads\/2024\/09\/64f2445499241.jpeg","width":950,"height":465},{"@type":"BreadcrumbList","@id":"http:\/\/conexion23.com\/?p=32760#breadcrumb","itemListElement":[{"@type":"ListItem","position":1,"name":"Portada","item":"https:\/\/conexion23.com\/"},{"@type":"ListItem","position":2,"name":"Repatrian a 58 inmigrantes a Rep\u00fablica Dominicana tras intentar entrar en Puerto Rico."}]},{"@type":"WebSite","@id":"https:\/\/conexion23.com\/#website","url":"https:\/\/conexion23.com\/","name":"Conexi\u00f3n 23","description":"Peri\u00f3dico 100% Petromacorisano","publisher":{"@id":"https:\/\/conexion23.com\/#organization"},"potentialAction":[{"@type":"SearchAction","target":{"@type":"EntryPoint","urlTemplate":"https:\/\/conexion23.com\/?s={search_term_string}"},"query-input":{"@type":"PropertyValueSpecification","valueRequired":true,"valueName":"search_term_string"}}],"inLanguage":"es"},{"@type":"Organization","@id":"https:\/\/conexion23.com\/#organization","name":"Conexion 23","url":"https:\/\/conexion23.com\/","logo":{"@type":"ImageObject","inLanguage":"es","@id":"https:\/\/conexion23.com\/#\/schema\/logo\/image\/","url":"https:\/\/conexion23.com\/wp-content\/uploads\/2021\/11\/Diseno-sin-titulo-2.png","contentUrl":"https:\/\/conexion23.com\/wp-content\/uploads\/2021\/11\/Diseno-sin-titulo-2.png","width":541,"height":90,"caption":"Conexion 23"},"image":{"@id":"https:\/\/conexion23.com\/#\/schema\/logo\/image\/"},"sameAs":["https:\/\/www.facebook.com\/conexion23com","https:\/\/www.instagram.com\/conexion23com\/","https:\/\/www.youtube.com\/channel\/UCYc7vxxFZMYLIHNsHHxPZ3Q"]},{"@type":"Person","@id":"https:\/\/conexion23.com\/#\/schema\/person\/03e36043331117e97a373299bbcd30a6","name":"Raffy Ben\u00edtez","image":{"@type":"ImageObject","inLanguage":"es","@id":"https:\/\/conexion23.com\/#\/schema\/person\/image\/","url":"https:\/\/secure.gravatar.com\/avatar\/3190a6a6c5e1b0327500f7d6c56b6242472ee6cb974cf09b401ee6b3b0798f23?s=96&d=mm&r=g","contentUrl":"https:\/\/secure.gravatar.com\/avatar\/3190a6a6c5e1b0327500f7d6c56b6242472ee6cb974cf09b401ee6b3b0798f23?s=96&d=mm&r=g","caption":"Raffy Ben\u00edtez"},"url":"https:\/\/conexion23.com\/?author=15"}]}},"_links":{"self":[{"href":"https:\/\/conexion23.com\/index.php?rest_route=\/wp\/v2\/posts\/32760","targetHints":{"allow":["GET"]}}],"collection":[{"href":"https:\/\/conexion23.com\/index.php?rest_route=\/wp\/v2\/posts"}],"about":[{"href":"https:\/\/conexion23.com\/index.php?rest_route=\/wp\/v2\/types\/post"}],"author":[{"embeddable":true,"href":"https:\/\/conexion23.com\/index.php?rest_route=\/wp\/v2\/users\/15"}],"replies":[{"embeddable":true,"href":"https:\/\/conexion23.com\/index.php?rest_route=%2Fwp%2Fv2%2Fcomments&post=32760"}],"version-history":[{"count":1,"href":"https:\/\/conexion23.com\/index.php?rest_route=\/wp\/v2\/posts\/32760\/revisions"}],"predecessor-version":[{"id":32762,"href":"https:\/\/conexion23.com\/index.php?rest_route=\/wp\/v2\/posts\/32760\/revisions\/32762"}],"wp:featuredmedia":[{"embeddable":true,"href":"https:\/\/conexion23.com\/index.php?rest_route=\/wp\/v2\/media\/32761"}],"wp:attachment":[{"href":"https:\/\/conexion23.com\/index.php?rest_route=%2Fwp%2Fv2%2Fmedia&parent=32760"}],"wp:term":[{"taxonomy":"category","embeddable":true,"href":"https:\/\/conexion23.com\/index.php?rest_route=%2Fwp%2Fv2%2Fcategories&post=32760"},{"taxonomy":"post_tag","embeddable":true,"href":"https:\/\/conexion23.com\/index.php?rest_route=%2Fwp%2Fv2%2Ftags&post=32760"}],"curies":[{"name":"wp","href":"https:\/\/api.w.org\/{rel}","templated":true}]}}