{"id":32849,"date":"2024-09-19T08:05:26","date_gmt":"2024-09-19T12:05:26","guid":{"rendered":"https:\/\/conexion23.com\/?p=32849"},"modified":"2024-09-19T08:05:28","modified_gmt":"2024-09-19T12:05:28","slug":"familiares-de-un-menor-detenido-acusan-a-autoridades-de-violar-sus-derechos-al-no-otorgarle-su-libertad","status":"publish","type":"post","link":"https:\/\/conexion23.com\/?p=32849","title":{"rendered":"Familiares de un menor  Detenido, Acusan a Autoridades de Violar sus derechos al no otorgarle su libertad."},"content":{"rendered":"\n<p>Los familiares de un joven que lleva un a\u00f1o y tres meses detenido acusan a las autoridades judiciales y a la Polic\u00eda Nacional (PN) de violar sus derechos. <\/p>\n\n\n\n<p>Alejandro Lafontaine, acompa\u00f1ado por familiares y amigos, ha protestado en varias ocasiones frente al tribunal de ni\u00f1os, ni\u00f1as y adolescentes de esta ciudad, solicitando la intervenci\u00f3n del presidente Luis Abinader, la Suprema Corte de Justicia y la Procuradur\u00eda General de la Rep\u00fablica en el caso de su hijo.<\/p>\n\n\n\n<p>El joven, involucrado en un incidente en el municipio de Quisqueya, San Pedro de Macor\u00eds, donde otra persona result\u00f3 herida por un arma de fuego, ha estado retenido m\u00e1s tiempo del estipulado por ley. Seg\u00fan Alejandro, los derechos de su hijo de 17 a\u00f1os han sido continuamente violados durante el proceso judicial que enfrenta.<\/p>\n\n\n\n<p>Alejandro denuncia numerosas irregularidades en el procedimiento judicial, aseverando que estas anomal\u00edas buscan obstaculizar la defensa y retrasar la liberaci\u00f3n de su hijo, quien ha excedido el per\u00edodo legal establecido para prisi\u00f3n preventiva en casos simples, seg\u00fan el art\u00edculo 241 del c\u00f3digo procesal penal.<\/p>\n\n\n\n<p>El padre se\u00f1ala que, a pesar de que las c\u00e1maras de seguridad registraron los hechos, la fiscal a cargo del caso no incluy\u00f3 esta evidencia en su acusaci\u00f3n, lo cual, seg\u00fan Alejandro, es una forma de evadir la realidad de lo ocurrido.<\/p>\n\n\n\n<p>Originalmente, al joven se le impusieron cuatro meses de coerci\u00f3n, extendi\u00e9ndose luego a seis, una medida dictada el 16 de mayo de 2023. Sin embargo, lleva m\u00e1s de un a\u00f1o y tres meses privado de libertad, a pesar de que la ley especifica que la prisi\u00f3n preventiva en casos simples no debe superar un a\u00f1o.<\/p>\n\n\n\n<p>Alejandro afirma que la mayor\u00eda de los recursos presentados al tribunal han sido rechazados y que durante el tiempo de detenci\u00f3n de su hijo, la medida solo ha sido revisada una vez, a pesar de que la ley establece que deber\u00eda revisarse cada tres meses.<\/p>\n\n\n\n<p>Exige la destituci\u00f3n de los jueces y fiscales que, seg\u00fan \u00e9l, han violado los derechos procesales de su hijo. La familia urge a las autoridades superiores a tomar acciones para rectificar este proceso dilatado e injusto.<\/p>\n","protected":false},"excerpt":{"rendered":"<p>Los familiares de un joven que lleva un a\u00f1o y tres meses detenido acusan a las autoridades judiciales y a la Polic\u00eda Nacional (PN) de violar sus derechos. Alejandro Lafontaine, acompa\u00f1ado por familiares y amigos, ha protestado en varias ocasiones frente al tribunal de ni\u00f1os, ni\u00f1as y adolescentes de esta ciudad, solicitando la intervenci\u00f3n del [&hellip;]<\/p>\n","protected":false},"author":15,"featured_media":32850,"comment_status":"open","ping_status":"open","sticky":false,"template":"","format":"standard","meta":{"footnotes":""},"categories":[35],"tags":[],"class_list":{"0":"post-32849","1":"post","2":"type-post","3":"status-publish","4":"format-standard","5":"has-post-thumbnail","7":"category-spm"},"yoast_head":"<!-- This site is optimized with the Yoast SEO plugin v27.1.1 - https:\/\/yoast.com\/product\/yoast-seo-wordpress\/ -->\n<title>Familiares de un menor Detenido, Acusan a Autoridades de Violar sus derechos al no otorgarle su libertad. - Conexi\u00f3n 23<\/title>\n<meta name=\"robots\" content=\"index, follow, max-snippet:-1, max-image-preview:large, max-video-preview:-1\" \/>\n<link rel=\"canonical\" href=\"http:\/\/conexion23.com\/?p=32849\" \/>\n<meta property=\"og:locale\" content=\"es_ES\" \/>\n<meta property=\"og:type\" content=\"article\" \/>\n<meta property=\"og:title\" content=\"Familiares de un menor Detenido, Acusan a Autoridades de Violar sus derechos al no otorgarle su libertad. - Conexi\u00f3n 23\" \/>\n<meta property=\"og:description\" content=\"Los familiares de un joven que lleva un a\u00f1o y tres meses detenido acusan a las autoridades judiciales y a la Polic\u00eda Nacional (PN) de violar sus derechos. Alejandro Lafontaine, acompa\u00f1ado por familiares y amigos, ha protestado en varias ocasiones frente al tribunal de ni\u00f1os, ni\u00f1as y adolescentes de esta ciudad, solicitando la intervenci\u00f3n del [&hellip;]\" \/>\n<meta property=\"og:url\" content=\"http:\/\/conexion23.com\/?p=32849\" \/>\n<meta property=\"og:site_name\" content=\"Conexi\u00f3n 23\" \/>\n<meta property=\"article:publisher\" content=\"https:\/\/www.facebook.com\/conexion23com\" \/>\n<meta property=\"article:published_time\" content=\"2024-09-19T12:05:26+00:00\" \/>\n<meta property=\"article:modified_time\" content=\"2024-09-19T12:05:28+00:00\" \/>\n<meta property=\"og:image\" content=\"http:\/\/conexion23.com\/wp-content\/uploads\/2024\/09\/IMG-20240918-WA0996.webp\" \/>\n\t<meta property=\"og:image:width\" content=\"320\" \/>\n\t<meta property=\"og:image:height\" content=\"179\" \/>\n\t<meta property=\"og:image:type\" content=\"image\/webp\" \/>\n<meta name=\"author\" content=\"Raffy Ben\u00edtez\" \/>\n<meta name=\"twitter:card\" content=\"summary_large_image\" \/>\n<meta name=\"twitter:label1\" content=\"Escrito por\" \/>\n\t<meta name=\"twitter:data1\" content=\"Raffy Ben\u00edtez\" \/>\n\t<meta name=\"twitter:label2\" content=\"Tiempo de lectura\" \/>\n\t<meta name=\"twitter:data2\" content=\"2 minutos\" \/>\n<script type=\"application\/ld+json\" class=\"yoast-schema-graph\">{\"@context\":\"https:\/\/schema.org\",\"@graph\":[{\"@type\":\"Article\",\"@id\":\"http:\/\/conexion23.com\/?p=32849#article\",\"isPartOf\":{\"@id\":\"http:\/\/conexion23.com\/?p=32849\"},\"author\":{\"name\":\"Raffy Ben\u00edtez\",\"@id\":\"https:\/\/conexion23.com\/#\/schema\/person\/03e36043331117e97a373299bbcd30a6\"},\"headline\":\"Familiares de un menor Detenido, Acusan a Autoridades de Violar sus derechos al no otorgarle su libertad.\",\"datePublished\":\"2024-09-19T12:05:26+00:00\",\"dateModified\":\"2024-09-19T12:05:28+00:00\",\"mainEntityOfPage\":{\"@id\":\"http:\/\/conexion23.com\/?p=32849\"},\"wordCount\":399,\"commentCount\":0,\"publisher\":{\"@id\":\"https:\/\/conexion23.com\/#organization\"},\"image\":{\"@id\":\"http:\/\/conexion23.com\/?p=32849#primaryimage\"},\"thumbnailUrl\":\"https:\/\/conexion23.com\/wp-content\/uploads\/2024\/09\/IMG-20240918-WA0996.webp\",\"articleSection\":[\"SPM\"],\"inLanguage\":\"es\",\"potentialAction\":[{\"@type\":\"CommentAction\",\"name\":\"Comment\",\"target\":[\"http:\/\/conexion23.com\/?p=32849#respond\"]}]},{\"@type\":\"WebPage\",\"@id\":\"http:\/\/conexion23.com\/?p=32849\",\"url\":\"http:\/\/conexion23.com\/?p=32849\",\"name\":\"Familiares de un menor Detenido, Acusan a Autoridades de Violar sus derechos al no otorgarle su libertad. - Conexi\u00f3n 23\",\"isPartOf\":{\"@id\":\"https:\/\/conexion23.com\/#website\"},\"primaryImageOfPage\":{\"@id\":\"http:\/\/conexion23.com\/?p=32849#primaryimage\"},\"image\":{\"@id\":\"http:\/\/conexion23.com\/?p=32849#primaryimage\"},\"thumbnailUrl\":\"https:\/\/conexion23.com\/wp-content\/uploads\/2024\/09\/IMG-20240918-WA0996.webp\",\"datePublished\":\"2024-09-19T12:05:26+00:00\",\"dateModified\":\"2024-09-19T12:05:28+00:00\",\"breadcrumb\":{\"@id\":\"http:\/\/conexion23.com\/?p=32849#breadcrumb\"},\"inLanguage\":\"es\",\"potentialAction\":[{\"@type\":\"ReadAction\",\"target\":[\"http:\/\/conexion23.com\/?p=32849\"]}]},{\"@type\":\"ImageObject\",\"inLanguage\":\"es\",\"@id\":\"http:\/\/conexion23.com\/?p=32849#primaryimage\",\"url\":\"https:\/\/conexion23.com\/wp-content\/uploads\/2024\/09\/IMG-20240918-WA0996.webp\",\"contentUrl\":\"https:\/\/conexion23.com\/wp-content\/uploads\/2024\/09\/IMG-20240918-WA0996.webp\",\"width\":320,\"height\":179},{\"@type\":\"BreadcrumbList\",\"@id\":\"http:\/\/conexion23.com\/?p=32849#breadcrumb\",\"itemListElement\":[{\"@type\":\"ListItem\",\"position\":1,\"name\":\"Portada\",\"item\":\"https:\/\/conexion23.com\/\"},{\"@type\":\"ListItem\",\"position\":2,\"name\":\"Familiares de un menor Detenido, Acusan a Autoridades de Violar sus derechos al no otorgarle su libertad.\"}]},{\"@type\":\"WebSite\",\"@id\":\"https:\/\/conexion23.com\/#website\",\"url\":\"https:\/\/conexion23.com\/\",\"name\":\"Conexi\u00f3n 23\",\"description\":\"Peri\u00f3dico 100% Petromacorisano\",\"publisher\":{\"@id\":\"https:\/\/conexion23.com\/#organization\"},\"potentialAction\":[{\"@type\":\"SearchAction\",\"target\":{\"@type\":\"EntryPoint\",\"urlTemplate\":\"https:\/\/conexion23.com\/?s={search_term_string}\"},\"query-input\":{\"@type\":\"PropertyValueSpecification\",\"valueRequired\":true,\"valueName\":\"search_term_string\"}}],\"inLanguage\":\"es\"},{\"@type\":\"Organization\",\"@id\":\"https:\/\/conexion23.com\/#organization\",\"name\":\"Conexion 23\",\"url\":\"https:\/\/conexion23.com\/\",\"logo\":{\"@type\":\"ImageObject\",\"inLanguage\":\"es\",\"@id\":\"https:\/\/conexion23.com\/#\/schema\/logo\/image\/\",\"url\":\"https:\/\/conexion23.com\/wp-content\/uploads\/2021\/11\/Diseno-sin-titulo-2.png\",\"contentUrl\":\"https:\/\/conexion23.com\/wp-content\/uploads\/2021\/11\/Diseno-sin-titulo-2.png\",\"width\":541,\"height\":90,\"caption\":\"Conexion 23\"},\"image\":{\"@id\":\"https:\/\/conexion23.com\/#\/schema\/logo\/image\/\"},\"sameAs\":[\"https:\/\/www.facebook.com\/conexion23com\",\"https:\/\/www.instagram.com\/conexion23com\/\",\"https:\/\/www.youtube.com\/channel\/UCYc7vxxFZMYLIHNsHHxPZ3Q\"]},{\"@type\":\"Person\",\"@id\":\"https:\/\/conexion23.com\/#\/schema\/person\/03e36043331117e97a373299bbcd30a6\",\"name\":\"Raffy Ben\u00edtez\",\"image\":{\"@type\":\"ImageObject\",\"inLanguage\":\"es\",\"@id\":\"https:\/\/conexion23.com\/#\/schema\/person\/image\/\",\"url\":\"https:\/\/secure.gravatar.com\/avatar\/3190a6a6c5e1b0327500f7d6c56b6242472ee6cb974cf09b401ee6b3b0798f23?s=96&d=mm&r=g\",\"contentUrl\":\"https:\/\/secure.gravatar.com\/avatar\/3190a6a6c5e1b0327500f7d6c56b6242472ee6cb974cf09b401ee6b3b0798f23?s=96&d=mm&r=g\",\"caption\":\"Raffy Ben\u00edtez\"},\"url\":\"https:\/\/conexion23.com\/?author=15\"}]}<\/script>\n<!-- \/ Yoast SEO plugin. -->","yoast_head_json":{"title":"Familiares de un menor Detenido, Acusan a Autoridades de Violar sus derechos al no otorgarle su libertad. - Conexi\u00f3n 23","robots":{"index":"index","follow":"follow","max-snippet":"max-snippet:-1","max-image-preview":"max-image-preview:large","max-video-preview":"max-video-preview:-1"},"canonical":"http:\/\/conexion23.com\/?p=32849","og_locale":"es_ES","og_type":"article","og_title":"Familiares de un menor Detenido, Acusan a Autoridades de Violar sus derechos al no otorgarle su libertad. - Conexi\u00f3n 23","og_description":"Los familiares de un joven que lleva un a\u00f1o y tres meses detenido acusan a las autoridades judiciales y a la Polic\u00eda Nacional (PN) de violar sus derechos. Alejandro Lafontaine, acompa\u00f1ado por familiares y amigos, ha protestado en varias ocasiones frente al tribunal de ni\u00f1os, ni\u00f1as y adolescentes de esta ciudad, solicitando la intervenci\u00f3n del [&hellip;]","og_url":"http:\/\/conexion23.com\/?p=32849","og_site_name":"Conexi\u00f3n 23","article_publisher":"https:\/\/www.facebook.com\/conexion23com","article_published_time":"2024-09-19T12:05:26+00:00","article_modified_time":"2024-09-19T12:05:28+00:00","og_image":[{"width":320,"height":179,"url":"http:\/\/conexion23.com\/wp-content\/uploads\/2024\/09\/IMG-20240918-WA0996.webp","type":"image\/webp"}],"author":"Raffy Ben\u00edtez","twitter_card":"summary_large_image","twitter_misc":{"Escrito por":"Raffy Ben\u00edtez","Tiempo de lectura":"2 minutos"},"schema":{"@context":"https:\/\/schema.org","@graph":[{"@type":"Article","@id":"http:\/\/conexion23.com\/?p=32849#article","isPartOf":{"@id":"http:\/\/conexion23.com\/?p=32849"},"author":{"name":"Raffy Ben\u00edtez","@id":"https:\/\/conexion23.com\/#\/schema\/person\/03e36043331117e97a373299bbcd30a6"},"headline":"Familiares de un menor Detenido, Acusan a Autoridades de Violar sus derechos al no otorgarle su libertad.","datePublished":"2024-09-19T12:05:26+00:00","dateModified":"2024-09-19T12:05:28+00:00","mainEntityOfPage":{"@id":"http:\/\/conexion23.com\/?p=32849"},"wordCount":399,"commentCount":0,"publisher":{"@id":"https:\/\/conexion23.com\/#organization"},"image":{"@id":"http:\/\/conexion23.com\/?p=32849#primaryimage"},"thumbnailUrl":"https:\/\/conexion23.com\/wp-content\/uploads\/2024\/09\/IMG-20240918-WA0996.webp","articleSection":["SPM"],"inLanguage":"es","potentialAction":[{"@type":"CommentAction","name":"Comment","target":["http:\/\/conexion23.com\/?p=32849#respond"]}]},{"@type":"WebPage","@id":"http:\/\/conexion23.com\/?p=32849","url":"http:\/\/conexion23.com\/?p=32849","name":"Familiares de un menor Detenido, Acusan a Autoridades de Violar sus derechos al no otorgarle su libertad. - Conexi\u00f3n 23","isPartOf":{"@id":"https:\/\/conexion23.com\/#website"},"primaryImageOfPage":{"@id":"http:\/\/conexion23.com\/?p=32849#primaryimage"},"image":{"@id":"http:\/\/conexion23.com\/?p=32849#primaryimage"},"thumbnailUrl":"https:\/\/conexion23.com\/wp-content\/uploads\/2024\/09\/IMG-20240918-WA0996.webp","datePublished":"2024-09-19T12:05:26+00:00","dateModified":"2024-09-19T12:05:28+00:00","breadcrumb":{"@id":"http:\/\/conexion23.com\/?p=32849#breadcrumb"},"inLanguage":"es","potentialAction":[{"@type":"ReadAction","target":["http:\/\/conexion23.com\/?p=32849"]}]},{"@type":"ImageObject","inLanguage":"es","@id":"http:\/\/conexion23.com\/?p=32849#primaryimage","url":"https:\/\/conexion23.com\/wp-content\/uploads\/2024\/09\/IMG-20240918-WA0996.webp","contentUrl":"https:\/\/conexion23.com\/wp-content\/uploads\/2024\/09\/IMG-20240918-WA0996.webp","width":320,"height":179},{"@type":"BreadcrumbList","@id":"http:\/\/conexion23.com\/?p=32849#breadcrumb","itemListElement":[{"@type":"ListItem","position":1,"name":"Portada","item":"https:\/\/conexion23.com\/"},{"@type":"ListItem","position":2,"name":"Familiares de un menor Detenido, Acusan a Autoridades de Violar sus derechos al no otorgarle su libertad."}]},{"@type":"WebSite","@id":"https:\/\/conexion23.com\/#website","url":"https:\/\/conexion23.com\/","name":"Conexi\u00f3n 23","description":"Peri\u00f3dico 100% Petromacorisano","publisher":{"@id":"https:\/\/conexion23.com\/#organization"},"potentialAction":[{"@type":"SearchAction","target":{"@type":"EntryPoint","urlTemplate":"https:\/\/conexion23.com\/?s={search_term_string}"},"query-input":{"@type":"PropertyValueSpecification","valueRequired":true,"valueName":"search_term_string"}}],"inLanguage":"es"},{"@type":"Organization","@id":"https:\/\/conexion23.com\/#organization","name":"Conexion 23","url":"https:\/\/conexion23.com\/","logo":{"@type":"ImageObject","inLanguage":"es","@id":"https:\/\/conexion23.com\/#\/schema\/logo\/image\/","url":"https:\/\/conexion23.com\/wp-content\/uploads\/2021\/11\/Diseno-sin-titulo-2.png","contentUrl":"https:\/\/conexion23.com\/wp-content\/uploads\/2021\/11\/Diseno-sin-titulo-2.png","width":541,"height":90,"caption":"Conexion 23"},"image":{"@id":"https:\/\/conexion23.com\/#\/schema\/logo\/image\/"},"sameAs":["https:\/\/www.facebook.com\/conexion23com","https:\/\/www.instagram.com\/conexion23com\/","https:\/\/www.youtube.com\/channel\/UCYc7vxxFZMYLIHNsHHxPZ3Q"]},{"@type":"Person","@id":"https:\/\/conexion23.com\/#\/schema\/person\/03e36043331117e97a373299bbcd30a6","name":"Raffy Ben\u00edtez","image":{"@type":"ImageObject","inLanguage":"es","@id":"https:\/\/conexion23.com\/#\/schema\/person\/image\/","url":"https:\/\/secure.gravatar.com\/avatar\/3190a6a6c5e1b0327500f7d6c56b6242472ee6cb974cf09b401ee6b3b0798f23?s=96&d=mm&r=g","contentUrl":"https:\/\/secure.gravatar.com\/avatar\/3190a6a6c5e1b0327500f7d6c56b6242472ee6cb974cf09b401ee6b3b0798f23?s=96&d=mm&r=g","caption":"Raffy Ben\u00edtez"},"url":"https:\/\/conexion23.com\/?author=15"}]}},"_links":{"self":[{"href":"https:\/\/conexion23.com\/index.php?rest_route=\/wp\/v2\/posts\/32849","targetHints":{"allow":["GET"]}}],"collection":[{"href":"https:\/\/conexion23.com\/index.php?rest_route=\/wp\/v2\/posts"}],"about":[{"href":"https:\/\/conexion23.com\/index.php?rest_route=\/wp\/v2\/types\/post"}],"author":[{"embeddable":true,"href":"https:\/\/conexion23.com\/index.php?rest_route=\/wp\/v2\/users\/15"}],"replies":[{"embeddable":true,"href":"https:\/\/conexion23.com\/index.php?rest_route=%2Fwp%2Fv2%2Fcomments&post=32849"}],"version-history":[{"count":1,"href":"https:\/\/conexion23.com\/index.php?rest_route=\/wp\/v2\/posts\/32849\/revisions"}],"predecessor-version":[{"id":32851,"href":"https:\/\/conexion23.com\/index.php?rest_route=\/wp\/v2\/posts\/32849\/revisions\/32851"}],"wp:featuredmedia":[{"embeddable":true,"href":"https:\/\/conexion23.com\/index.php?rest_route=\/wp\/v2\/media\/32850"}],"wp:attachment":[{"href":"https:\/\/conexion23.com\/index.php?rest_route=%2Fwp%2Fv2%2Fmedia&parent=32849"}],"wp:term":[{"taxonomy":"category","embeddable":true,"href":"https:\/\/conexion23.com\/index.php?rest_route=%2Fwp%2Fv2%2Fcategories&post=32849"},{"taxonomy":"post_tag","embeddable":true,"href":"https:\/\/conexion23.com\/index.php?rest_route=%2Fwp%2Fv2%2Ftags&post=32849"}],"curies":[{"name":"wp","href":"https:\/\/api.w.org\/{rel}","templated":true}]}}