{"id":32879,"date":"2024-09-20T07:32:23","date_gmt":"2024-09-20T11:32:23","guid":{"rendered":"https:\/\/conexion23.com\/?p=32879"},"modified":"2024-09-20T07:32:24","modified_gmt":"2024-09-20T11:32:24","slug":"guardia-costera-estadounidense-repatria-a-124-haitianos-interceptados-en-dos-embarcaciones","status":"publish","type":"post","link":"https:\/\/conexion23.com\/?p=32879","title":{"rendered":"Guardia Costera estadounidense repatria a 124 haitianos interceptados en dos embarcaciones."},"content":{"rendered":"\n<p>Una de las interceptaciones tuvo lugar el pasado viernes, cuando los guardacostas del Distrito Siete fueron alertados por un avi\u00f3n de vigilancia de la presencia de una \u00abembarcaci\u00f3n improvisada y extremadamente sobrecargada\u00bb cerca de la costa haitiana.<\/p>\n\n\n\n<p>La embarcaci\u00f3n, de 10 metros y extremadamente sobrecargada, fue detectada en la noche del lunes por un avi\u00f3n centinela HC-144 de la Guardia Costera.<\/p>\n\n\n\n<p>La embarcaci\u00f3n, de 10 metros y extremadamente sobrecargada, fue detectada en la noche del lunes por un avi\u00f3n centinela HC-144 de la Guardia Costera de los Estados Unidos.<\/p>\n\n\n\n<p>La Guardia Costera de EE.UU. repatri\u00f3 a 124 haitianos que fueron interceptados frente a la costa de Hait\u00ed cuando viajaban en dos embarcaciones precarias y sobrecargadas posiblemente hacia EE.UU., inform\u00f3 este jueves la instituci\u00f3n.<\/p>\n\n\n\n<p>Una de las interceptaciones tuvo lugar el pasado viernes, cuando los guardacostas del Distrito Siete fueron alertados por un avi\u00f3n de vigilancia de la presencia de una \u00abembarcaci\u00f3n improvisada y extremadamente sobrecargada\u00bb cerca de la costa haitiana.<\/p>\n\n\n\n<p>De inmediato, una escampav\u00eda de la Guardia Costera se dirigi\u00f3 hacia el lugar identificado y procedi\u00f3 a interceptar la embarcaci\u00f3n.<\/p>\n\n\n\n<p>Esta interdicci\u00f3n fue seguida de una segunda el domingo pasado, despu\u00e9s de que la estaci\u00f3n a\u00e9rea de la Guardia Costera de Miami notificara al cuerpo del Distrito Siete sobre otra embarcaci\u00f3n precaria muy sobrecargada.<\/p>\n\n\n\n<p>En la interceptaci\u00f3n y recogida de migrantes del domingo participaron dos escampav\u00edas.<\/p>\n\n\n\n<p>\u00abNuestra prioridad n\u00famero uno es evitar la p\u00e9rdida innecesaria de vidas en el mar\u00bb, dijo hoy en un comunicado el comandante Brent Pearson, oficial de enlace de la Guardia Costera con la embajada de EE.UU. en Hait\u00ed.<\/p>\n\n\n\n<p>Pearson enfatiz\u00f3 que intentar una migraci\u00f3n ilegal en \u00abembarcaciones sobrecargadas, inseguras y sin equipo de seguridad es extremadamente peligroso y pone en riesgo su vida y la de sus seres queridos\u00bb.<\/p>\n\n\n\n<p>Una vez a bordo de las escampav\u00edas de la Guardia Costera, los migrantes son procesados para determinar su identidad y \u00abse les proporciona comida, agua, refugio y atenci\u00f3n m\u00e9dica b\u00e1sica antes de la repatriaci\u00f3n\u00bb a su pa\u00eds de origen.<\/p>\n\n\n\n<p>Desde el 1 de octubre de 2023, la Guardia Costera ha repatriado a Hait\u00ed un total de 631 migrantes.<\/p>\n\n\n\n<p>Debido a las bandas armadas, Hait\u00ed vive una situaci\u00f3n de violencia cr\u00f3nica, con el sur del pa\u00eds completamente aislado de la capital.<\/p>\n\n\n\n<p>El centro de la capital, Puerto Pr\u00edncipe, punto neur\u00e1lgico y coraz\u00f3n econ\u00f3mico de Hait\u00ed, sigue en manos de grupos ilegales que gobiernan d\u00eda y noche, sin que las autoridades hagan algo para recuperarlo.<\/p>\n","protected":false},"excerpt":{"rendered":"<p>Una de las interceptaciones tuvo lugar el pasado viernes, cuando los guardacostas del Distrito Siete fueron alertados por un avi\u00f3n de vigilancia de la presencia de una \u00abembarcaci\u00f3n improvisada y extremadamente sobrecargada\u00bb cerca de la costa haitiana. La embarcaci\u00f3n, de 10 metros y extremadamente sobrecargada, fue detectada en la noche del lunes por un avi\u00f3n [&hellip;]<\/p>\n","protected":false},"author":15,"featured_media":32880,"comment_status":"open","ping_status":"open","sticky":false,"template":"","format":"standard","meta":{"footnotes":""},"categories":[1],"tags":[],"class_list":{"0":"post-32879","1":"post","2":"type-post","3":"status-publish","4":"format-standard","5":"has-post-thumbnail","7":"category-uncategorized"},"yoast_head":"<!-- This site is optimized with the Yoast SEO plugin v27.1.1 - https:\/\/yoast.com\/product\/yoast-seo-wordpress\/ -->\n<title>Guardia Costera estadounidense repatria a 124 haitianos interceptados en dos embarcaciones. - Conexi\u00f3n 23<\/title>\n<meta name=\"robots\" content=\"index, follow, max-snippet:-1, max-image-preview:large, max-video-preview:-1\" \/>\n<link rel=\"canonical\" href=\"http:\/\/conexion23.com\/?p=32879\" \/>\n<meta property=\"og:locale\" content=\"es_ES\" \/>\n<meta property=\"og:type\" content=\"article\" \/>\n<meta property=\"og:title\" content=\"Guardia Costera estadounidense repatria a 124 haitianos interceptados en dos embarcaciones. - Conexi\u00f3n 23\" \/>\n<meta property=\"og:description\" content=\"Una de las interceptaciones tuvo lugar el pasado viernes, cuando los guardacostas del Distrito Siete fueron alertados por un avi\u00f3n de vigilancia de la presencia de una \u00abembarcaci\u00f3n improvisada y extremadamente sobrecargada\u00bb cerca de la costa haitiana. La embarcaci\u00f3n, de 10 metros y extremadamente sobrecargada, fue detectada en la noche del lunes por un avi\u00f3n [&hellip;]\" \/>\n<meta property=\"og:url\" content=\"http:\/\/conexion23.com\/?p=32879\" \/>\n<meta property=\"og:site_name\" content=\"Conexi\u00f3n 23\" \/>\n<meta property=\"article:publisher\" content=\"https:\/\/www.facebook.com\/conexion23com\" \/>\n<meta property=\"article:published_time\" content=\"2024-09-20T11:32:23+00:00\" \/>\n<meta property=\"article:modified_time\" content=\"2024-09-20T11:32:24+00:00\" \/>\n<meta property=\"og:image\" content=\"http:\/\/conexion23.com\/wp-content\/uploads\/2024\/09\/la-guardia-costera-estadounidense-repatria-a-mas-de-220-migrantes-a-haiti-y-cuba-jpg.webp\" \/>\n\t<meta property=\"og:image:width\" content=\"680\" \/>\n\t<meta property=\"og:image:height\" content=\"453\" \/>\n\t<meta property=\"og:image:type\" content=\"image\/webp\" \/>\n<meta name=\"author\" content=\"Raffy Ben\u00edtez\" \/>\n<meta name=\"twitter:card\" content=\"summary_large_image\" \/>\n<meta name=\"twitter:label1\" content=\"Escrito por\" \/>\n\t<meta name=\"twitter:data1\" content=\"Raffy Ben\u00edtez\" \/>\n\t<meta name=\"twitter:label2\" content=\"Tiempo de lectura\" \/>\n\t<meta name=\"twitter:data2\" content=\"3 minutos\" \/>\n<script type=\"application\/ld+json\" class=\"yoast-schema-graph\">{\"@context\":\"https:\/\/schema.org\",\"@graph\":[{\"@type\":\"Article\",\"@id\":\"http:\/\/conexion23.com\/?p=32879#article\",\"isPartOf\":{\"@id\":\"http:\/\/conexion23.com\/?p=32879\"},\"author\":{\"name\":\"Raffy Ben\u00edtez\",\"@id\":\"https:\/\/conexion23.com\/#\/schema\/person\/03e36043331117e97a373299bbcd30a6\"},\"headline\":\"Guardia Costera estadounidense repatria a 124 haitianos interceptados en dos embarcaciones.\",\"datePublished\":\"2024-09-20T11:32:23+00:00\",\"dateModified\":\"2024-09-20T11:32:24+00:00\",\"mainEntityOfPage\":{\"@id\":\"http:\/\/conexion23.com\/?p=32879\"},\"wordCount\":449,\"commentCount\":0,\"publisher\":{\"@id\":\"https:\/\/conexion23.com\/#organization\"},\"image\":{\"@id\":\"http:\/\/conexion23.com\/?p=32879#primaryimage\"},\"thumbnailUrl\":\"https:\/\/conexion23.com\/wp-content\/uploads\/2024\/09\/la-guardia-costera-estadounidense-repatria-a-mas-de-220-migrantes-a-haiti-y-cuba-jpg.webp\",\"articleSection\":[\"Uncategorized\"],\"inLanguage\":\"es\",\"potentialAction\":[{\"@type\":\"CommentAction\",\"name\":\"Comment\",\"target\":[\"http:\/\/conexion23.com\/?p=32879#respond\"]}]},{\"@type\":\"WebPage\",\"@id\":\"http:\/\/conexion23.com\/?p=32879\",\"url\":\"http:\/\/conexion23.com\/?p=32879\",\"name\":\"Guardia Costera estadounidense repatria a 124 haitianos interceptados en dos embarcaciones. - Conexi\u00f3n 23\",\"isPartOf\":{\"@id\":\"https:\/\/conexion23.com\/#website\"},\"primaryImageOfPage\":{\"@id\":\"http:\/\/conexion23.com\/?p=32879#primaryimage\"},\"image\":{\"@id\":\"http:\/\/conexion23.com\/?p=32879#primaryimage\"},\"thumbnailUrl\":\"https:\/\/conexion23.com\/wp-content\/uploads\/2024\/09\/la-guardia-costera-estadounidense-repatria-a-mas-de-220-migrantes-a-haiti-y-cuba-jpg.webp\",\"datePublished\":\"2024-09-20T11:32:23+00:00\",\"dateModified\":\"2024-09-20T11:32:24+00:00\",\"breadcrumb\":{\"@id\":\"http:\/\/conexion23.com\/?p=32879#breadcrumb\"},\"inLanguage\":\"es\",\"potentialAction\":[{\"@type\":\"ReadAction\",\"target\":[\"http:\/\/conexion23.com\/?p=32879\"]}]},{\"@type\":\"ImageObject\",\"inLanguage\":\"es\",\"@id\":\"http:\/\/conexion23.com\/?p=32879#primaryimage\",\"url\":\"https:\/\/conexion23.com\/wp-content\/uploads\/2024\/09\/la-guardia-costera-estadounidense-repatria-a-mas-de-220-migrantes-a-haiti-y-cuba-jpg.webp\",\"contentUrl\":\"https:\/\/conexion23.com\/wp-content\/uploads\/2024\/09\/la-guardia-costera-estadounidense-repatria-a-mas-de-220-migrantes-a-haiti-y-cuba-jpg.webp\",\"width\":680,\"height\":453},{\"@type\":\"BreadcrumbList\",\"@id\":\"http:\/\/conexion23.com\/?p=32879#breadcrumb\",\"itemListElement\":[{\"@type\":\"ListItem\",\"position\":1,\"name\":\"Portada\",\"item\":\"https:\/\/conexion23.com\/\"},{\"@type\":\"ListItem\",\"position\":2,\"name\":\"Guardia Costera estadounidense repatria a 124 haitianos interceptados en dos embarcaciones.\"}]},{\"@type\":\"WebSite\",\"@id\":\"https:\/\/conexion23.com\/#website\",\"url\":\"https:\/\/conexion23.com\/\",\"name\":\"Conexi\u00f3n 23\",\"description\":\"Peri\u00f3dico 100% Petromacorisano\",\"publisher\":{\"@id\":\"https:\/\/conexion23.com\/#organization\"},\"potentialAction\":[{\"@type\":\"SearchAction\",\"target\":{\"@type\":\"EntryPoint\",\"urlTemplate\":\"https:\/\/conexion23.com\/?s={search_term_string}\"},\"query-input\":{\"@type\":\"PropertyValueSpecification\",\"valueRequired\":true,\"valueName\":\"search_term_string\"}}],\"inLanguage\":\"es\"},{\"@type\":\"Organization\",\"@id\":\"https:\/\/conexion23.com\/#organization\",\"name\":\"Conexion 23\",\"url\":\"https:\/\/conexion23.com\/\",\"logo\":{\"@type\":\"ImageObject\",\"inLanguage\":\"es\",\"@id\":\"https:\/\/conexion23.com\/#\/schema\/logo\/image\/\",\"url\":\"https:\/\/conexion23.com\/wp-content\/uploads\/2021\/11\/Diseno-sin-titulo-2.png\",\"contentUrl\":\"https:\/\/conexion23.com\/wp-content\/uploads\/2021\/11\/Diseno-sin-titulo-2.png\",\"width\":541,\"height\":90,\"caption\":\"Conexion 23\"},\"image\":{\"@id\":\"https:\/\/conexion23.com\/#\/schema\/logo\/image\/\"},\"sameAs\":[\"https:\/\/www.facebook.com\/conexion23com\",\"https:\/\/www.instagram.com\/conexion23com\/\",\"https:\/\/www.youtube.com\/channel\/UCYc7vxxFZMYLIHNsHHxPZ3Q\"]},{\"@type\":\"Person\",\"@id\":\"https:\/\/conexion23.com\/#\/schema\/person\/03e36043331117e97a373299bbcd30a6\",\"name\":\"Raffy Ben\u00edtez\",\"image\":{\"@type\":\"ImageObject\",\"inLanguage\":\"es\",\"@id\":\"https:\/\/conexion23.com\/#\/schema\/person\/image\/\",\"url\":\"https:\/\/secure.gravatar.com\/avatar\/3190a6a6c5e1b0327500f7d6c56b6242472ee6cb974cf09b401ee6b3b0798f23?s=96&d=mm&r=g\",\"contentUrl\":\"https:\/\/secure.gravatar.com\/avatar\/3190a6a6c5e1b0327500f7d6c56b6242472ee6cb974cf09b401ee6b3b0798f23?s=96&d=mm&r=g\",\"caption\":\"Raffy Ben\u00edtez\"},\"url\":\"https:\/\/conexion23.com\/?author=15\"}]}<\/script>\n<!-- \/ Yoast SEO plugin. -->","yoast_head_json":{"title":"Guardia Costera estadounidense repatria a 124 haitianos interceptados en dos embarcaciones. - Conexi\u00f3n 23","robots":{"index":"index","follow":"follow","max-snippet":"max-snippet:-1","max-image-preview":"max-image-preview:large","max-video-preview":"max-video-preview:-1"},"canonical":"http:\/\/conexion23.com\/?p=32879","og_locale":"es_ES","og_type":"article","og_title":"Guardia Costera estadounidense repatria a 124 haitianos interceptados en dos embarcaciones. - Conexi\u00f3n 23","og_description":"Una de las interceptaciones tuvo lugar el pasado viernes, cuando los guardacostas del Distrito Siete fueron alertados por un avi\u00f3n de vigilancia de la presencia de una \u00abembarcaci\u00f3n improvisada y extremadamente sobrecargada\u00bb cerca de la costa haitiana. La embarcaci\u00f3n, de 10 metros y extremadamente sobrecargada, fue detectada en la noche del lunes por un avi\u00f3n [&hellip;]","og_url":"http:\/\/conexion23.com\/?p=32879","og_site_name":"Conexi\u00f3n 23","article_publisher":"https:\/\/www.facebook.com\/conexion23com","article_published_time":"2024-09-20T11:32:23+00:00","article_modified_time":"2024-09-20T11:32:24+00:00","og_image":[{"width":680,"height":453,"url":"http:\/\/conexion23.com\/wp-content\/uploads\/2024\/09\/la-guardia-costera-estadounidense-repatria-a-mas-de-220-migrantes-a-haiti-y-cuba-jpg.webp","type":"image\/webp"}],"author":"Raffy Ben\u00edtez","twitter_card":"summary_large_image","twitter_misc":{"Escrito por":"Raffy Ben\u00edtez","Tiempo de lectura":"3 minutos"},"schema":{"@context":"https:\/\/schema.org","@graph":[{"@type":"Article","@id":"http:\/\/conexion23.com\/?p=32879#article","isPartOf":{"@id":"http:\/\/conexion23.com\/?p=32879"},"author":{"name":"Raffy Ben\u00edtez","@id":"https:\/\/conexion23.com\/#\/schema\/person\/03e36043331117e97a373299bbcd30a6"},"headline":"Guardia Costera estadounidense repatria a 124 haitianos interceptados en dos embarcaciones.","datePublished":"2024-09-20T11:32:23+00:00","dateModified":"2024-09-20T11:32:24+00:00","mainEntityOfPage":{"@id":"http:\/\/conexion23.com\/?p=32879"},"wordCount":449,"commentCount":0,"publisher":{"@id":"https:\/\/conexion23.com\/#organization"},"image":{"@id":"http:\/\/conexion23.com\/?p=32879#primaryimage"},"thumbnailUrl":"https:\/\/conexion23.com\/wp-content\/uploads\/2024\/09\/la-guardia-costera-estadounidense-repatria-a-mas-de-220-migrantes-a-haiti-y-cuba-jpg.webp","articleSection":["Uncategorized"],"inLanguage":"es","potentialAction":[{"@type":"CommentAction","name":"Comment","target":["http:\/\/conexion23.com\/?p=32879#respond"]}]},{"@type":"WebPage","@id":"http:\/\/conexion23.com\/?p=32879","url":"http:\/\/conexion23.com\/?p=32879","name":"Guardia Costera estadounidense repatria a 124 haitianos interceptados en dos embarcaciones. - Conexi\u00f3n 23","isPartOf":{"@id":"https:\/\/conexion23.com\/#website"},"primaryImageOfPage":{"@id":"http:\/\/conexion23.com\/?p=32879#primaryimage"},"image":{"@id":"http:\/\/conexion23.com\/?p=32879#primaryimage"},"thumbnailUrl":"https:\/\/conexion23.com\/wp-content\/uploads\/2024\/09\/la-guardia-costera-estadounidense-repatria-a-mas-de-220-migrantes-a-haiti-y-cuba-jpg.webp","datePublished":"2024-09-20T11:32:23+00:00","dateModified":"2024-09-20T11:32:24+00:00","breadcrumb":{"@id":"http:\/\/conexion23.com\/?p=32879#breadcrumb"},"inLanguage":"es","potentialAction":[{"@type":"ReadAction","target":["http:\/\/conexion23.com\/?p=32879"]}]},{"@type":"ImageObject","inLanguage":"es","@id":"http:\/\/conexion23.com\/?p=32879#primaryimage","url":"https:\/\/conexion23.com\/wp-content\/uploads\/2024\/09\/la-guardia-costera-estadounidense-repatria-a-mas-de-220-migrantes-a-haiti-y-cuba-jpg.webp","contentUrl":"https:\/\/conexion23.com\/wp-content\/uploads\/2024\/09\/la-guardia-costera-estadounidense-repatria-a-mas-de-220-migrantes-a-haiti-y-cuba-jpg.webp","width":680,"height":453},{"@type":"BreadcrumbList","@id":"http:\/\/conexion23.com\/?p=32879#breadcrumb","itemListElement":[{"@type":"ListItem","position":1,"name":"Portada","item":"https:\/\/conexion23.com\/"},{"@type":"ListItem","position":2,"name":"Guardia Costera estadounidense repatria a 124 haitianos interceptados en dos embarcaciones."}]},{"@type":"WebSite","@id":"https:\/\/conexion23.com\/#website","url":"https:\/\/conexion23.com\/","name":"Conexi\u00f3n 23","description":"Peri\u00f3dico 100% Petromacorisano","publisher":{"@id":"https:\/\/conexion23.com\/#organization"},"potentialAction":[{"@type":"SearchAction","target":{"@type":"EntryPoint","urlTemplate":"https:\/\/conexion23.com\/?s={search_term_string}"},"query-input":{"@type":"PropertyValueSpecification","valueRequired":true,"valueName":"search_term_string"}}],"inLanguage":"es"},{"@type":"Organization","@id":"https:\/\/conexion23.com\/#organization","name":"Conexion 23","url":"https:\/\/conexion23.com\/","logo":{"@type":"ImageObject","inLanguage":"es","@id":"https:\/\/conexion23.com\/#\/schema\/logo\/image\/","url":"https:\/\/conexion23.com\/wp-content\/uploads\/2021\/11\/Diseno-sin-titulo-2.png","contentUrl":"https:\/\/conexion23.com\/wp-content\/uploads\/2021\/11\/Diseno-sin-titulo-2.png","width":541,"height":90,"caption":"Conexion 23"},"image":{"@id":"https:\/\/conexion23.com\/#\/schema\/logo\/image\/"},"sameAs":["https:\/\/www.facebook.com\/conexion23com","https:\/\/www.instagram.com\/conexion23com\/","https:\/\/www.youtube.com\/channel\/UCYc7vxxFZMYLIHNsHHxPZ3Q"]},{"@type":"Person","@id":"https:\/\/conexion23.com\/#\/schema\/person\/03e36043331117e97a373299bbcd30a6","name":"Raffy Ben\u00edtez","image":{"@type":"ImageObject","inLanguage":"es","@id":"https:\/\/conexion23.com\/#\/schema\/person\/image\/","url":"https:\/\/secure.gravatar.com\/avatar\/3190a6a6c5e1b0327500f7d6c56b6242472ee6cb974cf09b401ee6b3b0798f23?s=96&d=mm&r=g","contentUrl":"https:\/\/secure.gravatar.com\/avatar\/3190a6a6c5e1b0327500f7d6c56b6242472ee6cb974cf09b401ee6b3b0798f23?s=96&d=mm&r=g","caption":"Raffy Ben\u00edtez"},"url":"https:\/\/conexion23.com\/?author=15"}]}},"_links":{"self":[{"href":"https:\/\/conexion23.com\/index.php?rest_route=\/wp\/v2\/posts\/32879","targetHints":{"allow":["GET"]}}],"collection":[{"href":"https:\/\/conexion23.com\/index.php?rest_route=\/wp\/v2\/posts"}],"about":[{"href":"https:\/\/conexion23.com\/index.php?rest_route=\/wp\/v2\/types\/post"}],"author":[{"embeddable":true,"href":"https:\/\/conexion23.com\/index.php?rest_route=\/wp\/v2\/users\/15"}],"replies":[{"embeddable":true,"href":"https:\/\/conexion23.com\/index.php?rest_route=%2Fwp%2Fv2%2Fcomments&post=32879"}],"version-history":[{"count":1,"href":"https:\/\/conexion23.com\/index.php?rest_route=\/wp\/v2\/posts\/32879\/revisions"}],"predecessor-version":[{"id":32881,"href":"https:\/\/conexion23.com\/index.php?rest_route=\/wp\/v2\/posts\/32879\/revisions\/32881"}],"wp:featuredmedia":[{"embeddable":true,"href":"https:\/\/conexion23.com\/index.php?rest_route=\/wp\/v2\/media\/32880"}],"wp:attachment":[{"href":"https:\/\/conexion23.com\/index.php?rest_route=%2Fwp%2Fv2%2Fmedia&parent=32879"}],"wp:term":[{"taxonomy":"category","embeddable":true,"href":"https:\/\/conexion23.com\/index.php?rest_route=%2Fwp%2Fv2%2Fcategories&post=32879"},{"taxonomy":"post_tag","embeddable":true,"href":"https:\/\/conexion23.com\/index.php?rest_route=%2Fwp%2Fv2%2Ftags&post=32879"}],"curies":[{"name":"wp","href":"https:\/\/api.w.org\/{rel}","templated":true}]}}