{"id":32969,"date":"2024-09-23T08:45:10","date_gmt":"2024-09-23T12:45:10","guid":{"rendered":"https:\/\/conexion23.com\/?p=32969"},"modified":"2024-09-23T08:45:12","modified_gmt":"2024-09-23T12:45:12","slug":"haitianos-no-creen-que-la-onu-logre-una-solucion-internacional-a-crisis-de-pandillas","status":"publish","type":"post","link":"https:\/\/conexion23.com\/?p=32969","title":{"rendered":"Haitianos no creen que la ONU logre una soluci\u00f3n internacional a crisis de pandillas."},"content":{"rendered":"\n<p>En un momento en que lo mandatarios mundiales reunidos en Naciones Unidas esta semana discuten el futuro de los esfuerzos para frenar a las pandillas que controlan Hait\u00ed, los haitianos expresan su desesperanza de que una respuesta internacional pueda sofocar la violencia.<\/p>\n\n\n\n<p>Hasta ahora, una fuerza respaldada por la ONU de 400 polic\u00edas de Kenia y alrededor de dos docenas de agentes jamaicanos ha hecho poco para detener a las pandillas en Hait\u00ed, que han aterrorizado al pa\u00eds desde el asesinato del presidente Jovenel Mo\u00efse en 2021.&nbsp;<\/p>\n\n\n\n<p>Los mandatarios mundiales han estado discutiendo los pr\u00f3ximos pasos en complicados esfuerzos para restaurar el orden en la naci\u00f3n caribe\u00f1a.<\/p>\n\n\n\n<p>Estados Unidos ha planteado la idea de una fuerza de paz de la ONU, pero la idea se consider\u00f3 demasiado pol\u00e9mica dados los casos de c\u00f3lera y abuso sexual que se registraron la \u00faltima vez que las tropas de Naciones Unidas operaron en Hait\u00ed.<\/p>\n\n\n\n<p>El despliegue de fuerzas kenianas fue, en parte, para evitar tensiones que podr\u00edan desencadenarse con el env\u00edo de otra misi\u00f3n de paz de la ONU.<\/p>\n\n\n\n<p>Pero en una visita a Hait\u00ed del presidente de Kenia, William Ruto, durante el fin de semana \u2014en camino a la sesi\u00f3n de la Asamblea General de Naciones Unidas, que comenz\u00f3 el domingo\u2014 Ruto se dijo dispuesto a expandir las operaciones de Kenia hasta convertirlas en una misi\u00f3n de paz de la ONU m\u00e1s grande.<\/p>\n\n\n\n<p>\u201cNo tenemos absolutamente ning\u00fan problema con la sugerencia de convertir esto en una misi\u00f3n de paz de la ONU, si esa es la direcci\u00f3n que el Consejo de Seguridad de la ONU quiere tomar\u201d, subray\u00f3 Ruto.<\/p>\n\n\n\n<p>Si bien Ruto elogi\u00f3 los logros de las fuerzas kenianas el domingo, un informe reciente de un experto en derechos humanos de Naciones Unidas se\u00f1al\u00f3 que la violencia de las pandillas se est\u00e1 extendiendo por todo Hait\u00ed y que la polic\u00eda haitiana todav\u00eda carece de la \u201ccapacidad log\u00edstica y t\u00e9cnica\u201d para combatir a las pandillas.<\/p>\n\n\n\n<p>La violencia actual ha dejado a haitianos como Mario Canteve, de 39 a\u00f1os, desilusionados por nuevos esfuerzos internacionales para sofocar a las pandillas, afirmando que ya no cree en las promesas de los mandatarios mundiales de que podr\u00e1n cambiar la situaci\u00f3n en la naci\u00f3n azotada por la crisis.<\/p>\n\n\n\n<p>\u201cNadie vendr\u00e1 a salvar a Hait\u00ed. Nada est\u00e1 cambiando\u201d, sostuvo. \u201cUna nueva misi\u00f3n no puede salvar a Hait\u00ed\u201d.<\/p>\n\n\n\n<p>Canteve vende chips para tel\u00e9fonos m\u00f3viles y repara aparatos electr\u00f3nicos en la capital, Puerto Pr\u00edncipe, cuyo 80% se estima est\u00e1 controlado por pandillas.&nbsp;<\/p>\n\n\n\n<p>Ante la brutal violencia de las pandillas, algunos haitianos han organizado grupos de vigilantes para defenderse.<\/p>\n","protected":false},"excerpt":{"rendered":"<p>En un momento en que lo mandatarios mundiales reunidos en Naciones Unidas esta semana discuten el futuro de los esfuerzos para frenar a las pandillas que controlan Hait\u00ed, los haitianos expresan su desesperanza de que una respuesta internacional pueda sofocar la violencia. Hasta ahora, una fuerza respaldada por la ONU de 400 polic\u00edas de Kenia [&hellip;]<\/p>\n","protected":false},"author":15,"featured_media":32970,"comment_status":"open","ping_status":"open","sticky":false,"template":"","format":"standard","meta":{"footnotes":""},"categories":[1],"tags":[],"class_list":{"0":"post-32969","1":"post","2":"type-post","3":"status-publish","4":"format-standard","5":"has-post-thumbnail","7":"category-uncategorized"},"yoast_head":"<!-- This site is optimized with the Yoast SEO plugin v27.1.1 - https:\/\/yoast.com\/product\/yoast-seo-wordpress\/ -->\n<title>Haitianos no creen que la ONU logre una soluci\u00f3n internacional a crisis de pandillas. - Conexi\u00f3n 23<\/title>\n<meta name=\"robots\" content=\"index, follow, max-snippet:-1, max-image-preview:large, max-video-preview:-1\" \/>\n<link rel=\"canonical\" href=\"http:\/\/conexion23.com\/?p=32969\" \/>\n<meta property=\"og:locale\" content=\"es_ES\" \/>\n<meta property=\"og:type\" content=\"article\" \/>\n<meta property=\"og:title\" content=\"Haitianos no creen que la ONU logre una soluci\u00f3n internacional a crisis de pandillas. - Conexi\u00f3n 23\" \/>\n<meta property=\"og:description\" content=\"En un momento en que lo mandatarios mundiales reunidos en Naciones Unidas esta semana discuten el futuro de los esfuerzos para frenar a las pandillas que controlan Hait\u00ed, los haitianos expresan su desesperanza de que una respuesta internacional pueda sofocar la violencia. Hasta ahora, una fuerza respaldada por la ONU de 400 polic\u00edas de Kenia [&hellip;]\" \/>\n<meta property=\"og:url\" content=\"http:\/\/conexion23.com\/?p=32969\" \/>\n<meta property=\"og:site_name\" content=\"Conexi\u00f3n 23\" \/>\n<meta property=\"article:publisher\" content=\"https:\/\/www.facebook.com\/conexion23com\" \/>\n<meta property=\"article:published_time\" content=\"2024-09-23T12:45:10+00:00\" \/>\n<meta property=\"article:modified_time\" content=\"2024-09-23T12:45:12+00:00\" \/>\n<meta property=\"og:image\" content=\"http:\/\/conexion23.com\/wp-content\/uploads\/2024\/09\/66f0cdd92e791.jpeg\" \/>\n\t<meta property=\"og:image:width\" content=\"800\" \/>\n\t<meta property=\"og:image:height\" content=\"560\" \/>\n\t<meta property=\"og:image:type\" content=\"image\/jpeg\" \/>\n<meta name=\"author\" content=\"Raffy Ben\u00edtez\" \/>\n<meta name=\"twitter:card\" content=\"summary_large_image\" \/>\n<meta name=\"twitter:label1\" content=\"Escrito por\" \/>\n\t<meta name=\"twitter:data1\" content=\"Raffy Ben\u00edtez\" \/>\n\t<meta name=\"twitter:label2\" content=\"Tiempo de lectura\" \/>\n\t<meta name=\"twitter:data2\" content=\"3 minutos\" \/>\n<script type=\"application\/ld+json\" class=\"yoast-schema-graph\">{\"@context\":\"https:\/\/schema.org\",\"@graph\":[{\"@type\":\"Article\",\"@id\":\"http:\/\/conexion23.com\/?p=32969#article\",\"isPartOf\":{\"@id\":\"http:\/\/conexion23.com\/?p=32969\"},\"author\":{\"name\":\"Raffy Ben\u00edtez\",\"@id\":\"https:\/\/conexion23.com\/#\/schema\/person\/03e36043331117e97a373299bbcd30a6\"},\"headline\":\"Haitianos no creen que la ONU logre una soluci\u00f3n internacional a crisis de pandillas.\",\"datePublished\":\"2024-09-23T12:45:10+00:00\",\"dateModified\":\"2024-09-23T12:45:12+00:00\",\"mainEntityOfPage\":{\"@id\":\"http:\/\/conexion23.com\/?p=32969\"},\"wordCount\":471,\"commentCount\":0,\"publisher\":{\"@id\":\"https:\/\/conexion23.com\/#organization\"},\"image\":{\"@id\":\"http:\/\/conexion23.com\/?p=32969#primaryimage\"},\"thumbnailUrl\":\"https:\/\/conexion23.com\/wp-content\/uploads\/2024\/09\/66f0cdd92e791.jpeg\",\"articleSection\":[\"Uncategorized\"],\"inLanguage\":\"es\",\"potentialAction\":[{\"@type\":\"CommentAction\",\"name\":\"Comment\",\"target\":[\"http:\/\/conexion23.com\/?p=32969#respond\"]}]},{\"@type\":\"WebPage\",\"@id\":\"http:\/\/conexion23.com\/?p=32969\",\"url\":\"http:\/\/conexion23.com\/?p=32969\",\"name\":\"Haitianos no creen que la ONU logre una soluci\u00f3n internacional a crisis de pandillas. - Conexi\u00f3n 23\",\"isPartOf\":{\"@id\":\"https:\/\/conexion23.com\/#website\"},\"primaryImageOfPage\":{\"@id\":\"http:\/\/conexion23.com\/?p=32969#primaryimage\"},\"image\":{\"@id\":\"http:\/\/conexion23.com\/?p=32969#primaryimage\"},\"thumbnailUrl\":\"https:\/\/conexion23.com\/wp-content\/uploads\/2024\/09\/66f0cdd92e791.jpeg\",\"datePublished\":\"2024-09-23T12:45:10+00:00\",\"dateModified\":\"2024-09-23T12:45:12+00:00\",\"breadcrumb\":{\"@id\":\"http:\/\/conexion23.com\/?p=32969#breadcrumb\"},\"inLanguage\":\"es\",\"potentialAction\":[{\"@type\":\"ReadAction\",\"target\":[\"http:\/\/conexion23.com\/?p=32969\"]}]},{\"@type\":\"ImageObject\",\"inLanguage\":\"es\",\"@id\":\"http:\/\/conexion23.com\/?p=32969#primaryimage\",\"url\":\"https:\/\/conexion23.com\/wp-content\/uploads\/2024\/09\/66f0cdd92e791.jpeg\",\"contentUrl\":\"https:\/\/conexion23.com\/wp-content\/uploads\/2024\/09\/66f0cdd92e791.jpeg\",\"width\":800,\"height\":560},{\"@type\":\"BreadcrumbList\",\"@id\":\"http:\/\/conexion23.com\/?p=32969#breadcrumb\",\"itemListElement\":[{\"@type\":\"ListItem\",\"position\":1,\"name\":\"Portada\",\"item\":\"https:\/\/conexion23.com\/\"},{\"@type\":\"ListItem\",\"position\":2,\"name\":\"Haitianos no creen que la ONU logre una soluci\u00f3n internacional a crisis de pandillas.\"}]},{\"@type\":\"WebSite\",\"@id\":\"https:\/\/conexion23.com\/#website\",\"url\":\"https:\/\/conexion23.com\/\",\"name\":\"Conexi\u00f3n 23\",\"description\":\"Peri\u00f3dico 100% Petromacorisano\",\"publisher\":{\"@id\":\"https:\/\/conexion23.com\/#organization\"},\"potentialAction\":[{\"@type\":\"SearchAction\",\"target\":{\"@type\":\"EntryPoint\",\"urlTemplate\":\"https:\/\/conexion23.com\/?s={search_term_string}\"},\"query-input\":{\"@type\":\"PropertyValueSpecification\",\"valueRequired\":true,\"valueName\":\"search_term_string\"}}],\"inLanguage\":\"es\"},{\"@type\":\"Organization\",\"@id\":\"https:\/\/conexion23.com\/#organization\",\"name\":\"Conexion 23\",\"url\":\"https:\/\/conexion23.com\/\",\"logo\":{\"@type\":\"ImageObject\",\"inLanguage\":\"es\",\"@id\":\"https:\/\/conexion23.com\/#\/schema\/logo\/image\/\",\"url\":\"https:\/\/conexion23.com\/wp-content\/uploads\/2021\/11\/Diseno-sin-titulo-2.png\",\"contentUrl\":\"https:\/\/conexion23.com\/wp-content\/uploads\/2021\/11\/Diseno-sin-titulo-2.png\",\"width\":541,\"height\":90,\"caption\":\"Conexion 23\"},\"image\":{\"@id\":\"https:\/\/conexion23.com\/#\/schema\/logo\/image\/\"},\"sameAs\":[\"https:\/\/www.facebook.com\/conexion23com\",\"https:\/\/www.instagram.com\/conexion23com\/\",\"https:\/\/www.youtube.com\/channel\/UCYc7vxxFZMYLIHNsHHxPZ3Q\"]},{\"@type\":\"Person\",\"@id\":\"https:\/\/conexion23.com\/#\/schema\/person\/03e36043331117e97a373299bbcd30a6\",\"name\":\"Raffy Ben\u00edtez\",\"image\":{\"@type\":\"ImageObject\",\"inLanguage\":\"es\",\"@id\":\"https:\/\/conexion23.com\/#\/schema\/person\/image\/\",\"url\":\"https:\/\/secure.gravatar.com\/avatar\/3190a6a6c5e1b0327500f7d6c56b6242472ee6cb974cf09b401ee6b3b0798f23?s=96&d=mm&r=g\",\"contentUrl\":\"https:\/\/secure.gravatar.com\/avatar\/3190a6a6c5e1b0327500f7d6c56b6242472ee6cb974cf09b401ee6b3b0798f23?s=96&d=mm&r=g\",\"caption\":\"Raffy Ben\u00edtez\"},\"url\":\"https:\/\/conexion23.com\/?author=15\"}]}<\/script>\n<!-- \/ Yoast SEO plugin. -->","yoast_head_json":{"title":"Haitianos no creen que la ONU logre una soluci\u00f3n internacional a crisis de pandillas. - Conexi\u00f3n 23","robots":{"index":"index","follow":"follow","max-snippet":"max-snippet:-1","max-image-preview":"max-image-preview:large","max-video-preview":"max-video-preview:-1"},"canonical":"http:\/\/conexion23.com\/?p=32969","og_locale":"es_ES","og_type":"article","og_title":"Haitianos no creen que la ONU logre una soluci\u00f3n internacional a crisis de pandillas. - Conexi\u00f3n 23","og_description":"En un momento en que lo mandatarios mundiales reunidos en Naciones Unidas esta semana discuten el futuro de los esfuerzos para frenar a las pandillas que controlan Hait\u00ed, los haitianos expresan su desesperanza de que una respuesta internacional pueda sofocar la violencia. Hasta ahora, una fuerza respaldada por la ONU de 400 polic\u00edas de Kenia [&hellip;]","og_url":"http:\/\/conexion23.com\/?p=32969","og_site_name":"Conexi\u00f3n 23","article_publisher":"https:\/\/www.facebook.com\/conexion23com","article_published_time":"2024-09-23T12:45:10+00:00","article_modified_time":"2024-09-23T12:45:12+00:00","og_image":[{"width":800,"height":560,"url":"http:\/\/conexion23.com\/wp-content\/uploads\/2024\/09\/66f0cdd92e791.jpeg","type":"image\/jpeg"}],"author":"Raffy Ben\u00edtez","twitter_card":"summary_large_image","twitter_misc":{"Escrito por":"Raffy Ben\u00edtez","Tiempo de lectura":"3 minutos"},"schema":{"@context":"https:\/\/schema.org","@graph":[{"@type":"Article","@id":"http:\/\/conexion23.com\/?p=32969#article","isPartOf":{"@id":"http:\/\/conexion23.com\/?p=32969"},"author":{"name":"Raffy Ben\u00edtez","@id":"https:\/\/conexion23.com\/#\/schema\/person\/03e36043331117e97a373299bbcd30a6"},"headline":"Haitianos no creen que la ONU logre una soluci\u00f3n internacional a crisis de pandillas.","datePublished":"2024-09-23T12:45:10+00:00","dateModified":"2024-09-23T12:45:12+00:00","mainEntityOfPage":{"@id":"http:\/\/conexion23.com\/?p=32969"},"wordCount":471,"commentCount":0,"publisher":{"@id":"https:\/\/conexion23.com\/#organization"},"image":{"@id":"http:\/\/conexion23.com\/?p=32969#primaryimage"},"thumbnailUrl":"https:\/\/conexion23.com\/wp-content\/uploads\/2024\/09\/66f0cdd92e791.jpeg","articleSection":["Uncategorized"],"inLanguage":"es","potentialAction":[{"@type":"CommentAction","name":"Comment","target":["http:\/\/conexion23.com\/?p=32969#respond"]}]},{"@type":"WebPage","@id":"http:\/\/conexion23.com\/?p=32969","url":"http:\/\/conexion23.com\/?p=32969","name":"Haitianos no creen que la ONU logre una soluci\u00f3n internacional a crisis de pandillas. - Conexi\u00f3n 23","isPartOf":{"@id":"https:\/\/conexion23.com\/#website"},"primaryImageOfPage":{"@id":"http:\/\/conexion23.com\/?p=32969#primaryimage"},"image":{"@id":"http:\/\/conexion23.com\/?p=32969#primaryimage"},"thumbnailUrl":"https:\/\/conexion23.com\/wp-content\/uploads\/2024\/09\/66f0cdd92e791.jpeg","datePublished":"2024-09-23T12:45:10+00:00","dateModified":"2024-09-23T12:45:12+00:00","breadcrumb":{"@id":"http:\/\/conexion23.com\/?p=32969#breadcrumb"},"inLanguage":"es","potentialAction":[{"@type":"ReadAction","target":["http:\/\/conexion23.com\/?p=32969"]}]},{"@type":"ImageObject","inLanguage":"es","@id":"http:\/\/conexion23.com\/?p=32969#primaryimage","url":"https:\/\/conexion23.com\/wp-content\/uploads\/2024\/09\/66f0cdd92e791.jpeg","contentUrl":"https:\/\/conexion23.com\/wp-content\/uploads\/2024\/09\/66f0cdd92e791.jpeg","width":800,"height":560},{"@type":"BreadcrumbList","@id":"http:\/\/conexion23.com\/?p=32969#breadcrumb","itemListElement":[{"@type":"ListItem","position":1,"name":"Portada","item":"https:\/\/conexion23.com\/"},{"@type":"ListItem","position":2,"name":"Haitianos no creen que la ONU logre una soluci\u00f3n internacional a crisis de pandillas."}]},{"@type":"WebSite","@id":"https:\/\/conexion23.com\/#website","url":"https:\/\/conexion23.com\/","name":"Conexi\u00f3n 23","description":"Peri\u00f3dico 100% Petromacorisano","publisher":{"@id":"https:\/\/conexion23.com\/#organization"},"potentialAction":[{"@type":"SearchAction","target":{"@type":"EntryPoint","urlTemplate":"https:\/\/conexion23.com\/?s={search_term_string}"},"query-input":{"@type":"PropertyValueSpecification","valueRequired":true,"valueName":"search_term_string"}}],"inLanguage":"es"},{"@type":"Organization","@id":"https:\/\/conexion23.com\/#organization","name":"Conexion 23","url":"https:\/\/conexion23.com\/","logo":{"@type":"ImageObject","inLanguage":"es","@id":"https:\/\/conexion23.com\/#\/schema\/logo\/image\/","url":"https:\/\/conexion23.com\/wp-content\/uploads\/2021\/11\/Diseno-sin-titulo-2.png","contentUrl":"https:\/\/conexion23.com\/wp-content\/uploads\/2021\/11\/Diseno-sin-titulo-2.png","width":541,"height":90,"caption":"Conexion 23"},"image":{"@id":"https:\/\/conexion23.com\/#\/schema\/logo\/image\/"},"sameAs":["https:\/\/www.facebook.com\/conexion23com","https:\/\/www.instagram.com\/conexion23com\/","https:\/\/www.youtube.com\/channel\/UCYc7vxxFZMYLIHNsHHxPZ3Q"]},{"@type":"Person","@id":"https:\/\/conexion23.com\/#\/schema\/person\/03e36043331117e97a373299bbcd30a6","name":"Raffy Ben\u00edtez","image":{"@type":"ImageObject","inLanguage":"es","@id":"https:\/\/conexion23.com\/#\/schema\/person\/image\/","url":"https:\/\/secure.gravatar.com\/avatar\/3190a6a6c5e1b0327500f7d6c56b6242472ee6cb974cf09b401ee6b3b0798f23?s=96&d=mm&r=g","contentUrl":"https:\/\/secure.gravatar.com\/avatar\/3190a6a6c5e1b0327500f7d6c56b6242472ee6cb974cf09b401ee6b3b0798f23?s=96&d=mm&r=g","caption":"Raffy Ben\u00edtez"},"url":"https:\/\/conexion23.com\/?author=15"}]}},"_links":{"self":[{"href":"https:\/\/conexion23.com\/index.php?rest_route=\/wp\/v2\/posts\/32969","targetHints":{"allow":["GET"]}}],"collection":[{"href":"https:\/\/conexion23.com\/index.php?rest_route=\/wp\/v2\/posts"}],"about":[{"href":"https:\/\/conexion23.com\/index.php?rest_route=\/wp\/v2\/types\/post"}],"author":[{"embeddable":true,"href":"https:\/\/conexion23.com\/index.php?rest_route=\/wp\/v2\/users\/15"}],"replies":[{"embeddable":true,"href":"https:\/\/conexion23.com\/index.php?rest_route=%2Fwp%2Fv2%2Fcomments&post=32969"}],"version-history":[{"count":1,"href":"https:\/\/conexion23.com\/index.php?rest_route=\/wp\/v2\/posts\/32969\/revisions"}],"predecessor-version":[{"id":32971,"href":"https:\/\/conexion23.com\/index.php?rest_route=\/wp\/v2\/posts\/32969\/revisions\/32971"}],"wp:featuredmedia":[{"embeddable":true,"href":"https:\/\/conexion23.com\/index.php?rest_route=\/wp\/v2\/media\/32970"}],"wp:attachment":[{"href":"https:\/\/conexion23.com\/index.php?rest_route=%2Fwp%2Fv2%2Fmedia&parent=32969"}],"wp:term":[{"taxonomy":"category","embeddable":true,"href":"https:\/\/conexion23.com\/index.php?rest_route=%2Fwp%2Fv2%2Fcategories&post=32969"},{"taxonomy":"post_tag","embeddable":true,"href":"https:\/\/conexion23.com\/index.php?rest_route=%2Fwp%2Fv2%2Ftags&post=32969"}],"curies":[{"name":"wp","href":"https:\/\/api.w.org\/{rel}","templated":true}]}}