{"id":33106,"date":"2024-09-27T07:38:26","date_gmt":"2024-09-27T11:38:26","guid":{"rendered":"https:\/\/conexion23.com\/?p=33106"},"modified":"2024-09-27T07:38:28","modified_gmt":"2024-09-27T11:38:28","slug":"policia-nacional-recupera-vehiculo-en-spm-que-habia-sido-robado-en-santo-domingo","status":"publish","type":"post","link":"https:\/\/conexion23.com\/?p=33106","title":{"rendered":"Policia Nacional recupera veh\u00edculo en SPM, que hab\u00eda sido robado en Santo Domingo."},"content":{"rendered":"\n<p>Agentes policiales adscritos al Departamento de Recuperaci\u00f3n de Veh\u00edculos Robados del (Dicrim), mediante una eficiente labor de inteligencia y seguimiento, recuperaron el veh\u00edculo marca LEXUS, modelo URJ20IL, color Blanco, el cual le hab\u00eda sido despojado a la se\u00f1ora Sayka Acta Natera, residente en Santo Domingo.<\/p>\n\n\n\n<p>El mismo, le hab\u00eda sido despojado en fecha 28\/08\/2024 en Santo Domingo; el cual le fue ocupado al se\u00f1or Jos\u00e9 A. Rondon S., de 45 a\u00f1os, residente en esta ciudad; quien, tras ser cuestionado por la posesi\u00f3n del referido veh\u00edculo, manifest\u00f3 que \u00e9l mismo le fue entregado por una agencia de venta de veh\u00edculos ubicada en Punta Cana, para que la usara provisionalmente mientras le entregaban otro veh\u00edculo que este hab\u00eda comprado en dicha agencia.<\/p>\n\n\n\n<p>El veh\u00edculo le fue entregado debidamente a su propietario por nuestros agentes; mientras contin\u00faan las investigaciones de lugar para la soluci\u00f3n de este caso, e identificar y someter a la acci\u00f3n de la justicia a los responsables del mismo.<\/p>\n","protected":false},"excerpt":{"rendered":"<p>Agentes policiales adscritos al Departamento de Recuperaci\u00f3n de Veh\u00edculos Robados del (Dicrim), mediante una eficiente labor de inteligencia y seguimiento, recuperaron el veh\u00edculo marca LEXUS, modelo URJ20IL, color Blanco, el cual le hab\u00eda sido despojado a la se\u00f1ora Sayka Acta Natera, residente en Santo Domingo. El mismo, le hab\u00eda sido despojado en fecha 28\/08\/2024 en [&hellip;]<\/p>\n","protected":false},"author":15,"featured_media":33107,"comment_status":"open","ping_status":"open","sticky":false,"template":"","format":"standard","meta":{"footnotes":""},"categories":[35],"tags":[],"class_list":{"0":"post-33106","1":"post","2":"type-post","3":"status-publish","4":"format-standard","5":"has-post-thumbnail","7":"category-spm"},"yoast_head":"<!-- This site is optimized with the Yoast SEO plugin v27.1.1 - https:\/\/yoast.com\/product\/yoast-seo-wordpress\/ -->\n<title>Policia Nacional recupera veh\u00edculo en SPM, que hab\u00eda sido robado en Santo Domingo. - Conexi\u00f3n 23<\/title>\n<meta name=\"robots\" content=\"index, follow, max-snippet:-1, max-image-preview:large, max-video-preview:-1\" \/>\n<link rel=\"canonical\" href=\"http:\/\/conexion23.com\/?p=33106\" \/>\n<meta property=\"og:locale\" content=\"es_ES\" \/>\n<meta property=\"og:type\" content=\"article\" \/>\n<meta property=\"og:title\" content=\"Policia Nacional recupera veh\u00edculo en SPM, que hab\u00eda sido robado en Santo Domingo. - Conexi\u00f3n 23\" \/>\n<meta property=\"og:description\" content=\"Agentes policiales adscritos al Departamento de Recuperaci\u00f3n de Veh\u00edculos Robados del (Dicrim), mediante una eficiente labor de inteligencia y seguimiento, recuperaron el veh\u00edculo marca LEXUS, modelo URJ20IL, color Blanco, el cual le hab\u00eda sido despojado a la se\u00f1ora Sayka Acta Natera, residente en Santo Domingo. El mismo, le hab\u00eda sido despojado en fecha 28\/08\/2024 en [&hellip;]\" \/>\n<meta property=\"og:url\" content=\"http:\/\/conexion23.com\/?p=33106\" \/>\n<meta property=\"og:site_name\" content=\"Conexi\u00f3n 23\" \/>\n<meta property=\"article:publisher\" content=\"https:\/\/www.facebook.com\/conexion23com\" \/>\n<meta property=\"article:published_time\" content=\"2024-09-27T11:38:26+00:00\" \/>\n<meta property=\"article:modified_time\" content=\"2024-09-27T11:38:28+00:00\" \/>\n<meta property=\"og:image\" content=\"http:\/\/conexion23.com\/wp-content\/uploads\/2024\/09\/hnmvb-.jpg\" \/>\n\t<meta property=\"og:image:width\" content=\"640\" \/>\n\t<meta property=\"og:image:height\" content=\"625\" \/>\n\t<meta property=\"og:image:type\" content=\"image\/jpeg\" \/>\n<meta name=\"author\" content=\"Raffy Ben\u00edtez\" \/>\n<meta name=\"twitter:card\" content=\"summary_large_image\" \/>\n<meta name=\"twitter:label1\" content=\"Escrito por\" \/>\n\t<meta name=\"twitter:data1\" content=\"Raffy Ben\u00edtez\" \/>\n\t<meta name=\"twitter:label2\" content=\"Tiempo de lectura\" \/>\n\t<meta name=\"twitter:data2\" content=\"1 minuto\" \/>\n<script type=\"application\/ld+json\" class=\"yoast-schema-graph\">{\"@context\":\"https:\/\/schema.org\",\"@graph\":[{\"@type\":\"Article\",\"@id\":\"http:\/\/conexion23.com\/?p=33106#article\",\"isPartOf\":{\"@id\":\"http:\/\/conexion23.com\/?p=33106\"},\"author\":{\"name\":\"Raffy Ben\u00edtez\",\"@id\":\"https:\/\/conexion23.com\/#\/schema\/person\/03e36043331117e97a373299bbcd30a6\"},\"headline\":\"Policia Nacional recupera veh\u00edculo en SPM, que hab\u00eda sido robado en Santo Domingo.\",\"datePublished\":\"2024-09-27T11:38:26+00:00\",\"dateModified\":\"2024-09-27T11:38:28+00:00\",\"mainEntityOfPage\":{\"@id\":\"http:\/\/conexion23.com\/?p=33106\"},\"wordCount\":190,\"commentCount\":0,\"publisher\":{\"@id\":\"https:\/\/conexion23.com\/#organization\"},\"image\":{\"@id\":\"http:\/\/conexion23.com\/?p=33106#primaryimage\"},\"thumbnailUrl\":\"https:\/\/conexion23.com\/wp-content\/uploads\/2024\/09\/hnmvb-.jpg\",\"articleSection\":[\"SPM\"],\"inLanguage\":\"es\",\"potentialAction\":[{\"@type\":\"CommentAction\",\"name\":\"Comment\",\"target\":[\"http:\/\/conexion23.com\/?p=33106#respond\"]}]},{\"@type\":\"WebPage\",\"@id\":\"http:\/\/conexion23.com\/?p=33106\",\"url\":\"http:\/\/conexion23.com\/?p=33106\",\"name\":\"Policia Nacional recupera veh\u00edculo en SPM, que hab\u00eda sido robado en Santo Domingo. - Conexi\u00f3n 23\",\"isPartOf\":{\"@id\":\"https:\/\/conexion23.com\/#website\"},\"primaryImageOfPage\":{\"@id\":\"http:\/\/conexion23.com\/?p=33106#primaryimage\"},\"image\":{\"@id\":\"http:\/\/conexion23.com\/?p=33106#primaryimage\"},\"thumbnailUrl\":\"https:\/\/conexion23.com\/wp-content\/uploads\/2024\/09\/hnmvb-.jpg\",\"datePublished\":\"2024-09-27T11:38:26+00:00\",\"dateModified\":\"2024-09-27T11:38:28+00:00\",\"breadcrumb\":{\"@id\":\"http:\/\/conexion23.com\/?p=33106#breadcrumb\"},\"inLanguage\":\"es\",\"potentialAction\":[{\"@type\":\"ReadAction\",\"target\":[\"http:\/\/conexion23.com\/?p=33106\"]}]},{\"@type\":\"ImageObject\",\"inLanguage\":\"es\",\"@id\":\"http:\/\/conexion23.com\/?p=33106#primaryimage\",\"url\":\"https:\/\/conexion23.com\/wp-content\/uploads\/2024\/09\/hnmvb-.jpg\",\"contentUrl\":\"https:\/\/conexion23.com\/wp-content\/uploads\/2024\/09\/hnmvb-.jpg\",\"width\":640,\"height\":625},{\"@type\":\"BreadcrumbList\",\"@id\":\"http:\/\/conexion23.com\/?p=33106#breadcrumb\",\"itemListElement\":[{\"@type\":\"ListItem\",\"position\":1,\"name\":\"Portada\",\"item\":\"https:\/\/conexion23.com\/\"},{\"@type\":\"ListItem\",\"position\":2,\"name\":\"Policia Nacional recupera veh\u00edculo en SPM, que hab\u00eda sido robado en Santo Domingo.\"}]},{\"@type\":\"WebSite\",\"@id\":\"https:\/\/conexion23.com\/#website\",\"url\":\"https:\/\/conexion23.com\/\",\"name\":\"Conexi\u00f3n 23\",\"description\":\"Peri\u00f3dico 100% Petromacorisano\",\"publisher\":{\"@id\":\"https:\/\/conexion23.com\/#organization\"},\"potentialAction\":[{\"@type\":\"SearchAction\",\"target\":{\"@type\":\"EntryPoint\",\"urlTemplate\":\"https:\/\/conexion23.com\/?s={search_term_string}\"},\"query-input\":{\"@type\":\"PropertyValueSpecification\",\"valueRequired\":true,\"valueName\":\"search_term_string\"}}],\"inLanguage\":\"es\"},{\"@type\":\"Organization\",\"@id\":\"https:\/\/conexion23.com\/#organization\",\"name\":\"Conexion 23\",\"url\":\"https:\/\/conexion23.com\/\",\"logo\":{\"@type\":\"ImageObject\",\"inLanguage\":\"es\",\"@id\":\"https:\/\/conexion23.com\/#\/schema\/logo\/image\/\",\"url\":\"https:\/\/conexion23.com\/wp-content\/uploads\/2021\/11\/Diseno-sin-titulo-2.png\",\"contentUrl\":\"https:\/\/conexion23.com\/wp-content\/uploads\/2021\/11\/Diseno-sin-titulo-2.png\",\"width\":541,\"height\":90,\"caption\":\"Conexion 23\"},\"image\":{\"@id\":\"https:\/\/conexion23.com\/#\/schema\/logo\/image\/\"},\"sameAs\":[\"https:\/\/www.facebook.com\/conexion23com\",\"https:\/\/www.instagram.com\/conexion23com\/\",\"https:\/\/www.youtube.com\/channel\/UCYc7vxxFZMYLIHNsHHxPZ3Q\"]},{\"@type\":\"Person\",\"@id\":\"https:\/\/conexion23.com\/#\/schema\/person\/03e36043331117e97a373299bbcd30a6\",\"name\":\"Raffy Ben\u00edtez\",\"image\":{\"@type\":\"ImageObject\",\"inLanguage\":\"es\",\"@id\":\"https:\/\/conexion23.com\/#\/schema\/person\/image\/\",\"url\":\"https:\/\/secure.gravatar.com\/avatar\/3190a6a6c5e1b0327500f7d6c56b6242472ee6cb974cf09b401ee6b3b0798f23?s=96&d=mm&r=g\",\"contentUrl\":\"https:\/\/secure.gravatar.com\/avatar\/3190a6a6c5e1b0327500f7d6c56b6242472ee6cb974cf09b401ee6b3b0798f23?s=96&d=mm&r=g\",\"caption\":\"Raffy Ben\u00edtez\"},\"url\":\"https:\/\/conexion23.com\/?author=15\"}]}<\/script>\n<!-- \/ Yoast SEO plugin. -->","yoast_head_json":{"title":"Policia Nacional recupera veh\u00edculo en SPM, que hab\u00eda sido robado en Santo Domingo. - Conexi\u00f3n 23","robots":{"index":"index","follow":"follow","max-snippet":"max-snippet:-1","max-image-preview":"max-image-preview:large","max-video-preview":"max-video-preview:-1"},"canonical":"http:\/\/conexion23.com\/?p=33106","og_locale":"es_ES","og_type":"article","og_title":"Policia Nacional recupera veh\u00edculo en SPM, que hab\u00eda sido robado en Santo Domingo. - Conexi\u00f3n 23","og_description":"Agentes policiales adscritos al Departamento de Recuperaci\u00f3n de Veh\u00edculos Robados del (Dicrim), mediante una eficiente labor de inteligencia y seguimiento, recuperaron el veh\u00edculo marca LEXUS, modelo URJ20IL, color Blanco, el cual le hab\u00eda sido despojado a la se\u00f1ora Sayka Acta Natera, residente en Santo Domingo. El mismo, le hab\u00eda sido despojado en fecha 28\/08\/2024 en [&hellip;]","og_url":"http:\/\/conexion23.com\/?p=33106","og_site_name":"Conexi\u00f3n 23","article_publisher":"https:\/\/www.facebook.com\/conexion23com","article_published_time":"2024-09-27T11:38:26+00:00","article_modified_time":"2024-09-27T11:38:28+00:00","og_image":[{"width":640,"height":625,"url":"http:\/\/conexion23.com\/wp-content\/uploads\/2024\/09\/hnmvb-.jpg","type":"image\/jpeg"}],"author":"Raffy Ben\u00edtez","twitter_card":"summary_large_image","twitter_misc":{"Escrito por":"Raffy Ben\u00edtez","Tiempo de lectura":"1 minuto"},"schema":{"@context":"https:\/\/schema.org","@graph":[{"@type":"Article","@id":"http:\/\/conexion23.com\/?p=33106#article","isPartOf":{"@id":"http:\/\/conexion23.com\/?p=33106"},"author":{"name":"Raffy Ben\u00edtez","@id":"https:\/\/conexion23.com\/#\/schema\/person\/03e36043331117e97a373299bbcd30a6"},"headline":"Policia Nacional recupera veh\u00edculo en SPM, que hab\u00eda sido robado en Santo Domingo.","datePublished":"2024-09-27T11:38:26+00:00","dateModified":"2024-09-27T11:38:28+00:00","mainEntityOfPage":{"@id":"http:\/\/conexion23.com\/?p=33106"},"wordCount":190,"commentCount":0,"publisher":{"@id":"https:\/\/conexion23.com\/#organization"},"image":{"@id":"http:\/\/conexion23.com\/?p=33106#primaryimage"},"thumbnailUrl":"https:\/\/conexion23.com\/wp-content\/uploads\/2024\/09\/hnmvb-.jpg","articleSection":["SPM"],"inLanguage":"es","potentialAction":[{"@type":"CommentAction","name":"Comment","target":["http:\/\/conexion23.com\/?p=33106#respond"]}]},{"@type":"WebPage","@id":"http:\/\/conexion23.com\/?p=33106","url":"http:\/\/conexion23.com\/?p=33106","name":"Policia Nacional recupera veh\u00edculo en SPM, que hab\u00eda sido robado en Santo Domingo. - Conexi\u00f3n 23","isPartOf":{"@id":"https:\/\/conexion23.com\/#website"},"primaryImageOfPage":{"@id":"http:\/\/conexion23.com\/?p=33106#primaryimage"},"image":{"@id":"http:\/\/conexion23.com\/?p=33106#primaryimage"},"thumbnailUrl":"https:\/\/conexion23.com\/wp-content\/uploads\/2024\/09\/hnmvb-.jpg","datePublished":"2024-09-27T11:38:26+00:00","dateModified":"2024-09-27T11:38:28+00:00","breadcrumb":{"@id":"http:\/\/conexion23.com\/?p=33106#breadcrumb"},"inLanguage":"es","potentialAction":[{"@type":"ReadAction","target":["http:\/\/conexion23.com\/?p=33106"]}]},{"@type":"ImageObject","inLanguage":"es","@id":"http:\/\/conexion23.com\/?p=33106#primaryimage","url":"https:\/\/conexion23.com\/wp-content\/uploads\/2024\/09\/hnmvb-.jpg","contentUrl":"https:\/\/conexion23.com\/wp-content\/uploads\/2024\/09\/hnmvb-.jpg","width":640,"height":625},{"@type":"BreadcrumbList","@id":"http:\/\/conexion23.com\/?p=33106#breadcrumb","itemListElement":[{"@type":"ListItem","position":1,"name":"Portada","item":"https:\/\/conexion23.com\/"},{"@type":"ListItem","position":2,"name":"Policia Nacional recupera veh\u00edculo en SPM, que hab\u00eda sido robado en Santo Domingo."}]},{"@type":"WebSite","@id":"https:\/\/conexion23.com\/#website","url":"https:\/\/conexion23.com\/","name":"Conexi\u00f3n 23","description":"Peri\u00f3dico 100% Petromacorisano","publisher":{"@id":"https:\/\/conexion23.com\/#organization"},"potentialAction":[{"@type":"SearchAction","target":{"@type":"EntryPoint","urlTemplate":"https:\/\/conexion23.com\/?s={search_term_string}"},"query-input":{"@type":"PropertyValueSpecification","valueRequired":true,"valueName":"search_term_string"}}],"inLanguage":"es"},{"@type":"Organization","@id":"https:\/\/conexion23.com\/#organization","name":"Conexion 23","url":"https:\/\/conexion23.com\/","logo":{"@type":"ImageObject","inLanguage":"es","@id":"https:\/\/conexion23.com\/#\/schema\/logo\/image\/","url":"https:\/\/conexion23.com\/wp-content\/uploads\/2021\/11\/Diseno-sin-titulo-2.png","contentUrl":"https:\/\/conexion23.com\/wp-content\/uploads\/2021\/11\/Diseno-sin-titulo-2.png","width":541,"height":90,"caption":"Conexion 23"},"image":{"@id":"https:\/\/conexion23.com\/#\/schema\/logo\/image\/"},"sameAs":["https:\/\/www.facebook.com\/conexion23com","https:\/\/www.instagram.com\/conexion23com\/","https:\/\/www.youtube.com\/channel\/UCYc7vxxFZMYLIHNsHHxPZ3Q"]},{"@type":"Person","@id":"https:\/\/conexion23.com\/#\/schema\/person\/03e36043331117e97a373299bbcd30a6","name":"Raffy Ben\u00edtez","image":{"@type":"ImageObject","inLanguage":"es","@id":"https:\/\/conexion23.com\/#\/schema\/person\/image\/","url":"https:\/\/secure.gravatar.com\/avatar\/3190a6a6c5e1b0327500f7d6c56b6242472ee6cb974cf09b401ee6b3b0798f23?s=96&d=mm&r=g","contentUrl":"https:\/\/secure.gravatar.com\/avatar\/3190a6a6c5e1b0327500f7d6c56b6242472ee6cb974cf09b401ee6b3b0798f23?s=96&d=mm&r=g","caption":"Raffy Ben\u00edtez"},"url":"https:\/\/conexion23.com\/?author=15"}]}},"_links":{"self":[{"href":"https:\/\/conexion23.com\/index.php?rest_route=\/wp\/v2\/posts\/33106","targetHints":{"allow":["GET"]}}],"collection":[{"href":"https:\/\/conexion23.com\/index.php?rest_route=\/wp\/v2\/posts"}],"about":[{"href":"https:\/\/conexion23.com\/index.php?rest_route=\/wp\/v2\/types\/post"}],"author":[{"embeddable":true,"href":"https:\/\/conexion23.com\/index.php?rest_route=\/wp\/v2\/users\/15"}],"replies":[{"embeddable":true,"href":"https:\/\/conexion23.com\/index.php?rest_route=%2Fwp%2Fv2%2Fcomments&post=33106"}],"version-history":[{"count":1,"href":"https:\/\/conexion23.com\/index.php?rest_route=\/wp\/v2\/posts\/33106\/revisions"}],"predecessor-version":[{"id":33108,"href":"https:\/\/conexion23.com\/index.php?rest_route=\/wp\/v2\/posts\/33106\/revisions\/33108"}],"wp:featuredmedia":[{"embeddable":true,"href":"https:\/\/conexion23.com\/index.php?rest_route=\/wp\/v2\/media\/33107"}],"wp:attachment":[{"href":"https:\/\/conexion23.com\/index.php?rest_route=%2Fwp%2Fv2%2Fmedia&parent=33106"}],"wp:term":[{"taxonomy":"category","embeddable":true,"href":"https:\/\/conexion23.com\/index.php?rest_route=%2Fwp%2Fv2%2Fcategories&post=33106"},{"taxonomy":"post_tag","embeddable":true,"href":"https:\/\/conexion23.com\/index.php?rest_route=%2Fwp%2Fv2%2Ftags&post=33106"}],"curies":[{"name":"wp","href":"https:\/\/api.w.org\/{rel}","templated":true}]}}