{"id":33184,"date":"2024-09-30T07:08:08","date_gmt":"2024-09-30T11:08:08","guid":{"rendered":"https:\/\/conexion23.com\/?p=33184"},"modified":"2024-09-30T07:08:09","modified_gmt":"2024-09-30T11:08:09","slug":"haiti-anuncia-restricciones-a-entrada-de-productos-desde-republica-dominicana","status":"publish","type":"post","link":"https:\/\/conexion23.com\/?p=33184","title":{"rendered":"Hait\u00ed anuncia restricciones a entrada de productos desde Rep\u00fablica Dominicana"},"content":{"rendered":"\n<p><strong>Las autoridades de Industria y Comercio de Hait\u00ed han anunciado nuevas restricciones a la importaci\u00f3n de productos perecederos desde los mercados fronterizos de Rep\u00fablica Dominicana. Estas medidas afectan las mercanc\u00edas que son exportadas hacia territorio haitiano.<\/strong><\/p>\n\n\n\n<p>Durante una reuni\u00f3n en el&nbsp;<strong>paso fronterizo de Dajab\u00f3n<\/strong>, en la que participaron Lesly Theogene, encargado regional norte de Industria y Comercio de Hait\u00ed; Edward B\u00e9le, encargado provincial de Dajab\u00f3n del Ministerio de Industria y Comercio; Julio Alejo, colector de Aduanas de Dajab\u00f3n; y Noel Fern\u00e1ndez, presidente de la&nbsp;<strong>Asociaci\u00f3n de Detallistas del Mercado Fronterizo<\/strong>, entre otros funcionarios de ambos pa\u00edses, se&nbsp;<strong>oficializ\u00f3 la disposici\u00f3n del gobierno haitiano en dos idiomas: creol\u00e9 y espa\u00f1ol<\/strong>.<\/p>\n\n\n\n<p>Te puede interesar:&nbsp;<a href=\"https:\/\/n.com.do\/2024\/09\/28\/la-violencia-sexual-es-utilizada-por-pandillas-haitiana-para-castigar-y-difundir-el-miedo-en-la-poblacion-segun-onu\/\">La violencia sexual es utilizada por pandillas haitianas para castigar y difundir el miedo en la poblaci\u00f3n, seg\u00fan ONU<\/a><\/p>\n\n\n\n<p>Seg\u00fan el anuncio, l<strong>os comerciantes que no cuenten con el registro sanitario no podr\u00e1n exportar productos perecederos.<\/strong>&nbsp;La medida&nbsp;<strong>entrar\u00e1 en vigor el 1 de octubre<\/strong>, y se comunicar\u00e1 formalmente a los actores del sector en ambos idiomas.<\/p>\n\n\n\n<figure class=\"wp-block-image\"><img decoding=\"async\" src=\"https:\/\/ndigital.b-cdn.net\/SEPTIEMBRE%202024\/Documento%20restricciones.jpeg\" alt=\"\"\/><\/figure>\n\n\n\n<h4 class=\"wp-block-heading\"><strong>Los requisitos son los siguientes:<\/strong><\/h4>\n\n\n\n<ul class=\"wp-block-list\">\n<li><strong>Que el producto tenga el nombre comercial.<\/strong><\/li>\n\n\n\n<li><strong>La lista de ingredientes.<\/strong><\/li>\n\n\n\n<li><strong>Cantidad Neta en el sistema m\u00e9trico internacional.<\/strong><\/li>\n\n\n\n<li><strong>Fecha de fabricaci\u00f3n.<\/strong><\/li>\n\n\n\n<li><strong>Fecha de vencimiento.<\/strong><\/li>\n\n\n\n<li><strong>Instrucciones y avisos para el uso normal y conservaci\u00f3n del producto.<\/strong><\/li>\n\n\n\n<li><strong>\u00a0El pa\u00eds de origen.<\/strong><\/li>\n\n\n\n<li><strong>\u00a0El n\u00famero de lote, nombre o raz\u00f3n social y direcci\u00f3n del fabricante, envasador o distribuidor.<\/strong><\/li>\n\n\n\n<li><strong>Cualquier otra informaci\u00f3n obligatoria relativa a determinados \u00a0productos.<\/strong><\/li>\n<\/ul>\n\n\n\n<p>De acuerdo con las normas establecidas por Hait\u00ed, comerciantes dominicano consideran que esto podr\u00eda afectar el comercio entre ambas naciones a\u00a0<strong>partir de este lunes<\/strong>.<\/p>\n","protected":false},"excerpt":{"rendered":"<p>Las autoridades de Industria y Comercio de Hait\u00ed han anunciado nuevas restricciones a la importaci\u00f3n de productos perecederos desde los mercados fronterizos de Rep\u00fablica Dominicana. Estas medidas afectan las mercanc\u00edas que son exportadas hacia territorio haitiano. Durante una reuni\u00f3n en el&nbsp;paso fronterizo de Dajab\u00f3n, en la que participaron Lesly Theogene, encargado regional norte de Industria [&hellip;]<\/p>\n","protected":false},"author":15,"featured_media":33185,"comment_status":"open","ping_status":"open","sticky":false,"template":"","format":"standard","meta":{"footnotes":""},"categories":[1],"tags":[],"class_list":{"0":"post-33184","1":"post","2":"type-post","3":"status-publish","4":"format-standard","5":"has-post-thumbnail","7":"category-uncategorized"},"yoast_head":"<!-- This site is optimized with the Yoast SEO plugin v27.1.1 - https:\/\/yoast.com\/product\/yoast-seo-wordpress\/ -->\n<title>Hait\u00ed anuncia restricciones a entrada de productos desde Rep\u00fablica Dominicana - Conexi\u00f3n 23<\/title>\n<meta name=\"robots\" content=\"index, follow, max-snippet:-1, max-image-preview:large, max-video-preview:-1\" \/>\n<link rel=\"canonical\" href=\"http:\/\/conexion23.com\/?p=33184\" \/>\n<meta property=\"og:locale\" content=\"es_ES\" \/>\n<meta property=\"og:type\" content=\"article\" \/>\n<meta property=\"og:title\" content=\"Hait\u00ed anuncia restricciones a entrada de productos desde Rep\u00fablica Dominicana - Conexi\u00f3n 23\" \/>\n<meta property=\"og:description\" content=\"Las autoridades de Industria y Comercio de Hait\u00ed han anunciado nuevas restricciones a la importaci\u00f3n de productos perecederos desde los mercados fronterizos de Rep\u00fablica Dominicana. Estas medidas afectan las mercanc\u00edas que son exportadas hacia territorio haitiano. Durante una reuni\u00f3n en el&nbsp;paso fronterizo de Dajab\u00f3n, en la que participaron Lesly Theogene, encargado regional norte de Industria [&hellip;]\" \/>\n<meta property=\"og:url\" content=\"http:\/\/conexion23.com\/?p=33184\" \/>\n<meta property=\"og:site_name\" content=\"Conexi\u00f3n 23\" \/>\n<meta property=\"article:publisher\" content=\"https:\/\/www.facebook.com\/conexion23com\" \/>\n<meta property=\"article:published_time\" content=\"2024-09-30T11:08:08+00:00\" \/>\n<meta property=\"article:modified_time\" content=\"2024-09-30T11:08:09+00:00\" \/>\n<meta property=\"og:image\" content=\"http:\/\/conexion23.com\/wp-content\/uploads\/2024\/09\/Reunion-restricciones-comercio-1140x694-1.jpeg\" \/>\n\t<meta property=\"og:image:width\" content=\"1140\" \/>\n\t<meta property=\"og:image:height\" content=\"694\" \/>\n\t<meta property=\"og:image:type\" content=\"image\/jpeg\" \/>\n<meta name=\"author\" content=\"Raffy Ben\u00edtez\" \/>\n<meta name=\"twitter:card\" content=\"summary_large_image\" \/>\n<meta name=\"twitter:label1\" content=\"Escrito por\" \/>\n\t<meta name=\"twitter:data1\" content=\"Raffy Ben\u00edtez\" \/>\n\t<meta name=\"twitter:label2\" content=\"Tiempo de lectura\" \/>\n\t<meta name=\"twitter:data2\" content=\"2 minutos\" \/>\n<script type=\"application\/ld+json\" class=\"yoast-schema-graph\">{\"@context\":\"https:\/\/schema.org\",\"@graph\":[{\"@type\":\"Article\",\"@id\":\"http:\/\/conexion23.com\/?p=33184#article\",\"isPartOf\":{\"@id\":\"http:\/\/conexion23.com\/?p=33184\"},\"author\":{\"name\":\"Raffy Ben\u00edtez\",\"@id\":\"https:\/\/conexion23.com\/#\/schema\/person\/03e36043331117e97a373299bbcd30a6\"},\"headline\":\"Hait\u00ed anuncia restricciones a entrada de productos desde Rep\u00fablica Dominicana\",\"datePublished\":\"2024-09-30T11:08:08+00:00\",\"dateModified\":\"2024-09-30T11:08:09+00:00\",\"mainEntityOfPage\":{\"@id\":\"http:\/\/conexion23.com\/?p=33184\"},\"wordCount\":304,\"commentCount\":0,\"publisher\":{\"@id\":\"https:\/\/conexion23.com\/#organization\"},\"image\":{\"@id\":\"http:\/\/conexion23.com\/?p=33184#primaryimage\"},\"thumbnailUrl\":\"https:\/\/conexion23.com\/wp-content\/uploads\/2024\/09\/Reunion-restricciones-comercio-1140x694-1.jpeg\",\"articleSection\":[\"Uncategorized\"],\"inLanguage\":\"es\",\"potentialAction\":[{\"@type\":\"CommentAction\",\"name\":\"Comment\",\"target\":[\"http:\/\/conexion23.com\/?p=33184#respond\"]}]},{\"@type\":\"WebPage\",\"@id\":\"http:\/\/conexion23.com\/?p=33184\",\"url\":\"http:\/\/conexion23.com\/?p=33184\",\"name\":\"Hait\u00ed anuncia restricciones a entrada de productos desde Rep\u00fablica Dominicana - Conexi\u00f3n 23\",\"isPartOf\":{\"@id\":\"https:\/\/conexion23.com\/#website\"},\"primaryImageOfPage\":{\"@id\":\"http:\/\/conexion23.com\/?p=33184#primaryimage\"},\"image\":{\"@id\":\"http:\/\/conexion23.com\/?p=33184#primaryimage\"},\"thumbnailUrl\":\"https:\/\/conexion23.com\/wp-content\/uploads\/2024\/09\/Reunion-restricciones-comercio-1140x694-1.jpeg\",\"datePublished\":\"2024-09-30T11:08:08+00:00\",\"dateModified\":\"2024-09-30T11:08:09+00:00\",\"breadcrumb\":{\"@id\":\"http:\/\/conexion23.com\/?p=33184#breadcrumb\"},\"inLanguage\":\"es\",\"potentialAction\":[{\"@type\":\"ReadAction\",\"target\":[\"http:\/\/conexion23.com\/?p=33184\"]}]},{\"@type\":\"ImageObject\",\"inLanguage\":\"es\",\"@id\":\"http:\/\/conexion23.com\/?p=33184#primaryimage\",\"url\":\"https:\/\/conexion23.com\/wp-content\/uploads\/2024\/09\/Reunion-restricciones-comercio-1140x694-1.jpeg\",\"contentUrl\":\"https:\/\/conexion23.com\/wp-content\/uploads\/2024\/09\/Reunion-restricciones-comercio-1140x694-1.jpeg\",\"width\":1140,\"height\":694},{\"@type\":\"BreadcrumbList\",\"@id\":\"http:\/\/conexion23.com\/?p=33184#breadcrumb\",\"itemListElement\":[{\"@type\":\"ListItem\",\"position\":1,\"name\":\"Portada\",\"item\":\"https:\/\/conexion23.com\/\"},{\"@type\":\"ListItem\",\"position\":2,\"name\":\"Hait\u00ed anuncia restricciones a entrada de productos desde Rep\u00fablica Dominicana\"}]},{\"@type\":\"WebSite\",\"@id\":\"https:\/\/conexion23.com\/#website\",\"url\":\"https:\/\/conexion23.com\/\",\"name\":\"Conexi\u00f3n 23\",\"description\":\"Peri\u00f3dico 100% Petromacorisano\",\"publisher\":{\"@id\":\"https:\/\/conexion23.com\/#organization\"},\"potentialAction\":[{\"@type\":\"SearchAction\",\"target\":{\"@type\":\"EntryPoint\",\"urlTemplate\":\"https:\/\/conexion23.com\/?s={search_term_string}\"},\"query-input\":{\"@type\":\"PropertyValueSpecification\",\"valueRequired\":true,\"valueName\":\"search_term_string\"}}],\"inLanguage\":\"es\"},{\"@type\":\"Organization\",\"@id\":\"https:\/\/conexion23.com\/#organization\",\"name\":\"Conexion 23\",\"url\":\"https:\/\/conexion23.com\/\",\"logo\":{\"@type\":\"ImageObject\",\"inLanguage\":\"es\",\"@id\":\"https:\/\/conexion23.com\/#\/schema\/logo\/image\/\",\"url\":\"https:\/\/conexion23.com\/wp-content\/uploads\/2021\/11\/Diseno-sin-titulo-2.png\",\"contentUrl\":\"https:\/\/conexion23.com\/wp-content\/uploads\/2021\/11\/Diseno-sin-titulo-2.png\",\"width\":541,\"height\":90,\"caption\":\"Conexion 23\"},\"image\":{\"@id\":\"https:\/\/conexion23.com\/#\/schema\/logo\/image\/\"},\"sameAs\":[\"https:\/\/www.facebook.com\/conexion23com\",\"https:\/\/www.instagram.com\/conexion23com\/\",\"https:\/\/www.youtube.com\/channel\/UCYc7vxxFZMYLIHNsHHxPZ3Q\"]},{\"@type\":\"Person\",\"@id\":\"https:\/\/conexion23.com\/#\/schema\/person\/03e36043331117e97a373299bbcd30a6\",\"name\":\"Raffy Ben\u00edtez\",\"image\":{\"@type\":\"ImageObject\",\"inLanguage\":\"es\",\"@id\":\"https:\/\/conexion23.com\/#\/schema\/person\/image\/\",\"url\":\"https:\/\/secure.gravatar.com\/avatar\/3190a6a6c5e1b0327500f7d6c56b6242472ee6cb974cf09b401ee6b3b0798f23?s=96&d=mm&r=g\",\"contentUrl\":\"https:\/\/secure.gravatar.com\/avatar\/3190a6a6c5e1b0327500f7d6c56b6242472ee6cb974cf09b401ee6b3b0798f23?s=96&d=mm&r=g\",\"caption\":\"Raffy Ben\u00edtez\"},\"url\":\"https:\/\/conexion23.com\/?author=15\"}]}<\/script>\n<!-- \/ Yoast SEO plugin. -->","yoast_head_json":{"title":"Hait\u00ed anuncia restricciones a entrada de productos desde Rep\u00fablica Dominicana - Conexi\u00f3n 23","robots":{"index":"index","follow":"follow","max-snippet":"max-snippet:-1","max-image-preview":"max-image-preview:large","max-video-preview":"max-video-preview:-1"},"canonical":"http:\/\/conexion23.com\/?p=33184","og_locale":"es_ES","og_type":"article","og_title":"Hait\u00ed anuncia restricciones a entrada de productos desde Rep\u00fablica Dominicana - Conexi\u00f3n 23","og_description":"Las autoridades de Industria y Comercio de Hait\u00ed han anunciado nuevas restricciones a la importaci\u00f3n de productos perecederos desde los mercados fronterizos de Rep\u00fablica Dominicana. Estas medidas afectan las mercanc\u00edas que son exportadas hacia territorio haitiano. Durante una reuni\u00f3n en el&nbsp;paso fronterizo de Dajab\u00f3n, en la que participaron Lesly Theogene, encargado regional norte de Industria [&hellip;]","og_url":"http:\/\/conexion23.com\/?p=33184","og_site_name":"Conexi\u00f3n 23","article_publisher":"https:\/\/www.facebook.com\/conexion23com","article_published_time":"2024-09-30T11:08:08+00:00","article_modified_time":"2024-09-30T11:08:09+00:00","og_image":[{"width":1140,"height":694,"url":"http:\/\/conexion23.com\/wp-content\/uploads\/2024\/09\/Reunion-restricciones-comercio-1140x694-1.jpeg","type":"image\/jpeg"}],"author":"Raffy Ben\u00edtez","twitter_card":"summary_large_image","twitter_misc":{"Escrito por":"Raffy Ben\u00edtez","Tiempo de lectura":"2 minutos"},"schema":{"@context":"https:\/\/schema.org","@graph":[{"@type":"Article","@id":"http:\/\/conexion23.com\/?p=33184#article","isPartOf":{"@id":"http:\/\/conexion23.com\/?p=33184"},"author":{"name":"Raffy Ben\u00edtez","@id":"https:\/\/conexion23.com\/#\/schema\/person\/03e36043331117e97a373299bbcd30a6"},"headline":"Hait\u00ed anuncia restricciones a entrada de productos desde Rep\u00fablica Dominicana","datePublished":"2024-09-30T11:08:08+00:00","dateModified":"2024-09-30T11:08:09+00:00","mainEntityOfPage":{"@id":"http:\/\/conexion23.com\/?p=33184"},"wordCount":304,"commentCount":0,"publisher":{"@id":"https:\/\/conexion23.com\/#organization"},"image":{"@id":"http:\/\/conexion23.com\/?p=33184#primaryimage"},"thumbnailUrl":"https:\/\/conexion23.com\/wp-content\/uploads\/2024\/09\/Reunion-restricciones-comercio-1140x694-1.jpeg","articleSection":["Uncategorized"],"inLanguage":"es","potentialAction":[{"@type":"CommentAction","name":"Comment","target":["http:\/\/conexion23.com\/?p=33184#respond"]}]},{"@type":"WebPage","@id":"http:\/\/conexion23.com\/?p=33184","url":"http:\/\/conexion23.com\/?p=33184","name":"Hait\u00ed anuncia restricciones a entrada de productos desde Rep\u00fablica Dominicana - Conexi\u00f3n 23","isPartOf":{"@id":"https:\/\/conexion23.com\/#website"},"primaryImageOfPage":{"@id":"http:\/\/conexion23.com\/?p=33184#primaryimage"},"image":{"@id":"http:\/\/conexion23.com\/?p=33184#primaryimage"},"thumbnailUrl":"https:\/\/conexion23.com\/wp-content\/uploads\/2024\/09\/Reunion-restricciones-comercio-1140x694-1.jpeg","datePublished":"2024-09-30T11:08:08+00:00","dateModified":"2024-09-30T11:08:09+00:00","breadcrumb":{"@id":"http:\/\/conexion23.com\/?p=33184#breadcrumb"},"inLanguage":"es","potentialAction":[{"@type":"ReadAction","target":["http:\/\/conexion23.com\/?p=33184"]}]},{"@type":"ImageObject","inLanguage":"es","@id":"http:\/\/conexion23.com\/?p=33184#primaryimage","url":"https:\/\/conexion23.com\/wp-content\/uploads\/2024\/09\/Reunion-restricciones-comercio-1140x694-1.jpeg","contentUrl":"https:\/\/conexion23.com\/wp-content\/uploads\/2024\/09\/Reunion-restricciones-comercio-1140x694-1.jpeg","width":1140,"height":694},{"@type":"BreadcrumbList","@id":"http:\/\/conexion23.com\/?p=33184#breadcrumb","itemListElement":[{"@type":"ListItem","position":1,"name":"Portada","item":"https:\/\/conexion23.com\/"},{"@type":"ListItem","position":2,"name":"Hait\u00ed anuncia restricciones a entrada de productos desde Rep\u00fablica Dominicana"}]},{"@type":"WebSite","@id":"https:\/\/conexion23.com\/#website","url":"https:\/\/conexion23.com\/","name":"Conexi\u00f3n 23","description":"Peri\u00f3dico 100% Petromacorisano","publisher":{"@id":"https:\/\/conexion23.com\/#organization"},"potentialAction":[{"@type":"SearchAction","target":{"@type":"EntryPoint","urlTemplate":"https:\/\/conexion23.com\/?s={search_term_string}"},"query-input":{"@type":"PropertyValueSpecification","valueRequired":true,"valueName":"search_term_string"}}],"inLanguage":"es"},{"@type":"Organization","@id":"https:\/\/conexion23.com\/#organization","name":"Conexion 23","url":"https:\/\/conexion23.com\/","logo":{"@type":"ImageObject","inLanguage":"es","@id":"https:\/\/conexion23.com\/#\/schema\/logo\/image\/","url":"https:\/\/conexion23.com\/wp-content\/uploads\/2021\/11\/Diseno-sin-titulo-2.png","contentUrl":"https:\/\/conexion23.com\/wp-content\/uploads\/2021\/11\/Diseno-sin-titulo-2.png","width":541,"height":90,"caption":"Conexion 23"},"image":{"@id":"https:\/\/conexion23.com\/#\/schema\/logo\/image\/"},"sameAs":["https:\/\/www.facebook.com\/conexion23com","https:\/\/www.instagram.com\/conexion23com\/","https:\/\/www.youtube.com\/channel\/UCYc7vxxFZMYLIHNsHHxPZ3Q"]},{"@type":"Person","@id":"https:\/\/conexion23.com\/#\/schema\/person\/03e36043331117e97a373299bbcd30a6","name":"Raffy Ben\u00edtez","image":{"@type":"ImageObject","inLanguage":"es","@id":"https:\/\/conexion23.com\/#\/schema\/person\/image\/","url":"https:\/\/secure.gravatar.com\/avatar\/3190a6a6c5e1b0327500f7d6c56b6242472ee6cb974cf09b401ee6b3b0798f23?s=96&d=mm&r=g","contentUrl":"https:\/\/secure.gravatar.com\/avatar\/3190a6a6c5e1b0327500f7d6c56b6242472ee6cb974cf09b401ee6b3b0798f23?s=96&d=mm&r=g","caption":"Raffy Ben\u00edtez"},"url":"https:\/\/conexion23.com\/?author=15"}]}},"_links":{"self":[{"href":"https:\/\/conexion23.com\/index.php?rest_route=\/wp\/v2\/posts\/33184","targetHints":{"allow":["GET"]}}],"collection":[{"href":"https:\/\/conexion23.com\/index.php?rest_route=\/wp\/v2\/posts"}],"about":[{"href":"https:\/\/conexion23.com\/index.php?rest_route=\/wp\/v2\/types\/post"}],"author":[{"embeddable":true,"href":"https:\/\/conexion23.com\/index.php?rest_route=\/wp\/v2\/users\/15"}],"replies":[{"embeddable":true,"href":"https:\/\/conexion23.com\/index.php?rest_route=%2Fwp%2Fv2%2Fcomments&post=33184"}],"version-history":[{"count":1,"href":"https:\/\/conexion23.com\/index.php?rest_route=\/wp\/v2\/posts\/33184\/revisions"}],"predecessor-version":[{"id":33186,"href":"https:\/\/conexion23.com\/index.php?rest_route=\/wp\/v2\/posts\/33184\/revisions\/33186"}],"wp:featuredmedia":[{"embeddable":true,"href":"https:\/\/conexion23.com\/index.php?rest_route=\/wp\/v2\/media\/33185"}],"wp:attachment":[{"href":"https:\/\/conexion23.com\/index.php?rest_route=%2Fwp%2Fv2%2Fmedia&parent=33184"}],"wp:term":[{"taxonomy":"category","embeddable":true,"href":"https:\/\/conexion23.com\/index.php?rest_route=%2Fwp%2Fv2%2Fcategories&post=33184"},{"taxonomy":"post_tag","embeddable":true,"href":"https:\/\/conexion23.com\/index.php?rest_route=%2Fwp%2Fv2%2Ftags&post=33184"}],"curies":[{"name":"wp","href":"https:\/\/api.w.org\/{rel}","templated":true}]}}