{"id":33187,"date":"2024-09-30T07:13:05","date_gmt":"2024-09-30T11:13:05","guid":{"rendered":"https:\/\/conexion23.com\/?p=33187"},"modified":"2024-09-30T07:13:07","modified_gmt":"2024-09-30T11:13:07","slug":"intento-de-triple-feminicidio-en-la-vega-madre-y-dos-hijas-luchan-por-sus-vidas-tras-brutal-ataque","status":"publish","type":"post","link":"https:\/\/conexion23.com\/?p=33187","title":{"rendered":"Intento de triple feminicidio en La Vega, madre y dos hijas luchan por sus vidas tras brutal ataque."},"content":{"rendered":"\n<p>En medio de la incredulidad y el dolor, familiares y vecinos del municipio Fantino, en la provincia La Vega, enfrentan el impacto emocional del violento intento de feminicidio perpetrado contra Kaina Ure\u00f1a y sus dos hijas, de siete y diez a\u00f1os, quienes resultaron gravemente heridas.<\/p>\n\n\n\n<p>El pasado s\u00e1bado por la noche, Ure\u00f1a fue apu\u00f1alada en 18 ocasiones por su pareja, Jes\u00fas Mar\u00eda Casta\u00f1os Contreras, un hombre de 53 a\u00f1os que, seg\u00fan relatan testigos, manten\u00eda una imagen p\u00fablica de persona pac\u00edfica y afectuosa, tanto en redes sociales como en su entorno cercano. El ataque ocurri\u00f3 dentro de un veh\u00edculo, justo antes de que el agresor supuestamente viajara de regreso a los Estados Unidos, donde resid\u00eda desde hac\u00eda varios a\u00f1os.<\/p>\n\n\n\n<p>Las dos hijas de Ure\u00f1a tambi\u00e9n resultaron heridas durante el ataque y, al igual que su madre, permanecen hospitalizadas en el Hospital Universitario Luis Manuel Morillo King de La Vega. La comunidad est\u00e1 profundamente consternada por el brutal incidente, que ha dejado una profunda marca en quienes conoc\u00edan a la familia.<\/p>\n\n\n\n<p>Manuela Ure\u00f1a, hermana de la v\u00edctima, expres\u00f3 su asombro y dolor por lo sucedido: \u201cQuedaremos marcados pr\u00e1cticamente, porque no esper\u00e1bamos eso, y m\u00e1s como \u00e9l era con uno y como lo trat\u00e1bamos a \u00e9l\u2026 era una persona pac\u00edfica seg\u00fan lo que mostraba\u201d. El testimonio de la familia refleja la gran sorpresa por la naturaleza del ataque, que nadie pudo anticipar.<\/p>\n\n\n\n<p>Ana Iris V\u00e1squez, vecina de la familia, manifest\u00f3 su pesar por la tragedia: \u201cEsto ha consternado mucho este sector aqu\u00ed, eso es algo muy lamentable\u2026 una muchacha muy trabajadora, una madre ejemplar\u201d. La comunidad se encuentra sumida en el asombro y la tristeza, incapaz de entender c\u00f3mo pudo ocurrir tal tragedia.<\/p>\n\n\n\n<p>Casta\u00f1os Contreras, despu\u00e9s de cometer el ataque, ingiri\u00f3 una sustancia t\u00f3xica que le caus\u00f3 la muerte, cerrando un ciclo de violencia que ha dejado a una familia devastada y a una comunidad en estado de shock. Las autoridades contin\u00faan investigando el caso mientras las v\u00edctimas siguen luchando por sus vidas en el hospital.<\/p>\n","protected":false},"excerpt":{"rendered":"<p>En medio de la incredulidad y el dolor, familiares y vecinos del municipio Fantino, en la provincia La Vega, enfrentan el impacto emocional del violento intento de feminicidio perpetrado contra Kaina Ure\u00f1a y sus dos hijas, de siete y diez a\u00f1os, quienes resultaron gravemente heridas. El pasado s\u00e1bado por la noche, Ure\u00f1a fue apu\u00f1alada en [&hellip;]<\/p>\n","protected":false},"author":15,"featured_media":33188,"comment_status":"open","ping_status":"open","sticky":false,"template":"","format":"standard","meta":{"footnotes":""},"categories":[1],"tags":[],"class_list":{"0":"post-33187","1":"post","2":"type-post","3":"status-publish","4":"format-standard","5":"has-post-thumbnail","7":"category-uncategorized"},"yoast_head":"<!-- This site is optimized with the Yoast SEO plugin v27.1.1 - https:\/\/yoast.com\/product\/yoast-seo-wordpress\/ -->\n<title>Intento de triple feminicidio en La Vega, madre y dos hijas luchan por sus vidas tras brutal ataque. - Conexi\u00f3n 23<\/title>\n<meta name=\"robots\" content=\"index, follow, max-snippet:-1, max-image-preview:large, max-video-preview:-1\" \/>\n<link rel=\"canonical\" href=\"http:\/\/conexion23.com\/?p=33187\" \/>\n<meta property=\"og:locale\" content=\"es_ES\" \/>\n<meta property=\"og:type\" content=\"article\" \/>\n<meta property=\"og:title\" content=\"Intento de triple feminicidio en La Vega, madre y dos hijas luchan por sus vidas tras brutal ataque. - Conexi\u00f3n 23\" \/>\n<meta property=\"og:description\" content=\"En medio de la incredulidad y el dolor, familiares y vecinos del municipio Fantino, en la provincia La Vega, enfrentan el impacto emocional del violento intento de feminicidio perpetrado contra Kaina Ure\u00f1a y sus dos hijas, de siete y diez a\u00f1os, quienes resultaron gravemente heridas. El pasado s\u00e1bado por la noche, Ure\u00f1a fue apu\u00f1alada en [&hellip;]\" \/>\n<meta property=\"og:url\" content=\"http:\/\/conexion23.com\/?p=33187\" \/>\n<meta property=\"og:site_name\" content=\"Conexi\u00f3n 23\" \/>\n<meta property=\"article:publisher\" content=\"https:\/\/www.facebook.com\/conexion23com\" \/>\n<meta property=\"article:published_time\" content=\"2024-09-30T11:13:05+00:00\" \/>\n<meta property=\"article:modified_time\" content=\"2024-09-30T11:13:07+00:00\" \/>\n<meta property=\"og:image\" content=\"http:\/\/conexion23.com\/wp-content\/uploads\/2024\/09\/Kaina.webp\" \/>\n\t<meta property=\"og:image:width\" content=\"301\" \/>\n\t<meta property=\"og:image:height\" content=\"320\" \/>\n\t<meta property=\"og:image:type\" content=\"image\/webp\" \/>\n<meta name=\"author\" content=\"Raffy Ben\u00edtez\" \/>\n<meta name=\"twitter:card\" content=\"summary_large_image\" \/>\n<meta name=\"twitter:label1\" content=\"Escrito por\" \/>\n\t<meta name=\"twitter:data1\" content=\"Raffy Ben\u00edtez\" \/>\n\t<meta name=\"twitter:label2\" content=\"Tiempo de lectura\" \/>\n\t<meta name=\"twitter:data2\" content=\"2 minutos\" \/>\n<script type=\"application\/ld+json\" class=\"yoast-schema-graph\">{\"@context\":\"https:\/\/schema.org\",\"@graph\":[{\"@type\":\"Article\",\"@id\":\"http:\/\/conexion23.com\/?p=33187#article\",\"isPartOf\":{\"@id\":\"http:\/\/conexion23.com\/?p=33187\"},\"author\":{\"name\":\"Raffy Ben\u00edtez\",\"@id\":\"https:\/\/conexion23.com\/#\/schema\/person\/03e36043331117e97a373299bbcd30a6\"},\"headline\":\"Intento de triple feminicidio en La Vega, madre y dos hijas luchan por sus vidas tras brutal ataque.\",\"datePublished\":\"2024-09-30T11:13:05+00:00\",\"dateModified\":\"2024-09-30T11:13:07+00:00\",\"mainEntityOfPage\":{\"@id\":\"http:\/\/conexion23.com\/?p=33187\"},\"wordCount\":384,\"commentCount\":0,\"publisher\":{\"@id\":\"https:\/\/conexion23.com\/#organization\"},\"image\":{\"@id\":\"http:\/\/conexion23.com\/?p=33187#primaryimage\"},\"thumbnailUrl\":\"https:\/\/conexion23.com\/wp-content\/uploads\/2024\/09\/Kaina.webp\",\"articleSection\":[\"Uncategorized\"],\"inLanguage\":\"es\",\"potentialAction\":[{\"@type\":\"CommentAction\",\"name\":\"Comment\",\"target\":[\"http:\/\/conexion23.com\/?p=33187#respond\"]}]},{\"@type\":\"WebPage\",\"@id\":\"http:\/\/conexion23.com\/?p=33187\",\"url\":\"http:\/\/conexion23.com\/?p=33187\",\"name\":\"Intento de triple feminicidio en La Vega, madre y dos hijas luchan por sus vidas tras brutal ataque. - Conexi\u00f3n 23\",\"isPartOf\":{\"@id\":\"https:\/\/conexion23.com\/#website\"},\"primaryImageOfPage\":{\"@id\":\"http:\/\/conexion23.com\/?p=33187#primaryimage\"},\"image\":{\"@id\":\"http:\/\/conexion23.com\/?p=33187#primaryimage\"},\"thumbnailUrl\":\"https:\/\/conexion23.com\/wp-content\/uploads\/2024\/09\/Kaina.webp\",\"datePublished\":\"2024-09-30T11:13:05+00:00\",\"dateModified\":\"2024-09-30T11:13:07+00:00\",\"breadcrumb\":{\"@id\":\"http:\/\/conexion23.com\/?p=33187#breadcrumb\"},\"inLanguage\":\"es\",\"potentialAction\":[{\"@type\":\"ReadAction\",\"target\":[\"http:\/\/conexion23.com\/?p=33187\"]}]},{\"@type\":\"ImageObject\",\"inLanguage\":\"es\",\"@id\":\"http:\/\/conexion23.com\/?p=33187#primaryimage\",\"url\":\"https:\/\/conexion23.com\/wp-content\/uploads\/2024\/09\/Kaina.webp\",\"contentUrl\":\"https:\/\/conexion23.com\/wp-content\/uploads\/2024\/09\/Kaina.webp\",\"width\":301,\"height\":320},{\"@type\":\"BreadcrumbList\",\"@id\":\"http:\/\/conexion23.com\/?p=33187#breadcrumb\",\"itemListElement\":[{\"@type\":\"ListItem\",\"position\":1,\"name\":\"Portada\",\"item\":\"https:\/\/conexion23.com\/\"},{\"@type\":\"ListItem\",\"position\":2,\"name\":\"Intento de triple feminicidio en La Vega, madre y dos hijas luchan por sus vidas tras brutal ataque.\"}]},{\"@type\":\"WebSite\",\"@id\":\"https:\/\/conexion23.com\/#website\",\"url\":\"https:\/\/conexion23.com\/\",\"name\":\"Conexi\u00f3n 23\",\"description\":\"Peri\u00f3dico 100% Petromacorisano\",\"publisher\":{\"@id\":\"https:\/\/conexion23.com\/#organization\"},\"potentialAction\":[{\"@type\":\"SearchAction\",\"target\":{\"@type\":\"EntryPoint\",\"urlTemplate\":\"https:\/\/conexion23.com\/?s={search_term_string}\"},\"query-input\":{\"@type\":\"PropertyValueSpecification\",\"valueRequired\":true,\"valueName\":\"search_term_string\"}}],\"inLanguage\":\"es\"},{\"@type\":\"Organization\",\"@id\":\"https:\/\/conexion23.com\/#organization\",\"name\":\"Conexion 23\",\"url\":\"https:\/\/conexion23.com\/\",\"logo\":{\"@type\":\"ImageObject\",\"inLanguage\":\"es\",\"@id\":\"https:\/\/conexion23.com\/#\/schema\/logo\/image\/\",\"url\":\"https:\/\/conexion23.com\/wp-content\/uploads\/2021\/11\/Diseno-sin-titulo-2.png\",\"contentUrl\":\"https:\/\/conexion23.com\/wp-content\/uploads\/2021\/11\/Diseno-sin-titulo-2.png\",\"width\":541,\"height\":90,\"caption\":\"Conexion 23\"},\"image\":{\"@id\":\"https:\/\/conexion23.com\/#\/schema\/logo\/image\/\"},\"sameAs\":[\"https:\/\/www.facebook.com\/conexion23com\",\"https:\/\/www.instagram.com\/conexion23com\/\",\"https:\/\/www.youtube.com\/channel\/UCYc7vxxFZMYLIHNsHHxPZ3Q\"]},{\"@type\":\"Person\",\"@id\":\"https:\/\/conexion23.com\/#\/schema\/person\/03e36043331117e97a373299bbcd30a6\",\"name\":\"Raffy Ben\u00edtez\",\"image\":{\"@type\":\"ImageObject\",\"inLanguage\":\"es\",\"@id\":\"https:\/\/conexion23.com\/#\/schema\/person\/image\/\",\"url\":\"https:\/\/secure.gravatar.com\/avatar\/3190a6a6c5e1b0327500f7d6c56b6242472ee6cb974cf09b401ee6b3b0798f23?s=96&d=mm&r=g\",\"contentUrl\":\"https:\/\/secure.gravatar.com\/avatar\/3190a6a6c5e1b0327500f7d6c56b6242472ee6cb974cf09b401ee6b3b0798f23?s=96&d=mm&r=g\",\"caption\":\"Raffy Ben\u00edtez\"},\"url\":\"https:\/\/conexion23.com\/?author=15\"}]}<\/script>\n<!-- \/ Yoast SEO plugin. -->","yoast_head_json":{"title":"Intento de triple feminicidio en La Vega, madre y dos hijas luchan por sus vidas tras brutal ataque. - Conexi\u00f3n 23","robots":{"index":"index","follow":"follow","max-snippet":"max-snippet:-1","max-image-preview":"max-image-preview:large","max-video-preview":"max-video-preview:-1"},"canonical":"http:\/\/conexion23.com\/?p=33187","og_locale":"es_ES","og_type":"article","og_title":"Intento de triple feminicidio en La Vega, madre y dos hijas luchan por sus vidas tras brutal ataque. - Conexi\u00f3n 23","og_description":"En medio de la incredulidad y el dolor, familiares y vecinos del municipio Fantino, en la provincia La Vega, enfrentan el impacto emocional del violento intento de feminicidio perpetrado contra Kaina Ure\u00f1a y sus dos hijas, de siete y diez a\u00f1os, quienes resultaron gravemente heridas. El pasado s\u00e1bado por la noche, Ure\u00f1a fue apu\u00f1alada en [&hellip;]","og_url":"http:\/\/conexion23.com\/?p=33187","og_site_name":"Conexi\u00f3n 23","article_publisher":"https:\/\/www.facebook.com\/conexion23com","article_published_time":"2024-09-30T11:13:05+00:00","article_modified_time":"2024-09-30T11:13:07+00:00","og_image":[{"width":301,"height":320,"url":"http:\/\/conexion23.com\/wp-content\/uploads\/2024\/09\/Kaina.webp","type":"image\/webp"}],"author":"Raffy Ben\u00edtez","twitter_card":"summary_large_image","twitter_misc":{"Escrito por":"Raffy Ben\u00edtez","Tiempo de lectura":"2 minutos"},"schema":{"@context":"https:\/\/schema.org","@graph":[{"@type":"Article","@id":"http:\/\/conexion23.com\/?p=33187#article","isPartOf":{"@id":"http:\/\/conexion23.com\/?p=33187"},"author":{"name":"Raffy Ben\u00edtez","@id":"https:\/\/conexion23.com\/#\/schema\/person\/03e36043331117e97a373299bbcd30a6"},"headline":"Intento de triple feminicidio en La Vega, madre y dos hijas luchan por sus vidas tras brutal ataque.","datePublished":"2024-09-30T11:13:05+00:00","dateModified":"2024-09-30T11:13:07+00:00","mainEntityOfPage":{"@id":"http:\/\/conexion23.com\/?p=33187"},"wordCount":384,"commentCount":0,"publisher":{"@id":"https:\/\/conexion23.com\/#organization"},"image":{"@id":"http:\/\/conexion23.com\/?p=33187#primaryimage"},"thumbnailUrl":"https:\/\/conexion23.com\/wp-content\/uploads\/2024\/09\/Kaina.webp","articleSection":["Uncategorized"],"inLanguage":"es","potentialAction":[{"@type":"CommentAction","name":"Comment","target":["http:\/\/conexion23.com\/?p=33187#respond"]}]},{"@type":"WebPage","@id":"http:\/\/conexion23.com\/?p=33187","url":"http:\/\/conexion23.com\/?p=33187","name":"Intento de triple feminicidio en La Vega, madre y dos hijas luchan por sus vidas tras brutal ataque. - Conexi\u00f3n 23","isPartOf":{"@id":"https:\/\/conexion23.com\/#website"},"primaryImageOfPage":{"@id":"http:\/\/conexion23.com\/?p=33187#primaryimage"},"image":{"@id":"http:\/\/conexion23.com\/?p=33187#primaryimage"},"thumbnailUrl":"https:\/\/conexion23.com\/wp-content\/uploads\/2024\/09\/Kaina.webp","datePublished":"2024-09-30T11:13:05+00:00","dateModified":"2024-09-30T11:13:07+00:00","breadcrumb":{"@id":"http:\/\/conexion23.com\/?p=33187#breadcrumb"},"inLanguage":"es","potentialAction":[{"@type":"ReadAction","target":["http:\/\/conexion23.com\/?p=33187"]}]},{"@type":"ImageObject","inLanguage":"es","@id":"http:\/\/conexion23.com\/?p=33187#primaryimage","url":"https:\/\/conexion23.com\/wp-content\/uploads\/2024\/09\/Kaina.webp","contentUrl":"https:\/\/conexion23.com\/wp-content\/uploads\/2024\/09\/Kaina.webp","width":301,"height":320},{"@type":"BreadcrumbList","@id":"http:\/\/conexion23.com\/?p=33187#breadcrumb","itemListElement":[{"@type":"ListItem","position":1,"name":"Portada","item":"https:\/\/conexion23.com\/"},{"@type":"ListItem","position":2,"name":"Intento de triple feminicidio en La Vega, madre y dos hijas luchan por sus vidas tras brutal ataque."}]},{"@type":"WebSite","@id":"https:\/\/conexion23.com\/#website","url":"https:\/\/conexion23.com\/","name":"Conexi\u00f3n 23","description":"Peri\u00f3dico 100% Petromacorisano","publisher":{"@id":"https:\/\/conexion23.com\/#organization"},"potentialAction":[{"@type":"SearchAction","target":{"@type":"EntryPoint","urlTemplate":"https:\/\/conexion23.com\/?s={search_term_string}"},"query-input":{"@type":"PropertyValueSpecification","valueRequired":true,"valueName":"search_term_string"}}],"inLanguage":"es"},{"@type":"Organization","@id":"https:\/\/conexion23.com\/#organization","name":"Conexion 23","url":"https:\/\/conexion23.com\/","logo":{"@type":"ImageObject","inLanguage":"es","@id":"https:\/\/conexion23.com\/#\/schema\/logo\/image\/","url":"https:\/\/conexion23.com\/wp-content\/uploads\/2021\/11\/Diseno-sin-titulo-2.png","contentUrl":"https:\/\/conexion23.com\/wp-content\/uploads\/2021\/11\/Diseno-sin-titulo-2.png","width":541,"height":90,"caption":"Conexion 23"},"image":{"@id":"https:\/\/conexion23.com\/#\/schema\/logo\/image\/"},"sameAs":["https:\/\/www.facebook.com\/conexion23com","https:\/\/www.instagram.com\/conexion23com\/","https:\/\/www.youtube.com\/channel\/UCYc7vxxFZMYLIHNsHHxPZ3Q"]},{"@type":"Person","@id":"https:\/\/conexion23.com\/#\/schema\/person\/03e36043331117e97a373299bbcd30a6","name":"Raffy Ben\u00edtez","image":{"@type":"ImageObject","inLanguage":"es","@id":"https:\/\/conexion23.com\/#\/schema\/person\/image\/","url":"https:\/\/secure.gravatar.com\/avatar\/3190a6a6c5e1b0327500f7d6c56b6242472ee6cb974cf09b401ee6b3b0798f23?s=96&d=mm&r=g","contentUrl":"https:\/\/secure.gravatar.com\/avatar\/3190a6a6c5e1b0327500f7d6c56b6242472ee6cb974cf09b401ee6b3b0798f23?s=96&d=mm&r=g","caption":"Raffy Ben\u00edtez"},"url":"https:\/\/conexion23.com\/?author=15"}]}},"_links":{"self":[{"href":"https:\/\/conexion23.com\/index.php?rest_route=\/wp\/v2\/posts\/33187","targetHints":{"allow":["GET"]}}],"collection":[{"href":"https:\/\/conexion23.com\/index.php?rest_route=\/wp\/v2\/posts"}],"about":[{"href":"https:\/\/conexion23.com\/index.php?rest_route=\/wp\/v2\/types\/post"}],"author":[{"embeddable":true,"href":"https:\/\/conexion23.com\/index.php?rest_route=\/wp\/v2\/users\/15"}],"replies":[{"embeddable":true,"href":"https:\/\/conexion23.com\/index.php?rest_route=%2Fwp%2Fv2%2Fcomments&post=33187"}],"version-history":[{"count":1,"href":"https:\/\/conexion23.com\/index.php?rest_route=\/wp\/v2\/posts\/33187\/revisions"}],"predecessor-version":[{"id":33189,"href":"https:\/\/conexion23.com\/index.php?rest_route=\/wp\/v2\/posts\/33187\/revisions\/33189"}],"wp:featuredmedia":[{"embeddable":true,"href":"https:\/\/conexion23.com\/index.php?rest_route=\/wp\/v2\/media\/33188"}],"wp:attachment":[{"href":"https:\/\/conexion23.com\/index.php?rest_route=%2Fwp%2Fv2%2Fmedia&parent=33187"}],"wp:term":[{"taxonomy":"category","embeddable":true,"href":"https:\/\/conexion23.com\/index.php?rest_route=%2Fwp%2Fv2%2Fcategories&post=33187"},{"taxonomy":"post_tag","embeddable":true,"href":"https:\/\/conexion23.com\/index.php?rest_route=%2Fwp%2Fv2%2Ftags&post=33187"}],"curies":[{"name":"wp","href":"https:\/\/api.w.org\/{rel}","templated":true}]}}