{"id":33199,"date":"2024-09-30T07:49:38","date_gmt":"2024-09-30T11:49:38","guid":{"rendered":"https:\/\/conexion23.com\/?p=33199"},"modified":"2024-09-30T07:49:39","modified_gmt":"2024-09-30T11:49:39","slug":"marcha-de-la-biblia-congrega-miles-de-personas-en-san-pedro-de-macoris","status":"publish","type":"post","link":"https:\/\/conexion23.com\/?p=33199","title":{"rendered":"Marcha de la Biblia congrega miles de personas en San Pedro de Macoris."},"content":{"rendered":"\n<p>Con \u00e9xito fue realizada en la tarde de ayer s\u00e1bado la acostumbrada marcha de la Biblia, d\u00f3nde miles de personas se dieron cita.<\/p>\n\n\n\n<figure class=\"wp-block-image is-resized\"><img decoding=\"async\" src=\"https:\/\/enkalienterd.com\/wp-content\/uploads\/2024\/09\/WhatsApp-Image-2024-09-29-at-4.01.58-PM-1024x576.jpeg\" alt=\"\" class=\"wp-image-720\" style=\"width:518px;height:auto\"\/><\/figure>\n\n\n\n<p>L\u00edderes cristianos y de distintas denominaciones religiosas, as\u00ed como personas que aunque no asisten a una iglesia determinada tiene f\u00e9 y respeto hacia la palabra de Dios, caminaron todo el trayecto que inicio en la esquina de la avenida Francisco Alberto Caama\u00f1o con avenida Independencia, siguiendo hasta la zona franca para luego bajar la avenida Luis Amiama T\u00edo hasta el parque Duarte. Luego de esta segunda parada siguieron la avenida General Cabral hasta interceder con la Avenida Francisco Alberto Caama\u00f1o y detenerse en el parque de la Biblia frente al estadio Tetelo Vargas. Continuaron en la misma avenida hasta llegar a la intersesion con Mauricio B\u00e1ez y subir hacia el complejo deportivo donde se realiz\u00f3 un gran concierto cristiano.<\/p>\n\n\n\n<figure class=\"wp-block-image is-resized\"><img decoding=\"async\" src=\"https:\/\/enkalienterd.com\/wp-content\/uploads\/2024\/09\/WhatsApp-Image-2024-09-29-at-4.01.58-PM-2-1024x576.jpeg\" alt=\"\" class=\"wp-image-718\" style=\"width:518px;height:auto\"\/><\/figure>\n\n\n\n<p>Entiendas de seguridad como el 911, Defensa Civil, Cruz Roja, Cuerpo de Bomberos, Digesett y la Polic\u00eda Nacional hicieron presencia para garantizar la seguridad de los presentes que iban caminando y en veh\u00edculos.<\/p>\n\n\n\n<p>Autoridades provinciales fueron vistas como la Gobernadora Yovanny Baltazar, la Senadora Aracelis Villanueva, los Diputados Alcib\u00edades Tav\u00e1rez y Luis G\u00f3mez, el Alcalde Rafa Ortiz y los Regidores Favio Silvestre y Saeddy Calca\u00f1o.<\/p>\n","protected":false},"excerpt":{"rendered":"<p>Con \u00e9xito fue realizada en la tarde de ayer s\u00e1bado la acostumbrada marcha de la Biblia, d\u00f3nde miles de personas se dieron cita. L\u00edderes cristianos y de distintas denominaciones religiosas, as\u00ed como personas que aunque no asisten a una iglesia determinada tiene f\u00e9 y respeto hacia la palabra de Dios, caminaron todo el trayecto que [&hellip;]<\/p>\n","protected":false},"author":15,"featured_media":33200,"comment_status":"open","ping_status":"open","sticky":false,"template":"","format":"standard","meta":{"footnotes":""},"categories":[35],"tags":[],"class_list":{"0":"post-33199","1":"post","2":"type-post","3":"status-publish","4":"format-standard","5":"has-post-thumbnail","7":"category-spm"},"yoast_head":"<!-- This site is optimized with the Yoast SEO plugin v27.1.1 - https:\/\/yoast.com\/product\/yoast-seo-wordpress\/ -->\n<title>Marcha de la Biblia congrega miles de personas en San Pedro de Macoris. - Conexi\u00f3n 23<\/title>\n<meta name=\"robots\" content=\"index, follow, max-snippet:-1, max-image-preview:large, max-video-preview:-1\" \/>\n<link rel=\"canonical\" href=\"http:\/\/conexion23.com\/?p=33199\" \/>\n<meta property=\"og:locale\" content=\"es_ES\" \/>\n<meta property=\"og:type\" content=\"article\" \/>\n<meta property=\"og:title\" content=\"Marcha de la Biblia congrega miles de personas en San Pedro de Macoris. - Conexi\u00f3n 23\" \/>\n<meta property=\"og:description\" content=\"Con \u00e9xito fue realizada en la tarde de ayer s\u00e1bado la acostumbrada marcha de la Biblia, d\u00f3nde miles de personas se dieron cita. L\u00edderes cristianos y de distintas denominaciones religiosas, as\u00ed como personas que aunque no asisten a una iglesia determinada tiene f\u00e9 y respeto hacia la palabra de Dios, caminaron todo el trayecto que [&hellip;]\" \/>\n<meta property=\"og:url\" content=\"http:\/\/conexion23.com\/?p=33199\" \/>\n<meta property=\"og:site_name\" content=\"Conexi\u00f3n 23\" \/>\n<meta property=\"article:publisher\" content=\"https:\/\/www.facebook.com\/conexion23com\" \/>\n<meta property=\"article:published_time\" content=\"2024-09-30T11:49:38+00:00\" \/>\n<meta property=\"article:modified_time\" content=\"2024-09-30T11:49:39+00:00\" \/>\n<meta property=\"og:image\" content=\"http:\/\/conexion23.com\/wp-content\/uploads\/2024\/09\/WhatsApp-Image-2024-09-29-at-4.01.57-PM-1536x864-1.jpeg\" \/>\n\t<meta property=\"og:image:width\" content=\"1536\" \/>\n\t<meta property=\"og:image:height\" content=\"864\" \/>\n\t<meta property=\"og:image:type\" content=\"image\/jpeg\" \/>\n<meta name=\"author\" content=\"Raffy Ben\u00edtez\" \/>\n<meta name=\"twitter:card\" content=\"summary_large_image\" \/>\n<meta name=\"twitter:label1\" content=\"Escrito por\" \/>\n\t<meta name=\"twitter:data1\" content=\"Raffy Ben\u00edtez\" \/>\n\t<meta name=\"twitter:label2\" content=\"Tiempo de lectura\" \/>\n\t<meta name=\"twitter:data2\" content=\"2 minutos\" \/>\n<script type=\"application\/ld+json\" class=\"yoast-schema-graph\">{\"@context\":\"https:\/\/schema.org\",\"@graph\":[{\"@type\":\"Article\",\"@id\":\"http:\/\/conexion23.com\/?p=33199#article\",\"isPartOf\":{\"@id\":\"http:\/\/conexion23.com\/?p=33199\"},\"author\":{\"name\":\"Raffy Ben\u00edtez\",\"@id\":\"https:\/\/conexion23.com\/#\/schema\/person\/03e36043331117e97a373299bbcd30a6\"},\"headline\":\"Marcha de la Biblia congrega miles de personas en San Pedro de Macoris.\",\"datePublished\":\"2024-09-30T11:49:38+00:00\",\"dateModified\":\"2024-09-30T11:49:39+00:00\",\"mainEntityOfPage\":{\"@id\":\"http:\/\/conexion23.com\/?p=33199\"},\"wordCount\":232,\"commentCount\":0,\"publisher\":{\"@id\":\"https:\/\/conexion23.com\/#organization\"},\"image\":{\"@id\":\"http:\/\/conexion23.com\/?p=33199#primaryimage\"},\"thumbnailUrl\":\"https:\/\/conexion23.com\/wp-content\/uploads\/2024\/09\/WhatsApp-Image-2024-09-29-at-4.01.57-PM-1536x864-1.jpeg\",\"articleSection\":[\"SPM\"],\"inLanguage\":\"es\",\"potentialAction\":[{\"@type\":\"CommentAction\",\"name\":\"Comment\",\"target\":[\"http:\/\/conexion23.com\/?p=33199#respond\"]}]},{\"@type\":\"WebPage\",\"@id\":\"http:\/\/conexion23.com\/?p=33199\",\"url\":\"http:\/\/conexion23.com\/?p=33199\",\"name\":\"Marcha de la Biblia congrega miles de personas en San Pedro de Macoris. - Conexi\u00f3n 23\",\"isPartOf\":{\"@id\":\"https:\/\/conexion23.com\/#website\"},\"primaryImageOfPage\":{\"@id\":\"http:\/\/conexion23.com\/?p=33199#primaryimage\"},\"image\":{\"@id\":\"http:\/\/conexion23.com\/?p=33199#primaryimage\"},\"thumbnailUrl\":\"https:\/\/conexion23.com\/wp-content\/uploads\/2024\/09\/WhatsApp-Image-2024-09-29-at-4.01.57-PM-1536x864-1.jpeg\",\"datePublished\":\"2024-09-30T11:49:38+00:00\",\"dateModified\":\"2024-09-30T11:49:39+00:00\",\"breadcrumb\":{\"@id\":\"http:\/\/conexion23.com\/?p=33199#breadcrumb\"},\"inLanguage\":\"es\",\"potentialAction\":[{\"@type\":\"ReadAction\",\"target\":[\"http:\/\/conexion23.com\/?p=33199\"]}]},{\"@type\":\"ImageObject\",\"inLanguage\":\"es\",\"@id\":\"http:\/\/conexion23.com\/?p=33199#primaryimage\",\"url\":\"https:\/\/conexion23.com\/wp-content\/uploads\/2024\/09\/WhatsApp-Image-2024-09-29-at-4.01.57-PM-1536x864-1.jpeg\",\"contentUrl\":\"https:\/\/conexion23.com\/wp-content\/uploads\/2024\/09\/WhatsApp-Image-2024-09-29-at-4.01.57-PM-1536x864-1.jpeg\",\"width\":1536,\"height\":864},{\"@type\":\"BreadcrumbList\",\"@id\":\"http:\/\/conexion23.com\/?p=33199#breadcrumb\",\"itemListElement\":[{\"@type\":\"ListItem\",\"position\":1,\"name\":\"Portada\",\"item\":\"https:\/\/conexion23.com\/\"},{\"@type\":\"ListItem\",\"position\":2,\"name\":\"Marcha de la Biblia congrega miles de personas en San Pedro de Macoris.\"}]},{\"@type\":\"WebSite\",\"@id\":\"https:\/\/conexion23.com\/#website\",\"url\":\"https:\/\/conexion23.com\/\",\"name\":\"Conexi\u00f3n 23\",\"description\":\"Peri\u00f3dico 100% Petromacorisano\",\"publisher\":{\"@id\":\"https:\/\/conexion23.com\/#organization\"},\"potentialAction\":[{\"@type\":\"SearchAction\",\"target\":{\"@type\":\"EntryPoint\",\"urlTemplate\":\"https:\/\/conexion23.com\/?s={search_term_string}\"},\"query-input\":{\"@type\":\"PropertyValueSpecification\",\"valueRequired\":true,\"valueName\":\"search_term_string\"}}],\"inLanguage\":\"es\"},{\"@type\":\"Organization\",\"@id\":\"https:\/\/conexion23.com\/#organization\",\"name\":\"Conexion 23\",\"url\":\"https:\/\/conexion23.com\/\",\"logo\":{\"@type\":\"ImageObject\",\"inLanguage\":\"es\",\"@id\":\"https:\/\/conexion23.com\/#\/schema\/logo\/image\/\",\"url\":\"https:\/\/conexion23.com\/wp-content\/uploads\/2021\/11\/Diseno-sin-titulo-2.png\",\"contentUrl\":\"https:\/\/conexion23.com\/wp-content\/uploads\/2021\/11\/Diseno-sin-titulo-2.png\",\"width\":541,\"height\":90,\"caption\":\"Conexion 23\"},\"image\":{\"@id\":\"https:\/\/conexion23.com\/#\/schema\/logo\/image\/\"},\"sameAs\":[\"https:\/\/www.facebook.com\/conexion23com\",\"https:\/\/www.instagram.com\/conexion23com\/\",\"https:\/\/www.youtube.com\/channel\/UCYc7vxxFZMYLIHNsHHxPZ3Q\"]},{\"@type\":\"Person\",\"@id\":\"https:\/\/conexion23.com\/#\/schema\/person\/03e36043331117e97a373299bbcd30a6\",\"name\":\"Raffy Ben\u00edtez\",\"image\":{\"@type\":\"ImageObject\",\"inLanguage\":\"es\",\"@id\":\"https:\/\/conexion23.com\/#\/schema\/person\/image\/\",\"url\":\"https:\/\/secure.gravatar.com\/avatar\/3190a6a6c5e1b0327500f7d6c56b6242472ee6cb974cf09b401ee6b3b0798f23?s=96&d=mm&r=g\",\"contentUrl\":\"https:\/\/secure.gravatar.com\/avatar\/3190a6a6c5e1b0327500f7d6c56b6242472ee6cb974cf09b401ee6b3b0798f23?s=96&d=mm&r=g\",\"caption\":\"Raffy Ben\u00edtez\"},\"url\":\"https:\/\/conexion23.com\/?author=15\"}]}<\/script>\n<!-- \/ Yoast SEO plugin. -->","yoast_head_json":{"title":"Marcha de la Biblia congrega miles de personas en San Pedro de Macoris. - Conexi\u00f3n 23","robots":{"index":"index","follow":"follow","max-snippet":"max-snippet:-1","max-image-preview":"max-image-preview:large","max-video-preview":"max-video-preview:-1"},"canonical":"http:\/\/conexion23.com\/?p=33199","og_locale":"es_ES","og_type":"article","og_title":"Marcha de la Biblia congrega miles de personas en San Pedro de Macoris. - Conexi\u00f3n 23","og_description":"Con \u00e9xito fue realizada en la tarde de ayer s\u00e1bado la acostumbrada marcha de la Biblia, d\u00f3nde miles de personas se dieron cita. L\u00edderes cristianos y de distintas denominaciones religiosas, as\u00ed como personas que aunque no asisten a una iglesia determinada tiene f\u00e9 y respeto hacia la palabra de Dios, caminaron todo el trayecto que [&hellip;]","og_url":"http:\/\/conexion23.com\/?p=33199","og_site_name":"Conexi\u00f3n 23","article_publisher":"https:\/\/www.facebook.com\/conexion23com","article_published_time":"2024-09-30T11:49:38+00:00","article_modified_time":"2024-09-30T11:49:39+00:00","og_image":[{"width":1536,"height":864,"url":"http:\/\/conexion23.com\/wp-content\/uploads\/2024\/09\/WhatsApp-Image-2024-09-29-at-4.01.57-PM-1536x864-1.jpeg","type":"image\/jpeg"}],"author":"Raffy Ben\u00edtez","twitter_card":"summary_large_image","twitter_misc":{"Escrito por":"Raffy Ben\u00edtez","Tiempo de lectura":"2 minutos"},"schema":{"@context":"https:\/\/schema.org","@graph":[{"@type":"Article","@id":"http:\/\/conexion23.com\/?p=33199#article","isPartOf":{"@id":"http:\/\/conexion23.com\/?p=33199"},"author":{"name":"Raffy Ben\u00edtez","@id":"https:\/\/conexion23.com\/#\/schema\/person\/03e36043331117e97a373299bbcd30a6"},"headline":"Marcha de la Biblia congrega miles de personas en San Pedro de Macoris.","datePublished":"2024-09-30T11:49:38+00:00","dateModified":"2024-09-30T11:49:39+00:00","mainEntityOfPage":{"@id":"http:\/\/conexion23.com\/?p=33199"},"wordCount":232,"commentCount":0,"publisher":{"@id":"https:\/\/conexion23.com\/#organization"},"image":{"@id":"http:\/\/conexion23.com\/?p=33199#primaryimage"},"thumbnailUrl":"https:\/\/conexion23.com\/wp-content\/uploads\/2024\/09\/WhatsApp-Image-2024-09-29-at-4.01.57-PM-1536x864-1.jpeg","articleSection":["SPM"],"inLanguage":"es","potentialAction":[{"@type":"CommentAction","name":"Comment","target":["http:\/\/conexion23.com\/?p=33199#respond"]}]},{"@type":"WebPage","@id":"http:\/\/conexion23.com\/?p=33199","url":"http:\/\/conexion23.com\/?p=33199","name":"Marcha de la Biblia congrega miles de personas en San Pedro de Macoris. - Conexi\u00f3n 23","isPartOf":{"@id":"https:\/\/conexion23.com\/#website"},"primaryImageOfPage":{"@id":"http:\/\/conexion23.com\/?p=33199#primaryimage"},"image":{"@id":"http:\/\/conexion23.com\/?p=33199#primaryimage"},"thumbnailUrl":"https:\/\/conexion23.com\/wp-content\/uploads\/2024\/09\/WhatsApp-Image-2024-09-29-at-4.01.57-PM-1536x864-1.jpeg","datePublished":"2024-09-30T11:49:38+00:00","dateModified":"2024-09-30T11:49:39+00:00","breadcrumb":{"@id":"http:\/\/conexion23.com\/?p=33199#breadcrumb"},"inLanguage":"es","potentialAction":[{"@type":"ReadAction","target":["http:\/\/conexion23.com\/?p=33199"]}]},{"@type":"ImageObject","inLanguage":"es","@id":"http:\/\/conexion23.com\/?p=33199#primaryimage","url":"https:\/\/conexion23.com\/wp-content\/uploads\/2024\/09\/WhatsApp-Image-2024-09-29-at-4.01.57-PM-1536x864-1.jpeg","contentUrl":"https:\/\/conexion23.com\/wp-content\/uploads\/2024\/09\/WhatsApp-Image-2024-09-29-at-4.01.57-PM-1536x864-1.jpeg","width":1536,"height":864},{"@type":"BreadcrumbList","@id":"http:\/\/conexion23.com\/?p=33199#breadcrumb","itemListElement":[{"@type":"ListItem","position":1,"name":"Portada","item":"https:\/\/conexion23.com\/"},{"@type":"ListItem","position":2,"name":"Marcha de la Biblia congrega miles de personas en San Pedro de Macoris."}]},{"@type":"WebSite","@id":"https:\/\/conexion23.com\/#website","url":"https:\/\/conexion23.com\/","name":"Conexi\u00f3n 23","description":"Peri\u00f3dico 100% Petromacorisano","publisher":{"@id":"https:\/\/conexion23.com\/#organization"},"potentialAction":[{"@type":"SearchAction","target":{"@type":"EntryPoint","urlTemplate":"https:\/\/conexion23.com\/?s={search_term_string}"},"query-input":{"@type":"PropertyValueSpecification","valueRequired":true,"valueName":"search_term_string"}}],"inLanguage":"es"},{"@type":"Organization","@id":"https:\/\/conexion23.com\/#organization","name":"Conexion 23","url":"https:\/\/conexion23.com\/","logo":{"@type":"ImageObject","inLanguage":"es","@id":"https:\/\/conexion23.com\/#\/schema\/logo\/image\/","url":"https:\/\/conexion23.com\/wp-content\/uploads\/2021\/11\/Diseno-sin-titulo-2.png","contentUrl":"https:\/\/conexion23.com\/wp-content\/uploads\/2021\/11\/Diseno-sin-titulo-2.png","width":541,"height":90,"caption":"Conexion 23"},"image":{"@id":"https:\/\/conexion23.com\/#\/schema\/logo\/image\/"},"sameAs":["https:\/\/www.facebook.com\/conexion23com","https:\/\/www.instagram.com\/conexion23com\/","https:\/\/www.youtube.com\/channel\/UCYc7vxxFZMYLIHNsHHxPZ3Q"]},{"@type":"Person","@id":"https:\/\/conexion23.com\/#\/schema\/person\/03e36043331117e97a373299bbcd30a6","name":"Raffy Ben\u00edtez","image":{"@type":"ImageObject","inLanguage":"es","@id":"https:\/\/conexion23.com\/#\/schema\/person\/image\/","url":"https:\/\/secure.gravatar.com\/avatar\/3190a6a6c5e1b0327500f7d6c56b6242472ee6cb974cf09b401ee6b3b0798f23?s=96&d=mm&r=g","contentUrl":"https:\/\/secure.gravatar.com\/avatar\/3190a6a6c5e1b0327500f7d6c56b6242472ee6cb974cf09b401ee6b3b0798f23?s=96&d=mm&r=g","caption":"Raffy Ben\u00edtez"},"url":"https:\/\/conexion23.com\/?author=15"}]}},"_links":{"self":[{"href":"https:\/\/conexion23.com\/index.php?rest_route=\/wp\/v2\/posts\/33199","targetHints":{"allow":["GET"]}}],"collection":[{"href":"https:\/\/conexion23.com\/index.php?rest_route=\/wp\/v2\/posts"}],"about":[{"href":"https:\/\/conexion23.com\/index.php?rest_route=\/wp\/v2\/types\/post"}],"author":[{"embeddable":true,"href":"https:\/\/conexion23.com\/index.php?rest_route=\/wp\/v2\/users\/15"}],"replies":[{"embeddable":true,"href":"https:\/\/conexion23.com\/index.php?rest_route=%2Fwp%2Fv2%2Fcomments&post=33199"}],"version-history":[{"count":1,"href":"https:\/\/conexion23.com\/index.php?rest_route=\/wp\/v2\/posts\/33199\/revisions"}],"predecessor-version":[{"id":33201,"href":"https:\/\/conexion23.com\/index.php?rest_route=\/wp\/v2\/posts\/33199\/revisions\/33201"}],"wp:featuredmedia":[{"embeddable":true,"href":"https:\/\/conexion23.com\/index.php?rest_route=\/wp\/v2\/media\/33200"}],"wp:attachment":[{"href":"https:\/\/conexion23.com\/index.php?rest_route=%2Fwp%2Fv2%2Fmedia&parent=33199"}],"wp:term":[{"taxonomy":"category","embeddable":true,"href":"https:\/\/conexion23.com\/index.php?rest_route=%2Fwp%2Fv2%2Fcategories&post=33199"},{"taxonomy":"post_tag","embeddable":true,"href":"https:\/\/conexion23.com\/index.php?rest_route=%2Fwp%2Fv2%2Ftags&post=33199"}],"curies":[{"name":"wp","href":"https:\/\/api.w.org\/{rel}","templated":true}]}}