{"id":33235,"date":"2024-10-01T07:51:30","date_gmt":"2024-10-01T11:51:30","guid":{"rendered":"https:\/\/conexion23.com\/?p=33235"},"modified":"2024-10-01T07:51:32","modified_gmt":"2024-10-01T11:51:32","slug":"el-hambre-aguda-ya-afecta-a-una-de-cada-dos-personas-en-haiti","status":"publish","type":"post","link":"https:\/\/conexion23.com\/?p=33235","title":{"rendered":"El hambre aguda ya afecta a una de cada dos personas en Hait\u00ed."},"content":{"rendered":"\n<p>El<strong>&nbsp;hambre aguda&nbsp;<\/strong>ya afecta en<strong>&nbsp;Hait\u00ed&nbsp;<\/strong>a una de cada dos personas, lo que representan un m\u00e1ximo hist\u00f3rico, alert\u00f3 este lunes el&nbsp;<strong>Programa Mundial de Alimentos (PMA<\/strong>), que afirm\u00f3 que se trata de \u00ab<strong>la peor emergencia de hambre en el hemisferio occidenta<\/strong>l\u00bb.<\/p>\n\n\n\n<p>En un comunicado, el PMA indic\u00f3 que, seg\u00fan el \u00faltimo an\u00e1lisis de la Clasificaci\u00f3n Integrada de la Seguridad Alimentaria en Fases (CIF), 5.4 millones de haitianos luchan por alimentarse cada d\u00eda, \u00ablo que representa una de las proporciones m\u00e1s altas de personas en situaci\u00f3n de inseguridad alimentaria aguda en cualquier crisis mundial\u00bb.<\/p>\n\n\n\n<p>De ellas, 2 millones se encuentran en niveles de emergencia de hambre (fase 4 de la CIF) y unos 3,4 millones en situaci\u00f3n de crisis (fase 3).<\/p>\n\n\n\n<p>De acuerdo con el \u00faltimo informe de la CIF, que corresponde a agosto de 2024-febrero 2025, en niveles catastr\u00f3ficos de inseguridad alimentaria (fase 5) est\u00e1n al menos 6,000 desplazados que viven en refugios temporales en Puerto Pr\u00edncipe. En Hait\u00ed, unas 700,000 personas (m\u00e1s de la mitad ni\u00f1os) han tenido que abandonar sus hogares por la violencia.<\/p>\n\n\n\n<p>\u00abNo demos la espalda a la peor emergencia de hambre en el hemisferio occidental. El PMA hace un llamado urgente para que se brinde un apoyo amplio a fin de aumentar masivamente la asistencia para las familias que luchan cada d\u00eda contra una escasez extrema de alimentos, una desnutrici\u00f3n en aumento y enfermedades mortales. No puede haber seguridad ni estabilidad en Hait\u00ed cuando millones de personas se enfrentan a la hambruna\u00bb, asegur\u00f3 la directora ejecutiva de esa agencia de Naciones Unidas, Cindy McCain.<\/p>\n\n\n\n<p>El PMA se\u00f1al\u00f3 que las agencias y ONG en Hait\u00ed necesitan 230 millones de d\u00f3lares para implementar programas hasta fin de a\u00f1o y resalt\u00f3 que, con recursos adicionales, esta organizaci\u00f3n est\u00e1 preparada para ampliar la asistencia alimentaria de emergencia, pese a las dificultades para entrar en las comunidades bajo control de las bandas armadas, que tienen bajo su poder el 80 % de Puerto Pr\u00edncipe.<\/p>\n\n\n\n<h3 class=\"wp-block-heading\">Mayor contribuci\u00f3n internacional<\/h3>\n\n\n\n<p>Tambi\u00e9n las ONG pidieron una mayor contribuci\u00f3n de la comunidad internacional.<\/p>\n\n\n\n<p>Plan International subray\u00f3 la necesidad de actuar urgentemente en esta naci\u00f3n caribe\u00f1a, donde se experimenta \u00abel nivel m\u00e1s grave de inseguridad alimentaria\u00bb y donde \u00abla situaci\u00f3n podr\u00eda tener consecuencias a\u00fan m\u00e1s severas (&#8230;), m\u00e1s vidas se perder\u00e1n tr\u00e1gicamente (&#8230;) Esta crisis era completamente evitable, y a\u00fan hay tiempo de salvar vidas si la comunidad internacional act\u00faa ahora\u00bb.<\/p>\n\n\n\n<p>Seg\u00fan esta organizaci\u00f3n, en Hait\u00ed en promedio las personas solo comen una vez al d\u00eda, hay \u00abtasas alarmantes de desnutrici\u00f3n aguda para la primera infancia\u00bb y los menores de 6 meses a 5 a\u00f1os, las mujeres embarazadas y lactantes corren un grave riesgo de desnutrici\u00f3n debido a la falta de recursos para una alimentaci\u00f3n correcta.<\/p>\n\n\n\n<p>\u00abEn tiempos de crisis alimentaria -alert\u00f3- la ni\u00f1ez, y en especial las ni\u00f1as, soportan la mayor carga (&#8230;) Las ni\u00f1as suelen sufrir las consecuencias m\u00e1s duras, ya que comen menos y en \u00faltimo lugar dentro de sus hogares. Esta situaci\u00f3n de vulnerabilidad las expone a un mayor riesgo de que las saquen de la escuela y las obliguen a contraer matrimonio\u00bb.<\/p>\n\n\n\n<p>En la misma l\u00ednea, Acci\u00f3n contra el Hambre advirti\u00f3: \u00abel pueblo de Hait\u00ed necesita mucho m\u00e1s apoyo del que recibe. La falta cr\u00f3nica de inversi\u00f3n, combinada con los conflictos y las crisis clim\u00e1ticas, ha llevado a la peor crisis de hambre que hemos visto en Hait\u00ed desde que comenzamos a trabajar aqu\u00ed en 1985. Estamos dejando que este pa\u00eds se ahogue ahora mismo. Tenemos que dar un paso al frente\u00bb.&nbsp;<\/p>\n","protected":false},"excerpt":{"rendered":"<p>El&nbsp;hambre aguda&nbsp;ya afecta en&nbsp;Hait\u00ed&nbsp;a una de cada dos personas, lo que representan un m\u00e1ximo hist\u00f3rico, alert\u00f3 este lunes el&nbsp;Programa Mundial de Alimentos (PMA), que afirm\u00f3 que se trata de \u00abla peor emergencia de hambre en el hemisferio occidental\u00bb. En un comunicado, el PMA indic\u00f3 que, seg\u00fan el \u00faltimo an\u00e1lisis de la Clasificaci\u00f3n Integrada de la [&hellip;]<\/p>\n","protected":false},"author":15,"featured_media":33236,"comment_status":"open","ping_status":"open","sticky":false,"template":"","format":"standard","meta":{"footnotes":""},"categories":[1],"tags":[],"class_list":{"0":"post-33235","1":"post","2":"type-post","3":"status-publish","4":"format-standard","5":"has-post-thumbnail","7":"category-uncategorized"},"yoast_head":"<!-- This site is optimized with the Yoast SEO plugin v27.1.1 - https:\/\/yoast.com\/product\/yoast-seo-wordpress\/ -->\n<title>El hambre aguda ya afecta a una de cada dos personas en Hait\u00ed. - Conexi\u00f3n 23<\/title>\n<meta name=\"robots\" content=\"index, follow, max-snippet:-1, max-image-preview:large, max-video-preview:-1\" \/>\n<link rel=\"canonical\" href=\"http:\/\/conexion23.com\/?p=33235\" \/>\n<meta property=\"og:locale\" content=\"es_ES\" \/>\n<meta property=\"og:type\" content=\"article\" \/>\n<meta property=\"og:title\" content=\"El hambre aguda ya afecta a una de cada dos personas en Hait\u00ed. - Conexi\u00f3n 23\" \/>\n<meta property=\"og:description\" content=\"El&nbsp;hambre aguda&nbsp;ya afecta en&nbsp;Hait\u00ed&nbsp;a una de cada dos personas, lo que representan un m\u00e1ximo hist\u00f3rico, alert\u00f3 este lunes el&nbsp;Programa Mundial de Alimentos (PMA), que afirm\u00f3 que se trata de \u00abla peor emergencia de hambre en el hemisferio occidental\u00bb. En un comunicado, el PMA indic\u00f3 que, seg\u00fan el \u00faltimo an\u00e1lisis de la Clasificaci\u00f3n Integrada de la [&hellip;]\" \/>\n<meta property=\"og:url\" content=\"http:\/\/conexion23.com\/?p=33235\" \/>\n<meta property=\"og:site_name\" content=\"Conexi\u00f3n 23\" \/>\n<meta property=\"article:publisher\" content=\"https:\/\/www.facebook.com\/conexion23com\" \/>\n<meta property=\"article:published_time\" content=\"2024-10-01T11:51:30+00:00\" \/>\n<meta property=\"article:modified_time\" content=\"2024-10-01T11:51:32+00:00\" \/>\n<meta property=\"og:image\" content=\"http:\/\/conexion23.com\/wp-content\/uploads\/2024\/10\/669543f81175f.jpeg\" \/>\n\t<meta property=\"og:image:width\" content=\"800\" \/>\n\t<meta property=\"og:image:height\" content=\"533\" \/>\n\t<meta property=\"og:image:type\" content=\"image\/jpeg\" \/>\n<meta name=\"author\" content=\"Raffy Ben\u00edtez\" \/>\n<meta name=\"twitter:card\" content=\"summary_large_image\" \/>\n<meta name=\"twitter:label1\" content=\"Escrito por\" \/>\n\t<meta name=\"twitter:data1\" content=\"Raffy Ben\u00edtez\" \/>\n\t<meta name=\"twitter:label2\" content=\"Tiempo de lectura\" \/>\n\t<meta name=\"twitter:data2\" content=\"3 minutos\" \/>\n<script type=\"application\/ld+json\" class=\"yoast-schema-graph\">{\"@context\":\"https:\/\/schema.org\",\"@graph\":[{\"@type\":\"Article\",\"@id\":\"http:\/\/conexion23.com\/?p=33235#article\",\"isPartOf\":{\"@id\":\"http:\/\/conexion23.com\/?p=33235\"},\"author\":{\"name\":\"Raffy Ben\u00edtez\",\"@id\":\"https:\/\/conexion23.com\/#\/schema\/person\/03e36043331117e97a373299bbcd30a6\"},\"headline\":\"El hambre aguda ya afecta a una de cada dos personas en Hait\u00ed.\",\"datePublished\":\"2024-10-01T11:51:30+00:00\",\"dateModified\":\"2024-10-01T11:51:32+00:00\",\"mainEntityOfPage\":{\"@id\":\"http:\/\/conexion23.com\/?p=33235\"},\"wordCount\":640,\"commentCount\":0,\"publisher\":{\"@id\":\"https:\/\/conexion23.com\/#organization\"},\"image\":{\"@id\":\"http:\/\/conexion23.com\/?p=33235#primaryimage\"},\"thumbnailUrl\":\"https:\/\/conexion23.com\/wp-content\/uploads\/2024\/10\/669543f81175f.jpeg\",\"articleSection\":[\"Uncategorized\"],\"inLanguage\":\"es\",\"potentialAction\":[{\"@type\":\"CommentAction\",\"name\":\"Comment\",\"target\":[\"http:\/\/conexion23.com\/?p=33235#respond\"]}]},{\"@type\":\"WebPage\",\"@id\":\"http:\/\/conexion23.com\/?p=33235\",\"url\":\"http:\/\/conexion23.com\/?p=33235\",\"name\":\"El hambre aguda ya afecta a una de cada dos personas en Hait\u00ed. - Conexi\u00f3n 23\",\"isPartOf\":{\"@id\":\"https:\/\/conexion23.com\/#website\"},\"primaryImageOfPage\":{\"@id\":\"http:\/\/conexion23.com\/?p=33235#primaryimage\"},\"image\":{\"@id\":\"http:\/\/conexion23.com\/?p=33235#primaryimage\"},\"thumbnailUrl\":\"https:\/\/conexion23.com\/wp-content\/uploads\/2024\/10\/669543f81175f.jpeg\",\"datePublished\":\"2024-10-01T11:51:30+00:00\",\"dateModified\":\"2024-10-01T11:51:32+00:00\",\"breadcrumb\":{\"@id\":\"http:\/\/conexion23.com\/?p=33235#breadcrumb\"},\"inLanguage\":\"es\",\"potentialAction\":[{\"@type\":\"ReadAction\",\"target\":[\"http:\/\/conexion23.com\/?p=33235\"]}]},{\"@type\":\"ImageObject\",\"inLanguage\":\"es\",\"@id\":\"http:\/\/conexion23.com\/?p=33235#primaryimage\",\"url\":\"https:\/\/conexion23.com\/wp-content\/uploads\/2024\/10\/669543f81175f.jpeg\",\"contentUrl\":\"https:\/\/conexion23.com\/wp-content\/uploads\/2024\/10\/669543f81175f.jpeg\",\"width\":800,\"height\":533},{\"@type\":\"BreadcrumbList\",\"@id\":\"http:\/\/conexion23.com\/?p=33235#breadcrumb\",\"itemListElement\":[{\"@type\":\"ListItem\",\"position\":1,\"name\":\"Portada\",\"item\":\"https:\/\/conexion23.com\/\"},{\"@type\":\"ListItem\",\"position\":2,\"name\":\"El hambre aguda ya afecta a una de cada dos personas en Hait\u00ed.\"}]},{\"@type\":\"WebSite\",\"@id\":\"https:\/\/conexion23.com\/#website\",\"url\":\"https:\/\/conexion23.com\/\",\"name\":\"Conexi\u00f3n 23\",\"description\":\"Peri\u00f3dico 100% Petromacorisano\",\"publisher\":{\"@id\":\"https:\/\/conexion23.com\/#organization\"},\"potentialAction\":[{\"@type\":\"SearchAction\",\"target\":{\"@type\":\"EntryPoint\",\"urlTemplate\":\"https:\/\/conexion23.com\/?s={search_term_string}\"},\"query-input\":{\"@type\":\"PropertyValueSpecification\",\"valueRequired\":true,\"valueName\":\"search_term_string\"}}],\"inLanguage\":\"es\"},{\"@type\":\"Organization\",\"@id\":\"https:\/\/conexion23.com\/#organization\",\"name\":\"Conexion 23\",\"url\":\"https:\/\/conexion23.com\/\",\"logo\":{\"@type\":\"ImageObject\",\"inLanguage\":\"es\",\"@id\":\"https:\/\/conexion23.com\/#\/schema\/logo\/image\/\",\"url\":\"https:\/\/conexion23.com\/wp-content\/uploads\/2021\/11\/Diseno-sin-titulo-2.png\",\"contentUrl\":\"https:\/\/conexion23.com\/wp-content\/uploads\/2021\/11\/Diseno-sin-titulo-2.png\",\"width\":541,\"height\":90,\"caption\":\"Conexion 23\"},\"image\":{\"@id\":\"https:\/\/conexion23.com\/#\/schema\/logo\/image\/\"},\"sameAs\":[\"https:\/\/www.facebook.com\/conexion23com\",\"https:\/\/www.instagram.com\/conexion23com\/\",\"https:\/\/www.youtube.com\/channel\/UCYc7vxxFZMYLIHNsHHxPZ3Q\"]},{\"@type\":\"Person\",\"@id\":\"https:\/\/conexion23.com\/#\/schema\/person\/03e36043331117e97a373299bbcd30a6\",\"name\":\"Raffy Ben\u00edtez\",\"image\":{\"@type\":\"ImageObject\",\"inLanguage\":\"es\",\"@id\":\"https:\/\/conexion23.com\/#\/schema\/person\/image\/\",\"url\":\"https:\/\/secure.gravatar.com\/avatar\/3190a6a6c5e1b0327500f7d6c56b6242472ee6cb974cf09b401ee6b3b0798f23?s=96&d=mm&r=g\",\"contentUrl\":\"https:\/\/secure.gravatar.com\/avatar\/3190a6a6c5e1b0327500f7d6c56b6242472ee6cb974cf09b401ee6b3b0798f23?s=96&d=mm&r=g\",\"caption\":\"Raffy Ben\u00edtez\"},\"url\":\"https:\/\/conexion23.com\/?author=15\"}]}<\/script>\n<!-- \/ Yoast SEO plugin. -->","yoast_head_json":{"title":"El hambre aguda ya afecta a una de cada dos personas en Hait\u00ed. - Conexi\u00f3n 23","robots":{"index":"index","follow":"follow","max-snippet":"max-snippet:-1","max-image-preview":"max-image-preview:large","max-video-preview":"max-video-preview:-1"},"canonical":"http:\/\/conexion23.com\/?p=33235","og_locale":"es_ES","og_type":"article","og_title":"El hambre aguda ya afecta a una de cada dos personas en Hait\u00ed. - Conexi\u00f3n 23","og_description":"El&nbsp;hambre aguda&nbsp;ya afecta en&nbsp;Hait\u00ed&nbsp;a una de cada dos personas, lo que representan un m\u00e1ximo hist\u00f3rico, alert\u00f3 este lunes el&nbsp;Programa Mundial de Alimentos (PMA), que afirm\u00f3 que se trata de \u00abla peor emergencia de hambre en el hemisferio occidental\u00bb. En un comunicado, el PMA indic\u00f3 que, seg\u00fan el \u00faltimo an\u00e1lisis de la Clasificaci\u00f3n Integrada de la [&hellip;]","og_url":"http:\/\/conexion23.com\/?p=33235","og_site_name":"Conexi\u00f3n 23","article_publisher":"https:\/\/www.facebook.com\/conexion23com","article_published_time":"2024-10-01T11:51:30+00:00","article_modified_time":"2024-10-01T11:51:32+00:00","og_image":[{"width":800,"height":533,"url":"http:\/\/conexion23.com\/wp-content\/uploads\/2024\/10\/669543f81175f.jpeg","type":"image\/jpeg"}],"author":"Raffy Ben\u00edtez","twitter_card":"summary_large_image","twitter_misc":{"Escrito por":"Raffy Ben\u00edtez","Tiempo de lectura":"3 minutos"},"schema":{"@context":"https:\/\/schema.org","@graph":[{"@type":"Article","@id":"http:\/\/conexion23.com\/?p=33235#article","isPartOf":{"@id":"http:\/\/conexion23.com\/?p=33235"},"author":{"name":"Raffy Ben\u00edtez","@id":"https:\/\/conexion23.com\/#\/schema\/person\/03e36043331117e97a373299bbcd30a6"},"headline":"El hambre aguda ya afecta a una de cada dos personas en Hait\u00ed.","datePublished":"2024-10-01T11:51:30+00:00","dateModified":"2024-10-01T11:51:32+00:00","mainEntityOfPage":{"@id":"http:\/\/conexion23.com\/?p=33235"},"wordCount":640,"commentCount":0,"publisher":{"@id":"https:\/\/conexion23.com\/#organization"},"image":{"@id":"http:\/\/conexion23.com\/?p=33235#primaryimage"},"thumbnailUrl":"https:\/\/conexion23.com\/wp-content\/uploads\/2024\/10\/669543f81175f.jpeg","articleSection":["Uncategorized"],"inLanguage":"es","potentialAction":[{"@type":"CommentAction","name":"Comment","target":["http:\/\/conexion23.com\/?p=33235#respond"]}]},{"@type":"WebPage","@id":"http:\/\/conexion23.com\/?p=33235","url":"http:\/\/conexion23.com\/?p=33235","name":"El hambre aguda ya afecta a una de cada dos personas en Hait\u00ed. - Conexi\u00f3n 23","isPartOf":{"@id":"https:\/\/conexion23.com\/#website"},"primaryImageOfPage":{"@id":"http:\/\/conexion23.com\/?p=33235#primaryimage"},"image":{"@id":"http:\/\/conexion23.com\/?p=33235#primaryimage"},"thumbnailUrl":"https:\/\/conexion23.com\/wp-content\/uploads\/2024\/10\/669543f81175f.jpeg","datePublished":"2024-10-01T11:51:30+00:00","dateModified":"2024-10-01T11:51:32+00:00","breadcrumb":{"@id":"http:\/\/conexion23.com\/?p=33235#breadcrumb"},"inLanguage":"es","potentialAction":[{"@type":"ReadAction","target":["http:\/\/conexion23.com\/?p=33235"]}]},{"@type":"ImageObject","inLanguage":"es","@id":"http:\/\/conexion23.com\/?p=33235#primaryimage","url":"https:\/\/conexion23.com\/wp-content\/uploads\/2024\/10\/669543f81175f.jpeg","contentUrl":"https:\/\/conexion23.com\/wp-content\/uploads\/2024\/10\/669543f81175f.jpeg","width":800,"height":533},{"@type":"BreadcrumbList","@id":"http:\/\/conexion23.com\/?p=33235#breadcrumb","itemListElement":[{"@type":"ListItem","position":1,"name":"Portada","item":"https:\/\/conexion23.com\/"},{"@type":"ListItem","position":2,"name":"El hambre aguda ya afecta a una de cada dos personas en Hait\u00ed."}]},{"@type":"WebSite","@id":"https:\/\/conexion23.com\/#website","url":"https:\/\/conexion23.com\/","name":"Conexi\u00f3n 23","description":"Peri\u00f3dico 100% Petromacorisano","publisher":{"@id":"https:\/\/conexion23.com\/#organization"},"potentialAction":[{"@type":"SearchAction","target":{"@type":"EntryPoint","urlTemplate":"https:\/\/conexion23.com\/?s={search_term_string}"},"query-input":{"@type":"PropertyValueSpecification","valueRequired":true,"valueName":"search_term_string"}}],"inLanguage":"es"},{"@type":"Organization","@id":"https:\/\/conexion23.com\/#organization","name":"Conexion 23","url":"https:\/\/conexion23.com\/","logo":{"@type":"ImageObject","inLanguage":"es","@id":"https:\/\/conexion23.com\/#\/schema\/logo\/image\/","url":"https:\/\/conexion23.com\/wp-content\/uploads\/2021\/11\/Diseno-sin-titulo-2.png","contentUrl":"https:\/\/conexion23.com\/wp-content\/uploads\/2021\/11\/Diseno-sin-titulo-2.png","width":541,"height":90,"caption":"Conexion 23"},"image":{"@id":"https:\/\/conexion23.com\/#\/schema\/logo\/image\/"},"sameAs":["https:\/\/www.facebook.com\/conexion23com","https:\/\/www.instagram.com\/conexion23com\/","https:\/\/www.youtube.com\/channel\/UCYc7vxxFZMYLIHNsHHxPZ3Q"]},{"@type":"Person","@id":"https:\/\/conexion23.com\/#\/schema\/person\/03e36043331117e97a373299bbcd30a6","name":"Raffy Ben\u00edtez","image":{"@type":"ImageObject","inLanguage":"es","@id":"https:\/\/conexion23.com\/#\/schema\/person\/image\/","url":"https:\/\/secure.gravatar.com\/avatar\/3190a6a6c5e1b0327500f7d6c56b6242472ee6cb974cf09b401ee6b3b0798f23?s=96&d=mm&r=g","contentUrl":"https:\/\/secure.gravatar.com\/avatar\/3190a6a6c5e1b0327500f7d6c56b6242472ee6cb974cf09b401ee6b3b0798f23?s=96&d=mm&r=g","caption":"Raffy Ben\u00edtez"},"url":"https:\/\/conexion23.com\/?author=15"}]}},"_links":{"self":[{"href":"https:\/\/conexion23.com\/index.php?rest_route=\/wp\/v2\/posts\/33235","targetHints":{"allow":["GET"]}}],"collection":[{"href":"https:\/\/conexion23.com\/index.php?rest_route=\/wp\/v2\/posts"}],"about":[{"href":"https:\/\/conexion23.com\/index.php?rest_route=\/wp\/v2\/types\/post"}],"author":[{"embeddable":true,"href":"https:\/\/conexion23.com\/index.php?rest_route=\/wp\/v2\/users\/15"}],"replies":[{"embeddable":true,"href":"https:\/\/conexion23.com\/index.php?rest_route=%2Fwp%2Fv2%2Fcomments&post=33235"}],"version-history":[{"count":1,"href":"https:\/\/conexion23.com\/index.php?rest_route=\/wp\/v2\/posts\/33235\/revisions"}],"predecessor-version":[{"id":33237,"href":"https:\/\/conexion23.com\/index.php?rest_route=\/wp\/v2\/posts\/33235\/revisions\/33237"}],"wp:featuredmedia":[{"embeddable":true,"href":"https:\/\/conexion23.com\/index.php?rest_route=\/wp\/v2\/media\/33236"}],"wp:attachment":[{"href":"https:\/\/conexion23.com\/index.php?rest_route=%2Fwp%2Fv2%2Fmedia&parent=33235"}],"wp:term":[{"taxonomy":"category","embeddable":true,"href":"https:\/\/conexion23.com\/index.php?rest_route=%2Fwp%2Fv2%2Fcategories&post=33235"},{"taxonomy":"post_tag","embeddable":true,"href":"https:\/\/conexion23.com\/index.php?rest_route=%2Fwp%2Fv2%2Ftags&post=33235"}],"curies":[{"name":"wp","href":"https:\/\/api.w.org\/{rel}","templated":true}]}}