{"id":33241,"date":"2024-10-01T08:00:39","date_gmt":"2024-10-01T12:00:39","guid":{"rendered":"https:\/\/conexion23.com\/?p=33241"},"modified":"2024-10-01T08:00:41","modified_gmt":"2024-10-01T12:00:41","slug":"policia-nacional-rescata-comandante-del-15-de-azua-y-al-agente-penitenciario-raptados-por-un-privado-de-libertad","status":"publish","type":"post","link":"https:\/\/conexion23.com\/?p=33241","title":{"rendered":"Policia Nacional rescata comandante del 15 de Azua y al agente penitenciario raptados por un privado de libertad."},"content":{"rendered":"\n<p>Un equipo especial de agentes de la Polic\u00eda Nacional logr\u00f3 rescatar con vida, este lunes, al coronel Ricardo Bid\u00f3, director de seguridad del recinto penitenciario del 15 de Azua, luego de que este fuera secuestrado por un recluso en circunstancias que el Ministerio P\u00fablico investiga.<\/p>\n\n\n\n<p>Las autoridades lograron el rescate del oficial y del agente penitenciario, Alberto Montilla, quienes eran retenidos en calidad de rehenes por el interno que cay\u00f3 abatido en medio de la operaci\u00f3n desplegada por fuerzas policiales t\u00e1cticas.<\/p>\n\n\n\n<p>La operaci\u00f3n se produjo luego de que el interno Maikol Deivy Ram\u00edrez (Yembron), de 38 a\u00f1os, quien portaba un arma de fuego, los mantuvo retenidos en la oficina del oficial superior ubicada en el citado centro penitenciario.<\/p>\n\n\n\n<p>Ram\u00edrez cumpl\u00eda condena por varios hechos criminales, incluyendo la muerte de un agente policial.<\/p>\n\n\n\n<p>Durante las negociaciones, se inform\u00f3 que Ram\u00edrez hab\u00eda herido al coronel Bid\u00f3, lo que llev\u00f3 a los agentes a ingresar al recinto penitenciario.<\/p>\n\n\n\n<p>El coronel Bid\u00f3 fue trasladado a un centro de salud para recibir atenci\u00f3n m\u00e9dica por sus heridas.<\/p>\n\n\n\n<p>La Direcci\u00f3n General de Servicios Penitenciarios y Correccionales (DGSPC) inform\u00f3 que a\u00fan se investigan las circunstancias en las que ocurri\u00f3 el hecho, adem\u00e1s de c\u00f3mo el recluso consigui\u00f3 el arma de fuego.<\/p>\n\n\n\n<p>Asimismo, la DGSPC revel\u00f3 que el coronel Ricardo Bid\u00f3 se encuentra fuera de peligro gracias a que recibi\u00f3 las debidas atenciones de manera oportuna y se encuentra recuper\u00e1ndose en un centro de salud.<\/p>\n\n\n\n<p>El Ministerio P\u00fablico, oportunamente&nbsp; ofrecer\u00e1 mayores detalles del caso, conforme avance el proceso investigativo, indican las autoridades en un comunicado de prensa.<\/p>\n","protected":false},"excerpt":{"rendered":"<p>Un equipo especial de agentes de la Polic\u00eda Nacional logr\u00f3 rescatar con vida, este lunes, al coronel Ricardo Bid\u00f3, director de seguridad del recinto penitenciario del 15 de Azua, luego de que este fuera secuestrado por un recluso en circunstancias que el Ministerio P\u00fablico investiga. Las autoridades lograron el rescate del oficial y del agente [&hellip;]<\/p>\n","protected":false},"author":15,"featured_media":33242,"comment_status":"open","ping_status":"open","sticky":false,"template":"","format":"standard","meta":{"footnotes":""},"categories":[1],"tags":[],"class_list":{"0":"post-33241","1":"post","2":"type-post","3":"status-publish","4":"format-standard","5":"has-post-thumbnail","7":"category-uncategorized"},"yoast_head":"<!-- This site is optimized with the Yoast SEO plugin v27.1.1 - https:\/\/yoast.com\/product\/yoast-seo-wordpress\/ -->\n<title>Policia Nacional rescata comandante del 15 de Azua y al agente penitenciario raptados por un privado de libertad. - Conexi\u00f3n 23<\/title>\n<meta name=\"robots\" content=\"index, follow, max-snippet:-1, max-image-preview:large, max-video-preview:-1\" \/>\n<link rel=\"canonical\" href=\"http:\/\/conexion23.com\/?p=33241\" \/>\n<meta property=\"og:locale\" content=\"es_ES\" \/>\n<meta property=\"og:type\" content=\"article\" \/>\n<meta property=\"og:title\" content=\"Policia Nacional rescata comandante del 15 de Azua y al agente penitenciario raptados por un privado de libertad. - Conexi\u00f3n 23\" \/>\n<meta property=\"og:description\" content=\"Un equipo especial de agentes de la Polic\u00eda Nacional logr\u00f3 rescatar con vida, este lunes, al coronel Ricardo Bid\u00f3, director de seguridad del recinto penitenciario del 15 de Azua, luego de que este fuera secuestrado por un recluso en circunstancias que el Ministerio P\u00fablico investiga. Las autoridades lograron el rescate del oficial y del agente [&hellip;]\" \/>\n<meta property=\"og:url\" content=\"http:\/\/conexion23.com\/?p=33241\" \/>\n<meta property=\"og:site_name\" content=\"Conexi\u00f3n 23\" \/>\n<meta property=\"article:publisher\" content=\"https:\/\/www.facebook.com\/conexion23com\" \/>\n<meta property=\"article:published_time\" content=\"2024-10-01T12:00:39+00:00\" \/>\n<meta property=\"article:modified_time\" content=\"2024-10-01T12:00:41+00:00\" \/>\n<meta property=\"og:image\" content=\"http:\/\/conexion23.com\/wp-content\/uploads\/2024\/10\/1727736096961512-0.jpg\" \/>\n\t<meta property=\"og:image:width\" content=\"1080\" \/>\n\t<meta property=\"og:image:height\" content=\"719\" \/>\n\t<meta property=\"og:image:type\" content=\"image\/jpeg\" \/>\n<meta name=\"author\" content=\"Raffy Ben\u00edtez\" \/>\n<meta name=\"twitter:card\" content=\"summary_large_image\" \/>\n<meta name=\"twitter:label1\" content=\"Escrito por\" \/>\n\t<meta name=\"twitter:data1\" content=\"Raffy Ben\u00edtez\" \/>\n\t<meta name=\"twitter:label2\" content=\"Tiempo de lectura\" \/>\n\t<meta name=\"twitter:data2\" content=\"2 minutos\" \/>\n<script type=\"application\/ld+json\" class=\"yoast-schema-graph\">{\"@context\":\"https:\/\/schema.org\",\"@graph\":[{\"@type\":\"Article\",\"@id\":\"http:\/\/conexion23.com\/?p=33241#article\",\"isPartOf\":{\"@id\":\"http:\/\/conexion23.com\/?p=33241\"},\"author\":{\"name\":\"Raffy Ben\u00edtez\",\"@id\":\"https:\/\/conexion23.com\/#\/schema\/person\/03e36043331117e97a373299bbcd30a6\"},\"headline\":\"Policia Nacional rescata comandante del 15 de Azua y al agente penitenciario raptados por un privado de libertad.\",\"datePublished\":\"2024-10-01T12:00:39+00:00\",\"dateModified\":\"2024-10-01T12:00:41+00:00\",\"mainEntityOfPage\":{\"@id\":\"http:\/\/conexion23.com\/?p=33241\"},\"wordCount\":294,\"commentCount\":0,\"publisher\":{\"@id\":\"https:\/\/conexion23.com\/#organization\"},\"image\":{\"@id\":\"http:\/\/conexion23.com\/?p=33241#primaryimage\"},\"thumbnailUrl\":\"https:\/\/conexion23.com\/wp-content\/uploads\/2024\/10\/1727736096961512-0.jpg\",\"articleSection\":[\"Uncategorized\"],\"inLanguage\":\"es\",\"potentialAction\":[{\"@type\":\"CommentAction\",\"name\":\"Comment\",\"target\":[\"http:\/\/conexion23.com\/?p=33241#respond\"]}]},{\"@type\":\"WebPage\",\"@id\":\"http:\/\/conexion23.com\/?p=33241\",\"url\":\"http:\/\/conexion23.com\/?p=33241\",\"name\":\"Policia Nacional rescata comandante del 15 de Azua y al agente penitenciario raptados por un privado de libertad. - Conexi\u00f3n 23\",\"isPartOf\":{\"@id\":\"https:\/\/conexion23.com\/#website\"},\"primaryImageOfPage\":{\"@id\":\"http:\/\/conexion23.com\/?p=33241#primaryimage\"},\"image\":{\"@id\":\"http:\/\/conexion23.com\/?p=33241#primaryimage\"},\"thumbnailUrl\":\"https:\/\/conexion23.com\/wp-content\/uploads\/2024\/10\/1727736096961512-0.jpg\",\"datePublished\":\"2024-10-01T12:00:39+00:00\",\"dateModified\":\"2024-10-01T12:00:41+00:00\",\"breadcrumb\":{\"@id\":\"http:\/\/conexion23.com\/?p=33241#breadcrumb\"},\"inLanguage\":\"es\",\"potentialAction\":[{\"@type\":\"ReadAction\",\"target\":[\"http:\/\/conexion23.com\/?p=33241\"]}]},{\"@type\":\"ImageObject\",\"inLanguage\":\"es\",\"@id\":\"http:\/\/conexion23.com\/?p=33241#primaryimage\",\"url\":\"https:\/\/conexion23.com\/wp-content\/uploads\/2024\/10\/1727736096961512-0.jpg\",\"contentUrl\":\"https:\/\/conexion23.com\/wp-content\/uploads\/2024\/10\/1727736096961512-0.jpg\",\"width\":1080,\"height\":719},{\"@type\":\"BreadcrumbList\",\"@id\":\"http:\/\/conexion23.com\/?p=33241#breadcrumb\",\"itemListElement\":[{\"@type\":\"ListItem\",\"position\":1,\"name\":\"Portada\",\"item\":\"https:\/\/conexion23.com\/\"},{\"@type\":\"ListItem\",\"position\":2,\"name\":\"Policia Nacional rescata comandante del 15 de Azua y al agente penitenciario raptados por un privado de libertad.\"}]},{\"@type\":\"WebSite\",\"@id\":\"https:\/\/conexion23.com\/#website\",\"url\":\"https:\/\/conexion23.com\/\",\"name\":\"Conexi\u00f3n 23\",\"description\":\"Peri\u00f3dico 100% Petromacorisano\",\"publisher\":{\"@id\":\"https:\/\/conexion23.com\/#organization\"},\"potentialAction\":[{\"@type\":\"SearchAction\",\"target\":{\"@type\":\"EntryPoint\",\"urlTemplate\":\"https:\/\/conexion23.com\/?s={search_term_string}\"},\"query-input\":{\"@type\":\"PropertyValueSpecification\",\"valueRequired\":true,\"valueName\":\"search_term_string\"}}],\"inLanguage\":\"es\"},{\"@type\":\"Organization\",\"@id\":\"https:\/\/conexion23.com\/#organization\",\"name\":\"Conexion 23\",\"url\":\"https:\/\/conexion23.com\/\",\"logo\":{\"@type\":\"ImageObject\",\"inLanguage\":\"es\",\"@id\":\"https:\/\/conexion23.com\/#\/schema\/logo\/image\/\",\"url\":\"https:\/\/conexion23.com\/wp-content\/uploads\/2021\/11\/Diseno-sin-titulo-2.png\",\"contentUrl\":\"https:\/\/conexion23.com\/wp-content\/uploads\/2021\/11\/Diseno-sin-titulo-2.png\",\"width\":541,\"height\":90,\"caption\":\"Conexion 23\"},\"image\":{\"@id\":\"https:\/\/conexion23.com\/#\/schema\/logo\/image\/\"},\"sameAs\":[\"https:\/\/www.facebook.com\/conexion23com\",\"https:\/\/www.instagram.com\/conexion23com\/\",\"https:\/\/www.youtube.com\/channel\/UCYc7vxxFZMYLIHNsHHxPZ3Q\"]},{\"@type\":\"Person\",\"@id\":\"https:\/\/conexion23.com\/#\/schema\/person\/03e36043331117e97a373299bbcd30a6\",\"name\":\"Raffy Ben\u00edtez\",\"image\":{\"@type\":\"ImageObject\",\"inLanguage\":\"es\",\"@id\":\"https:\/\/conexion23.com\/#\/schema\/person\/image\/\",\"url\":\"https:\/\/secure.gravatar.com\/avatar\/3190a6a6c5e1b0327500f7d6c56b6242472ee6cb974cf09b401ee6b3b0798f23?s=96&d=mm&r=g\",\"contentUrl\":\"https:\/\/secure.gravatar.com\/avatar\/3190a6a6c5e1b0327500f7d6c56b6242472ee6cb974cf09b401ee6b3b0798f23?s=96&d=mm&r=g\",\"caption\":\"Raffy Ben\u00edtez\"},\"url\":\"https:\/\/conexion23.com\/?author=15\"}]}<\/script>\n<!-- \/ Yoast SEO plugin. -->","yoast_head_json":{"title":"Policia Nacional rescata comandante del 15 de Azua y al agente penitenciario raptados por un privado de libertad. - Conexi\u00f3n 23","robots":{"index":"index","follow":"follow","max-snippet":"max-snippet:-1","max-image-preview":"max-image-preview:large","max-video-preview":"max-video-preview:-1"},"canonical":"http:\/\/conexion23.com\/?p=33241","og_locale":"es_ES","og_type":"article","og_title":"Policia Nacional rescata comandante del 15 de Azua y al agente penitenciario raptados por un privado de libertad. - Conexi\u00f3n 23","og_description":"Un equipo especial de agentes de la Polic\u00eda Nacional logr\u00f3 rescatar con vida, este lunes, al coronel Ricardo Bid\u00f3, director de seguridad del recinto penitenciario del 15 de Azua, luego de que este fuera secuestrado por un recluso en circunstancias que el Ministerio P\u00fablico investiga. Las autoridades lograron el rescate del oficial y del agente [&hellip;]","og_url":"http:\/\/conexion23.com\/?p=33241","og_site_name":"Conexi\u00f3n 23","article_publisher":"https:\/\/www.facebook.com\/conexion23com","article_published_time":"2024-10-01T12:00:39+00:00","article_modified_time":"2024-10-01T12:00:41+00:00","og_image":[{"width":1080,"height":719,"url":"http:\/\/conexion23.com\/wp-content\/uploads\/2024\/10\/1727736096961512-0.jpg","type":"image\/jpeg"}],"author":"Raffy Ben\u00edtez","twitter_card":"summary_large_image","twitter_misc":{"Escrito por":"Raffy Ben\u00edtez","Tiempo de lectura":"2 minutos"},"schema":{"@context":"https:\/\/schema.org","@graph":[{"@type":"Article","@id":"http:\/\/conexion23.com\/?p=33241#article","isPartOf":{"@id":"http:\/\/conexion23.com\/?p=33241"},"author":{"name":"Raffy Ben\u00edtez","@id":"https:\/\/conexion23.com\/#\/schema\/person\/03e36043331117e97a373299bbcd30a6"},"headline":"Policia Nacional rescata comandante del 15 de Azua y al agente penitenciario raptados por un privado de libertad.","datePublished":"2024-10-01T12:00:39+00:00","dateModified":"2024-10-01T12:00:41+00:00","mainEntityOfPage":{"@id":"http:\/\/conexion23.com\/?p=33241"},"wordCount":294,"commentCount":0,"publisher":{"@id":"https:\/\/conexion23.com\/#organization"},"image":{"@id":"http:\/\/conexion23.com\/?p=33241#primaryimage"},"thumbnailUrl":"https:\/\/conexion23.com\/wp-content\/uploads\/2024\/10\/1727736096961512-0.jpg","articleSection":["Uncategorized"],"inLanguage":"es","potentialAction":[{"@type":"CommentAction","name":"Comment","target":["http:\/\/conexion23.com\/?p=33241#respond"]}]},{"@type":"WebPage","@id":"http:\/\/conexion23.com\/?p=33241","url":"http:\/\/conexion23.com\/?p=33241","name":"Policia Nacional rescata comandante del 15 de Azua y al agente penitenciario raptados por un privado de libertad. - Conexi\u00f3n 23","isPartOf":{"@id":"https:\/\/conexion23.com\/#website"},"primaryImageOfPage":{"@id":"http:\/\/conexion23.com\/?p=33241#primaryimage"},"image":{"@id":"http:\/\/conexion23.com\/?p=33241#primaryimage"},"thumbnailUrl":"https:\/\/conexion23.com\/wp-content\/uploads\/2024\/10\/1727736096961512-0.jpg","datePublished":"2024-10-01T12:00:39+00:00","dateModified":"2024-10-01T12:00:41+00:00","breadcrumb":{"@id":"http:\/\/conexion23.com\/?p=33241#breadcrumb"},"inLanguage":"es","potentialAction":[{"@type":"ReadAction","target":["http:\/\/conexion23.com\/?p=33241"]}]},{"@type":"ImageObject","inLanguage":"es","@id":"http:\/\/conexion23.com\/?p=33241#primaryimage","url":"https:\/\/conexion23.com\/wp-content\/uploads\/2024\/10\/1727736096961512-0.jpg","contentUrl":"https:\/\/conexion23.com\/wp-content\/uploads\/2024\/10\/1727736096961512-0.jpg","width":1080,"height":719},{"@type":"BreadcrumbList","@id":"http:\/\/conexion23.com\/?p=33241#breadcrumb","itemListElement":[{"@type":"ListItem","position":1,"name":"Portada","item":"https:\/\/conexion23.com\/"},{"@type":"ListItem","position":2,"name":"Policia Nacional rescata comandante del 15 de Azua y al agente penitenciario raptados por un privado de libertad."}]},{"@type":"WebSite","@id":"https:\/\/conexion23.com\/#website","url":"https:\/\/conexion23.com\/","name":"Conexi\u00f3n 23","description":"Peri\u00f3dico 100% Petromacorisano","publisher":{"@id":"https:\/\/conexion23.com\/#organization"},"potentialAction":[{"@type":"SearchAction","target":{"@type":"EntryPoint","urlTemplate":"https:\/\/conexion23.com\/?s={search_term_string}"},"query-input":{"@type":"PropertyValueSpecification","valueRequired":true,"valueName":"search_term_string"}}],"inLanguage":"es"},{"@type":"Organization","@id":"https:\/\/conexion23.com\/#organization","name":"Conexion 23","url":"https:\/\/conexion23.com\/","logo":{"@type":"ImageObject","inLanguage":"es","@id":"https:\/\/conexion23.com\/#\/schema\/logo\/image\/","url":"https:\/\/conexion23.com\/wp-content\/uploads\/2021\/11\/Diseno-sin-titulo-2.png","contentUrl":"https:\/\/conexion23.com\/wp-content\/uploads\/2021\/11\/Diseno-sin-titulo-2.png","width":541,"height":90,"caption":"Conexion 23"},"image":{"@id":"https:\/\/conexion23.com\/#\/schema\/logo\/image\/"},"sameAs":["https:\/\/www.facebook.com\/conexion23com","https:\/\/www.instagram.com\/conexion23com\/","https:\/\/www.youtube.com\/channel\/UCYc7vxxFZMYLIHNsHHxPZ3Q"]},{"@type":"Person","@id":"https:\/\/conexion23.com\/#\/schema\/person\/03e36043331117e97a373299bbcd30a6","name":"Raffy Ben\u00edtez","image":{"@type":"ImageObject","inLanguage":"es","@id":"https:\/\/conexion23.com\/#\/schema\/person\/image\/","url":"https:\/\/secure.gravatar.com\/avatar\/3190a6a6c5e1b0327500f7d6c56b6242472ee6cb974cf09b401ee6b3b0798f23?s=96&d=mm&r=g","contentUrl":"https:\/\/secure.gravatar.com\/avatar\/3190a6a6c5e1b0327500f7d6c56b6242472ee6cb974cf09b401ee6b3b0798f23?s=96&d=mm&r=g","caption":"Raffy Ben\u00edtez"},"url":"https:\/\/conexion23.com\/?author=15"}]}},"_links":{"self":[{"href":"https:\/\/conexion23.com\/index.php?rest_route=\/wp\/v2\/posts\/33241","targetHints":{"allow":["GET"]}}],"collection":[{"href":"https:\/\/conexion23.com\/index.php?rest_route=\/wp\/v2\/posts"}],"about":[{"href":"https:\/\/conexion23.com\/index.php?rest_route=\/wp\/v2\/types\/post"}],"author":[{"embeddable":true,"href":"https:\/\/conexion23.com\/index.php?rest_route=\/wp\/v2\/users\/15"}],"replies":[{"embeddable":true,"href":"https:\/\/conexion23.com\/index.php?rest_route=%2Fwp%2Fv2%2Fcomments&post=33241"}],"version-history":[{"count":1,"href":"https:\/\/conexion23.com\/index.php?rest_route=\/wp\/v2\/posts\/33241\/revisions"}],"predecessor-version":[{"id":33243,"href":"https:\/\/conexion23.com\/index.php?rest_route=\/wp\/v2\/posts\/33241\/revisions\/33243"}],"wp:featuredmedia":[{"embeddable":true,"href":"https:\/\/conexion23.com\/index.php?rest_route=\/wp\/v2\/media\/33242"}],"wp:attachment":[{"href":"https:\/\/conexion23.com\/index.php?rest_route=%2Fwp%2Fv2%2Fmedia&parent=33241"}],"wp:term":[{"taxonomy":"category","embeddable":true,"href":"https:\/\/conexion23.com\/index.php?rest_route=%2Fwp%2Fv2%2Fcategories&post=33241"},{"taxonomy":"post_tag","embeddable":true,"href":"https:\/\/conexion23.com\/index.php?rest_route=%2Fwp%2Fv2%2Ftags&post=33241"}],"curies":[{"name":"wp","href":"https:\/\/api.w.org\/{rel}","templated":true}]}}