{"id":33250,"date":"2024-10-01T08:33:14","date_gmt":"2024-10-01T12:33:14","guid":{"rendered":"https:\/\/conexion23.com\/?p=33250"},"modified":"2024-10-01T08:33:16","modified_gmt":"2024-10-01T12:33:16","slug":"los-bananeros-piden-que-dejen-trabajar-a-haitianos","status":"publish","type":"post","link":"https:\/\/conexion23.com\/?p=33250","title":{"rendered":"Los bananeros piden que dejen trabajar a haitianos"},"content":{"rendered":"\n<p>La mano de obra especializada se ha convertido en un dolor de cabeza para la producci\u00f3n bananera, por lo que est\u00e1n demandando permisos temporales para unos 250,000 trabajadores haitianos.<\/p>\n\n\n\n<p>Con el objetivo de analizar la situaci\u00f3n actual de la industria bananera y la necesidad de implementar proyectos para incrementar la competitividad como estrategia para garantizar la sostenibilidad de las exportaciones del banano, la Asociaci\u00f3n Dominicana de Productores de Banano present\u00f3 una iniciativa que busca la estabilidad de ese sector.<\/p>\n\n\n\n<p>El proyecto le fue presentado a trav\u00e9s de una mesa de di\u00e1logo a gobernadoras y congresistas de la Regi\u00f3n Noroeste, donde participaron representantes de Dajab\u00f3n, Monte Cristi, Valverde y Santiago Rodr\u00edguez, azua y Santiago, zona donde se cultiva el banano para exportaci\u00f3n, especialmente hacia Europa donde se destina m\u00e1s de 90%.<\/p>\n\n\n\n<p>La producci\u00f3n de banana emplea 130.000 empleados de manera directa y de entre 55 a 60,000, de manera indirecta.<\/p>\n\n\n\n<p>La Industria del Banano se ha convertido en uno de los principales rubros agr\u00edcolas de exportaci\u00f3n del pa\u00eds, logrando posicionarse de forma sostenida por m\u00e1s de diez a\u00f1os como el producto l\u00edder de las exportaciones de acuerdo a las estad\u00edsticas del Banco Central, superando hasta el 2023 al cacao, la ca\u00f1a de az\u00facar, el mago, la pi\u00f1a y otros rubros agr\u00edcolas comestibles.<\/p>\n\n\n\n<h3 class=\"wp-block-heading\">COMPETITIVIDAD<\/h3>\n\n\n\n<p>El nuevo proyecto fue dado a conocer por Martin Pe\u00f1a, director ejecutivo de la Asociaci\u00f3n Dominicana de productores de Banano, que busca aumentar el nivel de competitividad de la industria del banano dominicano.<\/p>\n\n\n\n<p>Pe\u00f1a hablo de varias estrategias para incrementar las exportaciones de banano org\u00e1nico y certificar el comercio Justo de forma sostenible e inclusiva.<\/p>\n\n\n\n<p>\u201cPara lograrlo estos proyectos se han identificado tres objetivos espec\u00edficos, uno es, incrementar la productividad y la calidad del banano, ofreciendo facilidades para el mantenimiento y la renovaci\u00f3n de plantaciones el cambio de matriz energ\u00e9tica asistencia t\u00e9cnica y servicios\u201d, sostuvo el ingeniero Martin Pe\u00f1a.<\/p>\n\n\n\n<h3 class=\"wp-block-heading\">BAJAR LOS COSTOS<\/h3>\n\n\n\n<p>Dijo que se busca reducir los costos de producci\u00f3n, siendo este el principal objetivo, tambi\u00e9n mejorar las facilidades de acceso a financiamiento en condiciones adecuadas y adaptadas a los productores de banano para registrar las inversiones divididas a incrementar esa productividad.<\/p>\n","protected":false},"excerpt":{"rendered":"<p>La mano de obra especializada se ha convertido en un dolor de cabeza para la producci\u00f3n bananera, por lo que est\u00e1n demandando permisos temporales para unos 250,000 trabajadores haitianos. Con el objetivo de analizar la situaci\u00f3n actual de la industria bananera y la necesidad de implementar proyectos para incrementar la competitividad como estrategia para garantizar [&hellip;]<\/p>\n","protected":false},"author":15,"featured_media":33251,"comment_status":"open","ping_status":"open","sticky":false,"template":"","format":"standard","meta":{"footnotes":""},"categories":[1],"tags":[],"class_list":{"0":"post-33250","1":"post","2":"type-post","3":"status-publish","4":"format-standard","5":"has-post-thumbnail","7":"category-uncategorized"},"yoast_head":"<!-- This site is optimized with the Yoast SEO plugin v27.1.1 - https:\/\/yoast.com\/product\/yoast-seo-wordpress\/ -->\n<title>Los bananeros piden que dejen trabajar a haitianos - Conexi\u00f3n 23<\/title>\n<meta name=\"robots\" content=\"index, follow, max-snippet:-1, max-image-preview:large, max-video-preview:-1\" \/>\n<link rel=\"canonical\" href=\"http:\/\/conexion23.com\/?p=33250\" \/>\n<meta property=\"og:locale\" content=\"es_ES\" \/>\n<meta property=\"og:type\" content=\"article\" \/>\n<meta property=\"og:title\" content=\"Los bananeros piden que dejen trabajar a haitianos - Conexi\u00f3n 23\" \/>\n<meta property=\"og:description\" content=\"La mano de obra especializada se ha convertido en un dolor de cabeza para la producci\u00f3n bananera, por lo que est\u00e1n demandando permisos temporales para unos 250,000 trabajadores haitianos. Con el objetivo de analizar la situaci\u00f3n actual de la industria bananera y la necesidad de implementar proyectos para incrementar la competitividad como estrategia para garantizar [&hellip;]\" \/>\n<meta property=\"og:url\" content=\"http:\/\/conexion23.com\/?p=33250\" \/>\n<meta property=\"og:site_name\" content=\"Conexi\u00f3n 23\" \/>\n<meta property=\"article:publisher\" content=\"https:\/\/www.facebook.com\/conexion23com\" \/>\n<meta property=\"article:published_time\" content=\"2024-10-01T12:33:14+00:00\" \/>\n<meta property=\"article:modified_time\" content=\"2024-10-01T12:33:16+00:00\" \/>\n<meta property=\"og:image\" content=\"http:\/\/conexion23.com\/wp-content\/uploads\/2024\/10\/66fb466905b88.jpeg\" \/>\n\t<meta property=\"og:image:width\" content=\"800\" \/>\n\t<meta property=\"og:image:height\" content=\"535\" \/>\n\t<meta property=\"og:image:type\" content=\"image\/jpeg\" \/>\n<meta name=\"author\" content=\"Raffy Ben\u00edtez\" \/>\n<meta name=\"twitter:card\" content=\"summary_large_image\" \/>\n<meta name=\"twitter:label1\" content=\"Escrito por\" \/>\n\t<meta name=\"twitter:data1\" content=\"Raffy Ben\u00edtez\" \/>\n\t<meta name=\"twitter:label2\" content=\"Tiempo de lectura\" \/>\n\t<meta name=\"twitter:data2\" content=\"2 minutos\" \/>\n<script type=\"application\/ld+json\" class=\"yoast-schema-graph\">{\"@context\":\"https:\/\/schema.org\",\"@graph\":[{\"@type\":\"Article\",\"@id\":\"http:\/\/conexion23.com\/?p=33250#article\",\"isPartOf\":{\"@id\":\"http:\/\/conexion23.com\/?p=33250\"},\"author\":{\"name\":\"Raffy Ben\u00edtez\",\"@id\":\"https:\/\/conexion23.com\/#\/schema\/person\/03e36043331117e97a373299bbcd30a6\"},\"headline\":\"Los bananeros piden que dejen trabajar a haitianos\",\"datePublished\":\"2024-10-01T12:33:14+00:00\",\"dateModified\":\"2024-10-01T12:33:16+00:00\",\"mainEntityOfPage\":{\"@id\":\"http:\/\/conexion23.com\/?p=33250\"},\"wordCount\":391,\"commentCount\":0,\"publisher\":{\"@id\":\"https:\/\/conexion23.com\/#organization\"},\"image\":{\"@id\":\"http:\/\/conexion23.com\/?p=33250#primaryimage\"},\"thumbnailUrl\":\"https:\/\/conexion23.com\/wp-content\/uploads\/2024\/10\/66fb466905b88.jpeg\",\"articleSection\":[\"Uncategorized\"],\"inLanguage\":\"es\",\"potentialAction\":[{\"@type\":\"CommentAction\",\"name\":\"Comment\",\"target\":[\"http:\/\/conexion23.com\/?p=33250#respond\"]}]},{\"@type\":\"WebPage\",\"@id\":\"http:\/\/conexion23.com\/?p=33250\",\"url\":\"http:\/\/conexion23.com\/?p=33250\",\"name\":\"Los bananeros piden que dejen trabajar a haitianos - Conexi\u00f3n 23\",\"isPartOf\":{\"@id\":\"https:\/\/conexion23.com\/#website\"},\"primaryImageOfPage\":{\"@id\":\"http:\/\/conexion23.com\/?p=33250#primaryimage\"},\"image\":{\"@id\":\"http:\/\/conexion23.com\/?p=33250#primaryimage\"},\"thumbnailUrl\":\"https:\/\/conexion23.com\/wp-content\/uploads\/2024\/10\/66fb466905b88.jpeg\",\"datePublished\":\"2024-10-01T12:33:14+00:00\",\"dateModified\":\"2024-10-01T12:33:16+00:00\",\"breadcrumb\":{\"@id\":\"http:\/\/conexion23.com\/?p=33250#breadcrumb\"},\"inLanguage\":\"es\",\"potentialAction\":[{\"@type\":\"ReadAction\",\"target\":[\"http:\/\/conexion23.com\/?p=33250\"]}]},{\"@type\":\"ImageObject\",\"inLanguage\":\"es\",\"@id\":\"http:\/\/conexion23.com\/?p=33250#primaryimage\",\"url\":\"https:\/\/conexion23.com\/wp-content\/uploads\/2024\/10\/66fb466905b88.jpeg\",\"contentUrl\":\"https:\/\/conexion23.com\/wp-content\/uploads\/2024\/10\/66fb466905b88.jpeg\",\"width\":800,\"height\":535},{\"@type\":\"BreadcrumbList\",\"@id\":\"http:\/\/conexion23.com\/?p=33250#breadcrumb\",\"itemListElement\":[{\"@type\":\"ListItem\",\"position\":1,\"name\":\"Portada\",\"item\":\"https:\/\/conexion23.com\/\"},{\"@type\":\"ListItem\",\"position\":2,\"name\":\"Los bananeros piden que dejen trabajar a haitianos\"}]},{\"@type\":\"WebSite\",\"@id\":\"https:\/\/conexion23.com\/#website\",\"url\":\"https:\/\/conexion23.com\/\",\"name\":\"Conexi\u00f3n 23\",\"description\":\"Peri\u00f3dico 100% Petromacorisano\",\"publisher\":{\"@id\":\"https:\/\/conexion23.com\/#organization\"},\"potentialAction\":[{\"@type\":\"SearchAction\",\"target\":{\"@type\":\"EntryPoint\",\"urlTemplate\":\"https:\/\/conexion23.com\/?s={search_term_string}\"},\"query-input\":{\"@type\":\"PropertyValueSpecification\",\"valueRequired\":true,\"valueName\":\"search_term_string\"}}],\"inLanguage\":\"es\"},{\"@type\":\"Organization\",\"@id\":\"https:\/\/conexion23.com\/#organization\",\"name\":\"Conexion 23\",\"url\":\"https:\/\/conexion23.com\/\",\"logo\":{\"@type\":\"ImageObject\",\"inLanguage\":\"es\",\"@id\":\"https:\/\/conexion23.com\/#\/schema\/logo\/image\/\",\"url\":\"https:\/\/conexion23.com\/wp-content\/uploads\/2021\/11\/Diseno-sin-titulo-2.png\",\"contentUrl\":\"https:\/\/conexion23.com\/wp-content\/uploads\/2021\/11\/Diseno-sin-titulo-2.png\",\"width\":541,\"height\":90,\"caption\":\"Conexion 23\"},\"image\":{\"@id\":\"https:\/\/conexion23.com\/#\/schema\/logo\/image\/\"},\"sameAs\":[\"https:\/\/www.facebook.com\/conexion23com\",\"https:\/\/www.instagram.com\/conexion23com\/\",\"https:\/\/www.youtube.com\/channel\/UCYc7vxxFZMYLIHNsHHxPZ3Q\"]},{\"@type\":\"Person\",\"@id\":\"https:\/\/conexion23.com\/#\/schema\/person\/03e36043331117e97a373299bbcd30a6\",\"name\":\"Raffy Ben\u00edtez\",\"image\":{\"@type\":\"ImageObject\",\"inLanguage\":\"es\",\"@id\":\"https:\/\/conexion23.com\/#\/schema\/person\/image\/\",\"url\":\"https:\/\/secure.gravatar.com\/avatar\/3190a6a6c5e1b0327500f7d6c56b6242472ee6cb974cf09b401ee6b3b0798f23?s=96&d=mm&r=g\",\"contentUrl\":\"https:\/\/secure.gravatar.com\/avatar\/3190a6a6c5e1b0327500f7d6c56b6242472ee6cb974cf09b401ee6b3b0798f23?s=96&d=mm&r=g\",\"caption\":\"Raffy Ben\u00edtez\"},\"url\":\"https:\/\/conexion23.com\/?author=15\"}]}<\/script>\n<!-- \/ Yoast SEO plugin. -->","yoast_head_json":{"title":"Los bananeros piden que dejen trabajar a haitianos - Conexi\u00f3n 23","robots":{"index":"index","follow":"follow","max-snippet":"max-snippet:-1","max-image-preview":"max-image-preview:large","max-video-preview":"max-video-preview:-1"},"canonical":"http:\/\/conexion23.com\/?p=33250","og_locale":"es_ES","og_type":"article","og_title":"Los bananeros piden que dejen trabajar a haitianos - Conexi\u00f3n 23","og_description":"La mano de obra especializada se ha convertido en un dolor de cabeza para la producci\u00f3n bananera, por lo que est\u00e1n demandando permisos temporales para unos 250,000 trabajadores haitianos. Con el objetivo de analizar la situaci\u00f3n actual de la industria bananera y la necesidad de implementar proyectos para incrementar la competitividad como estrategia para garantizar [&hellip;]","og_url":"http:\/\/conexion23.com\/?p=33250","og_site_name":"Conexi\u00f3n 23","article_publisher":"https:\/\/www.facebook.com\/conexion23com","article_published_time":"2024-10-01T12:33:14+00:00","article_modified_time":"2024-10-01T12:33:16+00:00","og_image":[{"width":800,"height":535,"url":"http:\/\/conexion23.com\/wp-content\/uploads\/2024\/10\/66fb466905b88.jpeg","type":"image\/jpeg"}],"author":"Raffy Ben\u00edtez","twitter_card":"summary_large_image","twitter_misc":{"Escrito por":"Raffy Ben\u00edtez","Tiempo de lectura":"2 minutos"},"schema":{"@context":"https:\/\/schema.org","@graph":[{"@type":"Article","@id":"http:\/\/conexion23.com\/?p=33250#article","isPartOf":{"@id":"http:\/\/conexion23.com\/?p=33250"},"author":{"name":"Raffy Ben\u00edtez","@id":"https:\/\/conexion23.com\/#\/schema\/person\/03e36043331117e97a373299bbcd30a6"},"headline":"Los bananeros piden que dejen trabajar a haitianos","datePublished":"2024-10-01T12:33:14+00:00","dateModified":"2024-10-01T12:33:16+00:00","mainEntityOfPage":{"@id":"http:\/\/conexion23.com\/?p=33250"},"wordCount":391,"commentCount":0,"publisher":{"@id":"https:\/\/conexion23.com\/#organization"},"image":{"@id":"http:\/\/conexion23.com\/?p=33250#primaryimage"},"thumbnailUrl":"https:\/\/conexion23.com\/wp-content\/uploads\/2024\/10\/66fb466905b88.jpeg","articleSection":["Uncategorized"],"inLanguage":"es","potentialAction":[{"@type":"CommentAction","name":"Comment","target":["http:\/\/conexion23.com\/?p=33250#respond"]}]},{"@type":"WebPage","@id":"http:\/\/conexion23.com\/?p=33250","url":"http:\/\/conexion23.com\/?p=33250","name":"Los bananeros piden que dejen trabajar a haitianos - Conexi\u00f3n 23","isPartOf":{"@id":"https:\/\/conexion23.com\/#website"},"primaryImageOfPage":{"@id":"http:\/\/conexion23.com\/?p=33250#primaryimage"},"image":{"@id":"http:\/\/conexion23.com\/?p=33250#primaryimage"},"thumbnailUrl":"https:\/\/conexion23.com\/wp-content\/uploads\/2024\/10\/66fb466905b88.jpeg","datePublished":"2024-10-01T12:33:14+00:00","dateModified":"2024-10-01T12:33:16+00:00","breadcrumb":{"@id":"http:\/\/conexion23.com\/?p=33250#breadcrumb"},"inLanguage":"es","potentialAction":[{"@type":"ReadAction","target":["http:\/\/conexion23.com\/?p=33250"]}]},{"@type":"ImageObject","inLanguage":"es","@id":"http:\/\/conexion23.com\/?p=33250#primaryimage","url":"https:\/\/conexion23.com\/wp-content\/uploads\/2024\/10\/66fb466905b88.jpeg","contentUrl":"https:\/\/conexion23.com\/wp-content\/uploads\/2024\/10\/66fb466905b88.jpeg","width":800,"height":535},{"@type":"BreadcrumbList","@id":"http:\/\/conexion23.com\/?p=33250#breadcrumb","itemListElement":[{"@type":"ListItem","position":1,"name":"Portada","item":"https:\/\/conexion23.com\/"},{"@type":"ListItem","position":2,"name":"Los bananeros piden que dejen trabajar a haitianos"}]},{"@type":"WebSite","@id":"https:\/\/conexion23.com\/#website","url":"https:\/\/conexion23.com\/","name":"Conexi\u00f3n 23","description":"Peri\u00f3dico 100% Petromacorisano","publisher":{"@id":"https:\/\/conexion23.com\/#organization"},"potentialAction":[{"@type":"SearchAction","target":{"@type":"EntryPoint","urlTemplate":"https:\/\/conexion23.com\/?s={search_term_string}"},"query-input":{"@type":"PropertyValueSpecification","valueRequired":true,"valueName":"search_term_string"}}],"inLanguage":"es"},{"@type":"Organization","@id":"https:\/\/conexion23.com\/#organization","name":"Conexion 23","url":"https:\/\/conexion23.com\/","logo":{"@type":"ImageObject","inLanguage":"es","@id":"https:\/\/conexion23.com\/#\/schema\/logo\/image\/","url":"https:\/\/conexion23.com\/wp-content\/uploads\/2021\/11\/Diseno-sin-titulo-2.png","contentUrl":"https:\/\/conexion23.com\/wp-content\/uploads\/2021\/11\/Diseno-sin-titulo-2.png","width":541,"height":90,"caption":"Conexion 23"},"image":{"@id":"https:\/\/conexion23.com\/#\/schema\/logo\/image\/"},"sameAs":["https:\/\/www.facebook.com\/conexion23com","https:\/\/www.instagram.com\/conexion23com\/","https:\/\/www.youtube.com\/channel\/UCYc7vxxFZMYLIHNsHHxPZ3Q"]},{"@type":"Person","@id":"https:\/\/conexion23.com\/#\/schema\/person\/03e36043331117e97a373299bbcd30a6","name":"Raffy Ben\u00edtez","image":{"@type":"ImageObject","inLanguage":"es","@id":"https:\/\/conexion23.com\/#\/schema\/person\/image\/","url":"https:\/\/secure.gravatar.com\/avatar\/3190a6a6c5e1b0327500f7d6c56b6242472ee6cb974cf09b401ee6b3b0798f23?s=96&d=mm&r=g","contentUrl":"https:\/\/secure.gravatar.com\/avatar\/3190a6a6c5e1b0327500f7d6c56b6242472ee6cb974cf09b401ee6b3b0798f23?s=96&d=mm&r=g","caption":"Raffy Ben\u00edtez"},"url":"https:\/\/conexion23.com\/?author=15"}]}},"_links":{"self":[{"href":"https:\/\/conexion23.com\/index.php?rest_route=\/wp\/v2\/posts\/33250","targetHints":{"allow":["GET"]}}],"collection":[{"href":"https:\/\/conexion23.com\/index.php?rest_route=\/wp\/v2\/posts"}],"about":[{"href":"https:\/\/conexion23.com\/index.php?rest_route=\/wp\/v2\/types\/post"}],"author":[{"embeddable":true,"href":"https:\/\/conexion23.com\/index.php?rest_route=\/wp\/v2\/users\/15"}],"replies":[{"embeddable":true,"href":"https:\/\/conexion23.com\/index.php?rest_route=%2Fwp%2Fv2%2Fcomments&post=33250"}],"version-history":[{"count":1,"href":"https:\/\/conexion23.com\/index.php?rest_route=\/wp\/v2\/posts\/33250\/revisions"}],"predecessor-version":[{"id":33252,"href":"https:\/\/conexion23.com\/index.php?rest_route=\/wp\/v2\/posts\/33250\/revisions\/33252"}],"wp:featuredmedia":[{"embeddable":true,"href":"https:\/\/conexion23.com\/index.php?rest_route=\/wp\/v2\/media\/33251"}],"wp:attachment":[{"href":"https:\/\/conexion23.com\/index.php?rest_route=%2Fwp%2Fv2%2Fmedia&parent=33250"}],"wp:term":[{"taxonomy":"category","embeddable":true,"href":"https:\/\/conexion23.com\/index.php?rest_route=%2Fwp%2Fv2%2Fcategories&post=33250"},{"taxonomy":"post_tag","embeddable":true,"href":"https:\/\/conexion23.com\/index.php?rest_route=%2Fwp%2Fv2%2Ftags&post=33250"}],"curies":[{"name":"wp","href":"https:\/\/api.w.org\/{rel}","templated":true}]}}