{"id":33255,"date":"2024-10-02T07:19:47","date_gmt":"2024-10-02T11:19:47","guid":{"rendered":"https:\/\/conexion23.com\/?p=33255"},"modified":"2024-10-02T07:22:40","modified_gmt":"2024-10-02T11:22:40","slug":"en-el-sector-la-yaguita-de-pastor-un-joven-es-asesinado-a-tiros","status":"publish","type":"post","link":"https:\/\/conexion23.com\/?p=33255","title":{"rendered":"En el sector La Yag\u00fcita de Pastor un joven es asesinado a tiros."},"content":{"rendered":"\n<p>Un hombre fue ultimado a tiros y otro result\u00f3 herido en un ataque perpetrado por desconocidos en La Yag\u00fcita de Pastor, en Santiago.<\/p>\n\n\n\n<p>La victima fue, identificada como Ram\u00f3n Adonis Est\u00e9vez, de 29 a\u00f1os, fue despojado de sus pertenencias, incluidas prendas de oro, ropa, calzado y un celular, seg\u00fan inform\u00f3 su padre. <\/p>\n\n\n\n<p>Posteriormente, el cuerpo fue arrojado a una ca\u00f1ada.<a href=\"https:\/\/www.instagram.com\/norbertorodprm\/\"><\/a><\/p>\n\n\n\n<p>El padre de Est\u00e9vez, profundamente afectado, clam\u00f3 por justicia, afirmando que con la muerte de su \u00fanico hijo le han arrebatado la mitad de su vida.<a href=\"https:\/\/www.instagram.com\/norbertorodprm\/\"><\/a><\/p>\n\n\n\n<p>Por otro lado, Wilson Miguel Jim\u00e9nez Mu\u00f1oz, de 31 a\u00f1os, result\u00f3 herido en el mismo incidente y se encuentra estable bajo custodia policial en el hospital Jos\u00e9 Mar\u00eda Cabral y B\u00e1ez de Santiago. <\/p>\n\n\n\n<p>Sin embargo, no se han ofrecido mayores informaciones al respecto del incidente.<\/p>\n\n\n\n<p>La Polic\u00eda Nacional ha informado que el caso est\u00e1 bajo investigaci\u00f3n y que varias personas han sido detenidas en relaci\u00f3n con el hecho. Mientras tanto, el cuerpo de Est\u00e9vez permanece en el Instituto Nacional de Ciencias Forenses (INACIF), donde se le realizar\u00e1 la autopsia correspondiente.<\/p>\n","protected":false},"excerpt":{"rendered":"<p>Un hombre fue ultimado a tiros y otro result\u00f3 herido en un ataque perpetrado por desconocidos en La Yag\u00fcita de Pastor, en Santiago. La victima fue, identificada como Ram\u00f3n Adonis Est\u00e9vez, de 29 a\u00f1os, fue despojado de sus pertenencias, incluidas prendas de oro, ropa, calzado y un celular, seg\u00fan inform\u00f3 su padre. Posteriormente, el cuerpo [&hellip;]<\/p>\n","protected":false},"author":15,"featured_media":33256,"comment_status":"open","ping_status":"open","sticky":false,"template":"","format":"standard","meta":{"footnotes":""},"categories":[1],"tags":[],"class_list":{"0":"post-33255","1":"post","2":"type-post","3":"status-publish","4":"format-standard","5":"has-post-thumbnail","7":"category-uncategorized"},"yoast_head":"<!-- This site is optimized with the Yoast SEO plugin v27.1.1 - https:\/\/yoast.com\/product\/yoast-seo-wordpress\/ -->\n<title>En el sector La Yag\u00fcita de Pastor un joven es asesinado a tiros. - Conexi\u00f3n 23<\/title>\n<meta name=\"robots\" content=\"index, follow, max-snippet:-1, max-image-preview:large, max-video-preview:-1\" \/>\n<link rel=\"canonical\" href=\"http:\/\/conexion23.com\/?p=33255\" \/>\n<meta property=\"og:locale\" content=\"es_ES\" \/>\n<meta property=\"og:type\" content=\"article\" \/>\n<meta property=\"og:title\" content=\"En el sector La Yag\u00fcita de Pastor un joven es asesinado a tiros. - Conexi\u00f3n 23\" \/>\n<meta property=\"og:description\" content=\"Un hombre fue ultimado a tiros y otro result\u00f3 herido en un ataque perpetrado por desconocidos en La Yag\u00fcita de Pastor, en Santiago. La victima fue, identificada como Ram\u00f3n Adonis Est\u00e9vez, de 29 a\u00f1os, fue despojado de sus pertenencias, incluidas prendas de oro, ropa, calzado y un celular, seg\u00fan inform\u00f3 su padre. Posteriormente, el cuerpo [&hellip;]\" \/>\n<meta property=\"og:url\" content=\"http:\/\/conexion23.com\/?p=33255\" \/>\n<meta property=\"og:site_name\" content=\"Conexi\u00f3n 23\" \/>\n<meta property=\"article:publisher\" content=\"https:\/\/www.facebook.com\/conexion23com\" \/>\n<meta property=\"article:published_time\" content=\"2024-10-02T11:19:47+00:00\" \/>\n<meta property=\"article:modified_time\" content=\"2024-10-02T11:22:40+00:00\" \/>\n<meta property=\"og:image\" content=\"http:\/\/conexion23.com\/wp-content\/uploads\/2024\/10\/w750h375-6.webp\" \/>\n\t<meta property=\"og:image:width\" content=\"666\" \/>\n\t<meta property=\"og:image:height\" content=\"375\" \/>\n\t<meta property=\"og:image:type\" content=\"image\/webp\" \/>\n<meta name=\"author\" content=\"Raffy Ben\u00edtez\" \/>\n<meta name=\"twitter:card\" content=\"summary_large_image\" \/>\n<meta name=\"twitter:label1\" content=\"Escrito por\" \/>\n\t<meta name=\"twitter:data1\" content=\"Raffy Ben\u00edtez\" \/>\n\t<meta name=\"twitter:label2\" content=\"Tiempo de lectura\" \/>\n\t<meta name=\"twitter:data2\" content=\"2 minutos\" \/>\n<script type=\"application\/ld+json\" class=\"yoast-schema-graph\">{\"@context\":\"https:\/\/schema.org\",\"@graph\":[{\"@type\":\"Article\",\"@id\":\"http:\/\/conexion23.com\/?p=33255#article\",\"isPartOf\":{\"@id\":\"http:\/\/conexion23.com\/?p=33255\"},\"author\":{\"name\":\"Raffy Ben\u00edtez\",\"@id\":\"https:\/\/conexion23.com\/#\/schema\/person\/03e36043331117e97a373299bbcd30a6\"},\"headline\":\"En el sector La Yag\u00fcita de Pastor un joven es asesinado a tiros.\",\"datePublished\":\"2024-10-02T11:19:47+00:00\",\"dateModified\":\"2024-10-02T11:22:40+00:00\",\"mainEntityOfPage\":{\"@id\":\"http:\/\/conexion23.com\/?p=33255\"},\"wordCount\":204,\"commentCount\":0,\"publisher\":{\"@id\":\"https:\/\/conexion23.com\/#organization\"},\"image\":{\"@id\":\"http:\/\/conexion23.com\/?p=33255#primaryimage\"},\"thumbnailUrl\":\"https:\/\/conexion23.com\/wp-content\/uploads\/2024\/10\/w750h375-6.webp\",\"articleSection\":[\"Uncategorized\"],\"inLanguage\":\"es\",\"potentialAction\":[{\"@type\":\"CommentAction\",\"name\":\"Comment\",\"target\":[\"http:\/\/conexion23.com\/?p=33255#respond\"]}]},{\"@type\":\"WebPage\",\"@id\":\"http:\/\/conexion23.com\/?p=33255\",\"url\":\"http:\/\/conexion23.com\/?p=33255\",\"name\":\"En el sector La Yag\u00fcita de Pastor un joven es asesinado a tiros. - Conexi\u00f3n 23\",\"isPartOf\":{\"@id\":\"https:\/\/conexion23.com\/#website\"},\"primaryImageOfPage\":{\"@id\":\"http:\/\/conexion23.com\/?p=33255#primaryimage\"},\"image\":{\"@id\":\"http:\/\/conexion23.com\/?p=33255#primaryimage\"},\"thumbnailUrl\":\"https:\/\/conexion23.com\/wp-content\/uploads\/2024\/10\/w750h375-6.webp\",\"datePublished\":\"2024-10-02T11:19:47+00:00\",\"dateModified\":\"2024-10-02T11:22:40+00:00\",\"breadcrumb\":{\"@id\":\"http:\/\/conexion23.com\/?p=33255#breadcrumb\"},\"inLanguage\":\"es\",\"potentialAction\":[{\"@type\":\"ReadAction\",\"target\":[\"http:\/\/conexion23.com\/?p=33255\"]}]},{\"@type\":\"ImageObject\",\"inLanguage\":\"es\",\"@id\":\"http:\/\/conexion23.com\/?p=33255#primaryimage\",\"url\":\"https:\/\/conexion23.com\/wp-content\/uploads\/2024\/10\/w750h375-6.webp\",\"contentUrl\":\"https:\/\/conexion23.com\/wp-content\/uploads\/2024\/10\/w750h375-6.webp\",\"width\":666,\"height\":375},{\"@type\":\"BreadcrumbList\",\"@id\":\"http:\/\/conexion23.com\/?p=33255#breadcrumb\",\"itemListElement\":[{\"@type\":\"ListItem\",\"position\":1,\"name\":\"Portada\",\"item\":\"https:\/\/conexion23.com\/\"},{\"@type\":\"ListItem\",\"position\":2,\"name\":\"En el sector La Yag\u00fcita de Pastor un joven es asesinado a tiros.\"}]},{\"@type\":\"WebSite\",\"@id\":\"https:\/\/conexion23.com\/#website\",\"url\":\"https:\/\/conexion23.com\/\",\"name\":\"Conexi\u00f3n 23\",\"description\":\"Peri\u00f3dico 100% Petromacorisano\",\"publisher\":{\"@id\":\"https:\/\/conexion23.com\/#organization\"},\"potentialAction\":[{\"@type\":\"SearchAction\",\"target\":{\"@type\":\"EntryPoint\",\"urlTemplate\":\"https:\/\/conexion23.com\/?s={search_term_string}\"},\"query-input\":{\"@type\":\"PropertyValueSpecification\",\"valueRequired\":true,\"valueName\":\"search_term_string\"}}],\"inLanguage\":\"es\"},{\"@type\":\"Organization\",\"@id\":\"https:\/\/conexion23.com\/#organization\",\"name\":\"Conexion 23\",\"url\":\"https:\/\/conexion23.com\/\",\"logo\":{\"@type\":\"ImageObject\",\"inLanguage\":\"es\",\"@id\":\"https:\/\/conexion23.com\/#\/schema\/logo\/image\/\",\"url\":\"https:\/\/conexion23.com\/wp-content\/uploads\/2021\/11\/Diseno-sin-titulo-2.png\",\"contentUrl\":\"https:\/\/conexion23.com\/wp-content\/uploads\/2021\/11\/Diseno-sin-titulo-2.png\",\"width\":541,\"height\":90,\"caption\":\"Conexion 23\"},\"image\":{\"@id\":\"https:\/\/conexion23.com\/#\/schema\/logo\/image\/\"},\"sameAs\":[\"https:\/\/www.facebook.com\/conexion23com\",\"https:\/\/www.instagram.com\/conexion23com\/\",\"https:\/\/www.youtube.com\/channel\/UCYc7vxxFZMYLIHNsHHxPZ3Q\"]},{\"@type\":\"Person\",\"@id\":\"https:\/\/conexion23.com\/#\/schema\/person\/03e36043331117e97a373299bbcd30a6\",\"name\":\"Raffy Ben\u00edtez\",\"image\":{\"@type\":\"ImageObject\",\"inLanguage\":\"es\",\"@id\":\"https:\/\/conexion23.com\/#\/schema\/person\/image\/\",\"url\":\"https:\/\/secure.gravatar.com\/avatar\/3190a6a6c5e1b0327500f7d6c56b6242472ee6cb974cf09b401ee6b3b0798f23?s=96&d=mm&r=g\",\"contentUrl\":\"https:\/\/secure.gravatar.com\/avatar\/3190a6a6c5e1b0327500f7d6c56b6242472ee6cb974cf09b401ee6b3b0798f23?s=96&d=mm&r=g\",\"caption\":\"Raffy Ben\u00edtez\"},\"url\":\"https:\/\/conexion23.com\/?author=15\"}]}<\/script>\n<!-- \/ Yoast SEO plugin. -->","yoast_head_json":{"title":"En el sector La Yag\u00fcita de Pastor un joven es asesinado a tiros. - Conexi\u00f3n 23","robots":{"index":"index","follow":"follow","max-snippet":"max-snippet:-1","max-image-preview":"max-image-preview:large","max-video-preview":"max-video-preview:-1"},"canonical":"http:\/\/conexion23.com\/?p=33255","og_locale":"es_ES","og_type":"article","og_title":"En el sector La Yag\u00fcita de Pastor un joven es asesinado a tiros. - Conexi\u00f3n 23","og_description":"Un hombre fue ultimado a tiros y otro result\u00f3 herido en un ataque perpetrado por desconocidos en La Yag\u00fcita de Pastor, en Santiago. La victima fue, identificada como Ram\u00f3n Adonis Est\u00e9vez, de 29 a\u00f1os, fue despojado de sus pertenencias, incluidas prendas de oro, ropa, calzado y un celular, seg\u00fan inform\u00f3 su padre. Posteriormente, el cuerpo [&hellip;]","og_url":"http:\/\/conexion23.com\/?p=33255","og_site_name":"Conexi\u00f3n 23","article_publisher":"https:\/\/www.facebook.com\/conexion23com","article_published_time":"2024-10-02T11:19:47+00:00","article_modified_time":"2024-10-02T11:22:40+00:00","og_image":[{"width":666,"height":375,"url":"http:\/\/conexion23.com\/wp-content\/uploads\/2024\/10\/w750h375-6.webp","type":"image\/webp"}],"author":"Raffy Ben\u00edtez","twitter_card":"summary_large_image","twitter_misc":{"Escrito por":"Raffy Ben\u00edtez","Tiempo de lectura":"2 minutos"},"schema":{"@context":"https:\/\/schema.org","@graph":[{"@type":"Article","@id":"http:\/\/conexion23.com\/?p=33255#article","isPartOf":{"@id":"http:\/\/conexion23.com\/?p=33255"},"author":{"name":"Raffy Ben\u00edtez","@id":"https:\/\/conexion23.com\/#\/schema\/person\/03e36043331117e97a373299bbcd30a6"},"headline":"En el sector La Yag\u00fcita de Pastor un joven es asesinado a tiros.","datePublished":"2024-10-02T11:19:47+00:00","dateModified":"2024-10-02T11:22:40+00:00","mainEntityOfPage":{"@id":"http:\/\/conexion23.com\/?p=33255"},"wordCount":204,"commentCount":0,"publisher":{"@id":"https:\/\/conexion23.com\/#organization"},"image":{"@id":"http:\/\/conexion23.com\/?p=33255#primaryimage"},"thumbnailUrl":"https:\/\/conexion23.com\/wp-content\/uploads\/2024\/10\/w750h375-6.webp","articleSection":["Uncategorized"],"inLanguage":"es","potentialAction":[{"@type":"CommentAction","name":"Comment","target":["http:\/\/conexion23.com\/?p=33255#respond"]}]},{"@type":"WebPage","@id":"http:\/\/conexion23.com\/?p=33255","url":"http:\/\/conexion23.com\/?p=33255","name":"En el sector La Yag\u00fcita de Pastor un joven es asesinado a tiros. - Conexi\u00f3n 23","isPartOf":{"@id":"https:\/\/conexion23.com\/#website"},"primaryImageOfPage":{"@id":"http:\/\/conexion23.com\/?p=33255#primaryimage"},"image":{"@id":"http:\/\/conexion23.com\/?p=33255#primaryimage"},"thumbnailUrl":"https:\/\/conexion23.com\/wp-content\/uploads\/2024\/10\/w750h375-6.webp","datePublished":"2024-10-02T11:19:47+00:00","dateModified":"2024-10-02T11:22:40+00:00","breadcrumb":{"@id":"http:\/\/conexion23.com\/?p=33255#breadcrumb"},"inLanguage":"es","potentialAction":[{"@type":"ReadAction","target":["http:\/\/conexion23.com\/?p=33255"]}]},{"@type":"ImageObject","inLanguage":"es","@id":"http:\/\/conexion23.com\/?p=33255#primaryimage","url":"https:\/\/conexion23.com\/wp-content\/uploads\/2024\/10\/w750h375-6.webp","contentUrl":"https:\/\/conexion23.com\/wp-content\/uploads\/2024\/10\/w750h375-6.webp","width":666,"height":375},{"@type":"BreadcrumbList","@id":"http:\/\/conexion23.com\/?p=33255#breadcrumb","itemListElement":[{"@type":"ListItem","position":1,"name":"Portada","item":"https:\/\/conexion23.com\/"},{"@type":"ListItem","position":2,"name":"En el sector La Yag\u00fcita de Pastor un joven es asesinado a tiros."}]},{"@type":"WebSite","@id":"https:\/\/conexion23.com\/#website","url":"https:\/\/conexion23.com\/","name":"Conexi\u00f3n 23","description":"Peri\u00f3dico 100% Petromacorisano","publisher":{"@id":"https:\/\/conexion23.com\/#organization"},"potentialAction":[{"@type":"SearchAction","target":{"@type":"EntryPoint","urlTemplate":"https:\/\/conexion23.com\/?s={search_term_string}"},"query-input":{"@type":"PropertyValueSpecification","valueRequired":true,"valueName":"search_term_string"}}],"inLanguage":"es"},{"@type":"Organization","@id":"https:\/\/conexion23.com\/#organization","name":"Conexion 23","url":"https:\/\/conexion23.com\/","logo":{"@type":"ImageObject","inLanguage":"es","@id":"https:\/\/conexion23.com\/#\/schema\/logo\/image\/","url":"https:\/\/conexion23.com\/wp-content\/uploads\/2021\/11\/Diseno-sin-titulo-2.png","contentUrl":"https:\/\/conexion23.com\/wp-content\/uploads\/2021\/11\/Diseno-sin-titulo-2.png","width":541,"height":90,"caption":"Conexion 23"},"image":{"@id":"https:\/\/conexion23.com\/#\/schema\/logo\/image\/"},"sameAs":["https:\/\/www.facebook.com\/conexion23com","https:\/\/www.instagram.com\/conexion23com\/","https:\/\/www.youtube.com\/channel\/UCYc7vxxFZMYLIHNsHHxPZ3Q"]},{"@type":"Person","@id":"https:\/\/conexion23.com\/#\/schema\/person\/03e36043331117e97a373299bbcd30a6","name":"Raffy Ben\u00edtez","image":{"@type":"ImageObject","inLanguage":"es","@id":"https:\/\/conexion23.com\/#\/schema\/person\/image\/","url":"https:\/\/secure.gravatar.com\/avatar\/3190a6a6c5e1b0327500f7d6c56b6242472ee6cb974cf09b401ee6b3b0798f23?s=96&d=mm&r=g","contentUrl":"https:\/\/secure.gravatar.com\/avatar\/3190a6a6c5e1b0327500f7d6c56b6242472ee6cb974cf09b401ee6b3b0798f23?s=96&d=mm&r=g","caption":"Raffy Ben\u00edtez"},"url":"https:\/\/conexion23.com\/?author=15"}]}},"_links":{"self":[{"href":"https:\/\/conexion23.com\/index.php?rest_route=\/wp\/v2\/posts\/33255","targetHints":{"allow":["GET"]}}],"collection":[{"href":"https:\/\/conexion23.com\/index.php?rest_route=\/wp\/v2\/posts"}],"about":[{"href":"https:\/\/conexion23.com\/index.php?rest_route=\/wp\/v2\/types\/post"}],"author":[{"embeddable":true,"href":"https:\/\/conexion23.com\/index.php?rest_route=\/wp\/v2\/users\/15"}],"replies":[{"embeddable":true,"href":"https:\/\/conexion23.com\/index.php?rest_route=%2Fwp%2Fv2%2Fcomments&post=33255"}],"version-history":[{"count":1,"href":"https:\/\/conexion23.com\/index.php?rest_route=\/wp\/v2\/posts\/33255\/revisions"}],"predecessor-version":[{"id":33257,"href":"https:\/\/conexion23.com\/index.php?rest_route=\/wp\/v2\/posts\/33255\/revisions\/33257"}],"wp:featuredmedia":[{"embeddable":true,"href":"https:\/\/conexion23.com\/index.php?rest_route=\/wp\/v2\/media\/33256"}],"wp:attachment":[{"href":"https:\/\/conexion23.com\/index.php?rest_route=%2Fwp%2Fv2%2Fmedia&parent=33255"}],"wp:term":[{"taxonomy":"category","embeddable":true,"href":"https:\/\/conexion23.com\/index.php?rest_route=%2Fwp%2Fv2%2Fcategories&post=33255"},{"taxonomy":"post_tag","embeddable":true,"href":"https:\/\/conexion23.com\/index.php?rest_route=%2Fwp%2Fv2%2Ftags&post=33255"}],"curies":[{"name":"wp","href":"https:\/\/api.w.org\/{rel}","templated":true}]}}