{"id":33292,"date":"2024-10-02T08:25:41","date_gmt":"2024-10-02T12:25:41","guid":{"rendered":"https:\/\/conexion23.com\/?p=33292"},"modified":"2024-10-02T08:25:43","modified_gmt":"2024-10-02T12:25:43","slug":"el-papa-pide-perdon-y-expresa-verguenza-por-todos-los-pecados-de-la-iglesia","status":"publish","type":"post","link":"https:\/\/conexion23.com\/?p=33292","title":{"rendered":"El papa pide perd\u00f3n y expresa verg\u00fcenza por todos los pecados de la Iglesia"},"content":{"rendered":"\n<p>El papa Francisco pidi\u00f3 este martes \u00abperd\u00f3n\u00bb a los que han sido \u00abheridos\u00bb por todos los \u00abpecados\u00bb de la Iglesia y expres\u00f3 su \u00abverg\u00fcenza\u00bb por ello, en una ceremonia en la Bas\u00edlica de San Pedro en la que siete cardenales se disculparon por las diversas faltas cometidas por el clero, incluidos los abusos sexuales.<\/p>\n\n\n\n<p>\u00abPedimos perd\u00f3n por todos nuestros pecados (&#8230;) Pedimos perd\u00f3n, sintiendo verg\u00fcenza, a aquellos que han sido heridos por nuestros pecados\u00bb, dijo el papa en una in\u00e9dita &#8216;vigilia penitencial&#8217; previa al S\u00ednodo, la asamblea de obispos que comienza este mi\u00e9rcoles para abordar los temas m\u00e1s importantes para la Iglesia.<\/p>\n\n\n\n<p>Francisco quiso escribir personalmente \u00ablas peticiones de perd\u00f3n le\u00eddas por algunos cardenales porque era necesario llamar por su nombre a nuestros principales pecados\u00bb, como \u00abla falta de coraje para luchar contra la paz\u00bb, la conversi\u00f3n del mundo \u00abde un oasis a un desierto\u00bb y los pecados contra los pueblos ind\u00edgenas, los migrantes y las mujeres, entre otros.<\/p>\n\n\n\n<p>\u00ab\u00bfC\u00f3mo podr\u00edamos ser cre\u00edbles (&#8230;) si no reconocemos nuestros errores y nos inclinamos a curar las heridas que hemos causado con nuestros pecados? La curaci\u00f3n comienza confesando el pecado que hemos cometido\u00bb, asegur\u00f3.<\/p>\n\n\n\n<h3 class=\"wp-block-heading\">tres v\u00cdctimas de esos pecados<\/h3>\n\n\n\n<p>La ceremonia cont\u00f3 adem\u00e1s con el testimonio de tres v\u00edctimas de esos pecados: un bar\u00edtono sudafricano que sufri\u00f3 abusos sexuales por un miembro del clero cat\u00f3lico, una monja originaria de Siria que padeci\u00f3 los horrores de la guerra y una migrante de Costa de Marfil superviviente de la violencia de las rutas migratorias.<\/p>\n\n\n\n<p>Entre los cardenales que leyeron las peticiones de perd\u00f3n destac\u00f3 Se\u00e1n Patrick O&#8217;Malley, responsable de la comisi\u00f3n vaticana que combate los abusos sexuales a menores en la Iglesia cat\u00f3lica.<\/p>\n\n\n\n<p>\u00abPido perd\u00f3n, sinti\u00e9ndome avergonzado, por todas las veces que nosotros fieles hemos sido c\u00f3mplices y cometido directamente abusos de conciencia, abusos de poder y abusos sexuales\u00bb, dijo, antes de mostrar \u00abverg\u00fcenza y dolor al pensar sobre todo en los abusos sexuales contra menores y personas vulnerables\u00bb, que son \u00abd\u00e9biles e indefensos\u00bb, y a los que \u00abrobaron la inocencia\u00bb.<\/p>\n\n\n\n<p>A su vez, expres\u00f3 disculpas por los religiosos que se aprovecharon de su posici\u00f3n para ello: \u00abHemos usado la condici\u00f3n del ministerio ordenado y de la vida consagrada para cometer este terrible pecado, sinti\u00e9ndonos seguros y protegidos y aprovech\u00e1ndonos diab\u00f3licamente de los peque\u00f1os y pobres\u00bb, lament\u00f3 O&#8217;Malley.<\/p>\n\n\n\n<p>Otros cardenales, entre ellos el prefecto del Dicasterio para la Doctrina de la Fe, el argentino V\u00edctor Manuel Fern\u00e1ndez, intervinieron para pedir perd\u00f3n por otros pecados, entre ellos \u00abcontra la paz, contra las poblaciones ind\u00edgenas, contra los inmigrantes, contra las mujeres, la familia y los j\u00f3venes, contra la pobreza y contra la falta de escucha, comuni\u00f3n y participaci\u00f3n de todos\u00bb.<\/p>\n\n\n\n<p>\u00abPido perd\u00f3n sinti\u00e9ndome avergonzado por todas las veces que hemos dado justificaci\u00f3n doctrinal a tratos inhumanos\u00bb, implor\u00f3 Fern\u00e1ndez ante la mirada de Francisco.<\/p>\n\n\n\n<p>Por su parte, el cardenal Michael Czerny pidi\u00f3 perd\u00f3n por no reconocer siempre \u00abel derecho y la dignidad de toda persona humana, discrimin\u00e1ndola y explot\u00e1ndola\u00bb, y \u00aben particular en los pueblos ind\u00edgenas\u00bb, as\u00ed como por \u00abcuando hemos sido c\u00f3mplices de sistemas que favorecieron la esclavitud y el colonialismo\u00bb.<\/p>\n\n\n\n<p>Para Francisco, \u00abla confesi\u00f3n es una oportunidad para restablecer la confianza en la iglesia, confianza rota por nuestros errores y pecados\u00bb, exclam\u00f3, al instar a \u00abcomenzar a curar las heridas que no paran de sangrar\u00bb.<\/p>\n\n\n\n<p>\u00abPedimos perd\u00f3n por todos nuestros pecados, ay\u00fadanos a restaurar tu rostro que hemos desfigurado por nuestra infidelidad\u00bb, dijo el papa antes de concluir pidiendo \u00abperd\u00f3n, sintiendo verg\u00fcenza, a quienes han sido heridos por nuestros pecados. Todos pedimos perd\u00f3n, todos somos pecadores\u00bb.&nbsp;<\/p>\n","protected":false},"excerpt":{"rendered":"<p>El papa Francisco pidi\u00f3 este martes \u00abperd\u00f3n\u00bb a los que han sido \u00abheridos\u00bb por todos los \u00abpecados\u00bb de la Iglesia y expres\u00f3 su \u00abverg\u00fcenza\u00bb por ello, en una ceremonia en la Bas\u00edlica de San Pedro en la que siete cardenales se disculparon por las diversas faltas cometidas por el clero, incluidos los abusos sexuales. \u00abPedimos [&hellip;]<\/p>\n","protected":false},"author":15,"featured_media":33293,"comment_status":"open","ping_status":"open","sticky":false,"template":"","format":"standard","meta":{"footnotes":""},"categories":[1],"tags":[],"class_list":{"0":"post-33292","1":"post","2":"type-post","3":"status-publish","4":"format-standard","5":"has-post-thumbnail","7":"category-uncategorized"},"yoast_head":"<!-- This site is optimized with the Yoast SEO plugin v27.1.1 - https:\/\/yoast.com\/product\/yoast-seo-wordpress\/ -->\n<title>El papa pide perd\u00f3n y expresa verg\u00fcenza por todos los pecados de la Iglesia - Conexi\u00f3n 23<\/title>\n<meta name=\"robots\" content=\"index, follow, max-snippet:-1, max-image-preview:large, max-video-preview:-1\" \/>\n<link rel=\"canonical\" href=\"http:\/\/conexion23.com\/?p=33292\" \/>\n<meta property=\"og:locale\" content=\"es_ES\" \/>\n<meta property=\"og:type\" content=\"article\" \/>\n<meta property=\"og:title\" content=\"El papa pide perd\u00f3n y expresa verg\u00fcenza por todos los pecados de la Iglesia - Conexi\u00f3n 23\" \/>\n<meta property=\"og:description\" content=\"El papa Francisco pidi\u00f3 este martes \u00abperd\u00f3n\u00bb a los que han sido \u00abheridos\u00bb por todos los \u00abpecados\u00bb de la Iglesia y expres\u00f3 su \u00abverg\u00fcenza\u00bb por ello, en una ceremonia en la Bas\u00edlica de San Pedro en la que siete cardenales se disculparon por las diversas faltas cometidas por el clero, incluidos los abusos sexuales. \u00abPedimos [&hellip;]\" \/>\n<meta property=\"og:url\" content=\"http:\/\/conexion23.com\/?p=33292\" \/>\n<meta property=\"og:site_name\" content=\"Conexi\u00f3n 23\" \/>\n<meta property=\"article:publisher\" content=\"https:\/\/www.facebook.com\/conexion23com\" \/>\n<meta property=\"article:published_time\" content=\"2024-10-02T12:25:41+00:00\" \/>\n<meta property=\"article:modified_time\" content=\"2024-10-02T12:25:43+00:00\" \/>\n<meta property=\"og:image\" content=\"http:\/\/conexion23.com\/wp-content\/uploads\/2024\/10\/66fca479a8613.jpeg\" \/>\n\t<meta property=\"og:image:width\" content=\"800\" \/>\n\t<meta property=\"og:image:height\" content=\"533\" \/>\n\t<meta property=\"og:image:type\" content=\"image\/jpeg\" \/>\n<meta name=\"author\" content=\"Raffy Ben\u00edtez\" \/>\n<meta name=\"twitter:card\" content=\"summary_large_image\" \/>\n<meta name=\"twitter:label1\" content=\"Escrito por\" \/>\n\t<meta name=\"twitter:data1\" content=\"Raffy Ben\u00edtez\" \/>\n\t<meta name=\"twitter:label2\" content=\"Tiempo de lectura\" \/>\n\t<meta name=\"twitter:data2\" content=\"3 minutos\" \/>\n<script type=\"application\/ld+json\" class=\"yoast-schema-graph\">{\"@context\":\"https:\/\/schema.org\",\"@graph\":[{\"@type\":\"Article\",\"@id\":\"http:\/\/conexion23.com\/?p=33292#article\",\"isPartOf\":{\"@id\":\"http:\/\/conexion23.com\/?p=33292\"},\"author\":{\"name\":\"Raffy Ben\u00edtez\",\"@id\":\"https:\/\/conexion23.com\/#\/schema\/person\/03e36043331117e97a373299bbcd30a6\"},\"headline\":\"El papa pide perd\u00f3n y expresa verg\u00fcenza por todos los pecados de la Iglesia\",\"datePublished\":\"2024-10-02T12:25:41+00:00\",\"dateModified\":\"2024-10-02T12:25:43+00:00\",\"mainEntityOfPage\":{\"@id\":\"http:\/\/conexion23.com\/?p=33292\"},\"wordCount\":668,\"commentCount\":0,\"publisher\":{\"@id\":\"https:\/\/conexion23.com\/#organization\"},\"image\":{\"@id\":\"http:\/\/conexion23.com\/?p=33292#primaryimage\"},\"thumbnailUrl\":\"https:\/\/conexion23.com\/wp-content\/uploads\/2024\/10\/66fca479a8613.jpeg\",\"articleSection\":[\"Uncategorized\"],\"inLanguage\":\"es\",\"potentialAction\":[{\"@type\":\"CommentAction\",\"name\":\"Comment\",\"target\":[\"http:\/\/conexion23.com\/?p=33292#respond\"]}]},{\"@type\":\"WebPage\",\"@id\":\"http:\/\/conexion23.com\/?p=33292\",\"url\":\"http:\/\/conexion23.com\/?p=33292\",\"name\":\"El papa pide perd\u00f3n y expresa verg\u00fcenza por todos los pecados de la Iglesia - Conexi\u00f3n 23\",\"isPartOf\":{\"@id\":\"https:\/\/conexion23.com\/#website\"},\"primaryImageOfPage\":{\"@id\":\"http:\/\/conexion23.com\/?p=33292#primaryimage\"},\"image\":{\"@id\":\"http:\/\/conexion23.com\/?p=33292#primaryimage\"},\"thumbnailUrl\":\"https:\/\/conexion23.com\/wp-content\/uploads\/2024\/10\/66fca479a8613.jpeg\",\"datePublished\":\"2024-10-02T12:25:41+00:00\",\"dateModified\":\"2024-10-02T12:25:43+00:00\",\"breadcrumb\":{\"@id\":\"http:\/\/conexion23.com\/?p=33292#breadcrumb\"},\"inLanguage\":\"es\",\"potentialAction\":[{\"@type\":\"ReadAction\",\"target\":[\"http:\/\/conexion23.com\/?p=33292\"]}]},{\"@type\":\"ImageObject\",\"inLanguage\":\"es\",\"@id\":\"http:\/\/conexion23.com\/?p=33292#primaryimage\",\"url\":\"https:\/\/conexion23.com\/wp-content\/uploads\/2024\/10\/66fca479a8613.jpeg\",\"contentUrl\":\"https:\/\/conexion23.com\/wp-content\/uploads\/2024\/10\/66fca479a8613.jpeg\",\"width\":800,\"height\":533},{\"@type\":\"BreadcrumbList\",\"@id\":\"http:\/\/conexion23.com\/?p=33292#breadcrumb\",\"itemListElement\":[{\"@type\":\"ListItem\",\"position\":1,\"name\":\"Portada\",\"item\":\"https:\/\/conexion23.com\/\"},{\"@type\":\"ListItem\",\"position\":2,\"name\":\"El papa pide perd\u00f3n y expresa verg\u00fcenza por todos los pecados de la Iglesia\"}]},{\"@type\":\"WebSite\",\"@id\":\"https:\/\/conexion23.com\/#website\",\"url\":\"https:\/\/conexion23.com\/\",\"name\":\"Conexi\u00f3n 23\",\"description\":\"Peri\u00f3dico 100% Petromacorisano\",\"publisher\":{\"@id\":\"https:\/\/conexion23.com\/#organization\"},\"potentialAction\":[{\"@type\":\"SearchAction\",\"target\":{\"@type\":\"EntryPoint\",\"urlTemplate\":\"https:\/\/conexion23.com\/?s={search_term_string}\"},\"query-input\":{\"@type\":\"PropertyValueSpecification\",\"valueRequired\":true,\"valueName\":\"search_term_string\"}}],\"inLanguage\":\"es\"},{\"@type\":\"Organization\",\"@id\":\"https:\/\/conexion23.com\/#organization\",\"name\":\"Conexion 23\",\"url\":\"https:\/\/conexion23.com\/\",\"logo\":{\"@type\":\"ImageObject\",\"inLanguage\":\"es\",\"@id\":\"https:\/\/conexion23.com\/#\/schema\/logo\/image\/\",\"url\":\"https:\/\/conexion23.com\/wp-content\/uploads\/2021\/11\/Diseno-sin-titulo-2.png\",\"contentUrl\":\"https:\/\/conexion23.com\/wp-content\/uploads\/2021\/11\/Diseno-sin-titulo-2.png\",\"width\":541,\"height\":90,\"caption\":\"Conexion 23\"},\"image\":{\"@id\":\"https:\/\/conexion23.com\/#\/schema\/logo\/image\/\"},\"sameAs\":[\"https:\/\/www.facebook.com\/conexion23com\",\"https:\/\/www.instagram.com\/conexion23com\/\",\"https:\/\/www.youtube.com\/channel\/UCYc7vxxFZMYLIHNsHHxPZ3Q\"]},{\"@type\":\"Person\",\"@id\":\"https:\/\/conexion23.com\/#\/schema\/person\/03e36043331117e97a373299bbcd30a6\",\"name\":\"Raffy Ben\u00edtez\",\"image\":{\"@type\":\"ImageObject\",\"inLanguage\":\"es\",\"@id\":\"https:\/\/conexion23.com\/#\/schema\/person\/image\/\",\"url\":\"https:\/\/secure.gravatar.com\/avatar\/3190a6a6c5e1b0327500f7d6c56b6242472ee6cb974cf09b401ee6b3b0798f23?s=96&d=mm&r=g\",\"contentUrl\":\"https:\/\/secure.gravatar.com\/avatar\/3190a6a6c5e1b0327500f7d6c56b6242472ee6cb974cf09b401ee6b3b0798f23?s=96&d=mm&r=g\",\"caption\":\"Raffy Ben\u00edtez\"},\"url\":\"https:\/\/conexion23.com\/?author=15\"}]}<\/script>\n<!-- \/ Yoast SEO plugin. -->","yoast_head_json":{"title":"El papa pide perd\u00f3n y expresa verg\u00fcenza por todos los pecados de la Iglesia - Conexi\u00f3n 23","robots":{"index":"index","follow":"follow","max-snippet":"max-snippet:-1","max-image-preview":"max-image-preview:large","max-video-preview":"max-video-preview:-1"},"canonical":"http:\/\/conexion23.com\/?p=33292","og_locale":"es_ES","og_type":"article","og_title":"El papa pide perd\u00f3n y expresa verg\u00fcenza por todos los pecados de la Iglesia - Conexi\u00f3n 23","og_description":"El papa Francisco pidi\u00f3 este martes \u00abperd\u00f3n\u00bb a los que han sido \u00abheridos\u00bb por todos los \u00abpecados\u00bb de la Iglesia y expres\u00f3 su \u00abverg\u00fcenza\u00bb por ello, en una ceremonia en la Bas\u00edlica de San Pedro en la que siete cardenales se disculparon por las diversas faltas cometidas por el clero, incluidos los abusos sexuales. \u00abPedimos [&hellip;]","og_url":"http:\/\/conexion23.com\/?p=33292","og_site_name":"Conexi\u00f3n 23","article_publisher":"https:\/\/www.facebook.com\/conexion23com","article_published_time":"2024-10-02T12:25:41+00:00","article_modified_time":"2024-10-02T12:25:43+00:00","og_image":[{"width":800,"height":533,"url":"http:\/\/conexion23.com\/wp-content\/uploads\/2024\/10\/66fca479a8613.jpeg","type":"image\/jpeg"}],"author":"Raffy Ben\u00edtez","twitter_card":"summary_large_image","twitter_misc":{"Escrito por":"Raffy Ben\u00edtez","Tiempo de lectura":"3 minutos"},"schema":{"@context":"https:\/\/schema.org","@graph":[{"@type":"Article","@id":"http:\/\/conexion23.com\/?p=33292#article","isPartOf":{"@id":"http:\/\/conexion23.com\/?p=33292"},"author":{"name":"Raffy Ben\u00edtez","@id":"https:\/\/conexion23.com\/#\/schema\/person\/03e36043331117e97a373299bbcd30a6"},"headline":"El papa pide perd\u00f3n y expresa verg\u00fcenza por todos los pecados de la Iglesia","datePublished":"2024-10-02T12:25:41+00:00","dateModified":"2024-10-02T12:25:43+00:00","mainEntityOfPage":{"@id":"http:\/\/conexion23.com\/?p=33292"},"wordCount":668,"commentCount":0,"publisher":{"@id":"https:\/\/conexion23.com\/#organization"},"image":{"@id":"http:\/\/conexion23.com\/?p=33292#primaryimage"},"thumbnailUrl":"https:\/\/conexion23.com\/wp-content\/uploads\/2024\/10\/66fca479a8613.jpeg","articleSection":["Uncategorized"],"inLanguage":"es","potentialAction":[{"@type":"CommentAction","name":"Comment","target":["http:\/\/conexion23.com\/?p=33292#respond"]}]},{"@type":"WebPage","@id":"http:\/\/conexion23.com\/?p=33292","url":"http:\/\/conexion23.com\/?p=33292","name":"El papa pide perd\u00f3n y expresa verg\u00fcenza por todos los pecados de la Iglesia - Conexi\u00f3n 23","isPartOf":{"@id":"https:\/\/conexion23.com\/#website"},"primaryImageOfPage":{"@id":"http:\/\/conexion23.com\/?p=33292#primaryimage"},"image":{"@id":"http:\/\/conexion23.com\/?p=33292#primaryimage"},"thumbnailUrl":"https:\/\/conexion23.com\/wp-content\/uploads\/2024\/10\/66fca479a8613.jpeg","datePublished":"2024-10-02T12:25:41+00:00","dateModified":"2024-10-02T12:25:43+00:00","breadcrumb":{"@id":"http:\/\/conexion23.com\/?p=33292#breadcrumb"},"inLanguage":"es","potentialAction":[{"@type":"ReadAction","target":["http:\/\/conexion23.com\/?p=33292"]}]},{"@type":"ImageObject","inLanguage":"es","@id":"http:\/\/conexion23.com\/?p=33292#primaryimage","url":"https:\/\/conexion23.com\/wp-content\/uploads\/2024\/10\/66fca479a8613.jpeg","contentUrl":"https:\/\/conexion23.com\/wp-content\/uploads\/2024\/10\/66fca479a8613.jpeg","width":800,"height":533},{"@type":"BreadcrumbList","@id":"http:\/\/conexion23.com\/?p=33292#breadcrumb","itemListElement":[{"@type":"ListItem","position":1,"name":"Portada","item":"https:\/\/conexion23.com\/"},{"@type":"ListItem","position":2,"name":"El papa pide perd\u00f3n y expresa verg\u00fcenza por todos los pecados de la Iglesia"}]},{"@type":"WebSite","@id":"https:\/\/conexion23.com\/#website","url":"https:\/\/conexion23.com\/","name":"Conexi\u00f3n 23","description":"Peri\u00f3dico 100% Petromacorisano","publisher":{"@id":"https:\/\/conexion23.com\/#organization"},"potentialAction":[{"@type":"SearchAction","target":{"@type":"EntryPoint","urlTemplate":"https:\/\/conexion23.com\/?s={search_term_string}"},"query-input":{"@type":"PropertyValueSpecification","valueRequired":true,"valueName":"search_term_string"}}],"inLanguage":"es"},{"@type":"Organization","@id":"https:\/\/conexion23.com\/#organization","name":"Conexion 23","url":"https:\/\/conexion23.com\/","logo":{"@type":"ImageObject","inLanguage":"es","@id":"https:\/\/conexion23.com\/#\/schema\/logo\/image\/","url":"https:\/\/conexion23.com\/wp-content\/uploads\/2021\/11\/Diseno-sin-titulo-2.png","contentUrl":"https:\/\/conexion23.com\/wp-content\/uploads\/2021\/11\/Diseno-sin-titulo-2.png","width":541,"height":90,"caption":"Conexion 23"},"image":{"@id":"https:\/\/conexion23.com\/#\/schema\/logo\/image\/"},"sameAs":["https:\/\/www.facebook.com\/conexion23com","https:\/\/www.instagram.com\/conexion23com\/","https:\/\/www.youtube.com\/channel\/UCYc7vxxFZMYLIHNsHHxPZ3Q"]},{"@type":"Person","@id":"https:\/\/conexion23.com\/#\/schema\/person\/03e36043331117e97a373299bbcd30a6","name":"Raffy Ben\u00edtez","image":{"@type":"ImageObject","inLanguage":"es","@id":"https:\/\/conexion23.com\/#\/schema\/person\/image\/","url":"https:\/\/secure.gravatar.com\/avatar\/3190a6a6c5e1b0327500f7d6c56b6242472ee6cb974cf09b401ee6b3b0798f23?s=96&d=mm&r=g","contentUrl":"https:\/\/secure.gravatar.com\/avatar\/3190a6a6c5e1b0327500f7d6c56b6242472ee6cb974cf09b401ee6b3b0798f23?s=96&d=mm&r=g","caption":"Raffy Ben\u00edtez"},"url":"https:\/\/conexion23.com\/?author=15"}]}},"_links":{"self":[{"href":"https:\/\/conexion23.com\/index.php?rest_route=\/wp\/v2\/posts\/33292","targetHints":{"allow":["GET"]}}],"collection":[{"href":"https:\/\/conexion23.com\/index.php?rest_route=\/wp\/v2\/posts"}],"about":[{"href":"https:\/\/conexion23.com\/index.php?rest_route=\/wp\/v2\/types\/post"}],"author":[{"embeddable":true,"href":"https:\/\/conexion23.com\/index.php?rest_route=\/wp\/v2\/users\/15"}],"replies":[{"embeddable":true,"href":"https:\/\/conexion23.com\/index.php?rest_route=%2Fwp%2Fv2%2Fcomments&post=33292"}],"version-history":[{"count":1,"href":"https:\/\/conexion23.com\/index.php?rest_route=\/wp\/v2\/posts\/33292\/revisions"}],"predecessor-version":[{"id":33294,"href":"https:\/\/conexion23.com\/index.php?rest_route=\/wp\/v2\/posts\/33292\/revisions\/33294"}],"wp:featuredmedia":[{"embeddable":true,"href":"https:\/\/conexion23.com\/index.php?rest_route=\/wp\/v2\/media\/33293"}],"wp:attachment":[{"href":"https:\/\/conexion23.com\/index.php?rest_route=%2Fwp%2Fv2%2Fmedia&parent=33292"}],"wp:term":[{"taxonomy":"category","embeddable":true,"href":"https:\/\/conexion23.com\/index.php?rest_route=%2Fwp%2Fv2%2Fcategories&post=33292"},{"taxonomy":"post_tag","embeddable":true,"href":"https:\/\/conexion23.com\/index.php?rest_route=%2Fwp%2Fv2%2Ftags&post=33292"}],"curies":[{"name":"wp","href":"https:\/\/api.w.org\/{rel}","templated":true}]}}