{"id":33302,"date":"2024-10-03T07:10:54","date_gmt":"2024-10-03T11:10:54","guid":{"rendered":"https:\/\/conexion23.com\/?p=33302"},"modified":"2024-10-03T07:10:56","modified_gmt":"2024-10-03T11:10:56","slug":"fallece-el-merenguero-raffy-matias-interprete-del-exito-quiero-saber-de-ti-y-ahora-que-te-vas","status":"publish","type":"post","link":"https:\/\/conexion23.com\/?p=33302","title":{"rendered":"Fallece el merenguero Raffy Mat\u00edas, int\u00e9rprete del \u00e9xito \u00abQuiero saber de ti\u00bb y \u00abAhora que te vas\u00bb"},"content":{"rendered":"\n<p>El merenguero Raffy Mat\u00edas, quien ten\u00eda varios meses aquejado de salud, falleci\u00f3 la tarde de hoy en su casa en Jarabacoa, seg\u00fan inform\u00f3 el empresario art\u00edstico Luis Medrano.<\/p>\n\n\n\n<p>Mat\u00edas habia estado ingresado en la Unidad de Cuidados Intensivos de un centro m\u00e9dico de La Vega, de donde era oriundo.<\/p>\n\n\n\n<p>El merenguero hab\u00eda estado aquejado de m\u00faltiples enfermedades relacionadas con el est\u00f3mago, garganta y piel a lo largo de los a\u00f1os, llegando a perder una considerable cantidad de peso y someti\u00e9ndose a intervenciones quir\u00fargicas, incluyendo la extirpaci\u00f3n parcial de su est\u00f3mago.<\/p>\n\n\n\n<p>Sus \u00e9xitos quedan inmortalizados, en una l\u00ednea limpia y comercial de merengue que se destac\u00f3 en los 90\u2019s.<\/p>\n\n\n\n<figure class=\"wp-block-image is-resized\"><img decoding=\"async\" src=\"https:\/\/enkalienterd.com\/wp-content\/uploads\/2024\/10\/WhatsApp-Image-2024-10-02-at-8.29.55-PM-2-1024x1002.jpeg\" alt=\"\" class=\"wp-image-772\" style=\"width:246px;height:auto\"\/><\/figure>\n\n\n\n<p>Entre ellos est\u00e1n \u00abQuiero saber de ti\u00bb y \u00abAhora que te vas\u00bb entre otros.<\/p>\n\n\n\n<p>Paz a su alma.<\/p>\n","protected":false},"excerpt":{"rendered":"<p>El merenguero Raffy Mat\u00edas, quien ten\u00eda varios meses aquejado de salud, falleci\u00f3 la tarde de hoy en su casa en Jarabacoa, seg\u00fan inform\u00f3 el empresario art\u00edstico Luis Medrano. Mat\u00edas habia estado ingresado en la Unidad de Cuidados Intensivos de un centro m\u00e9dico de La Vega, de donde era oriundo. El merenguero hab\u00eda estado aquejado de [&hellip;]<\/p>\n","protected":false},"author":15,"featured_media":33303,"comment_status":"open","ping_status":"open","sticky":false,"template":"","format":"standard","meta":{"footnotes":""},"categories":[1],"tags":[],"class_list":{"0":"post-33302","1":"post","2":"type-post","3":"status-publish","4":"format-standard","5":"has-post-thumbnail","7":"category-uncategorized"},"yoast_head":"<!-- This site is optimized with the Yoast SEO plugin v27.1.1 - https:\/\/yoast.com\/product\/yoast-seo-wordpress\/ -->\n<title>Fallece el merenguero Raffy Mat\u00edas, int\u00e9rprete del \u00e9xito \u00abQuiero saber de ti\u00bb y \u00abAhora que te vas\u00bb - Conexi\u00f3n 23<\/title>\n<meta name=\"robots\" content=\"index, follow, max-snippet:-1, max-image-preview:large, max-video-preview:-1\" \/>\n<link rel=\"canonical\" href=\"http:\/\/conexion23.com\/?p=33302\" \/>\n<meta property=\"og:locale\" content=\"es_ES\" \/>\n<meta property=\"og:type\" content=\"article\" \/>\n<meta property=\"og:title\" content=\"Fallece el merenguero Raffy Mat\u00edas, int\u00e9rprete del \u00e9xito \u00abQuiero saber de ti\u00bb y \u00abAhora que te vas\u00bb - Conexi\u00f3n 23\" \/>\n<meta property=\"og:description\" content=\"El merenguero Raffy Mat\u00edas, quien ten\u00eda varios meses aquejado de salud, falleci\u00f3 la tarde de hoy en su casa en Jarabacoa, seg\u00fan inform\u00f3 el empresario art\u00edstico Luis Medrano. Mat\u00edas habia estado ingresado en la Unidad de Cuidados Intensivos de un centro m\u00e9dico de La Vega, de donde era oriundo. El merenguero hab\u00eda estado aquejado de [&hellip;]\" \/>\n<meta property=\"og:url\" content=\"http:\/\/conexion23.com\/?p=33302\" \/>\n<meta property=\"og:site_name\" content=\"Conexi\u00f3n 23\" \/>\n<meta property=\"article:publisher\" content=\"https:\/\/www.facebook.com\/conexion23com\" \/>\n<meta property=\"article:published_time\" content=\"2024-10-03T11:10:54+00:00\" \/>\n<meta property=\"article:modified_time\" content=\"2024-10-03T11:10:56+00:00\" \/>\n<meta property=\"og:image\" content=\"http:\/\/conexion23.com\/wp-content\/uploads\/2024\/10\/WhatsApp-Image-2024-10-02-at-8.29.55-PM.jpeg\" \/>\n\t<meta property=\"og:image:width\" content=\"1080\" \/>\n\t<meta property=\"og:image:height\" content=\"1090\" \/>\n\t<meta property=\"og:image:type\" content=\"image\/jpeg\" \/>\n<meta name=\"author\" content=\"Raffy Ben\u00edtez\" \/>\n<meta name=\"twitter:card\" content=\"summary_large_image\" \/>\n<meta name=\"twitter:label1\" content=\"Escrito por\" \/>\n\t<meta name=\"twitter:data1\" content=\"Raffy Ben\u00edtez\" \/>\n\t<meta name=\"twitter:label2\" content=\"Tiempo de lectura\" \/>\n\t<meta name=\"twitter:data2\" content=\"1 minuto\" \/>\n<script type=\"application\/ld+json\" class=\"yoast-schema-graph\">{\"@context\":\"https:\/\/schema.org\",\"@graph\":[{\"@type\":\"Article\",\"@id\":\"http:\/\/conexion23.com\/?p=33302#article\",\"isPartOf\":{\"@id\":\"http:\/\/conexion23.com\/?p=33302\"},\"author\":{\"name\":\"Raffy Ben\u00edtez\",\"@id\":\"https:\/\/conexion23.com\/#\/schema\/person\/03e36043331117e97a373299bbcd30a6\"},\"headline\":\"Fallece el merenguero Raffy Mat\u00edas, int\u00e9rprete del \u00e9xito \u00abQuiero saber de ti\u00bb y \u00abAhora que te vas\u00bb\",\"datePublished\":\"2024-10-03T11:10:54+00:00\",\"dateModified\":\"2024-10-03T11:10:56+00:00\",\"mainEntityOfPage\":{\"@id\":\"http:\/\/conexion23.com\/?p=33302\"},\"wordCount\":161,\"commentCount\":0,\"publisher\":{\"@id\":\"https:\/\/conexion23.com\/#organization\"},\"image\":{\"@id\":\"http:\/\/conexion23.com\/?p=33302#primaryimage\"},\"thumbnailUrl\":\"https:\/\/conexion23.com\/wp-content\/uploads\/2024\/10\/WhatsApp-Image-2024-10-02-at-8.29.55-PM.jpeg\",\"articleSection\":[\"Uncategorized\"],\"inLanguage\":\"es\",\"potentialAction\":[{\"@type\":\"CommentAction\",\"name\":\"Comment\",\"target\":[\"http:\/\/conexion23.com\/?p=33302#respond\"]}]},{\"@type\":\"WebPage\",\"@id\":\"http:\/\/conexion23.com\/?p=33302\",\"url\":\"http:\/\/conexion23.com\/?p=33302\",\"name\":\"Fallece el merenguero Raffy Mat\u00edas, int\u00e9rprete del \u00e9xito \u00abQuiero saber de ti\u00bb y \u00abAhora que te vas\u00bb - Conexi\u00f3n 23\",\"isPartOf\":{\"@id\":\"https:\/\/conexion23.com\/#website\"},\"primaryImageOfPage\":{\"@id\":\"http:\/\/conexion23.com\/?p=33302#primaryimage\"},\"image\":{\"@id\":\"http:\/\/conexion23.com\/?p=33302#primaryimage\"},\"thumbnailUrl\":\"https:\/\/conexion23.com\/wp-content\/uploads\/2024\/10\/WhatsApp-Image-2024-10-02-at-8.29.55-PM.jpeg\",\"datePublished\":\"2024-10-03T11:10:54+00:00\",\"dateModified\":\"2024-10-03T11:10:56+00:00\",\"breadcrumb\":{\"@id\":\"http:\/\/conexion23.com\/?p=33302#breadcrumb\"},\"inLanguage\":\"es\",\"potentialAction\":[{\"@type\":\"ReadAction\",\"target\":[\"http:\/\/conexion23.com\/?p=33302\"]}]},{\"@type\":\"ImageObject\",\"inLanguage\":\"es\",\"@id\":\"http:\/\/conexion23.com\/?p=33302#primaryimage\",\"url\":\"https:\/\/conexion23.com\/wp-content\/uploads\/2024\/10\/WhatsApp-Image-2024-10-02-at-8.29.55-PM.jpeg\",\"contentUrl\":\"https:\/\/conexion23.com\/wp-content\/uploads\/2024\/10\/WhatsApp-Image-2024-10-02-at-8.29.55-PM.jpeg\",\"width\":1080,\"height\":1090},{\"@type\":\"BreadcrumbList\",\"@id\":\"http:\/\/conexion23.com\/?p=33302#breadcrumb\",\"itemListElement\":[{\"@type\":\"ListItem\",\"position\":1,\"name\":\"Portada\",\"item\":\"https:\/\/conexion23.com\/\"},{\"@type\":\"ListItem\",\"position\":2,\"name\":\"Fallece el merenguero Raffy Mat\u00edas, int\u00e9rprete del \u00e9xito \u00abQuiero saber de ti\u00bb y \u00abAhora que te vas\u00bb\"}]},{\"@type\":\"WebSite\",\"@id\":\"https:\/\/conexion23.com\/#website\",\"url\":\"https:\/\/conexion23.com\/\",\"name\":\"Conexi\u00f3n 23\",\"description\":\"Peri\u00f3dico 100% Petromacorisano\",\"publisher\":{\"@id\":\"https:\/\/conexion23.com\/#organization\"},\"potentialAction\":[{\"@type\":\"SearchAction\",\"target\":{\"@type\":\"EntryPoint\",\"urlTemplate\":\"https:\/\/conexion23.com\/?s={search_term_string}\"},\"query-input\":{\"@type\":\"PropertyValueSpecification\",\"valueRequired\":true,\"valueName\":\"search_term_string\"}}],\"inLanguage\":\"es\"},{\"@type\":\"Organization\",\"@id\":\"https:\/\/conexion23.com\/#organization\",\"name\":\"Conexion 23\",\"url\":\"https:\/\/conexion23.com\/\",\"logo\":{\"@type\":\"ImageObject\",\"inLanguage\":\"es\",\"@id\":\"https:\/\/conexion23.com\/#\/schema\/logo\/image\/\",\"url\":\"https:\/\/conexion23.com\/wp-content\/uploads\/2021\/11\/Diseno-sin-titulo-2.png\",\"contentUrl\":\"https:\/\/conexion23.com\/wp-content\/uploads\/2021\/11\/Diseno-sin-titulo-2.png\",\"width\":541,\"height\":90,\"caption\":\"Conexion 23\"},\"image\":{\"@id\":\"https:\/\/conexion23.com\/#\/schema\/logo\/image\/\"},\"sameAs\":[\"https:\/\/www.facebook.com\/conexion23com\",\"https:\/\/www.instagram.com\/conexion23com\/\",\"https:\/\/www.youtube.com\/channel\/UCYc7vxxFZMYLIHNsHHxPZ3Q\"]},{\"@type\":\"Person\",\"@id\":\"https:\/\/conexion23.com\/#\/schema\/person\/03e36043331117e97a373299bbcd30a6\",\"name\":\"Raffy Ben\u00edtez\",\"image\":{\"@type\":\"ImageObject\",\"inLanguage\":\"es\",\"@id\":\"https:\/\/conexion23.com\/#\/schema\/person\/image\/\",\"url\":\"https:\/\/secure.gravatar.com\/avatar\/3190a6a6c5e1b0327500f7d6c56b6242472ee6cb974cf09b401ee6b3b0798f23?s=96&d=mm&r=g\",\"contentUrl\":\"https:\/\/secure.gravatar.com\/avatar\/3190a6a6c5e1b0327500f7d6c56b6242472ee6cb974cf09b401ee6b3b0798f23?s=96&d=mm&r=g\",\"caption\":\"Raffy Ben\u00edtez\"},\"url\":\"https:\/\/conexion23.com\/?author=15\"}]}<\/script>\n<!-- \/ Yoast SEO plugin. -->","yoast_head_json":{"title":"Fallece el merenguero Raffy Mat\u00edas, int\u00e9rprete del \u00e9xito \u00abQuiero saber de ti\u00bb y \u00abAhora que te vas\u00bb - Conexi\u00f3n 23","robots":{"index":"index","follow":"follow","max-snippet":"max-snippet:-1","max-image-preview":"max-image-preview:large","max-video-preview":"max-video-preview:-1"},"canonical":"http:\/\/conexion23.com\/?p=33302","og_locale":"es_ES","og_type":"article","og_title":"Fallece el merenguero Raffy Mat\u00edas, int\u00e9rprete del \u00e9xito \u00abQuiero saber de ti\u00bb y \u00abAhora que te vas\u00bb - Conexi\u00f3n 23","og_description":"El merenguero Raffy Mat\u00edas, quien ten\u00eda varios meses aquejado de salud, falleci\u00f3 la tarde de hoy en su casa en Jarabacoa, seg\u00fan inform\u00f3 el empresario art\u00edstico Luis Medrano. Mat\u00edas habia estado ingresado en la Unidad de Cuidados Intensivos de un centro m\u00e9dico de La Vega, de donde era oriundo. El merenguero hab\u00eda estado aquejado de [&hellip;]","og_url":"http:\/\/conexion23.com\/?p=33302","og_site_name":"Conexi\u00f3n 23","article_publisher":"https:\/\/www.facebook.com\/conexion23com","article_published_time":"2024-10-03T11:10:54+00:00","article_modified_time":"2024-10-03T11:10:56+00:00","og_image":[{"width":1080,"height":1090,"url":"http:\/\/conexion23.com\/wp-content\/uploads\/2024\/10\/WhatsApp-Image-2024-10-02-at-8.29.55-PM.jpeg","type":"image\/jpeg"}],"author":"Raffy Ben\u00edtez","twitter_card":"summary_large_image","twitter_misc":{"Escrito por":"Raffy Ben\u00edtez","Tiempo de lectura":"1 minuto"},"schema":{"@context":"https:\/\/schema.org","@graph":[{"@type":"Article","@id":"http:\/\/conexion23.com\/?p=33302#article","isPartOf":{"@id":"http:\/\/conexion23.com\/?p=33302"},"author":{"name":"Raffy Ben\u00edtez","@id":"https:\/\/conexion23.com\/#\/schema\/person\/03e36043331117e97a373299bbcd30a6"},"headline":"Fallece el merenguero Raffy Mat\u00edas, int\u00e9rprete del \u00e9xito \u00abQuiero saber de ti\u00bb y \u00abAhora que te vas\u00bb","datePublished":"2024-10-03T11:10:54+00:00","dateModified":"2024-10-03T11:10:56+00:00","mainEntityOfPage":{"@id":"http:\/\/conexion23.com\/?p=33302"},"wordCount":161,"commentCount":0,"publisher":{"@id":"https:\/\/conexion23.com\/#organization"},"image":{"@id":"http:\/\/conexion23.com\/?p=33302#primaryimage"},"thumbnailUrl":"https:\/\/conexion23.com\/wp-content\/uploads\/2024\/10\/WhatsApp-Image-2024-10-02-at-8.29.55-PM.jpeg","articleSection":["Uncategorized"],"inLanguage":"es","potentialAction":[{"@type":"CommentAction","name":"Comment","target":["http:\/\/conexion23.com\/?p=33302#respond"]}]},{"@type":"WebPage","@id":"http:\/\/conexion23.com\/?p=33302","url":"http:\/\/conexion23.com\/?p=33302","name":"Fallece el merenguero Raffy Mat\u00edas, int\u00e9rprete del \u00e9xito \u00abQuiero saber de ti\u00bb y \u00abAhora que te vas\u00bb - Conexi\u00f3n 23","isPartOf":{"@id":"https:\/\/conexion23.com\/#website"},"primaryImageOfPage":{"@id":"http:\/\/conexion23.com\/?p=33302#primaryimage"},"image":{"@id":"http:\/\/conexion23.com\/?p=33302#primaryimage"},"thumbnailUrl":"https:\/\/conexion23.com\/wp-content\/uploads\/2024\/10\/WhatsApp-Image-2024-10-02-at-8.29.55-PM.jpeg","datePublished":"2024-10-03T11:10:54+00:00","dateModified":"2024-10-03T11:10:56+00:00","breadcrumb":{"@id":"http:\/\/conexion23.com\/?p=33302#breadcrumb"},"inLanguage":"es","potentialAction":[{"@type":"ReadAction","target":["http:\/\/conexion23.com\/?p=33302"]}]},{"@type":"ImageObject","inLanguage":"es","@id":"http:\/\/conexion23.com\/?p=33302#primaryimage","url":"https:\/\/conexion23.com\/wp-content\/uploads\/2024\/10\/WhatsApp-Image-2024-10-02-at-8.29.55-PM.jpeg","contentUrl":"https:\/\/conexion23.com\/wp-content\/uploads\/2024\/10\/WhatsApp-Image-2024-10-02-at-8.29.55-PM.jpeg","width":1080,"height":1090},{"@type":"BreadcrumbList","@id":"http:\/\/conexion23.com\/?p=33302#breadcrumb","itemListElement":[{"@type":"ListItem","position":1,"name":"Portada","item":"https:\/\/conexion23.com\/"},{"@type":"ListItem","position":2,"name":"Fallece el merenguero Raffy Mat\u00edas, int\u00e9rprete del \u00e9xito \u00abQuiero saber de ti\u00bb y \u00abAhora que te vas\u00bb"}]},{"@type":"WebSite","@id":"https:\/\/conexion23.com\/#website","url":"https:\/\/conexion23.com\/","name":"Conexi\u00f3n 23","description":"Peri\u00f3dico 100% Petromacorisano","publisher":{"@id":"https:\/\/conexion23.com\/#organization"},"potentialAction":[{"@type":"SearchAction","target":{"@type":"EntryPoint","urlTemplate":"https:\/\/conexion23.com\/?s={search_term_string}"},"query-input":{"@type":"PropertyValueSpecification","valueRequired":true,"valueName":"search_term_string"}}],"inLanguage":"es"},{"@type":"Organization","@id":"https:\/\/conexion23.com\/#organization","name":"Conexion 23","url":"https:\/\/conexion23.com\/","logo":{"@type":"ImageObject","inLanguage":"es","@id":"https:\/\/conexion23.com\/#\/schema\/logo\/image\/","url":"https:\/\/conexion23.com\/wp-content\/uploads\/2021\/11\/Diseno-sin-titulo-2.png","contentUrl":"https:\/\/conexion23.com\/wp-content\/uploads\/2021\/11\/Diseno-sin-titulo-2.png","width":541,"height":90,"caption":"Conexion 23"},"image":{"@id":"https:\/\/conexion23.com\/#\/schema\/logo\/image\/"},"sameAs":["https:\/\/www.facebook.com\/conexion23com","https:\/\/www.instagram.com\/conexion23com\/","https:\/\/www.youtube.com\/channel\/UCYc7vxxFZMYLIHNsHHxPZ3Q"]},{"@type":"Person","@id":"https:\/\/conexion23.com\/#\/schema\/person\/03e36043331117e97a373299bbcd30a6","name":"Raffy Ben\u00edtez","image":{"@type":"ImageObject","inLanguage":"es","@id":"https:\/\/conexion23.com\/#\/schema\/person\/image\/","url":"https:\/\/secure.gravatar.com\/avatar\/3190a6a6c5e1b0327500f7d6c56b6242472ee6cb974cf09b401ee6b3b0798f23?s=96&d=mm&r=g","contentUrl":"https:\/\/secure.gravatar.com\/avatar\/3190a6a6c5e1b0327500f7d6c56b6242472ee6cb974cf09b401ee6b3b0798f23?s=96&d=mm&r=g","caption":"Raffy Ben\u00edtez"},"url":"https:\/\/conexion23.com\/?author=15"}]}},"_links":{"self":[{"href":"https:\/\/conexion23.com\/index.php?rest_route=\/wp\/v2\/posts\/33302","targetHints":{"allow":["GET"]}}],"collection":[{"href":"https:\/\/conexion23.com\/index.php?rest_route=\/wp\/v2\/posts"}],"about":[{"href":"https:\/\/conexion23.com\/index.php?rest_route=\/wp\/v2\/types\/post"}],"author":[{"embeddable":true,"href":"https:\/\/conexion23.com\/index.php?rest_route=\/wp\/v2\/users\/15"}],"replies":[{"embeddable":true,"href":"https:\/\/conexion23.com\/index.php?rest_route=%2Fwp%2Fv2%2Fcomments&post=33302"}],"version-history":[{"count":1,"href":"https:\/\/conexion23.com\/index.php?rest_route=\/wp\/v2\/posts\/33302\/revisions"}],"predecessor-version":[{"id":33304,"href":"https:\/\/conexion23.com\/index.php?rest_route=\/wp\/v2\/posts\/33302\/revisions\/33304"}],"wp:featuredmedia":[{"embeddable":true,"href":"https:\/\/conexion23.com\/index.php?rest_route=\/wp\/v2\/media\/33303"}],"wp:attachment":[{"href":"https:\/\/conexion23.com\/index.php?rest_route=%2Fwp%2Fv2%2Fmedia&parent=33302"}],"wp:term":[{"taxonomy":"category","embeddable":true,"href":"https:\/\/conexion23.com\/index.php?rest_route=%2Fwp%2Fv2%2Fcategories&post=33302"},{"taxonomy":"post_tag","embeddable":true,"href":"https:\/\/conexion23.com\/index.php?rest_route=%2Fwp%2Fv2%2Ftags&post=33302"}],"curies":[{"name":"wp","href":"https:\/\/api.w.org\/{rel}","templated":true}]}}