{"id":33308,"date":"2024-10-03T07:17:17","date_gmt":"2024-10-03T11:17:17","guid":{"rendered":"https:\/\/conexion23.com\/?p=33308"},"modified":"2024-10-03T07:17:19","modified_gmt":"2024-10-03T11:17:19","slug":"en-el-pld-continuan-las-renuncias-en-esta-ocasion-lo-hizo-domingo-contreras","status":"publish","type":"post","link":"https:\/\/conexion23.com\/?p=33308","title":{"rendered":"En el PLD contin\u00faan las renuncias en esta ocasi\u00f3n lo hizo Domingo Contreras."},"content":{"rendered":"\n<p>El excandidato a la Alcald\u00eda del Distrito Nacional por el Partido de la Liberaci\u00f3n Dominicana (PLD) Domingo Contreras anunci\u00f3 este mi\u00e9rcoles su renuncia de esta organizaci\u00f3n y dar inicio a una nueva etapa para seguir aportando desde un espacio donde podamos construir un futuro mejor para todos\u00bb.<\/p>\n\n\n\n<p>\u00abHoy cierro un ciclo de 40 a\u00f1os en el&nbsp;<a href=\"https:\/\/www.instagram.com\/PLDenlinea\/\">@PLDenlinea<\/a>, un camino dedicado a contribuir con el desarrollo de nuestro pa\u00eds y apoyar a las comunidades m\u00e1s vulnerables\u00bb, dijo Contreras en un audiovisual difundido por sus redes sociales.<\/p>\n\n\n\n<p><strong>DICE RD NECESITA OPOSICI\u00d3N CON LIDERAZGO RENOVADO<\/strong><\/p>\n\n\n\n<p>Contreras, miembro hasta hoy del comit\u00e9 pol\u00edtico del PLD, afirm\u00f3 que ha decidido dar \u00abun nuevo paso, porque estoy convencido de que la Rep\u00fablica Dominicana necesita una oposici\u00f3n que trabaje con una agenda com\u00fan y un liderazgo renovado para enfrentar los desaf\u00edos actuales\u00bb.<\/p>\n\n\n\n<p>El exaspirante tambi\u00e9n dio a conocer una comunicaci\u00f3n dirigida al expresidente Danilo Medina, presidente del PLD, presentando su renuncia.<\/p>\n\n\n\n<p>Para Contreras, el PLD marc\u00f3 el inicio de una desconexi\u00f3n con su base y el electorado, a causa de la divisi\u00f3n interna de 2019 lo que, afirm\u00f3, se reflej\u00f3 en que la candidatura presidencial de esa organizaci\u00f3n solo obtuviera el 38 % de los votos v\u00e1lidos en las elecciones de 2020.<\/p>\n\n\n\n<p><strong>LUCH\u00d3 POR UNA ALIANZA OPOSITORA<\/strong><\/p>\n\n\n\n<p>Asegur\u00f3 que, como candidato a la Alcald\u00eda del Distrito Nacional en los comicios pasados, enfrent\u00f3 el reto de luchar por una alianza opositora que permitiera al partido lograr una participaci\u00f3n con posibilidades de \u00e9xito.<\/p>\n\n\n\n<p>Record\u00f3 que en las elecciones presidenciales de 2016 el PLD result\u00f3 favorecido con m\u00e1s de 2 millones de votos, mientras que ocho a\u00f1os despu\u00e9s (2024) solo logr\u00f3 400,000 sufragios.<\/p>\n\n\n\n<p>\u00abLas luchas sociales son la aspiraci\u00f3n de la expresi\u00f3n por trascender y de alinear los intereses con principios. Este es mi compromiso con la familia, la comunidad y el pa\u00eds. Y hoy, m\u00e1s que nunca, estoy convencido de que hay que renovar nuestro compromiso de un mejor futuro para la Rep\u00fablica Dominicana\u00bb, dijo Contreras.<\/p>\n\n\n\n<p><strong>EXPULSI\u00d3N DE AMARANTE BARET<\/strong><\/p>\n\n\n\n<p>La renuncia de Contreras se produce d\u00edas despu\u00e9s de que el PLD expulsara de manera \u00abdeshonrosa\u00bb al exministro de Educaci\u00f3n Carlos Amarante Baret, tras acusarlo de fomentar un movimiento a lo interno de ese partido dirigido a persuadir a miembros de ese partido para que renuncien y formen parte de una nueva organizaci\u00f3n pol\u00edtica.<\/p>\n\n\n\n<p>En julio pasado, Amarante Baret encabez\u00f3 una rueda de prensa en la que estuvieron, entre dirigentes del PLD, Contreras y el exsenador por Barahona Jos\u00e9 Del Castillo Savi\u00f1\u00f3n.<\/p>\n\n\n\n<p>En esa oportunidad, Amarante Baret fue el portavoz del grupo y expres\u00f3 que aceptaban la renuncia de Danilo Medina como presidente del PLD, luego de que este la presentara semanas antes.<\/p>\n\n\n\n<p>Sin embargo, Medina dej\u00f3 atr\u00e1s su decisi\u00f3n a principios de agosto pasado, cuando dijo que lo hac\u00eda ante las peticiones en ese sentido que le hab\u00edan formulado varios dirigentes del comit\u00e9 pol\u00edtico y del comit\u00e9 central del partido opositor.<\/p>\n","protected":false},"excerpt":{"rendered":"<p>El excandidato a la Alcald\u00eda del Distrito Nacional por el Partido de la Liberaci\u00f3n Dominicana (PLD) Domingo Contreras anunci\u00f3 este mi\u00e9rcoles su renuncia de esta organizaci\u00f3n y dar inicio a una nueva etapa para seguir aportando desde un espacio donde podamos construir un futuro mejor para todos\u00bb. \u00abHoy cierro un ciclo de 40 a\u00f1os en [&hellip;]<\/p>\n","protected":false},"author":15,"featured_media":33309,"comment_status":"open","ping_status":"open","sticky":false,"template":"","format":"standard","meta":{"footnotes":""},"categories":[1],"tags":[],"class_list":{"0":"post-33308","1":"post","2":"type-post","3":"status-publish","4":"format-standard","5":"has-post-thumbnail","7":"category-uncategorized"},"yoast_head":"<!-- This site is optimized with the Yoast SEO plugin v27.1.1 - https:\/\/yoast.com\/product\/yoast-seo-wordpress\/ -->\n<title>En el PLD contin\u00faan las renuncias en esta ocasi\u00f3n lo hizo Domingo Contreras. - Conexi\u00f3n 23<\/title>\n<meta name=\"robots\" content=\"index, follow, max-snippet:-1, max-image-preview:large, max-video-preview:-1\" \/>\n<link rel=\"canonical\" href=\"http:\/\/conexion23.com\/?p=33308\" \/>\n<meta property=\"og:locale\" content=\"es_ES\" \/>\n<meta property=\"og:type\" content=\"article\" \/>\n<meta property=\"og:title\" content=\"En el PLD contin\u00faan las renuncias en esta ocasi\u00f3n lo hizo Domingo Contreras. - Conexi\u00f3n 23\" \/>\n<meta property=\"og:description\" content=\"El excandidato a la Alcald\u00eda del Distrito Nacional por el Partido de la Liberaci\u00f3n Dominicana (PLD) Domingo Contreras anunci\u00f3 este mi\u00e9rcoles su renuncia de esta organizaci\u00f3n y dar inicio a una nueva etapa para seguir aportando desde un espacio donde podamos construir un futuro mejor para todos\u00bb. \u00abHoy cierro un ciclo de 40 a\u00f1os en [&hellip;]\" \/>\n<meta property=\"og:url\" content=\"http:\/\/conexion23.com\/?p=33308\" \/>\n<meta property=\"og:site_name\" content=\"Conexi\u00f3n 23\" \/>\n<meta property=\"article:publisher\" content=\"https:\/\/www.facebook.com\/conexion23com\" \/>\n<meta property=\"article:published_time\" content=\"2024-10-03T11:17:17+00:00\" \/>\n<meta property=\"article:modified_time\" content=\"2024-10-03T11:17:19+00:00\" \/>\n<meta property=\"og:image\" content=\"http:\/\/conexion23.com\/wp-content\/uploads\/2024\/10\/img_5338-1.webp\" \/>\n\t<meta property=\"og:image:width\" content=\"500\" \/>\n\t<meta property=\"og:image:height\" content=\"283\" \/>\n\t<meta property=\"og:image:type\" content=\"image\/webp\" \/>\n<meta name=\"author\" content=\"Raffy Ben\u00edtez\" \/>\n<meta name=\"twitter:card\" content=\"summary_large_image\" \/>\n<meta name=\"twitter:label1\" content=\"Escrito por\" \/>\n\t<meta name=\"twitter:data1\" content=\"Raffy Ben\u00edtez\" \/>\n\t<meta name=\"twitter:label2\" content=\"Tiempo de lectura\" \/>\n\t<meta name=\"twitter:data2\" content=\"3 minutos\" \/>\n<script type=\"application\/ld+json\" class=\"yoast-schema-graph\">{\"@context\":\"https:\/\/schema.org\",\"@graph\":[{\"@type\":\"Article\",\"@id\":\"http:\/\/conexion23.com\/?p=33308#article\",\"isPartOf\":{\"@id\":\"http:\/\/conexion23.com\/?p=33308\"},\"author\":{\"name\":\"Raffy Ben\u00edtez\",\"@id\":\"https:\/\/conexion23.com\/#\/schema\/person\/03e36043331117e97a373299bbcd30a6\"},\"headline\":\"En el PLD contin\u00faan las renuncias en esta ocasi\u00f3n lo hizo Domingo Contreras.\",\"datePublished\":\"2024-10-03T11:17:17+00:00\",\"dateModified\":\"2024-10-03T11:17:19+00:00\",\"mainEntityOfPage\":{\"@id\":\"http:\/\/conexion23.com\/?p=33308\"},\"wordCount\":531,\"commentCount\":0,\"publisher\":{\"@id\":\"https:\/\/conexion23.com\/#organization\"},\"image\":{\"@id\":\"http:\/\/conexion23.com\/?p=33308#primaryimage\"},\"thumbnailUrl\":\"https:\/\/conexion23.com\/wp-content\/uploads\/2024\/10\/img_5338-1.webp\",\"articleSection\":[\"Uncategorized\"],\"inLanguage\":\"es\",\"potentialAction\":[{\"@type\":\"CommentAction\",\"name\":\"Comment\",\"target\":[\"http:\/\/conexion23.com\/?p=33308#respond\"]}]},{\"@type\":\"WebPage\",\"@id\":\"http:\/\/conexion23.com\/?p=33308\",\"url\":\"http:\/\/conexion23.com\/?p=33308\",\"name\":\"En el PLD contin\u00faan las renuncias en esta ocasi\u00f3n lo hizo Domingo Contreras. - Conexi\u00f3n 23\",\"isPartOf\":{\"@id\":\"https:\/\/conexion23.com\/#website\"},\"primaryImageOfPage\":{\"@id\":\"http:\/\/conexion23.com\/?p=33308#primaryimage\"},\"image\":{\"@id\":\"http:\/\/conexion23.com\/?p=33308#primaryimage\"},\"thumbnailUrl\":\"https:\/\/conexion23.com\/wp-content\/uploads\/2024\/10\/img_5338-1.webp\",\"datePublished\":\"2024-10-03T11:17:17+00:00\",\"dateModified\":\"2024-10-03T11:17:19+00:00\",\"breadcrumb\":{\"@id\":\"http:\/\/conexion23.com\/?p=33308#breadcrumb\"},\"inLanguage\":\"es\",\"potentialAction\":[{\"@type\":\"ReadAction\",\"target\":[\"http:\/\/conexion23.com\/?p=33308\"]}]},{\"@type\":\"ImageObject\",\"inLanguage\":\"es\",\"@id\":\"http:\/\/conexion23.com\/?p=33308#primaryimage\",\"url\":\"https:\/\/conexion23.com\/wp-content\/uploads\/2024\/10\/img_5338-1.webp\",\"contentUrl\":\"https:\/\/conexion23.com\/wp-content\/uploads\/2024\/10\/img_5338-1.webp\",\"width\":500,\"height\":283},{\"@type\":\"BreadcrumbList\",\"@id\":\"http:\/\/conexion23.com\/?p=33308#breadcrumb\",\"itemListElement\":[{\"@type\":\"ListItem\",\"position\":1,\"name\":\"Portada\",\"item\":\"https:\/\/conexion23.com\/\"},{\"@type\":\"ListItem\",\"position\":2,\"name\":\"En el PLD contin\u00faan las renuncias en esta ocasi\u00f3n lo hizo Domingo Contreras.\"}]},{\"@type\":\"WebSite\",\"@id\":\"https:\/\/conexion23.com\/#website\",\"url\":\"https:\/\/conexion23.com\/\",\"name\":\"Conexi\u00f3n 23\",\"description\":\"Peri\u00f3dico 100% Petromacorisano\",\"publisher\":{\"@id\":\"https:\/\/conexion23.com\/#organization\"},\"potentialAction\":[{\"@type\":\"SearchAction\",\"target\":{\"@type\":\"EntryPoint\",\"urlTemplate\":\"https:\/\/conexion23.com\/?s={search_term_string}\"},\"query-input\":{\"@type\":\"PropertyValueSpecification\",\"valueRequired\":true,\"valueName\":\"search_term_string\"}}],\"inLanguage\":\"es\"},{\"@type\":\"Organization\",\"@id\":\"https:\/\/conexion23.com\/#organization\",\"name\":\"Conexion 23\",\"url\":\"https:\/\/conexion23.com\/\",\"logo\":{\"@type\":\"ImageObject\",\"inLanguage\":\"es\",\"@id\":\"https:\/\/conexion23.com\/#\/schema\/logo\/image\/\",\"url\":\"https:\/\/conexion23.com\/wp-content\/uploads\/2021\/11\/Diseno-sin-titulo-2.png\",\"contentUrl\":\"https:\/\/conexion23.com\/wp-content\/uploads\/2021\/11\/Diseno-sin-titulo-2.png\",\"width\":541,\"height\":90,\"caption\":\"Conexion 23\"},\"image\":{\"@id\":\"https:\/\/conexion23.com\/#\/schema\/logo\/image\/\"},\"sameAs\":[\"https:\/\/www.facebook.com\/conexion23com\",\"https:\/\/www.instagram.com\/conexion23com\/\",\"https:\/\/www.youtube.com\/channel\/UCYc7vxxFZMYLIHNsHHxPZ3Q\"]},{\"@type\":\"Person\",\"@id\":\"https:\/\/conexion23.com\/#\/schema\/person\/03e36043331117e97a373299bbcd30a6\",\"name\":\"Raffy Ben\u00edtez\",\"image\":{\"@type\":\"ImageObject\",\"inLanguage\":\"es\",\"@id\":\"https:\/\/conexion23.com\/#\/schema\/person\/image\/\",\"url\":\"https:\/\/secure.gravatar.com\/avatar\/3190a6a6c5e1b0327500f7d6c56b6242472ee6cb974cf09b401ee6b3b0798f23?s=96&d=mm&r=g\",\"contentUrl\":\"https:\/\/secure.gravatar.com\/avatar\/3190a6a6c5e1b0327500f7d6c56b6242472ee6cb974cf09b401ee6b3b0798f23?s=96&d=mm&r=g\",\"caption\":\"Raffy Ben\u00edtez\"},\"url\":\"https:\/\/conexion23.com\/?author=15\"}]}<\/script>\n<!-- \/ Yoast SEO plugin. -->","yoast_head_json":{"title":"En el PLD contin\u00faan las renuncias en esta ocasi\u00f3n lo hizo Domingo Contreras. - Conexi\u00f3n 23","robots":{"index":"index","follow":"follow","max-snippet":"max-snippet:-1","max-image-preview":"max-image-preview:large","max-video-preview":"max-video-preview:-1"},"canonical":"http:\/\/conexion23.com\/?p=33308","og_locale":"es_ES","og_type":"article","og_title":"En el PLD contin\u00faan las renuncias en esta ocasi\u00f3n lo hizo Domingo Contreras. - Conexi\u00f3n 23","og_description":"El excandidato a la Alcald\u00eda del Distrito Nacional por el Partido de la Liberaci\u00f3n Dominicana (PLD) Domingo Contreras anunci\u00f3 este mi\u00e9rcoles su renuncia de esta organizaci\u00f3n y dar inicio a una nueva etapa para seguir aportando desde un espacio donde podamos construir un futuro mejor para todos\u00bb. \u00abHoy cierro un ciclo de 40 a\u00f1os en [&hellip;]","og_url":"http:\/\/conexion23.com\/?p=33308","og_site_name":"Conexi\u00f3n 23","article_publisher":"https:\/\/www.facebook.com\/conexion23com","article_published_time":"2024-10-03T11:17:17+00:00","article_modified_time":"2024-10-03T11:17:19+00:00","og_image":[{"width":500,"height":283,"url":"http:\/\/conexion23.com\/wp-content\/uploads\/2024\/10\/img_5338-1.webp","type":"image\/webp"}],"author":"Raffy Ben\u00edtez","twitter_card":"summary_large_image","twitter_misc":{"Escrito por":"Raffy Ben\u00edtez","Tiempo de lectura":"3 minutos"},"schema":{"@context":"https:\/\/schema.org","@graph":[{"@type":"Article","@id":"http:\/\/conexion23.com\/?p=33308#article","isPartOf":{"@id":"http:\/\/conexion23.com\/?p=33308"},"author":{"name":"Raffy Ben\u00edtez","@id":"https:\/\/conexion23.com\/#\/schema\/person\/03e36043331117e97a373299bbcd30a6"},"headline":"En el PLD contin\u00faan las renuncias en esta ocasi\u00f3n lo hizo Domingo Contreras.","datePublished":"2024-10-03T11:17:17+00:00","dateModified":"2024-10-03T11:17:19+00:00","mainEntityOfPage":{"@id":"http:\/\/conexion23.com\/?p=33308"},"wordCount":531,"commentCount":0,"publisher":{"@id":"https:\/\/conexion23.com\/#organization"},"image":{"@id":"http:\/\/conexion23.com\/?p=33308#primaryimage"},"thumbnailUrl":"https:\/\/conexion23.com\/wp-content\/uploads\/2024\/10\/img_5338-1.webp","articleSection":["Uncategorized"],"inLanguage":"es","potentialAction":[{"@type":"CommentAction","name":"Comment","target":["http:\/\/conexion23.com\/?p=33308#respond"]}]},{"@type":"WebPage","@id":"http:\/\/conexion23.com\/?p=33308","url":"http:\/\/conexion23.com\/?p=33308","name":"En el PLD contin\u00faan las renuncias en esta ocasi\u00f3n lo hizo Domingo Contreras. - Conexi\u00f3n 23","isPartOf":{"@id":"https:\/\/conexion23.com\/#website"},"primaryImageOfPage":{"@id":"http:\/\/conexion23.com\/?p=33308#primaryimage"},"image":{"@id":"http:\/\/conexion23.com\/?p=33308#primaryimage"},"thumbnailUrl":"https:\/\/conexion23.com\/wp-content\/uploads\/2024\/10\/img_5338-1.webp","datePublished":"2024-10-03T11:17:17+00:00","dateModified":"2024-10-03T11:17:19+00:00","breadcrumb":{"@id":"http:\/\/conexion23.com\/?p=33308#breadcrumb"},"inLanguage":"es","potentialAction":[{"@type":"ReadAction","target":["http:\/\/conexion23.com\/?p=33308"]}]},{"@type":"ImageObject","inLanguage":"es","@id":"http:\/\/conexion23.com\/?p=33308#primaryimage","url":"https:\/\/conexion23.com\/wp-content\/uploads\/2024\/10\/img_5338-1.webp","contentUrl":"https:\/\/conexion23.com\/wp-content\/uploads\/2024\/10\/img_5338-1.webp","width":500,"height":283},{"@type":"BreadcrumbList","@id":"http:\/\/conexion23.com\/?p=33308#breadcrumb","itemListElement":[{"@type":"ListItem","position":1,"name":"Portada","item":"https:\/\/conexion23.com\/"},{"@type":"ListItem","position":2,"name":"En el PLD contin\u00faan las renuncias en esta ocasi\u00f3n lo hizo Domingo Contreras."}]},{"@type":"WebSite","@id":"https:\/\/conexion23.com\/#website","url":"https:\/\/conexion23.com\/","name":"Conexi\u00f3n 23","description":"Peri\u00f3dico 100% Petromacorisano","publisher":{"@id":"https:\/\/conexion23.com\/#organization"},"potentialAction":[{"@type":"SearchAction","target":{"@type":"EntryPoint","urlTemplate":"https:\/\/conexion23.com\/?s={search_term_string}"},"query-input":{"@type":"PropertyValueSpecification","valueRequired":true,"valueName":"search_term_string"}}],"inLanguage":"es"},{"@type":"Organization","@id":"https:\/\/conexion23.com\/#organization","name":"Conexion 23","url":"https:\/\/conexion23.com\/","logo":{"@type":"ImageObject","inLanguage":"es","@id":"https:\/\/conexion23.com\/#\/schema\/logo\/image\/","url":"https:\/\/conexion23.com\/wp-content\/uploads\/2021\/11\/Diseno-sin-titulo-2.png","contentUrl":"https:\/\/conexion23.com\/wp-content\/uploads\/2021\/11\/Diseno-sin-titulo-2.png","width":541,"height":90,"caption":"Conexion 23"},"image":{"@id":"https:\/\/conexion23.com\/#\/schema\/logo\/image\/"},"sameAs":["https:\/\/www.facebook.com\/conexion23com","https:\/\/www.instagram.com\/conexion23com\/","https:\/\/www.youtube.com\/channel\/UCYc7vxxFZMYLIHNsHHxPZ3Q"]},{"@type":"Person","@id":"https:\/\/conexion23.com\/#\/schema\/person\/03e36043331117e97a373299bbcd30a6","name":"Raffy Ben\u00edtez","image":{"@type":"ImageObject","inLanguage":"es","@id":"https:\/\/conexion23.com\/#\/schema\/person\/image\/","url":"https:\/\/secure.gravatar.com\/avatar\/3190a6a6c5e1b0327500f7d6c56b6242472ee6cb974cf09b401ee6b3b0798f23?s=96&d=mm&r=g","contentUrl":"https:\/\/secure.gravatar.com\/avatar\/3190a6a6c5e1b0327500f7d6c56b6242472ee6cb974cf09b401ee6b3b0798f23?s=96&d=mm&r=g","caption":"Raffy Ben\u00edtez"},"url":"https:\/\/conexion23.com\/?author=15"}]}},"_links":{"self":[{"href":"https:\/\/conexion23.com\/index.php?rest_route=\/wp\/v2\/posts\/33308","targetHints":{"allow":["GET"]}}],"collection":[{"href":"https:\/\/conexion23.com\/index.php?rest_route=\/wp\/v2\/posts"}],"about":[{"href":"https:\/\/conexion23.com\/index.php?rest_route=\/wp\/v2\/types\/post"}],"author":[{"embeddable":true,"href":"https:\/\/conexion23.com\/index.php?rest_route=\/wp\/v2\/users\/15"}],"replies":[{"embeddable":true,"href":"https:\/\/conexion23.com\/index.php?rest_route=%2Fwp%2Fv2%2Fcomments&post=33308"}],"version-history":[{"count":1,"href":"https:\/\/conexion23.com\/index.php?rest_route=\/wp\/v2\/posts\/33308\/revisions"}],"predecessor-version":[{"id":33310,"href":"https:\/\/conexion23.com\/index.php?rest_route=\/wp\/v2\/posts\/33308\/revisions\/33310"}],"wp:featuredmedia":[{"embeddable":true,"href":"https:\/\/conexion23.com\/index.php?rest_route=\/wp\/v2\/media\/33309"}],"wp:attachment":[{"href":"https:\/\/conexion23.com\/index.php?rest_route=%2Fwp%2Fv2%2Fmedia&parent=33308"}],"wp:term":[{"taxonomy":"category","embeddable":true,"href":"https:\/\/conexion23.com\/index.php?rest_route=%2Fwp%2Fv2%2Fcategories&post=33308"},{"taxonomy":"post_tag","embeddable":true,"href":"https:\/\/conexion23.com\/index.php?rest_route=%2Fwp%2Fv2%2Ftags&post=33308"}],"curies":[{"name":"wp","href":"https:\/\/api.w.org\/{rel}","templated":true}]}}