{"id":33311,"date":"2024-10-03T07:19:45","date_gmt":"2024-10-03T11:19:45","guid":{"rendered":"https:\/\/conexion23.com\/?p=33311"},"modified":"2024-10-03T07:19:46","modified_gmt":"2024-10-03T11:19:46","slug":"trump-responsabiliza-a-biden-y-harris-por-la-escalada-en-oriente-medio","status":"publish","type":"post","link":"https:\/\/conexion23.com\/?p=33311","title":{"rendered":"Trump responsabiliza a Biden y Harris por la escalada en Oriente Medio."},"content":{"rendered":"\n<p>El expresidente de Estados Unidos, Donald Trump, acus\u00f3 a Joe Biden y a su vicepresidenta Kamala Harris de ser los responsables de la escalada de tensiones entre Israel e Ir\u00e1n, calific\u00e1ndolos de \u201cextremadamente incompetentes\u201d. En un mitin en Wisconsin, Trump afirm\u00f3 que la administraci\u00f3n actual ha permitido que Ir\u00e1n se enriquezca en poco m\u00e1s de tres a\u00f1os, lo que, seg\u00fan \u00e9l, ha contribuido al agravamiento de la situaci\u00f3n en la regi\u00f3n.<\/p>\n\n\n\n<p>Trump asegur\u00f3 que bajo su mandato, Ir\u00e1n estaba \u201cbajo control total\u201d y que las sanciones hab\u00edan debilitado al pa\u00eds. Seg\u00fan el exmandatario, si Biden hubiera continuado con su pol\u00edtica, habr\u00eda sido posible llegar a un acuerdo con Teher\u00e1n. Adem\u00e1s, critic\u00f3 a Harris por supuestamente \u201cinundar\u201d a Ir\u00e1n con dinero estadounidense, lo que, en su opini\u00f3n, ha fortalecido al r\u00e9gimen persa.<\/p>\n\n\n\n<p>El republicano fue m\u00e1s all\u00e1, se\u00f1alando que la administraci\u00f3n de Biden y Harris est\u00e1 llevando a Estados Unidos al borde de una Tercera Guerra Mundial debido a su \u201cineptitud\u201d. Trump sugiri\u00f3 que Ir\u00e1n apoya secretamente a Harris como futura presidenta, insinuando una alianza encubierta entre el r\u00e9gimen iran\u00ed y la vicepresidenta.<\/p>\n\n\n\n<p>Por otro lado, Teher\u00e1n justific\u00f3 un ataque reciente contra Israel como una \u201crespuesta leg\u00edtima\u201d a lo que describen como actos terroristas por parte del r\u00e9gimen sionista, alegando que estos atentados violaron la soberan\u00eda iran\u00ed.<\/p>\n","protected":false},"excerpt":{"rendered":"<p>El expresidente de Estados Unidos, Donald Trump, acus\u00f3 a Joe Biden y a su vicepresidenta Kamala Harris de ser los responsables de la escalada de tensiones entre Israel e Ir\u00e1n, calific\u00e1ndolos de \u201cextremadamente incompetentes\u201d. En un mitin en Wisconsin, Trump afirm\u00f3 que la administraci\u00f3n actual ha permitido que Ir\u00e1n se enriquezca en poco m\u00e1s de [&hellip;]<\/p>\n","protected":false},"author":15,"featured_media":33312,"comment_status":"open","ping_status":"open","sticky":false,"template":"","format":"standard","meta":{"footnotes":""},"categories":[1],"tags":[],"class_list":{"0":"post-33311","1":"post","2":"type-post","3":"status-publish","4":"format-standard","5":"has-post-thumbnail","7":"category-uncategorized"},"yoast_head":"<!-- This site is optimized with the Yoast SEO plugin v27.1.1 - https:\/\/yoast.com\/product\/yoast-seo-wordpress\/ -->\n<title>Trump responsabiliza a Biden y Harris por la escalada en Oriente Medio. - Conexi\u00f3n 23<\/title>\n<meta name=\"robots\" content=\"index, follow, max-snippet:-1, max-image-preview:large, max-video-preview:-1\" \/>\n<link rel=\"canonical\" href=\"http:\/\/conexion23.com\/?p=33311\" \/>\n<meta property=\"og:locale\" content=\"es_ES\" \/>\n<meta property=\"og:type\" content=\"article\" \/>\n<meta property=\"og:title\" content=\"Trump responsabiliza a Biden y Harris por la escalada en Oriente Medio. - Conexi\u00f3n 23\" \/>\n<meta property=\"og:description\" content=\"El expresidente de Estados Unidos, Donald Trump, acus\u00f3 a Joe Biden y a su vicepresidenta Kamala Harris de ser los responsables de la escalada de tensiones entre Israel e Ir\u00e1n, calific\u00e1ndolos de \u201cextremadamente incompetentes\u201d. En un mitin en Wisconsin, Trump afirm\u00f3 que la administraci\u00f3n actual ha permitido que Ir\u00e1n se enriquezca en poco m\u00e1s de [&hellip;]\" \/>\n<meta property=\"og:url\" content=\"http:\/\/conexion23.com\/?p=33311\" \/>\n<meta property=\"og:site_name\" content=\"Conexi\u00f3n 23\" \/>\n<meta property=\"article:publisher\" content=\"https:\/\/www.facebook.com\/conexion23com\" \/>\n<meta property=\"article:published_time\" content=\"2024-10-03T11:19:45+00:00\" \/>\n<meta property=\"article:modified_time\" content=\"2024-10-03T11:19:46+00:00\" \/>\n<meta property=\"og:image\" content=\"http:\/\/conexion23.com\/wp-content\/uploads\/2024\/10\/Trump-culpa-a-Biden-y-Harris-de-la-escalada-en-Oriente-Medio.jpg.webp\" \/>\n\t<meta property=\"og:image:width\" content=\"1000\" \/>\n\t<meta property=\"og:image:height\" content=\"563\" \/>\n\t<meta property=\"og:image:type\" content=\"image\/webp\" \/>\n<meta name=\"author\" content=\"Raffy Ben\u00edtez\" \/>\n<meta name=\"twitter:card\" content=\"summary_large_image\" \/>\n<meta name=\"twitter:label1\" content=\"Escrito por\" \/>\n\t<meta name=\"twitter:data1\" content=\"Raffy Ben\u00edtez\" \/>\n\t<meta name=\"twitter:label2\" content=\"Tiempo de lectura\" \/>\n\t<meta name=\"twitter:data2\" content=\"2 minutos\" \/>\n<script type=\"application\/ld+json\" class=\"yoast-schema-graph\">{\"@context\":\"https:\/\/schema.org\",\"@graph\":[{\"@type\":\"Article\",\"@id\":\"http:\/\/conexion23.com\/?p=33311#article\",\"isPartOf\":{\"@id\":\"http:\/\/conexion23.com\/?p=33311\"},\"author\":{\"name\":\"Raffy Ben\u00edtez\",\"@id\":\"https:\/\/conexion23.com\/#\/schema\/person\/03e36043331117e97a373299bbcd30a6\"},\"headline\":\"Trump responsabiliza a Biden y Harris por la escalada en Oriente Medio.\",\"datePublished\":\"2024-10-03T11:19:45+00:00\",\"dateModified\":\"2024-10-03T11:19:46+00:00\",\"mainEntityOfPage\":{\"@id\":\"http:\/\/conexion23.com\/?p=33311\"},\"wordCount\":257,\"commentCount\":0,\"publisher\":{\"@id\":\"https:\/\/conexion23.com\/#organization\"},\"image\":{\"@id\":\"http:\/\/conexion23.com\/?p=33311#primaryimage\"},\"thumbnailUrl\":\"https:\/\/conexion23.com\/wp-content\/uploads\/2024\/10\/Trump-culpa-a-Biden-y-Harris-de-la-escalada-en-Oriente-Medio.jpg.webp\",\"articleSection\":[\"Uncategorized\"],\"inLanguage\":\"es\",\"potentialAction\":[{\"@type\":\"CommentAction\",\"name\":\"Comment\",\"target\":[\"http:\/\/conexion23.com\/?p=33311#respond\"]}]},{\"@type\":\"WebPage\",\"@id\":\"http:\/\/conexion23.com\/?p=33311\",\"url\":\"http:\/\/conexion23.com\/?p=33311\",\"name\":\"Trump responsabiliza a Biden y Harris por la escalada en Oriente Medio. - Conexi\u00f3n 23\",\"isPartOf\":{\"@id\":\"https:\/\/conexion23.com\/#website\"},\"primaryImageOfPage\":{\"@id\":\"http:\/\/conexion23.com\/?p=33311#primaryimage\"},\"image\":{\"@id\":\"http:\/\/conexion23.com\/?p=33311#primaryimage\"},\"thumbnailUrl\":\"https:\/\/conexion23.com\/wp-content\/uploads\/2024\/10\/Trump-culpa-a-Biden-y-Harris-de-la-escalada-en-Oriente-Medio.jpg.webp\",\"datePublished\":\"2024-10-03T11:19:45+00:00\",\"dateModified\":\"2024-10-03T11:19:46+00:00\",\"breadcrumb\":{\"@id\":\"http:\/\/conexion23.com\/?p=33311#breadcrumb\"},\"inLanguage\":\"es\",\"potentialAction\":[{\"@type\":\"ReadAction\",\"target\":[\"http:\/\/conexion23.com\/?p=33311\"]}]},{\"@type\":\"ImageObject\",\"inLanguage\":\"es\",\"@id\":\"http:\/\/conexion23.com\/?p=33311#primaryimage\",\"url\":\"https:\/\/conexion23.com\/wp-content\/uploads\/2024\/10\/Trump-culpa-a-Biden-y-Harris-de-la-escalada-en-Oriente-Medio.jpg.webp\",\"contentUrl\":\"https:\/\/conexion23.com\/wp-content\/uploads\/2024\/10\/Trump-culpa-a-Biden-y-Harris-de-la-escalada-en-Oriente-Medio.jpg.webp\",\"width\":1000,\"height\":563},{\"@type\":\"BreadcrumbList\",\"@id\":\"http:\/\/conexion23.com\/?p=33311#breadcrumb\",\"itemListElement\":[{\"@type\":\"ListItem\",\"position\":1,\"name\":\"Portada\",\"item\":\"https:\/\/conexion23.com\/\"},{\"@type\":\"ListItem\",\"position\":2,\"name\":\"Trump responsabiliza a Biden y Harris por la escalada en Oriente Medio.\"}]},{\"@type\":\"WebSite\",\"@id\":\"https:\/\/conexion23.com\/#website\",\"url\":\"https:\/\/conexion23.com\/\",\"name\":\"Conexi\u00f3n 23\",\"description\":\"Peri\u00f3dico 100% Petromacorisano\",\"publisher\":{\"@id\":\"https:\/\/conexion23.com\/#organization\"},\"potentialAction\":[{\"@type\":\"SearchAction\",\"target\":{\"@type\":\"EntryPoint\",\"urlTemplate\":\"https:\/\/conexion23.com\/?s={search_term_string}\"},\"query-input\":{\"@type\":\"PropertyValueSpecification\",\"valueRequired\":true,\"valueName\":\"search_term_string\"}}],\"inLanguage\":\"es\"},{\"@type\":\"Organization\",\"@id\":\"https:\/\/conexion23.com\/#organization\",\"name\":\"Conexion 23\",\"url\":\"https:\/\/conexion23.com\/\",\"logo\":{\"@type\":\"ImageObject\",\"inLanguage\":\"es\",\"@id\":\"https:\/\/conexion23.com\/#\/schema\/logo\/image\/\",\"url\":\"https:\/\/conexion23.com\/wp-content\/uploads\/2021\/11\/Diseno-sin-titulo-2.png\",\"contentUrl\":\"https:\/\/conexion23.com\/wp-content\/uploads\/2021\/11\/Diseno-sin-titulo-2.png\",\"width\":541,\"height\":90,\"caption\":\"Conexion 23\"},\"image\":{\"@id\":\"https:\/\/conexion23.com\/#\/schema\/logo\/image\/\"},\"sameAs\":[\"https:\/\/www.facebook.com\/conexion23com\",\"https:\/\/www.instagram.com\/conexion23com\/\",\"https:\/\/www.youtube.com\/channel\/UCYc7vxxFZMYLIHNsHHxPZ3Q\"]},{\"@type\":\"Person\",\"@id\":\"https:\/\/conexion23.com\/#\/schema\/person\/03e36043331117e97a373299bbcd30a6\",\"name\":\"Raffy Ben\u00edtez\",\"image\":{\"@type\":\"ImageObject\",\"inLanguage\":\"es\",\"@id\":\"https:\/\/conexion23.com\/#\/schema\/person\/image\/\",\"url\":\"https:\/\/secure.gravatar.com\/avatar\/3190a6a6c5e1b0327500f7d6c56b6242472ee6cb974cf09b401ee6b3b0798f23?s=96&d=mm&r=g\",\"contentUrl\":\"https:\/\/secure.gravatar.com\/avatar\/3190a6a6c5e1b0327500f7d6c56b6242472ee6cb974cf09b401ee6b3b0798f23?s=96&d=mm&r=g\",\"caption\":\"Raffy Ben\u00edtez\"},\"url\":\"https:\/\/conexion23.com\/?author=15\"}]}<\/script>\n<!-- \/ Yoast SEO plugin. -->","yoast_head_json":{"title":"Trump responsabiliza a Biden y Harris por la escalada en Oriente Medio. - Conexi\u00f3n 23","robots":{"index":"index","follow":"follow","max-snippet":"max-snippet:-1","max-image-preview":"max-image-preview:large","max-video-preview":"max-video-preview:-1"},"canonical":"http:\/\/conexion23.com\/?p=33311","og_locale":"es_ES","og_type":"article","og_title":"Trump responsabiliza a Biden y Harris por la escalada en Oriente Medio. - Conexi\u00f3n 23","og_description":"El expresidente de Estados Unidos, Donald Trump, acus\u00f3 a Joe Biden y a su vicepresidenta Kamala Harris de ser los responsables de la escalada de tensiones entre Israel e Ir\u00e1n, calific\u00e1ndolos de \u201cextremadamente incompetentes\u201d. En un mitin en Wisconsin, Trump afirm\u00f3 que la administraci\u00f3n actual ha permitido que Ir\u00e1n se enriquezca en poco m\u00e1s de [&hellip;]","og_url":"http:\/\/conexion23.com\/?p=33311","og_site_name":"Conexi\u00f3n 23","article_publisher":"https:\/\/www.facebook.com\/conexion23com","article_published_time":"2024-10-03T11:19:45+00:00","article_modified_time":"2024-10-03T11:19:46+00:00","og_image":[{"width":1000,"height":563,"url":"http:\/\/conexion23.com\/wp-content\/uploads\/2024\/10\/Trump-culpa-a-Biden-y-Harris-de-la-escalada-en-Oriente-Medio.jpg.webp","type":"image\/webp"}],"author":"Raffy Ben\u00edtez","twitter_card":"summary_large_image","twitter_misc":{"Escrito por":"Raffy Ben\u00edtez","Tiempo de lectura":"2 minutos"},"schema":{"@context":"https:\/\/schema.org","@graph":[{"@type":"Article","@id":"http:\/\/conexion23.com\/?p=33311#article","isPartOf":{"@id":"http:\/\/conexion23.com\/?p=33311"},"author":{"name":"Raffy Ben\u00edtez","@id":"https:\/\/conexion23.com\/#\/schema\/person\/03e36043331117e97a373299bbcd30a6"},"headline":"Trump responsabiliza a Biden y Harris por la escalada en Oriente Medio.","datePublished":"2024-10-03T11:19:45+00:00","dateModified":"2024-10-03T11:19:46+00:00","mainEntityOfPage":{"@id":"http:\/\/conexion23.com\/?p=33311"},"wordCount":257,"commentCount":0,"publisher":{"@id":"https:\/\/conexion23.com\/#organization"},"image":{"@id":"http:\/\/conexion23.com\/?p=33311#primaryimage"},"thumbnailUrl":"https:\/\/conexion23.com\/wp-content\/uploads\/2024\/10\/Trump-culpa-a-Biden-y-Harris-de-la-escalada-en-Oriente-Medio.jpg.webp","articleSection":["Uncategorized"],"inLanguage":"es","potentialAction":[{"@type":"CommentAction","name":"Comment","target":["http:\/\/conexion23.com\/?p=33311#respond"]}]},{"@type":"WebPage","@id":"http:\/\/conexion23.com\/?p=33311","url":"http:\/\/conexion23.com\/?p=33311","name":"Trump responsabiliza a Biden y Harris por la escalada en Oriente Medio. - Conexi\u00f3n 23","isPartOf":{"@id":"https:\/\/conexion23.com\/#website"},"primaryImageOfPage":{"@id":"http:\/\/conexion23.com\/?p=33311#primaryimage"},"image":{"@id":"http:\/\/conexion23.com\/?p=33311#primaryimage"},"thumbnailUrl":"https:\/\/conexion23.com\/wp-content\/uploads\/2024\/10\/Trump-culpa-a-Biden-y-Harris-de-la-escalada-en-Oriente-Medio.jpg.webp","datePublished":"2024-10-03T11:19:45+00:00","dateModified":"2024-10-03T11:19:46+00:00","breadcrumb":{"@id":"http:\/\/conexion23.com\/?p=33311#breadcrumb"},"inLanguage":"es","potentialAction":[{"@type":"ReadAction","target":["http:\/\/conexion23.com\/?p=33311"]}]},{"@type":"ImageObject","inLanguage":"es","@id":"http:\/\/conexion23.com\/?p=33311#primaryimage","url":"https:\/\/conexion23.com\/wp-content\/uploads\/2024\/10\/Trump-culpa-a-Biden-y-Harris-de-la-escalada-en-Oriente-Medio.jpg.webp","contentUrl":"https:\/\/conexion23.com\/wp-content\/uploads\/2024\/10\/Trump-culpa-a-Biden-y-Harris-de-la-escalada-en-Oriente-Medio.jpg.webp","width":1000,"height":563},{"@type":"BreadcrumbList","@id":"http:\/\/conexion23.com\/?p=33311#breadcrumb","itemListElement":[{"@type":"ListItem","position":1,"name":"Portada","item":"https:\/\/conexion23.com\/"},{"@type":"ListItem","position":2,"name":"Trump responsabiliza a Biden y Harris por la escalada en Oriente Medio."}]},{"@type":"WebSite","@id":"https:\/\/conexion23.com\/#website","url":"https:\/\/conexion23.com\/","name":"Conexi\u00f3n 23","description":"Peri\u00f3dico 100% Petromacorisano","publisher":{"@id":"https:\/\/conexion23.com\/#organization"},"potentialAction":[{"@type":"SearchAction","target":{"@type":"EntryPoint","urlTemplate":"https:\/\/conexion23.com\/?s={search_term_string}"},"query-input":{"@type":"PropertyValueSpecification","valueRequired":true,"valueName":"search_term_string"}}],"inLanguage":"es"},{"@type":"Organization","@id":"https:\/\/conexion23.com\/#organization","name":"Conexion 23","url":"https:\/\/conexion23.com\/","logo":{"@type":"ImageObject","inLanguage":"es","@id":"https:\/\/conexion23.com\/#\/schema\/logo\/image\/","url":"https:\/\/conexion23.com\/wp-content\/uploads\/2021\/11\/Diseno-sin-titulo-2.png","contentUrl":"https:\/\/conexion23.com\/wp-content\/uploads\/2021\/11\/Diseno-sin-titulo-2.png","width":541,"height":90,"caption":"Conexion 23"},"image":{"@id":"https:\/\/conexion23.com\/#\/schema\/logo\/image\/"},"sameAs":["https:\/\/www.facebook.com\/conexion23com","https:\/\/www.instagram.com\/conexion23com\/","https:\/\/www.youtube.com\/channel\/UCYc7vxxFZMYLIHNsHHxPZ3Q"]},{"@type":"Person","@id":"https:\/\/conexion23.com\/#\/schema\/person\/03e36043331117e97a373299bbcd30a6","name":"Raffy Ben\u00edtez","image":{"@type":"ImageObject","inLanguage":"es","@id":"https:\/\/conexion23.com\/#\/schema\/person\/image\/","url":"https:\/\/secure.gravatar.com\/avatar\/3190a6a6c5e1b0327500f7d6c56b6242472ee6cb974cf09b401ee6b3b0798f23?s=96&d=mm&r=g","contentUrl":"https:\/\/secure.gravatar.com\/avatar\/3190a6a6c5e1b0327500f7d6c56b6242472ee6cb974cf09b401ee6b3b0798f23?s=96&d=mm&r=g","caption":"Raffy Ben\u00edtez"},"url":"https:\/\/conexion23.com\/?author=15"}]}},"_links":{"self":[{"href":"https:\/\/conexion23.com\/index.php?rest_route=\/wp\/v2\/posts\/33311","targetHints":{"allow":["GET"]}}],"collection":[{"href":"https:\/\/conexion23.com\/index.php?rest_route=\/wp\/v2\/posts"}],"about":[{"href":"https:\/\/conexion23.com\/index.php?rest_route=\/wp\/v2\/types\/post"}],"author":[{"embeddable":true,"href":"https:\/\/conexion23.com\/index.php?rest_route=\/wp\/v2\/users\/15"}],"replies":[{"embeddable":true,"href":"https:\/\/conexion23.com\/index.php?rest_route=%2Fwp%2Fv2%2Fcomments&post=33311"}],"version-history":[{"count":1,"href":"https:\/\/conexion23.com\/index.php?rest_route=\/wp\/v2\/posts\/33311\/revisions"}],"predecessor-version":[{"id":33313,"href":"https:\/\/conexion23.com\/index.php?rest_route=\/wp\/v2\/posts\/33311\/revisions\/33313"}],"wp:featuredmedia":[{"embeddable":true,"href":"https:\/\/conexion23.com\/index.php?rest_route=\/wp\/v2\/media\/33312"}],"wp:attachment":[{"href":"https:\/\/conexion23.com\/index.php?rest_route=%2Fwp%2Fv2%2Fmedia&parent=33311"}],"wp:term":[{"taxonomy":"category","embeddable":true,"href":"https:\/\/conexion23.com\/index.php?rest_route=%2Fwp%2Fv2%2Fcategories&post=33311"},{"taxonomy":"post_tag","embeddable":true,"href":"https:\/\/conexion23.com\/index.php?rest_route=%2Fwp%2Fv2%2Ftags&post=33311"}],"curies":[{"name":"wp","href":"https:\/\/api.w.org\/{rel}","templated":true}]}}