{"id":33320,"date":"2024-10-03T07:35:52","date_gmt":"2024-10-03T11:35:52","guid":{"rendered":"https:\/\/conexion23.com\/?p=33320"},"modified":"2024-10-03T07:35:54","modified_gmt":"2024-10-03T11:35:54","slug":"diputado-alcibiades-tavarez-condena-que-ministerio-publico-no-haya-actuado-en-el-caso-del-intrant-y-hugo-beras","status":"publish","type":"post","link":"https:\/\/conexion23.com\/?p=33320","title":{"rendered":"Diputado Alcib\u00edades Tav\u00e1rez condena que ministerio p\u00fablico no haya actuado en el caso del intrant y Hugo Beras"},"content":{"rendered":"\n<p>Condenamos en\u00e9rgicamente que el Ministerio P\u00fablico no haya actuado con mayor firmeza en el caso del Intrant y la empresa Transcore Latam SRL, frente a las alegadas irregularidades que fueron oportunamente denunciadas por la Direcci\u00f3n General de Compras y Contrataciones P\u00fablicas.<\/p>\n\n\n\n<p>Los actos cuestionables relacionados con el mal manejo de los recursos del Estado no deben ser ignorados por el organo persecutor, sin importar la afiliaci\u00f3n partidaria del funcionario involucrado. La transparencia debe prevalecer por encima de cualquier inter\u00e9s particular o pol\u00edtico.<\/p>\n\n\n\n<p>Es imperativo que las instituciones encargadas de velar por la justicia y la correcta administraci\u00f3n de los recursos p\u00fablicos act\u00faen con la celeridad y el rigor necesarios. La confianza de la ciudadan\u00eda en sus gobernantes y en las entidades p\u00fablicas depende de la capacidad del Estado para sancionar y corregir cualquier tipo de irregularidad. No podemos permitir que estos hechos queden impunes, pues ello socava el principio de legalidad y la credibilidad del sistema democr\u00e1tico.<\/p>\n","protected":false},"excerpt":{"rendered":"<p>Condenamos en\u00e9rgicamente que el Ministerio P\u00fablico no haya actuado con mayor firmeza en el caso del Intrant y la empresa Transcore Latam SRL, frente a las alegadas irregularidades que fueron oportunamente denunciadas por la Direcci\u00f3n General de Compras y Contrataciones P\u00fablicas. Los actos cuestionables relacionados con el mal manejo de los recursos del Estado no [&hellip;]<\/p>\n","protected":false},"author":15,"featured_media":33321,"comment_status":"open","ping_status":"open","sticky":false,"template":"","format":"standard","meta":{"footnotes":""},"categories":[35],"tags":[],"class_list":{"0":"post-33320","1":"post","2":"type-post","3":"status-publish","4":"format-standard","5":"has-post-thumbnail","7":"category-spm"},"yoast_head":"<!-- This site is optimized with the Yoast SEO plugin v27.1.1 - https:\/\/yoast.com\/product\/yoast-seo-wordpress\/ -->\n<title>Diputado Alcib\u00edades Tav\u00e1rez condena que ministerio p\u00fablico no haya actuado en el caso del intrant y Hugo Beras - Conexi\u00f3n 23<\/title>\n<meta name=\"robots\" content=\"index, follow, max-snippet:-1, max-image-preview:large, max-video-preview:-1\" \/>\n<link rel=\"canonical\" href=\"http:\/\/conexion23.com\/?p=33320\" \/>\n<meta property=\"og:locale\" content=\"es_ES\" \/>\n<meta property=\"og:type\" content=\"article\" \/>\n<meta property=\"og:title\" content=\"Diputado Alcib\u00edades Tav\u00e1rez condena que ministerio p\u00fablico no haya actuado en el caso del intrant y Hugo Beras - Conexi\u00f3n 23\" \/>\n<meta property=\"og:description\" content=\"Condenamos en\u00e9rgicamente que el Ministerio P\u00fablico no haya actuado con mayor firmeza en el caso del Intrant y la empresa Transcore Latam SRL, frente a las alegadas irregularidades que fueron oportunamente denunciadas por la Direcci\u00f3n General de Compras y Contrataciones P\u00fablicas. Los actos cuestionables relacionados con el mal manejo de los recursos del Estado no [&hellip;]\" \/>\n<meta property=\"og:url\" content=\"http:\/\/conexion23.com\/?p=33320\" \/>\n<meta property=\"og:site_name\" content=\"Conexi\u00f3n 23\" \/>\n<meta property=\"article:publisher\" content=\"https:\/\/www.facebook.com\/conexion23com\" \/>\n<meta property=\"article:published_time\" content=\"2024-10-03T11:35:52+00:00\" \/>\n<meta property=\"article:modified_time\" content=\"2024-10-03T11:35:54+00:00\" \/>\n<meta property=\"og:image\" content=\"http:\/\/conexion23.com\/wp-content\/uploads\/2024\/10\/ngfgfgf.jpg\" \/>\n\t<meta property=\"og:image:width\" content=\"279\" \/>\n\t<meta property=\"og:image:height\" content=\"156\" \/>\n\t<meta property=\"og:image:type\" content=\"image\/jpeg\" \/>\n<meta name=\"author\" content=\"Raffy Ben\u00edtez\" \/>\n<meta name=\"twitter:card\" content=\"summary_large_image\" \/>\n<meta name=\"twitter:label1\" content=\"Escrito por\" \/>\n\t<meta name=\"twitter:data1\" content=\"Raffy Ben\u00edtez\" \/>\n\t<meta name=\"twitter:label2\" content=\"Tiempo de lectura\" \/>\n\t<meta name=\"twitter:data2\" content=\"1 minuto\" \/>\n<script type=\"application\/ld+json\" class=\"yoast-schema-graph\">{\"@context\":\"https:\/\/schema.org\",\"@graph\":[{\"@type\":\"Article\",\"@id\":\"http:\/\/conexion23.com\/?p=33320#article\",\"isPartOf\":{\"@id\":\"http:\/\/conexion23.com\/?p=33320\"},\"author\":{\"name\":\"Raffy Ben\u00edtez\",\"@id\":\"https:\/\/conexion23.com\/#\/schema\/person\/03e36043331117e97a373299bbcd30a6\"},\"headline\":\"Diputado Alcib\u00edades Tav\u00e1rez condena que ministerio p\u00fablico no haya actuado en el caso del intrant y Hugo Beras\",\"datePublished\":\"2024-10-03T11:35:52+00:00\",\"dateModified\":\"2024-10-03T11:35:54+00:00\",\"mainEntityOfPage\":{\"@id\":\"http:\/\/conexion23.com\/?p=33320\"},\"wordCount\":191,\"commentCount\":0,\"publisher\":{\"@id\":\"https:\/\/conexion23.com\/#organization\"},\"image\":{\"@id\":\"http:\/\/conexion23.com\/?p=33320#primaryimage\"},\"thumbnailUrl\":\"https:\/\/conexion23.com\/wp-content\/uploads\/2024\/10\/ngfgfgf.jpg\",\"articleSection\":[\"SPM\"],\"inLanguage\":\"es\",\"potentialAction\":[{\"@type\":\"CommentAction\",\"name\":\"Comment\",\"target\":[\"http:\/\/conexion23.com\/?p=33320#respond\"]}]},{\"@type\":\"WebPage\",\"@id\":\"http:\/\/conexion23.com\/?p=33320\",\"url\":\"http:\/\/conexion23.com\/?p=33320\",\"name\":\"Diputado Alcib\u00edades Tav\u00e1rez condena que ministerio p\u00fablico no haya actuado en el caso del intrant y Hugo Beras - Conexi\u00f3n 23\",\"isPartOf\":{\"@id\":\"https:\/\/conexion23.com\/#website\"},\"primaryImageOfPage\":{\"@id\":\"http:\/\/conexion23.com\/?p=33320#primaryimage\"},\"image\":{\"@id\":\"http:\/\/conexion23.com\/?p=33320#primaryimage\"},\"thumbnailUrl\":\"https:\/\/conexion23.com\/wp-content\/uploads\/2024\/10\/ngfgfgf.jpg\",\"datePublished\":\"2024-10-03T11:35:52+00:00\",\"dateModified\":\"2024-10-03T11:35:54+00:00\",\"breadcrumb\":{\"@id\":\"http:\/\/conexion23.com\/?p=33320#breadcrumb\"},\"inLanguage\":\"es\",\"potentialAction\":[{\"@type\":\"ReadAction\",\"target\":[\"http:\/\/conexion23.com\/?p=33320\"]}]},{\"@type\":\"ImageObject\",\"inLanguage\":\"es\",\"@id\":\"http:\/\/conexion23.com\/?p=33320#primaryimage\",\"url\":\"https:\/\/conexion23.com\/wp-content\/uploads\/2024\/10\/ngfgfgf.jpg\",\"contentUrl\":\"https:\/\/conexion23.com\/wp-content\/uploads\/2024\/10\/ngfgfgf.jpg\",\"width\":279,\"height\":156},{\"@type\":\"BreadcrumbList\",\"@id\":\"http:\/\/conexion23.com\/?p=33320#breadcrumb\",\"itemListElement\":[{\"@type\":\"ListItem\",\"position\":1,\"name\":\"Portada\",\"item\":\"https:\/\/conexion23.com\/\"},{\"@type\":\"ListItem\",\"position\":2,\"name\":\"Diputado Alcib\u00edades Tav\u00e1rez condena que ministerio p\u00fablico no haya actuado en el caso del intrant y Hugo Beras\"}]},{\"@type\":\"WebSite\",\"@id\":\"https:\/\/conexion23.com\/#website\",\"url\":\"https:\/\/conexion23.com\/\",\"name\":\"Conexi\u00f3n 23\",\"description\":\"Peri\u00f3dico 100% Petromacorisano\",\"publisher\":{\"@id\":\"https:\/\/conexion23.com\/#organization\"},\"potentialAction\":[{\"@type\":\"SearchAction\",\"target\":{\"@type\":\"EntryPoint\",\"urlTemplate\":\"https:\/\/conexion23.com\/?s={search_term_string}\"},\"query-input\":{\"@type\":\"PropertyValueSpecification\",\"valueRequired\":true,\"valueName\":\"search_term_string\"}}],\"inLanguage\":\"es\"},{\"@type\":\"Organization\",\"@id\":\"https:\/\/conexion23.com\/#organization\",\"name\":\"Conexion 23\",\"url\":\"https:\/\/conexion23.com\/\",\"logo\":{\"@type\":\"ImageObject\",\"inLanguage\":\"es\",\"@id\":\"https:\/\/conexion23.com\/#\/schema\/logo\/image\/\",\"url\":\"https:\/\/conexion23.com\/wp-content\/uploads\/2021\/11\/Diseno-sin-titulo-2.png\",\"contentUrl\":\"https:\/\/conexion23.com\/wp-content\/uploads\/2021\/11\/Diseno-sin-titulo-2.png\",\"width\":541,\"height\":90,\"caption\":\"Conexion 23\"},\"image\":{\"@id\":\"https:\/\/conexion23.com\/#\/schema\/logo\/image\/\"},\"sameAs\":[\"https:\/\/www.facebook.com\/conexion23com\",\"https:\/\/www.instagram.com\/conexion23com\/\",\"https:\/\/www.youtube.com\/channel\/UCYc7vxxFZMYLIHNsHHxPZ3Q\"]},{\"@type\":\"Person\",\"@id\":\"https:\/\/conexion23.com\/#\/schema\/person\/03e36043331117e97a373299bbcd30a6\",\"name\":\"Raffy Ben\u00edtez\",\"image\":{\"@type\":\"ImageObject\",\"inLanguage\":\"es\",\"@id\":\"https:\/\/conexion23.com\/#\/schema\/person\/image\/\",\"url\":\"https:\/\/secure.gravatar.com\/avatar\/3190a6a6c5e1b0327500f7d6c56b6242472ee6cb974cf09b401ee6b3b0798f23?s=96&d=mm&r=g\",\"contentUrl\":\"https:\/\/secure.gravatar.com\/avatar\/3190a6a6c5e1b0327500f7d6c56b6242472ee6cb974cf09b401ee6b3b0798f23?s=96&d=mm&r=g\",\"caption\":\"Raffy Ben\u00edtez\"},\"url\":\"https:\/\/conexion23.com\/?author=15\"}]}<\/script>\n<!-- \/ Yoast SEO plugin. -->","yoast_head_json":{"title":"Diputado Alcib\u00edades Tav\u00e1rez condena que ministerio p\u00fablico no haya actuado en el caso del intrant y Hugo Beras - Conexi\u00f3n 23","robots":{"index":"index","follow":"follow","max-snippet":"max-snippet:-1","max-image-preview":"max-image-preview:large","max-video-preview":"max-video-preview:-1"},"canonical":"http:\/\/conexion23.com\/?p=33320","og_locale":"es_ES","og_type":"article","og_title":"Diputado Alcib\u00edades Tav\u00e1rez condena que ministerio p\u00fablico no haya actuado en el caso del intrant y Hugo Beras - Conexi\u00f3n 23","og_description":"Condenamos en\u00e9rgicamente que el Ministerio P\u00fablico no haya actuado con mayor firmeza en el caso del Intrant y la empresa Transcore Latam SRL, frente a las alegadas irregularidades que fueron oportunamente denunciadas por la Direcci\u00f3n General de Compras y Contrataciones P\u00fablicas. Los actos cuestionables relacionados con el mal manejo de los recursos del Estado no [&hellip;]","og_url":"http:\/\/conexion23.com\/?p=33320","og_site_name":"Conexi\u00f3n 23","article_publisher":"https:\/\/www.facebook.com\/conexion23com","article_published_time":"2024-10-03T11:35:52+00:00","article_modified_time":"2024-10-03T11:35:54+00:00","og_image":[{"width":279,"height":156,"url":"http:\/\/conexion23.com\/wp-content\/uploads\/2024\/10\/ngfgfgf.jpg","type":"image\/jpeg"}],"author":"Raffy Ben\u00edtez","twitter_card":"summary_large_image","twitter_misc":{"Escrito por":"Raffy Ben\u00edtez","Tiempo de lectura":"1 minuto"},"schema":{"@context":"https:\/\/schema.org","@graph":[{"@type":"Article","@id":"http:\/\/conexion23.com\/?p=33320#article","isPartOf":{"@id":"http:\/\/conexion23.com\/?p=33320"},"author":{"name":"Raffy Ben\u00edtez","@id":"https:\/\/conexion23.com\/#\/schema\/person\/03e36043331117e97a373299bbcd30a6"},"headline":"Diputado Alcib\u00edades Tav\u00e1rez condena que ministerio p\u00fablico no haya actuado en el caso del intrant y Hugo Beras","datePublished":"2024-10-03T11:35:52+00:00","dateModified":"2024-10-03T11:35:54+00:00","mainEntityOfPage":{"@id":"http:\/\/conexion23.com\/?p=33320"},"wordCount":191,"commentCount":0,"publisher":{"@id":"https:\/\/conexion23.com\/#organization"},"image":{"@id":"http:\/\/conexion23.com\/?p=33320#primaryimage"},"thumbnailUrl":"https:\/\/conexion23.com\/wp-content\/uploads\/2024\/10\/ngfgfgf.jpg","articleSection":["SPM"],"inLanguage":"es","potentialAction":[{"@type":"CommentAction","name":"Comment","target":["http:\/\/conexion23.com\/?p=33320#respond"]}]},{"@type":"WebPage","@id":"http:\/\/conexion23.com\/?p=33320","url":"http:\/\/conexion23.com\/?p=33320","name":"Diputado Alcib\u00edades Tav\u00e1rez condena que ministerio p\u00fablico no haya actuado en el caso del intrant y Hugo Beras - Conexi\u00f3n 23","isPartOf":{"@id":"https:\/\/conexion23.com\/#website"},"primaryImageOfPage":{"@id":"http:\/\/conexion23.com\/?p=33320#primaryimage"},"image":{"@id":"http:\/\/conexion23.com\/?p=33320#primaryimage"},"thumbnailUrl":"https:\/\/conexion23.com\/wp-content\/uploads\/2024\/10\/ngfgfgf.jpg","datePublished":"2024-10-03T11:35:52+00:00","dateModified":"2024-10-03T11:35:54+00:00","breadcrumb":{"@id":"http:\/\/conexion23.com\/?p=33320#breadcrumb"},"inLanguage":"es","potentialAction":[{"@type":"ReadAction","target":["http:\/\/conexion23.com\/?p=33320"]}]},{"@type":"ImageObject","inLanguage":"es","@id":"http:\/\/conexion23.com\/?p=33320#primaryimage","url":"https:\/\/conexion23.com\/wp-content\/uploads\/2024\/10\/ngfgfgf.jpg","contentUrl":"https:\/\/conexion23.com\/wp-content\/uploads\/2024\/10\/ngfgfgf.jpg","width":279,"height":156},{"@type":"BreadcrumbList","@id":"http:\/\/conexion23.com\/?p=33320#breadcrumb","itemListElement":[{"@type":"ListItem","position":1,"name":"Portada","item":"https:\/\/conexion23.com\/"},{"@type":"ListItem","position":2,"name":"Diputado Alcib\u00edades Tav\u00e1rez condena que ministerio p\u00fablico no haya actuado en el caso del intrant y Hugo Beras"}]},{"@type":"WebSite","@id":"https:\/\/conexion23.com\/#website","url":"https:\/\/conexion23.com\/","name":"Conexi\u00f3n 23","description":"Peri\u00f3dico 100% Petromacorisano","publisher":{"@id":"https:\/\/conexion23.com\/#organization"},"potentialAction":[{"@type":"SearchAction","target":{"@type":"EntryPoint","urlTemplate":"https:\/\/conexion23.com\/?s={search_term_string}"},"query-input":{"@type":"PropertyValueSpecification","valueRequired":true,"valueName":"search_term_string"}}],"inLanguage":"es"},{"@type":"Organization","@id":"https:\/\/conexion23.com\/#organization","name":"Conexion 23","url":"https:\/\/conexion23.com\/","logo":{"@type":"ImageObject","inLanguage":"es","@id":"https:\/\/conexion23.com\/#\/schema\/logo\/image\/","url":"https:\/\/conexion23.com\/wp-content\/uploads\/2021\/11\/Diseno-sin-titulo-2.png","contentUrl":"https:\/\/conexion23.com\/wp-content\/uploads\/2021\/11\/Diseno-sin-titulo-2.png","width":541,"height":90,"caption":"Conexion 23"},"image":{"@id":"https:\/\/conexion23.com\/#\/schema\/logo\/image\/"},"sameAs":["https:\/\/www.facebook.com\/conexion23com","https:\/\/www.instagram.com\/conexion23com\/","https:\/\/www.youtube.com\/channel\/UCYc7vxxFZMYLIHNsHHxPZ3Q"]},{"@type":"Person","@id":"https:\/\/conexion23.com\/#\/schema\/person\/03e36043331117e97a373299bbcd30a6","name":"Raffy Ben\u00edtez","image":{"@type":"ImageObject","inLanguage":"es","@id":"https:\/\/conexion23.com\/#\/schema\/person\/image\/","url":"https:\/\/secure.gravatar.com\/avatar\/3190a6a6c5e1b0327500f7d6c56b6242472ee6cb974cf09b401ee6b3b0798f23?s=96&d=mm&r=g","contentUrl":"https:\/\/secure.gravatar.com\/avatar\/3190a6a6c5e1b0327500f7d6c56b6242472ee6cb974cf09b401ee6b3b0798f23?s=96&d=mm&r=g","caption":"Raffy Ben\u00edtez"},"url":"https:\/\/conexion23.com\/?author=15"}]}},"_links":{"self":[{"href":"https:\/\/conexion23.com\/index.php?rest_route=\/wp\/v2\/posts\/33320","targetHints":{"allow":["GET"]}}],"collection":[{"href":"https:\/\/conexion23.com\/index.php?rest_route=\/wp\/v2\/posts"}],"about":[{"href":"https:\/\/conexion23.com\/index.php?rest_route=\/wp\/v2\/types\/post"}],"author":[{"embeddable":true,"href":"https:\/\/conexion23.com\/index.php?rest_route=\/wp\/v2\/users\/15"}],"replies":[{"embeddable":true,"href":"https:\/\/conexion23.com\/index.php?rest_route=%2Fwp%2Fv2%2Fcomments&post=33320"}],"version-history":[{"count":1,"href":"https:\/\/conexion23.com\/index.php?rest_route=\/wp\/v2\/posts\/33320\/revisions"}],"predecessor-version":[{"id":33322,"href":"https:\/\/conexion23.com\/index.php?rest_route=\/wp\/v2\/posts\/33320\/revisions\/33322"}],"wp:featuredmedia":[{"embeddable":true,"href":"https:\/\/conexion23.com\/index.php?rest_route=\/wp\/v2\/media\/33321"}],"wp:attachment":[{"href":"https:\/\/conexion23.com\/index.php?rest_route=%2Fwp%2Fv2%2Fmedia&parent=33320"}],"wp:term":[{"taxonomy":"category","embeddable":true,"href":"https:\/\/conexion23.com\/index.php?rest_route=%2Fwp%2Fv2%2Fcategories&post=33320"},{"taxonomy":"post_tag","embeddable":true,"href":"https:\/\/conexion23.com\/index.php?rest_route=%2Fwp%2Fv2%2Ftags&post=33320"}],"curies":[{"name":"wp","href":"https:\/\/api.w.org\/{rel}","templated":true}]}}