{"id":33326,"date":"2024-10-03T07:45:09","date_gmt":"2024-10-03T11:45:09","guid":{"rendered":"https:\/\/conexion23.com\/?p=33326"},"modified":"2024-10-03T07:45:10","modified_gmt":"2024-10-03T11:45:10","slug":"encuentran-sin-vida-a-los-desaparecidos-en-explosion-en-destileria-brugal","status":"publish","type":"post","link":"https:\/\/conexion23.com\/?p=33326","title":{"rendered":"Encuentran sin Vida a los Desaparecidos en Explosi\u00f3n en Destiler\u00eda Brugal."},"content":{"rendered":"\n<p>Lamentablemente, los dos soldadores que se encontraban desaparecidos tras la explosi\u00f3n en la destiler\u00eda Brugal han sido encontrados sin vida. El incidente ocurri\u00f3 alrededor del mediod\u00eda de este mi\u00e9rcoles 2 de octubre.<\/p>\n\n\n\n<p>Equipos de la&nbsp;Defensa Civil,&nbsp;Bomberos&nbsp;y el&nbsp;9-1-1&nbsp;trabajaron arduamente en las labores de rescate. Los fallecidos son&nbsp;Mario Esteban Franco, residente en Placer Bonito, y&nbsp;Ricardo Tolentino, del sector Punta de Garza en San Pedro de Macor\u00eds. Ambos trabajaban para la contratista&nbsp;NYM Servicios Industriales SRL, no directamente para la destiler\u00eda.<\/p>\n\n\n\n<p>La situaci\u00f3n sigue en desarrollo y se espera m\u00e1s informaci\u00f3n en las pr\u00f3ximas horas para determinar las causas exactas del incidente y si hay m\u00e1s afectados.<\/p>\n","protected":false},"excerpt":{"rendered":"<p>Lamentablemente, los dos soldadores que se encontraban desaparecidos tras la explosi\u00f3n en la destiler\u00eda Brugal han sido encontrados sin vida. El incidente ocurri\u00f3 alrededor del mediod\u00eda de este mi\u00e9rcoles 2 de octubre. Equipos de la&nbsp;Defensa Civil,&nbsp;Bomberos&nbsp;y el&nbsp;9-1-1&nbsp;trabajaron arduamente en las labores de rescate. Los fallecidos son&nbsp;Mario Esteban Franco, residente en Placer Bonito, y&nbsp;Ricardo Tolentino, del [&hellip;]<\/p>\n","protected":false},"author":15,"featured_media":33327,"comment_status":"open","ping_status":"open","sticky":false,"template":"","format":"standard","meta":{"footnotes":""},"categories":[35],"tags":[],"class_list":{"0":"post-33326","1":"post","2":"type-post","3":"status-publish","4":"format-standard","5":"has-post-thumbnail","7":"category-spm"},"yoast_head":"<!-- This site is optimized with the Yoast SEO plugin v27.1.1 - https:\/\/yoast.com\/product\/yoast-seo-wordpress\/ -->\n<title>Encuentran sin Vida a los Desaparecidos en Explosi\u00f3n en Destiler\u00eda Brugal. - Conexi\u00f3n 23<\/title>\n<meta name=\"robots\" content=\"index, follow, max-snippet:-1, max-image-preview:large, max-video-preview:-1\" \/>\n<link rel=\"canonical\" href=\"http:\/\/conexion23.com\/?p=33326\" \/>\n<meta property=\"og:locale\" content=\"es_ES\" \/>\n<meta property=\"og:type\" content=\"article\" \/>\n<meta property=\"og:title\" content=\"Encuentran sin Vida a los Desaparecidos en Explosi\u00f3n en Destiler\u00eda Brugal. - Conexi\u00f3n 23\" \/>\n<meta property=\"og:description\" content=\"Lamentablemente, los dos soldadores que se encontraban desaparecidos tras la explosi\u00f3n en la destiler\u00eda Brugal han sido encontrados sin vida. El incidente ocurri\u00f3 alrededor del mediod\u00eda de este mi\u00e9rcoles 2 de octubre. Equipos de la&nbsp;Defensa Civil,&nbsp;Bomberos&nbsp;y el&nbsp;9-1-1&nbsp;trabajaron arduamente en las labores de rescate. Los fallecidos son&nbsp;Mario Esteban Franco, residente en Placer Bonito, y&nbsp;Ricardo Tolentino, del [&hellip;]\" \/>\n<meta property=\"og:url\" content=\"http:\/\/conexion23.com\/?p=33326\" \/>\n<meta property=\"og:site_name\" content=\"Conexi\u00f3n 23\" \/>\n<meta property=\"article:publisher\" content=\"https:\/\/www.facebook.com\/conexion23com\" \/>\n<meta property=\"article:published_time\" content=\"2024-10-03T11:45:09+00:00\" \/>\n<meta property=\"article:modified_time\" content=\"2024-10-03T11:45:10+00:00\" \/>\n<meta property=\"og:image\" content=\"http:\/\/conexion23.com\/wp-content\/uploads\/2024\/10\/yteytrktkt.jpg\" \/>\n\t<meta property=\"og:image:width\" content=\"225\" \/>\n\t<meta property=\"og:image:height\" content=\"215\" \/>\n\t<meta property=\"og:image:type\" content=\"image\/jpeg\" \/>\n<meta name=\"author\" content=\"Raffy Ben\u00edtez\" \/>\n<meta name=\"twitter:card\" content=\"summary_large_image\" \/>\n<meta name=\"twitter:label1\" content=\"Escrito por\" \/>\n\t<meta name=\"twitter:data1\" content=\"Raffy Ben\u00edtez\" \/>\n\t<meta name=\"twitter:label2\" content=\"Tiempo de lectura\" \/>\n\t<meta name=\"twitter:data2\" content=\"1 minuto\" \/>\n<script type=\"application\/ld+json\" class=\"yoast-schema-graph\">{\"@context\":\"https:\/\/schema.org\",\"@graph\":[{\"@type\":\"Article\",\"@id\":\"http:\/\/conexion23.com\/?p=33326#article\",\"isPartOf\":{\"@id\":\"http:\/\/conexion23.com\/?p=33326\"},\"author\":{\"name\":\"Raffy Ben\u00edtez\",\"@id\":\"https:\/\/conexion23.com\/#\/schema\/person\/03e36043331117e97a373299bbcd30a6\"},\"headline\":\"Encuentran sin Vida a los Desaparecidos en Explosi\u00f3n en Destiler\u00eda Brugal.\",\"datePublished\":\"2024-10-03T11:45:09+00:00\",\"dateModified\":\"2024-10-03T11:45:10+00:00\",\"mainEntityOfPage\":{\"@id\":\"http:\/\/conexion23.com\/?p=33326\"},\"wordCount\":143,\"commentCount\":0,\"publisher\":{\"@id\":\"https:\/\/conexion23.com\/#organization\"},\"image\":{\"@id\":\"http:\/\/conexion23.com\/?p=33326#primaryimage\"},\"thumbnailUrl\":\"https:\/\/conexion23.com\/wp-content\/uploads\/2024\/10\/yteytrktkt.jpg\",\"articleSection\":[\"SPM\"],\"inLanguage\":\"es\",\"potentialAction\":[{\"@type\":\"CommentAction\",\"name\":\"Comment\",\"target\":[\"http:\/\/conexion23.com\/?p=33326#respond\"]}]},{\"@type\":\"WebPage\",\"@id\":\"http:\/\/conexion23.com\/?p=33326\",\"url\":\"http:\/\/conexion23.com\/?p=33326\",\"name\":\"Encuentran sin Vida a los Desaparecidos en Explosi\u00f3n en Destiler\u00eda Brugal. - Conexi\u00f3n 23\",\"isPartOf\":{\"@id\":\"https:\/\/conexion23.com\/#website\"},\"primaryImageOfPage\":{\"@id\":\"http:\/\/conexion23.com\/?p=33326#primaryimage\"},\"image\":{\"@id\":\"http:\/\/conexion23.com\/?p=33326#primaryimage\"},\"thumbnailUrl\":\"https:\/\/conexion23.com\/wp-content\/uploads\/2024\/10\/yteytrktkt.jpg\",\"datePublished\":\"2024-10-03T11:45:09+00:00\",\"dateModified\":\"2024-10-03T11:45:10+00:00\",\"breadcrumb\":{\"@id\":\"http:\/\/conexion23.com\/?p=33326#breadcrumb\"},\"inLanguage\":\"es\",\"potentialAction\":[{\"@type\":\"ReadAction\",\"target\":[\"http:\/\/conexion23.com\/?p=33326\"]}]},{\"@type\":\"ImageObject\",\"inLanguage\":\"es\",\"@id\":\"http:\/\/conexion23.com\/?p=33326#primaryimage\",\"url\":\"https:\/\/conexion23.com\/wp-content\/uploads\/2024\/10\/yteytrktkt.jpg\",\"contentUrl\":\"https:\/\/conexion23.com\/wp-content\/uploads\/2024\/10\/yteytrktkt.jpg\",\"width\":225,\"height\":215},{\"@type\":\"BreadcrumbList\",\"@id\":\"http:\/\/conexion23.com\/?p=33326#breadcrumb\",\"itemListElement\":[{\"@type\":\"ListItem\",\"position\":1,\"name\":\"Portada\",\"item\":\"https:\/\/conexion23.com\/\"},{\"@type\":\"ListItem\",\"position\":2,\"name\":\"Encuentran sin Vida a los Desaparecidos en Explosi\u00f3n en Destiler\u00eda Brugal.\"}]},{\"@type\":\"WebSite\",\"@id\":\"https:\/\/conexion23.com\/#website\",\"url\":\"https:\/\/conexion23.com\/\",\"name\":\"Conexi\u00f3n 23\",\"description\":\"Peri\u00f3dico 100% Petromacorisano\",\"publisher\":{\"@id\":\"https:\/\/conexion23.com\/#organization\"},\"potentialAction\":[{\"@type\":\"SearchAction\",\"target\":{\"@type\":\"EntryPoint\",\"urlTemplate\":\"https:\/\/conexion23.com\/?s={search_term_string}\"},\"query-input\":{\"@type\":\"PropertyValueSpecification\",\"valueRequired\":true,\"valueName\":\"search_term_string\"}}],\"inLanguage\":\"es\"},{\"@type\":\"Organization\",\"@id\":\"https:\/\/conexion23.com\/#organization\",\"name\":\"Conexion 23\",\"url\":\"https:\/\/conexion23.com\/\",\"logo\":{\"@type\":\"ImageObject\",\"inLanguage\":\"es\",\"@id\":\"https:\/\/conexion23.com\/#\/schema\/logo\/image\/\",\"url\":\"https:\/\/conexion23.com\/wp-content\/uploads\/2021\/11\/Diseno-sin-titulo-2.png\",\"contentUrl\":\"https:\/\/conexion23.com\/wp-content\/uploads\/2021\/11\/Diseno-sin-titulo-2.png\",\"width\":541,\"height\":90,\"caption\":\"Conexion 23\"},\"image\":{\"@id\":\"https:\/\/conexion23.com\/#\/schema\/logo\/image\/\"},\"sameAs\":[\"https:\/\/www.facebook.com\/conexion23com\",\"https:\/\/www.instagram.com\/conexion23com\/\",\"https:\/\/www.youtube.com\/channel\/UCYc7vxxFZMYLIHNsHHxPZ3Q\"]},{\"@type\":\"Person\",\"@id\":\"https:\/\/conexion23.com\/#\/schema\/person\/03e36043331117e97a373299bbcd30a6\",\"name\":\"Raffy Ben\u00edtez\",\"image\":{\"@type\":\"ImageObject\",\"inLanguage\":\"es\",\"@id\":\"https:\/\/conexion23.com\/#\/schema\/person\/image\/\",\"url\":\"https:\/\/secure.gravatar.com\/avatar\/3190a6a6c5e1b0327500f7d6c56b6242472ee6cb974cf09b401ee6b3b0798f23?s=96&d=mm&r=g\",\"contentUrl\":\"https:\/\/secure.gravatar.com\/avatar\/3190a6a6c5e1b0327500f7d6c56b6242472ee6cb974cf09b401ee6b3b0798f23?s=96&d=mm&r=g\",\"caption\":\"Raffy Ben\u00edtez\"},\"url\":\"https:\/\/conexion23.com\/?author=15\"}]}<\/script>\n<!-- \/ Yoast SEO plugin. -->","yoast_head_json":{"title":"Encuentran sin Vida a los Desaparecidos en Explosi\u00f3n en Destiler\u00eda Brugal. - Conexi\u00f3n 23","robots":{"index":"index","follow":"follow","max-snippet":"max-snippet:-1","max-image-preview":"max-image-preview:large","max-video-preview":"max-video-preview:-1"},"canonical":"http:\/\/conexion23.com\/?p=33326","og_locale":"es_ES","og_type":"article","og_title":"Encuentran sin Vida a los Desaparecidos en Explosi\u00f3n en Destiler\u00eda Brugal. - Conexi\u00f3n 23","og_description":"Lamentablemente, los dos soldadores que se encontraban desaparecidos tras la explosi\u00f3n en la destiler\u00eda Brugal han sido encontrados sin vida. El incidente ocurri\u00f3 alrededor del mediod\u00eda de este mi\u00e9rcoles 2 de octubre. Equipos de la&nbsp;Defensa Civil,&nbsp;Bomberos&nbsp;y el&nbsp;9-1-1&nbsp;trabajaron arduamente en las labores de rescate. Los fallecidos son&nbsp;Mario Esteban Franco, residente en Placer Bonito, y&nbsp;Ricardo Tolentino, del [&hellip;]","og_url":"http:\/\/conexion23.com\/?p=33326","og_site_name":"Conexi\u00f3n 23","article_publisher":"https:\/\/www.facebook.com\/conexion23com","article_published_time":"2024-10-03T11:45:09+00:00","article_modified_time":"2024-10-03T11:45:10+00:00","og_image":[{"width":225,"height":215,"url":"http:\/\/conexion23.com\/wp-content\/uploads\/2024\/10\/yteytrktkt.jpg","type":"image\/jpeg"}],"author":"Raffy Ben\u00edtez","twitter_card":"summary_large_image","twitter_misc":{"Escrito por":"Raffy Ben\u00edtez","Tiempo de lectura":"1 minuto"},"schema":{"@context":"https:\/\/schema.org","@graph":[{"@type":"Article","@id":"http:\/\/conexion23.com\/?p=33326#article","isPartOf":{"@id":"http:\/\/conexion23.com\/?p=33326"},"author":{"name":"Raffy Ben\u00edtez","@id":"https:\/\/conexion23.com\/#\/schema\/person\/03e36043331117e97a373299bbcd30a6"},"headline":"Encuentran sin Vida a los Desaparecidos en Explosi\u00f3n en Destiler\u00eda Brugal.","datePublished":"2024-10-03T11:45:09+00:00","dateModified":"2024-10-03T11:45:10+00:00","mainEntityOfPage":{"@id":"http:\/\/conexion23.com\/?p=33326"},"wordCount":143,"commentCount":0,"publisher":{"@id":"https:\/\/conexion23.com\/#organization"},"image":{"@id":"http:\/\/conexion23.com\/?p=33326#primaryimage"},"thumbnailUrl":"https:\/\/conexion23.com\/wp-content\/uploads\/2024\/10\/yteytrktkt.jpg","articleSection":["SPM"],"inLanguage":"es","potentialAction":[{"@type":"CommentAction","name":"Comment","target":["http:\/\/conexion23.com\/?p=33326#respond"]}]},{"@type":"WebPage","@id":"http:\/\/conexion23.com\/?p=33326","url":"http:\/\/conexion23.com\/?p=33326","name":"Encuentran sin Vida a los Desaparecidos en Explosi\u00f3n en Destiler\u00eda Brugal. - Conexi\u00f3n 23","isPartOf":{"@id":"https:\/\/conexion23.com\/#website"},"primaryImageOfPage":{"@id":"http:\/\/conexion23.com\/?p=33326#primaryimage"},"image":{"@id":"http:\/\/conexion23.com\/?p=33326#primaryimage"},"thumbnailUrl":"https:\/\/conexion23.com\/wp-content\/uploads\/2024\/10\/yteytrktkt.jpg","datePublished":"2024-10-03T11:45:09+00:00","dateModified":"2024-10-03T11:45:10+00:00","breadcrumb":{"@id":"http:\/\/conexion23.com\/?p=33326#breadcrumb"},"inLanguage":"es","potentialAction":[{"@type":"ReadAction","target":["http:\/\/conexion23.com\/?p=33326"]}]},{"@type":"ImageObject","inLanguage":"es","@id":"http:\/\/conexion23.com\/?p=33326#primaryimage","url":"https:\/\/conexion23.com\/wp-content\/uploads\/2024\/10\/yteytrktkt.jpg","contentUrl":"https:\/\/conexion23.com\/wp-content\/uploads\/2024\/10\/yteytrktkt.jpg","width":225,"height":215},{"@type":"BreadcrumbList","@id":"http:\/\/conexion23.com\/?p=33326#breadcrumb","itemListElement":[{"@type":"ListItem","position":1,"name":"Portada","item":"https:\/\/conexion23.com\/"},{"@type":"ListItem","position":2,"name":"Encuentran sin Vida a los Desaparecidos en Explosi\u00f3n en Destiler\u00eda Brugal."}]},{"@type":"WebSite","@id":"https:\/\/conexion23.com\/#website","url":"https:\/\/conexion23.com\/","name":"Conexi\u00f3n 23","description":"Peri\u00f3dico 100% Petromacorisano","publisher":{"@id":"https:\/\/conexion23.com\/#organization"},"potentialAction":[{"@type":"SearchAction","target":{"@type":"EntryPoint","urlTemplate":"https:\/\/conexion23.com\/?s={search_term_string}"},"query-input":{"@type":"PropertyValueSpecification","valueRequired":true,"valueName":"search_term_string"}}],"inLanguage":"es"},{"@type":"Organization","@id":"https:\/\/conexion23.com\/#organization","name":"Conexion 23","url":"https:\/\/conexion23.com\/","logo":{"@type":"ImageObject","inLanguage":"es","@id":"https:\/\/conexion23.com\/#\/schema\/logo\/image\/","url":"https:\/\/conexion23.com\/wp-content\/uploads\/2021\/11\/Diseno-sin-titulo-2.png","contentUrl":"https:\/\/conexion23.com\/wp-content\/uploads\/2021\/11\/Diseno-sin-titulo-2.png","width":541,"height":90,"caption":"Conexion 23"},"image":{"@id":"https:\/\/conexion23.com\/#\/schema\/logo\/image\/"},"sameAs":["https:\/\/www.facebook.com\/conexion23com","https:\/\/www.instagram.com\/conexion23com\/","https:\/\/www.youtube.com\/channel\/UCYc7vxxFZMYLIHNsHHxPZ3Q"]},{"@type":"Person","@id":"https:\/\/conexion23.com\/#\/schema\/person\/03e36043331117e97a373299bbcd30a6","name":"Raffy Ben\u00edtez","image":{"@type":"ImageObject","inLanguage":"es","@id":"https:\/\/conexion23.com\/#\/schema\/person\/image\/","url":"https:\/\/secure.gravatar.com\/avatar\/3190a6a6c5e1b0327500f7d6c56b6242472ee6cb974cf09b401ee6b3b0798f23?s=96&d=mm&r=g","contentUrl":"https:\/\/secure.gravatar.com\/avatar\/3190a6a6c5e1b0327500f7d6c56b6242472ee6cb974cf09b401ee6b3b0798f23?s=96&d=mm&r=g","caption":"Raffy Ben\u00edtez"},"url":"https:\/\/conexion23.com\/?author=15"}]}},"_links":{"self":[{"href":"https:\/\/conexion23.com\/index.php?rest_route=\/wp\/v2\/posts\/33326","targetHints":{"allow":["GET"]}}],"collection":[{"href":"https:\/\/conexion23.com\/index.php?rest_route=\/wp\/v2\/posts"}],"about":[{"href":"https:\/\/conexion23.com\/index.php?rest_route=\/wp\/v2\/types\/post"}],"author":[{"embeddable":true,"href":"https:\/\/conexion23.com\/index.php?rest_route=\/wp\/v2\/users\/15"}],"replies":[{"embeddable":true,"href":"https:\/\/conexion23.com\/index.php?rest_route=%2Fwp%2Fv2%2Fcomments&post=33326"}],"version-history":[{"count":1,"href":"https:\/\/conexion23.com\/index.php?rest_route=\/wp\/v2\/posts\/33326\/revisions"}],"predecessor-version":[{"id":33328,"href":"https:\/\/conexion23.com\/index.php?rest_route=\/wp\/v2\/posts\/33326\/revisions\/33328"}],"wp:featuredmedia":[{"embeddable":true,"href":"https:\/\/conexion23.com\/index.php?rest_route=\/wp\/v2\/media\/33327"}],"wp:attachment":[{"href":"https:\/\/conexion23.com\/index.php?rest_route=%2Fwp%2Fv2%2Fmedia&parent=33326"}],"wp:term":[{"taxonomy":"category","embeddable":true,"href":"https:\/\/conexion23.com\/index.php?rest_route=%2Fwp%2Fv2%2Fcategories&post=33326"},{"taxonomy":"post_tag","embeddable":true,"href":"https:\/\/conexion23.com\/index.php?rest_route=%2Fwp%2Fv2%2Ftags&post=33326"}],"curies":[{"name":"wp","href":"https:\/\/api.w.org\/{rel}","templated":true}]}}