{"id":33336,"date":"2024-10-04T07:09:22","date_gmt":"2024-10-04T11:09:22","guid":{"rendered":"https:\/\/conexion23.com\/?p=33336"},"modified":"2024-10-04T07:09:24","modified_gmt":"2024-10-04T11:09:24","slug":"indignacion-en-sudafrica-por-granjeros-acusados-de-alimentar-cerdos-con-mujeres-muertas","status":"publish","type":"post","link":"https:\/\/conexion23.com\/?p=33336","title":{"rendered":"Indignaci\u00f3n en Sud\u00e1frica por granjeros acusados de alimentar cerdos con mujeres muertas"},"content":{"rendered":"\n<p>El&nbsp;<strong>propietario<\/strong>&nbsp;de una&nbsp;<strong>granja<\/strong>&nbsp;en&nbsp;<strong>Sud\u00e1frica<\/strong>&nbsp;y&nbsp;<strong>dos de sus trabajadores<\/strong>&nbsp;est\u00e1n acusados de&nbsp;<strong>disparar mortalmente<\/strong>&nbsp;a<strong>&nbsp;dos mujeres y arrojarlas<\/strong>&nbsp;despu\u00e9s a un&nbsp;<strong>chiquero,<\/strong>&nbsp;donde, seg\u00fan la polic\u00eda, encontraron los&nbsp;<strong>cuerpos descompuestos<\/strong>&nbsp;y&nbsp;<strong>parcialmente comidos por los cerdos.<\/strong><\/p>\n\n\n\n<p id=\"article-summary\">Las acusaciones han abierto el debate sobre algunos de los temas m\u00e1s controversiales del pa\u00eds, como la&nbsp;<strong>raza,<\/strong>&nbsp;la&nbsp;<strong>violencia de g\u00e9nero<\/strong>&nbsp;y la<strong>propiedad de las granjas<\/strong>.<\/p>\n\n\n\n<p>El episodio ocurrido en la provincia de&nbsp;<strong>Limpopo,<\/strong>&nbsp;al noreste de&nbsp;<strong>Johannesburgo,<\/strong>&nbsp;ha provocado una indignaci\u00f3n generalizada y ha encendido el debate sobre algunos de los temas m\u00e1s controversiales de Sud\u00e1frica: la raza, la violencia de g\u00e9nero y las continuas tensiones por la tierra entre los agricultores comerciales, a menudo personas blancas, y sus vecinos negros, que en ocasiones han desembocado en violencia.<\/p>\n\n\n\n<p>El mi\u00e9rcoles, un juez aplaz\u00f3 hasta el&nbsp;<strong>6 de noviembre<\/strong>&nbsp;la audiencia sobre la libertad bajo fianza del agricultor y los dos trabajadores, que siguen detenidos.<\/p>\n\n\n\n<h2 class=\"wp-block-heading\">&nbsp;Sobre las v\u00edctimas<\/h2>\n\n\n\n<p>Las v\u00edctimas,&nbsp;<strong>Maria Makgatho,<\/strong>&nbsp;de&nbsp;<strong>44 a\u00f1os,<\/strong>&nbsp;y&nbsp;<strong>Locadia Ndlovu,<\/strong>&nbsp;de&nbsp;<strong>35,<\/strong>&nbsp;entraron en la granja en busca de comida a mediados de agosto, despu\u00e9s de que un cami\u00f3n de una empresa de productos l\u00e1cteos vertiera all\u00ed&nbsp;<strong>productos caducados,<\/strong>&nbsp;seg\u00fan la fiscal\u00eda.<\/p>\n\n\n\n<p>El propietario de la granja, Zachariah Johannes Olivier, y el supervisor, Andrian Rudolph De Wet, de 19 a\u00f1os, ambos personas blancas, hab\u00edan planeado disparar a cualquier intruso que entrara en la propiedad, dijeron los fiscales. El esposo de Makgatho recibi\u00f3 un disparo, pero sobrevivi\u00f3 y escap\u00f3, dijeron los fiscales.<\/p>\n\n\n\n<p>Un&nbsp;<strong>trabajador negro<\/strong>&nbsp;de 45 a\u00f1os de la granja,&nbsp;<strong>William Musora,<\/strong>&nbsp;est\u00e1 acusado de&nbsp;<strong>ayudar a arrojar los cad\u00e1veres de las dos mujeres<\/strong>.<\/p>\n\n\n\n<p>Uno de los hijos de Makgatho,&nbsp;<strong>Ranti Makgatho,<\/strong>dijo el mi\u00e9rcoles que no se atrev\u00eda a pensar en la horrible forma en que hab\u00eda terminado la vida de su madre. Dijo que ella solo buscaba algo para alimentar a sus cuatro hijos.<\/p>\n\n\n\n<p>\u201cEra una buena persona\u201d, dijo. \u201cY le gustaba cuidar de nosotros, como sus hijos\u201d.<\/p>\n\n\n\n<p>Los residentes negros han realizado protestas ante el tribunal, y los pol\u00edticos est\u00e1n emitiendo declaraciones airadas.<\/p>\n\n\n\n<p>Para algunos, el caso se refiere al problema m\u00e1s amplio de las persistentes disparidades en la propiedad de la tierra en Sud\u00e1frica. Durante el apartheid, muchos sudafricanos negros fueron expulsados de sus tierras, y en la actualidad la mayor\u00eda de las grandes explotaciones comerciales siguen siendo propiedad de personas blancas. Muchos sudafricanos negros de las zonas rurales siguen viviendo en la pobreza, recurriendo a rebuscar comida en las granjas.<\/p>\n\n\n\n<p>Muchos granjeros blancos afirman que han sido objeto de persistentes ataques de intrusos, lo que hace que algunos de ellos se pongan nerviosos ante cualquiera que perciban como una amenaza. Algunos miembros de la extrema derecha han aprovechado esos ataques para adoptar una ret\u00f3rica extravagante que reivindica un \u201cgenocidio blanco\u201d.<\/p>\n\n\n\n<p>\u201cLa vida de los agricultores sudafricanos est\u00e1 en peligro al cien por ciento\u201d, dijo Petrus Sitho, un activista negro que aboga por una mayor protecci\u00f3n de los agricultores.<\/p>\n\n\n\n<p>Sitho dijo que el gobierno no ha hecho lo suficiente para proteger a los agricultores, sobre todo a los que son personas blancas, por lo que muchos de ellos se sienten vulnerables.<\/p>\n","protected":false},"excerpt":{"rendered":"<p>El&nbsp;propietario&nbsp;de una&nbsp;granja&nbsp;en&nbsp;Sud\u00e1frica&nbsp;y&nbsp;dos de sus trabajadores&nbsp;est\u00e1n acusados de&nbsp;disparar mortalmente&nbsp;a&nbsp;dos mujeres y arrojarlas&nbsp;despu\u00e9s a un&nbsp;chiquero,&nbsp;donde, seg\u00fan la polic\u00eda, encontraron los&nbsp;cuerpos descompuestos&nbsp;y&nbsp;parcialmente comidos por los cerdos. Las acusaciones han abierto el debate sobre algunos de los temas m\u00e1s controversiales del pa\u00eds, como la&nbsp;raza,&nbsp;la&nbsp;violencia de g\u00e9nero&nbsp;y lapropiedad de las granjas. El episodio ocurrido en la provincia de&nbsp;Limpopo,&nbsp;al noreste de&nbsp;Johannesburgo,&nbsp;ha [&hellip;]<\/p>\n","protected":false},"author":15,"featured_media":33337,"comment_status":"open","ping_status":"open","sticky":false,"template":"","format":"standard","meta":{"footnotes":""},"categories":[1],"tags":[],"class_list":{"0":"post-33336","1":"post","2":"type-post","3":"status-publish","4":"format-standard","5":"has-post-thumbnail","7":"category-uncategorized"},"yoast_head":"<!-- This site is optimized with the Yoast SEO plugin v27.1.1 - https:\/\/yoast.com\/product\/yoast-seo-wordpress\/ -->\n<title>Indignaci\u00f3n en Sud\u00e1frica por granjeros acusados de alimentar cerdos con mujeres muertas - Conexi\u00f3n 23<\/title>\n<meta name=\"robots\" content=\"index, follow, max-snippet:-1, max-image-preview:large, max-video-preview:-1\" \/>\n<link rel=\"canonical\" href=\"http:\/\/conexion23.com\/?p=33336\" \/>\n<meta property=\"og:locale\" content=\"es_ES\" \/>\n<meta property=\"og:type\" content=\"article\" \/>\n<meta property=\"og:title\" content=\"Indignaci\u00f3n en Sud\u00e1frica por granjeros acusados de alimentar cerdos con mujeres muertas - Conexi\u00f3n 23\" \/>\n<meta property=\"og:description\" content=\"El&nbsp;propietario&nbsp;de una&nbsp;granja&nbsp;en&nbsp;Sud\u00e1frica&nbsp;y&nbsp;dos de sus trabajadores&nbsp;est\u00e1n acusados de&nbsp;disparar mortalmente&nbsp;a&nbsp;dos mujeres y arrojarlas&nbsp;despu\u00e9s a un&nbsp;chiquero,&nbsp;donde, seg\u00fan la polic\u00eda, encontraron los&nbsp;cuerpos descompuestos&nbsp;y&nbsp;parcialmente comidos por los cerdos. Las acusaciones han abierto el debate sobre algunos de los temas m\u00e1s controversiales del pa\u00eds, como la&nbsp;raza,&nbsp;la&nbsp;violencia de g\u00e9nero&nbsp;y lapropiedad de las granjas. El episodio ocurrido en la provincia de&nbsp;Limpopo,&nbsp;al noreste de&nbsp;Johannesburgo,&nbsp;ha [&hellip;]\" \/>\n<meta property=\"og:url\" content=\"http:\/\/conexion23.com\/?p=33336\" \/>\n<meta property=\"og:site_name\" content=\"Conexi\u00f3n 23\" \/>\n<meta property=\"article:publisher\" content=\"https:\/\/www.facebook.com\/conexion23com\" \/>\n<meta property=\"article:published_time\" content=\"2024-10-04T11:09:22+00:00\" \/>\n<meta property=\"article:modified_time\" content=\"2024-10-04T11:09:24+00:00\" \/>\n<meta property=\"og:image\" content=\"http:\/\/conexion23.com\/wp-content\/uploads\/2024\/10\/img_3265-1.webp\" \/>\n\t<meta property=\"og:image:width\" content=\"600\" \/>\n\t<meta property=\"og:image:height\" content=\"392\" \/>\n\t<meta property=\"og:image:type\" content=\"image\/webp\" \/>\n<meta name=\"author\" content=\"Raffy Ben\u00edtez\" \/>\n<meta name=\"twitter:card\" content=\"summary_large_image\" \/>\n<meta name=\"twitter:label1\" content=\"Escrito por\" \/>\n\t<meta name=\"twitter:data1\" content=\"Raffy Ben\u00edtez\" \/>\n\t<meta name=\"twitter:label2\" content=\"Tiempo de lectura\" \/>\n\t<meta name=\"twitter:data2\" content=\"3 minutos\" \/>\n<script type=\"application\/ld+json\" class=\"yoast-schema-graph\">{\"@context\":\"https:\/\/schema.org\",\"@graph\":[{\"@type\":\"Article\",\"@id\":\"http:\/\/conexion23.com\/?p=33336#article\",\"isPartOf\":{\"@id\":\"http:\/\/conexion23.com\/?p=33336\"},\"author\":{\"name\":\"Raffy Ben\u00edtez\",\"@id\":\"https:\/\/conexion23.com\/#\/schema\/person\/03e36043331117e97a373299bbcd30a6\"},\"headline\":\"Indignaci\u00f3n en Sud\u00e1frica por granjeros acusados de alimentar cerdos con mujeres muertas\",\"datePublished\":\"2024-10-04T11:09:22+00:00\",\"dateModified\":\"2024-10-04T11:09:24+00:00\",\"mainEntityOfPage\":{\"@id\":\"http:\/\/conexion23.com\/?p=33336\"},\"wordCount\":612,\"commentCount\":0,\"publisher\":{\"@id\":\"https:\/\/conexion23.com\/#organization\"},\"image\":{\"@id\":\"http:\/\/conexion23.com\/?p=33336#primaryimage\"},\"thumbnailUrl\":\"https:\/\/conexion23.com\/wp-content\/uploads\/2024\/10\/img_3265-1.webp\",\"articleSection\":[\"Uncategorized\"],\"inLanguage\":\"es\",\"potentialAction\":[{\"@type\":\"CommentAction\",\"name\":\"Comment\",\"target\":[\"http:\/\/conexion23.com\/?p=33336#respond\"]}]},{\"@type\":\"WebPage\",\"@id\":\"http:\/\/conexion23.com\/?p=33336\",\"url\":\"http:\/\/conexion23.com\/?p=33336\",\"name\":\"Indignaci\u00f3n en Sud\u00e1frica por granjeros acusados de alimentar cerdos con mujeres muertas - Conexi\u00f3n 23\",\"isPartOf\":{\"@id\":\"https:\/\/conexion23.com\/#website\"},\"primaryImageOfPage\":{\"@id\":\"http:\/\/conexion23.com\/?p=33336#primaryimage\"},\"image\":{\"@id\":\"http:\/\/conexion23.com\/?p=33336#primaryimage\"},\"thumbnailUrl\":\"https:\/\/conexion23.com\/wp-content\/uploads\/2024\/10\/img_3265-1.webp\",\"datePublished\":\"2024-10-04T11:09:22+00:00\",\"dateModified\":\"2024-10-04T11:09:24+00:00\",\"breadcrumb\":{\"@id\":\"http:\/\/conexion23.com\/?p=33336#breadcrumb\"},\"inLanguage\":\"es\",\"potentialAction\":[{\"@type\":\"ReadAction\",\"target\":[\"http:\/\/conexion23.com\/?p=33336\"]}]},{\"@type\":\"ImageObject\",\"inLanguage\":\"es\",\"@id\":\"http:\/\/conexion23.com\/?p=33336#primaryimage\",\"url\":\"https:\/\/conexion23.com\/wp-content\/uploads\/2024\/10\/img_3265-1.webp\",\"contentUrl\":\"https:\/\/conexion23.com\/wp-content\/uploads\/2024\/10\/img_3265-1.webp\",\"width\":600,\"height\":392},{\"@type\":\"BreadcrumbList\",\"@id\":\"http:\/\/conexion23.com\/?p=33336#breadcrumb\",\"itemListElement\":[{\"@type\":\"ListItem\",\"position\":1,\"name\":\"Portada\",\"item\":\"https:\/\/conexion23.com\/\"},{\"@type\":\"ListItem\",\"position\":2,\"name\":\"Indignaci\u00f3n en Sud\u00e1frica por granjeros acusados de alimentar cerdos con mujeres muertas\"}]},{\"@type\":\"WebSite\",\"@id\":\"https:\/\/conexion23.com\/#website\",\"url\":\"https:\/\/conexion23.com\/\",\"name\":\"Conexi\u00f3n 23\",\"description\":\"Peri\u00f3dico 100% Petromacorisano\",\"publisher\":{\"@id\":\"https:\/\/conexion23.com\/#organization\"},\"potentialAction\":[{\"@type\":\"SearchAction\",\"target\":{\"@type\":\"EntryPoint\",\"urlTemplate\":\"https:\/\/conexion23.com\/?s={search_term_string}\"},\"query-input\":{\"@type\":\"PropertyValueSpecification\",\"valueRequired\":true,\"valueName\":\"search_term_string\"}}],\"inLanguage\":\"es\"},{\"@type\":\"Organization\",\"@id\":\"https:\/\/conexion23.com\/#organization\",\"name\":\"Conexion 23\",\"url\":\"https:\/\/conexion23.com\/\",\"logo\":{\"@type\":\"ImageObject\",\"inLanguage\":\"es\",\"@id\":\"https:\/\/conexion23.com\/#\/schema\/logo\/image\/\",\"url\":\"https:\/\/conexion23.com\/wp-content\/uploads\/2021\/11\/Diseno-sin-titulo-2.png\",\"contentUrl\":\"https:\/\/conexion23.com\/wp-content\/uploads\/2021\/11\/Diseno-sin-titulo-2.png\",\"width\":541,\"height\":90,\"caption\":\"Conexion 23\"},\"image\":{\"@id\":\"https:\/\/conexion23.com\/#\/schema\/logo\/image\/\"},\"sameAs\":[\"https:\/\/www.facebook.com\/conexion23com\",\"https:\/\/www.instagram.com\/conexion23com\/\",\"https:\/\/www.youtube.com\/channel\/UCYc7vxxFZMYLIHNsHHxPZ3Q\"]},{\"@type\":\"Person\",\"@id\":\"https:\/\/conexion23.com\/#\/schema\/person\/03e36043331117e97a373299bbcd30a6\",\"name\":\"Raffy Ben\u00edtez\",\"image\":{\"@type\":\"ImageObject\",\"inLanguage\":\"es\",\"@id\":\"https:\/\/conexion23.com\/#\/schema\/person\/image\/\",\"url\":\"https:\/\/secure.gravatar.com\/avatar\/3190a6a6c5e1b0327500f7d6c56b6242472ee6cb974cf09b401ee6b3b0798f23?s=96&d=mm&r=g\",\"contentUrl\":\"https:\/\/secure.gravatar.com\/avatar\/3190a6a6c5e1b0327500f7d6c56b6242472ee6cb974cf09b401ee6b3b0798f23?s=96&d=mm&r=g\",\"caption\":\"Raffy Ben\u00edtez\"},\"url\":\"https:\/\/conexion23.com\/?author=15\"}]}<\/script>\n<!-- \/ Yoast SEO plugin. -->","yoast_head_json":{"title":"Indignaci\u00f3n en Sud\u00e1frica por granjeros acusados de alimentar cerdos con mujeres muertas - Conexi\u00f3n 23","robots":{"index":"index","follow":"follow","max-snippet":"max-snippet:-1","max-image-preview":"max-image-preview:large","max-video-preview":"max-video-preview:-1"},"canonical":"http:\/\/conexion23.com\/?p=33336","og_locale":"es_ES","og_type":"article","og_title":"Indignaci\u00f3n en Sud\u00e1frica por granjeros acusados de alimentar cerdos con mujeres muertas - Conexi\u00f3n 23","og_description":"El&nbsp;propietario&nbsp;de una&nbsp;granja&nbsp;en&nbsp;Sud\u00e1frica&nbsp;y&nbsp;dos de sus trabajadores&nbsp;est\u00e1n acusados de&nbsp;disparar mortalmente&nbsp;a&nbsp;dos mujeres y arrojarlas&nbsp;despu\u00e9s a un&nbsp;chiquero,&nbsp;donde, seg\u00fan la polic\u00eda, encontraron los&nbsp;cuerpos descompuestos&nbsp;y&nbsp;parcialmente comidos por los cerdos. Las acusaciones han abierto el debate sobre algunos de los temas m\u00e1s controversiales del pa\u00eds, como la&nbsp;raza,&nbsp;la&nbsp;violencia de g\u00e9nero&nbsp;y lapropiedad de las granjas. El episodio ocurrido en la provincia de&nbsp;Limpopo,&nbsp;al noreste de&nbsp;Johannesburgo,&nbsp;ha [&hellip;]","og_url":"http:\/\/conexion23.com\/?p=33336","og_site_name":"Conexi\u00f3n 23","article_publisher":"https:\/\/www.facebook.com\/conexion23com","article_published_time":"2024-10-04T11:09:22+00:00","article_modified_time":"2024-10-04T11:09:24+00:00","og_image":[{"width":600,"height":392,"url":"http:\/\/conexion23.com\/wp-content\/uploads\/2024\/10\/img_3265-1.webp","type":"image\/webp"}],"author":"Raffy Ben\u00edtez","twitter_card":"summary_large_image","twitter_misc":{"Escrito por":"Raffy Ben\u00edtez","Tiempo de lectura":"3 minutos"},"schema":{"@context":"https:\/\/schema.org","@graph":[{"@type":"Article","@id":"http:\/\/conexion23.com\/?p=33336#article","isPartOf":{"@id":"http:\/\/conexion23.com\/?p=33336"},"author":{"name":"Raffy Ben\u00edtez","@id":"https:\/\/conexion23.com\/#\/schema\/person\/03e36043331117e97a373299bbcd30a6"},"headline":"Indignaci\u00f3n en Sud\u00e1frica por granjeros acusados de alimentar cerdos con mujeres muertas","datePublished":"2024-10-04T11:09:22+00:00","dateModified":"2024-10-04T11:09:24+00:00","mainEntityOfPage":{"@id":"http:\/\/conexion23.com\/?p=33336"},"wordCount":612,"commentCount":0,"publisher":{"@id":"https:\/\/conexion23.com\/#organization"},"image":{"@id":"http:\/\/conexion23.com\/?p=33336#primaryimage"},"thumbnailUrl":"https:\/\/conexion23.com\/wp-content\/uploads\/2024\/10\/img_3265-1.webp","articleSection":["Uncategorized"],"inLanguage":"es","potentialAction":[{"@type":"CommentAction","name":"Comment","target":["http:\/\/conexion23.com\/?p=33336#respond"]}]},{"@type":"WebPage","@id":"http:\/\/conexion23.com\/?p=33336","url":"http:\/\/conexion23.com\/?p=33336","name":"Indignaci\u00f3n en Sud\u00e1frica por granjeros acusados de alimentar cerdos con mujeres muertas - Conexi\u00f3n 23","isPartOf":{"@id":"https:\/\/conexion23.com\/#website"},"primaryImageOfPage":{"@id":"http:\/\/conexion23.com\/?p=33336#primaryimage"},"image":{"@id":"http:\/\/conexion23.com\/?p=33336#primaryimage"},"thumbnailUrl":"https:\/\/conexion23.com\/wp-content\/uploads\/2024\/10\/img_3265-1.webp","datePublished":"2024-10-04T11:09:22+00:00","dateModified":"2024-10-04T11:09:24+00:00","breadcrumb":{"@id":"http:\/\/conexion23.com\/?p=33336#breadcrumb"},"inLanguage":"es","potentialAction":[{"@type":"ReadAction","target":["http:\/\/conexion23.com\/?p=33336"]}]},{"@type":"ImageObject","inLanguage":"es","@id":"http:\/\/conexion23.com\/?p=33336#primaryimage","url":"https:\/\/conexion23.com\/wp-content\/uploads\/2024\/10\/img_3265-1.webp","contentUrl":"https:\/\/conexion23.com\/wp-content\/uploads\/2024\/10\/img_3265-1.webp","width":600,"height":392},{"@type":"BreadcrumbList","@id":"http:\/\/conexion23.com\/?p=33336#breadcrumb","itemListElement":[{"@type":"ListItem","position":1,"name":"Portada","item":"https:\/\/conexion23.com\/"},{"@type":"ListItem","position":2,"name":"Indignaci\u00f3n en Sud\u00e1frica por granjeros acusados de alimentar cerdos con mujeres muertas"}]},{"@type":"WebSite","@id":"https:\/\/conexion23.com\/#website","url":"https:\/\/conexion23.com\/","name":"Conexi\u00f3n 23","description":"Peri\u00f3dico 100% Petromacorisano","publisher":{"@id":"https:\/\/conexion23.com\/#organization"},"potentialAction":[{"@type":"SearchAction","target":{"@type":"EntryPoint","urlTemplate":"https:\/\/conexion23.com\/?s={search_term_string}"},"query-input":{"@type":"PropertyValueSpecification","valueRequired":true,"valueName":"search_term_string"}}],"inLanguage":"es"},{"@type":"Organization","@id":"https:\/\/conexion23.com\/#organization","name":"Conexion 23","url":"https:\/\/conexion23.com\/","logo":{"@type":"ImageObject","inLanguage":"es","@id":"https:\/\/conexion23.com\/#\/schema\/logo\/image\/","url":"https:\/\/conexion23.com\/wp-content\/uploads\/2021\/11\/Diseno-sin-titulo-2.png","contentUrl":"https:\/\/conexion23.com\/wp-content\/uploads\/2021\/11\/Diseno-sin-titulo-2.png","width":541,"height":90,"caption":"Conexion 23"},"image":{"@id":"https:\/\/conexion23.com\/#\/schema\/logo\/image\/"},"sameAs":["https:\/\/www.facebook.com\/conexion23com","https:\/\/www.instagram.com\/conexion23com\/","https:\/\/www.youtube.com\/channel\/UCYc7vxxFZMYLIHNsHHxPZ3Q"]},{"@type":"Person","@id":"https:\/\/conexion23.com\/#\/schema\/person\/03e36043331117e97a373299bbcd30a6","name":"Raffy Ben\u00edtez","image":{"@type":"ImageObject","inLanguage":"es","@id":"https:\/\/conexion23.com\/#\/schema\/person\/image\/","url":"https:\/\/secure.gravatar.com\/avatar\/3190a6a6c5e1b0327500f7d6c56b6242472ee6cb974cf09b401ee6b3b0798f23?s=96&d=mm&r=g","contentUrl":"https:\/\/secure.gravatar.com\/avatar\/3190a6a6c5e1b0327500f7d6c56b6242472ee6cb974cf09b401ee6b3b0798f23?s=96&d=mm&r=g","caption":"Raffy Ben\u00edtez"},"url":"https:\/\/conexion23.com\/?author=15"}]}},"_links":{"self":[{"href":"https:\/\/conexion23.com\/index.php?rest_route=\/wp\/v2\/posts\/33336","targetHints":{"allow":["GET"]}}],"collection":[{"href":"https:\/\/conexion23.com\/index.php?rest_route=\/wp\/v2\/posts"}],"about":[{"href":"https:\/\/conexion23.com\/index.php?rest_route=\/wp\/v2\/types\/post"}],"author":[{"embeddable":true,"href":"https:\/\/conexion23.com\/index.php?rest_route=\/wp\/v2\/users\/15"}],"replies":[{"embeddable":true,"href":"https:\/\/conexion23.com\/index.php?rest_route=%2Fwp%2Fv2%2Fcomments&post=33336"}],"version-history":[{"count":1,"href":"https:\/\/conexion23.com\/index.php?rest_route=\/wp\/v2\/posts\/33336\/revisions"}],"predecessor-version":[{"id":33338,"href":"https:\/\/conexion23.com\/index.php?rest_route=\/wp\/v2\/posts\/33336\/revisions\/33338"}],"wp:featuredmedia":[{"embeddable":true,"href":"https:\/\/conexion23.com\/index.php?rest_route=\/wp\/v2\/media\/33337"}],"wp:attachment":[{"href":"https:\/\/conexion23.com\/index.php?rest_route=%2Fwp%2Fv2%2Fmedia&parent=33336"}],"wp:term":[{"taxonomy":"category","embeddable":true,"href":"https:\/\/conexion23.com\/index.php?rest_route=%2Fwp%2Fv2%2Fcategories&post=33336"},{"taxonomy":"post_tag","embeddable":true,"href":"https:\/\/conexion23.com\/index.php?rest_route=%2Fwp%2Fv2%2Ftags&post=33336"}],"curies":[{"name":"wp","href":"https:\/\/api.w.org\/{rel}","templated":true}]}}