{"id":33339,"date":"2024-10-04T07:11:59","date_gmt":"2024-10-04T11:11:59","guid":{"rendered":"https:\/\/conexion23.com\/?p=33339"},"modified":"2024-10-04T07:12:01","modified_gmt":"2024-10-04T11:12:01","slug":"mueren-piloto-y-el-copiloto-en-accidente-aereo-en-comunidad-los-cayos-haiti","status":"publish","type":"post","link":"https:\/\/conexion23.com\/?p=33339","title":{"rendered":"Mueren piloto y el copiloto en accidente a\u00e9reo en comunidad Los Cayos, Hait\u00ed"},"content":{"rendered":"\n<p><strong>Al menos dos personas murieron en un accidente a\u00e9reo en Mis\u00e8rne, localidad de Mercy, 5\u00aa secci\u00f3n comunal de los Cayos, Hait\u00ed.<\/strong><\/p>\n\n\n\n<p>Seg\u00fan el peri\u00f3dico haitiano Le nouvelliste, un avi\u00f3n privado de la compa\u00f1\u00eda Sarah Express Airways, con matr\u00edcula N-400-04 EC, se estrell\u00f3 Cayos cost\u00e1ndole la vida al piloto y el copiloto.<\/p>\n\n\n\n<p>Las v\u00edctimas fueron identificadas como Guy Emmanuel Saint Amour, ciudadano estadounidense, y Hans Codio Blaise, ciudadano haitiano.<\/p>\n\n\n\n<p>La informaci\u00f3n fue confirmada por Claire Daphn\u00e9e France, presidenta de la comisi\u00f3n interna municipal de los Cayos, tras las declaraciones del juez de paz de la zona.<\/p>\n\n\n\n<p>Seg\u00fan las autoridades haitianas, la aeronave partir\u00e1 de Puerto Pr\u00edncipe por la ma\u00f1ana hacia J\u00e9r\u00e9mie para transportar carga a Anguilles, con destino a un restaurante de mariscos.<\/p>\n\n\n\n<p>Al regresar de J\u00e9r\u00e9mie, tras una breve pausa en Cayos, el avi\u00f3n resbal\u00f3 gravemente.<\/p>\n\n\n\n<p>Las causas del accidente se dieron por el incidente instant\u00e1neo.<\/p>\n","protected":false},"excerpt":{"rendered":"<p>Al menos dos personas murieron en un accidente a\u00e9reo en Mis\u00e8rne, localidad de Mercy, 5\u00aa secci\u00f3n comunal de los Cayos, Hait\u00ed. Seg\u00fan el peri\u00f3dico haitiano Le nouvelliste, un avi\u00f3n privado de la compa\u00f1\u00eda Sarah Express Airways, con matr\u00edcula N-400-04 EC, se estrell\u00f3 Cayos cost\u00e1ndole la vida al piloto y el copiloto. Las v\u00edctimas fueron identificadas [&hellip;]<\/p>\n","protected":false},"author":15,"featured_media":33340,"comment_status":"open","ping_status":"open","sticky":false,"template":"","format":"standard","meta":{"footnotes":""},"categories":[1],"tags":[],"class_list":{"0":"post-33339","1":"post","2":"type-post","3":"status-publish","4":"format-standard","5":"has-post-thumbnail","7":"category-uncategorized"},"yoast_head":"<!-- This site is optimized with the Yoast SEO plugin v27.1.1 - https:\/\/yoast.com\/product\/yoast-seo-wordpress\/ -->\n<title>Mueren piloto y el copiloto en accidente a\u00e9reo en comunidad Los Cayos, Hait\u00ed - Conexi\u00f3n 23<\/title>\n<meta name=\"robots\" content=\"index, follow, max-snippet:-1, max-image-preview:large, max-video-preview:-1\" \/>\n<link rel=\"canonical\" href=\"http:\/\/conexion23.com\/?p=33339\" \/>\n<meta property=\"og:locale\" content=\"es_ES\" \/>\n<meta property=\"og:type\" content=\"article\" \/>\n<meta property=\"og:title\" content=\"Mueren piloto y el copiloto en accidente a\u00e9reo en comunidad Los Cayos, Hait\u00ed - Conexi\u00f3n 23\" \/>\n<meta property=\"og:description\" content=\"Al menos dos personas murieron en un accidente a\u00e9reo en Mis\u00e8rne, localidad de Mercy, 5\u00aa secci\u00f3n comunal de los Cayos, Hait\u00ed. Seg\u00fan el peri\u00f3dico haitiano Le nouvelliste, un avi\u00f3n privado de la compa\u00f1\u00eda Sarah Express Airways, con matr\u00edcula N-400-04 EC, se estrell\u00f3 Cayos cost\u00e1ndole la vida al piloto y el copiloto. Las v\u00edctimas fueron identificadas [&hellip;]\" \/>\n<meta property=\"og:url\" content=\"http:\/\/conexion23.com\/?p=33339\" \/>\n<meta property=\"og:site_name\" content=\"Conexi\u00f3n 23\" \/>\n<meta property=\"article:publisher\" content=\"https:\/\/www.facebook.com\/conexion23com\" \/>\n<meta property=\"article:published_time\" content=\"2024-10-04T11:11:59+00:00\" \/>\n<meta property=\"article:modified_time\" content=\"2024-10-04T11:12:01+00:00\" \/>\n<meta property=\"og:image\" content=\"http:\/\/conexion23.com\/wp-content\/uploads\/2024\/10\/59da02db-4a85-48b4-a669-feb368f1e643.jpg.webp\" \/>\n\t<meta property=\"og:image:width\" content=\"680\" \/>\n\t<meta property=\"og:image:height\" content=\"680\" \/>\n\t<meta property=\"og:image:type\" content=\"image\/webp\" \/>\n<meta name=\"author\" content=\"Raffy Ben\u00edtez\" \/>\n<meta name=\"twitter:card\" content=\"summary_large_image\" \/>\n<meta name=\"twitter:label1\" content=\"Escrito por\" \/>\n\t<meta name=\"twitter:data1\" content=\"Raffy Ben\u00edtez\" \/>\n\t<meta name=\"twitter:label2\" content=\"Tiempo de lectura\" \/>\n\t<meta name=\"twitter:data2\" content=\"1 minuto\" \/>\n<script type=\"application\/ld+json\" class=\"yoast-schema-graph\">{\"@context\":\"https:\/\/schema.org\",\"@graph\":[{\"@type\":\"Article\",\"@id\":\"http:\/\/conexion23.com\/?p=33339#article\",\"isPartOf\":{\"@id\":\"http:\/\/conexion23.com\/?p=33339\"},\"author\":{\"name\":\"Raffy Ben\u00edtez\",\"@id\":\"https:\/\/conexion23.com\/#\/schema\/person\/03e36043331117e97a373299bbcd30a6\"},\"headline\":\"Mueren piloto y el copiloto en accidente a\u00e9reo en comunidad Los Cayos, Hait\u00ed\",\"datePublished\":\"2024-10-04T11:11:59+00:00\",\"dateModified\":\"2024-10-04T11:12:01+00:00\",\"mainEntityOfPage\":{\"@id\":\"http:\/\/conexion23.com\/?p=33339\"},\"wordCount\":182,\"commentCount\":0,\"publisher\":{\"@id\":\"https:\/\/conexion23.com\/#organization\"},\"image\":{\"@id\":\"http:\/\/conexion23.com\/?p=33339#primaryimage\"},\"thumbnailUrl\":\"https:\/\/conexion23.com\/wp-content\/uploads\/2024\/10\/59da02db-4a85-48b4-a669-feb368f1e643.jpg.webp\",\"articleSection\":[\"Uncategorized\"],\"inLanguage\":\"es\",\"potentialAction\":[{\"@type\":\"CommentAction\",\"name\":\"Comment\",\"target\":[\"http:\/\/conexion23.com\/?p=33339#respond\"]}]},{\"@type\":\"WebPage\",\"@id\":\"http:\/\/conexion23.com\/?p=33339\",\"url\":\"http:\/\/conexion23.com\/?p=33339\",\"name\":\"Mueren piloto y el copiloto en accidente a\u00e9reo en comunidad Los Cayos, Hait\u00ed - Conexi\u00f3n 23\",\"isPartOf\":{\"@id\":\"https:\/\/conexion23.com\/#website\"},\"primaryImageOfPage\":{\"@id\":\"http:\/\/conexion23.com\/?p=33339#primaryimage\"},\"image\":{\"@id\":\"http:\/\/conexion23.com\/?p=33339#primaryimage\"},\"thumbnailUrl\":\"https:\/\/conexion23.com\/wp-content\/uploads\/2024\/10\/59da02db-4a85-48b4-a669-feb368f1e643.jpg.webp\",\"datePublished\":\"2024-10-04T11:11:59+00:00\",\"dateModified\":\"2024-10-04T11:12:01+00:00\",\"breadcrumb\":{\"@id\":\"http:\/\/conexion23.com\/?p=33339#breadcrumb\"},\"inLanguage\":\"es\",\"potentialAction\":[{\"@type\":\"ReadAction\",\"target\":[\"http:\/\/conexion23.com\/?p=33339\"]}]},{\"@type\":\"ImageObject\",\"inLanguage\":\"es\",\"@id\":\"http:\/\/conexion23.com\/?p=33339#primaryimage\",\"url\":\"https:\/\/conexion23.com\/wp-content\/uploads\/2024\/10\/59da02db-4a85-48b4-a669-feb368f1e643.jpg.webp\",\"contentUrl\":\"https:\/\/conexion23.com\/wp-content\/uploads\/2024\/10\/59da02db-4a85-48b4-a669-feb368f1e643.jpg.webp\",\"width\":680,\"height\":680},{\"@type\":\"BreadcrumbList\",\"@id\":\"http:\/\/conexion23.com\/?p=33339#breadcrumb\",\"itemListElement\":[{\"@type\":\"ListItem\",\"position\":1,\"name\":\"Portada\",\"item\":\"https:\/\/conexion23.com\/\"},{\"@type\":\"ListItem\",\"position\":2,\"name\":\"Mueren piloto y el copiloto en accidente a\u00e9reo en comunidad Los Cayos, Hait\u00ed\"}]},{\"@type\":\"WebSite\",\"@id\":\"https:\/\/conexion23.com\/#website\",\"url\":\"https:\/\/conexion23.com\/\",\"name\":\"Conexi\u00f3n 23\",\"description\":\"Peri\u00f3dico 100% Petromacorisano\",\"publisher\":{\"@id\":\"https:\/\/conexion23.com\/#organization\"},\"potentialAction\":[{\"@type\":\"SearchAction\",\"target\":{\"@type\":\"EntryPoint\",\"urlTemplate\":\"https:\/\/conexion23.com\/?s={search_term_string}\"},\"query-input\":{\"@type\":\"PropertyValueSpecification\",\"valueRequired\":true,\"valueName\":\"search_term_string\"}}],\"inLanguage\":\"es\"},{\"@type\":\"Organization\",\"@id\":\"https:\/\/conexion23.com\/#organization\",\"name\":\"Conexion 23\",\"url\":\"https:\/\/conexion23.com\/\",\"logo\":{\"@type\":\"ImageObject\",\"inLanguage\":\"es\",\"@id\":\"https:\/\/conexion23.com\/#\/schema\/logo\/image\/\",\"url\":\"https:\/\/conexion23.com\/wp-content\/uploads\/2021\/11\/Diseno-sin-titulo-2.png\",\"contentUrl\":\"https:\/\/conexion23.com\/wp-content\/uploads\/2021\/11\/Diseno-sin-titulo-2.png\",\"width\":541,\"height\":90,\"caption\":\"Conexion 23\"},\"image\":{\"@id\":\"https:\/\/conexion23.com\/#\/schema\/logo\/image\/\"},\"sameAs\":[\"https:\/\/www.facebook.com\/conexion23com\",\"https:\/\/www.instagram.com\/conexion23com\/\",\"https:\/\/www.youtube.com\/channel\/UCYc7vxxFZMYLIHNsHHxPZ3Q\"]},{\"@type\":\"Person\",\"@id\":\"https:\/\/conexion23.com\/#\/schema\/person\/03e36043331117e97a373299bbcd30a6\",\"name\":\"Raffy Ben\u00edtez\",\"image\":{\"@type\":\"ImageObject\",\"inLanguage\":\"es\",\"@id\":\"https:\/\/conexion23.com\/#\/schema\/person\/image\/\",\"url\":\"https:\/\/secure.gravatar.com\/avatar\/3190a6a6c5e1b0327500f7d6c56b6242472ee6cb974cf09b401ee6b3b0798f23?s=96&d=mm&r=g\",\"contentUrl\":\"https:\/\/secure.gravatar.com\/avatar\/3190a6a6c5e1b0327500f7d6c56b6242472ee6cb974cf09b401ee6b3b0798f23?s=96&d=mm&r=g\",\"caption\":\"Raffy Ben\u00edtez\"},\"url\":\"https:\/\/conexion23.com\/?author=15\"}]}<\/script>\n<!-- \/ Yoast SEO plugin. -->","yoast_head_json":{"title":"Mueren piloto y el copiloto en accidente a\u00e9reo en comunidad Los Cayos, Hait\u00ed - Conexi\u00f3n 23","robots":{"index":"index","follow":"follow","max-snippet":"max-snippet:-1","max-image-preview":"max-image-preview:large","max-video-preview":"max-video-preview:-1"},"canonical":"http:\/\/conexion23.com\/?p=33339","og_locale":"es_ES","og_type":"article","og_title":"Mueren piloto y el copiloto en accidente a\u00e9reo en comunidad Los Cayos, Hait\u00ed - Conexi\u00f3n 23","og_description":"Al menos dos personas murieron en un accidente a\u00e9reo en Mis\u00e8rne, localidad de Mercy, 5\u00aa secci\u00f3n comunal de los Cayos, Hait\u00ed. Seg\u00fan el peri\u00f3dico haitiano Le nouvelliste, un avi\u00f3n privado de la compa\u00f1\u00eda Sarah Express Airways, con matr\u00edcula N-400-04 EC, se estrell\u00f3 Cayos cost\u00e1ndole la vida al piloto y el copiloto. Las v\u00edctimas fueron identificadas [&hellip;]","og_url":"http:\/\/conexion23.com\/?p=33339","og_site_name":"Conexi\u00f3n 23","article_publisher":"https:\/\/www.facebook.com\/conexion23com","article_published_time":"2024-10-04T11:11:59+00:00","article_modified_time":"2024-10-04T11:12:01+00:00","og_image":[{"width":680,"height":680,"url":"http:\/\/conexion23.com\/wp-content\/uploads\/2024\/10\/59da02db-4a85-48b4-a669-feb368f1e643.jpg.webp","type":"image\/webp"}],"author":"Raffy Ben\u00edtez","twitter_card":"summary_large_image","twitter_misc":{"Escrito por":"Raffy Ben\u00edtez","Tiempo de lectura":"1 minuto"},"schema":{"@context":"https:\/\/schema.org","@graph":[{"@type":"Article","@id":"http:\/\/conexion23.com\/?p=33339#article","isPartOf":{"@id":"http:\/\/conexion23.com\/?p=33339"},"author":{"name":"Raffy Ben\u00edtez","@id":"https:\/\/conexion23.com\/#\/schema\/person\/03e36043331117e97a373299bbcd30a6"},"headline":"Mueren piloto y el copiloto en accidente a\u00e9reo en comunidad Los Cayos, Hait\u00ed","datePublished":"2024-10-04T11:11:59+00:00","dateModified":"2024-10-04T11:12:01+00:00","mainEntityOfPage":{"@id":"http:\/\/conexion23.com\/?p=33339"},"wordCount":182,"commentCount":0,"publisher":{"@id":"https:\/\/conexion23.com\/#organization"},"image":{"@id":"http:\/\/conexion23.com\/?p=33339#primaryimage"},"thumbnailUrl":"https:\/\/conexion23.com\/wp-content\/uploads\/2024\/10\/59da02db-4a85-48b4-a669-feb368f1e643.jpg.webp","articleSection":["Uncategorized"],"inLanguage":"es","potentialAction":[{"@type":"CommentAction","name":"Comment","target":["http:\/\/conexion23.com\/?p=33339#respond"]}]},{"@type":"WebPage","@id":"http:\/\/conexion23.com\/?p=33339","url":"http:\/\/conexion23.com\/?p=33339","name":"Mueren piloto y el copiloto en accidente a\u00e9reo en comunidad Los Cayos, Hait\u00ed - Conexi\u00f3n 23","isPartOf":{"@id":"https:\/\/conexion23.com\/#website"},"primaryImageOfPage":{"@id":"http:\/\/conexion23.com\/?p=33339#primaryimage"},"image":{"@id":"http:\/\/conexion23.com\/?p=33339#primaryimage"},"thumbnailUrl":"https:\/\/conexion23.com\/wp-content\/uploads\/2024\/10\/59da02db-4a85-48b4-a669-feb368f1e643.jpg.webp","datePublished":"2024-10-04T11:11:59+00:00","dateModified":"2024-10-04T11:12:01+00:00","breadcrumb":{"@id":"http:\/\/conexion23.com\/?p=33339#breadcrumb"},"inLanguage":"es","potentialAction":[{"@type":"ReadAction","target":["http:\/\/conexion23.com\/?p=33339"]}]},{"@type":"ImageObject","inLanguage":"es","@id":"http:\/\/conexion23.com\/?p=33339#primaryimage","url":"https:\/\/conexion23.com\/wp-content\/uploads\/2024\/10\/59da02db-4a85-48b4-a669-feb368f1e643.jpg.webp","contentUrl":"https:\/\/conexion23.com\/wp-content\/uploads\/2024\/10\/59da02db-4a85-48b4-a669-feb368f1e643.jpg.webp","width":680,"height":680},{"@type":"BreadcrumbList","@id":"http:\/\/conexion23.com\/?p=33339#breadcrumb","itemListElement":[{"@type":"ListItem","position":1,"name":"Portada","item":"https:\/\/conexion23.com\/"},{"@type":"ListItem","position":2,"name":"Mueren piloto y el copiloto en accidente a\u00e9reo en comunidad Los Cayos, Hait\u00ed"}]},{"@type":"WebSite","@id":"https:\/\/conexion23.com\/#website","url":"https:\/\/conexion23.com\/","name":"Conexi\u00f3n 23","description":"Peri\u00f3dico 100% Petromacorisano","publisher":{"@id":"https:\/\/conexion23.com\/#organization"},"potentialAction":[{"@type":"SearchAction","target":{"@type":"EntryPoint","urlTemplate":"https:\/\/conexion23.com\/?s={search_term_string}"},"query-input":{"@type":"PropertyValueSpecification","valueRequired":true,"valueName":"search_term_string"}}],"inLanguage":"es"},{"@type":"Organization","@id":"https:\/\/conexion23.com\/#organization","name":"Conexion 23","url":"https:\/\/conexion23.com\/","logo":{"@type":"ImageObject","inLanguage":"es","@id":"https:\/\/conexion23.com\/#\/schema\/logo\/image\/","url":"https:\/\/conexion23.com\/wp-content\/uploads\/2021\/11\/Diseno-sin-titulo-2.png","contentUrl":"https:\/\/conexion23.com\/wp-content\/uploads\/2021\/11\/Diseno-sin-titulo-2.png","width":541,"height":90,"caption":"Conexion 23"},"image":{"@id":"https:\/\/conexion23.com\/#\/schema\/logo\/image\/"},"sameAs":["https:\/\/www.facebook.com\/conexion23com","https:\/\/www.instagram.com\/conexion23com\/","https:\/\/www.youtube.com\/channel\/UCYc7vxxFZMYLIHNsHHxPZ3Q"]},{"@type":"Person","@id":"https:\/\/conexion23.com\/#\/schema\/person\/03e36043331117e97a373299bbcd30a6","name":"Raffy Ben\u00edtez","image":{"@type":"ImageObject","inLanguage":"es","@id":"https:\/\/conexion23.com\/#\/schema\/person\/image\/","url":"https:\/\/secure.gravatar.com\/avatar\/3190a6a6c5e1b0327500f7d6c56b6242472ee6cb974cf09b401ee6b3b0798f23?s=96&d=mm&r=g","contentUrl":"https:\/\/secure.gravatar.com\/avatar\/3190a6a6c5e1b0327500f7d6c56b6242472ee6cb974cf09b401ee6b3b0798f23?s=96&d=mm&r=g","caption":"Raffy Ben\u00edtez"},"url":"https:\/\/conexion23.com\/?author=15"}]}},"_links":{"self":[{"href":"https:\/\/conexion23.com\/index.php?rest_route=\/wp\/v2\/posts\/33339","targetHints":{"allow":["GET"]}}],"collection":[{"href":"https:\/\/conexion23.com\/index.php?rest_route=\/wp\/v2\/posts"}],"about":[{"href":"https:\/\/conexion23.com\/index.php?rest_route=\/wp\/v2\/types\/post"}],"author":[{"embeddable":true,"href":"https:\/\/conexion23.com\/index.php?rest_route=\/wp\/v2\/users\/15"}],"replies":[{"embeddable":true,"href":"https:\/\/conexion23.com\/index.php?rest_route=%2Fwp%2Fv2%2Fcomments&post=33339"}],"version-history":[{"count":1,"href":"https:\/\/conexion23.com\/index.php?rest_route=\/wp\/v2\/posts\/33339\/revisions"}],"predecessor-version":[{"id":33341,"href":"https:\/\/conexion23.com\/index.php?rest_route=\/wp\/v2\/posts\/33339\/revisions\/33341"}],"wp:featuredmedia":[{"embeddable":true,"href":"https:\/\/conexion23.com\/index.php?rest_route=\/wp\/v2\/media\/33340"}],"wp:attachment":[{"href":"https:\/\/conexion23.com\/index.php?rest_route=%2Fwp%2Fv2%2Fmedia&parent=33339"}],"wp:term":[{"taxonomy":"category","embeddable":true,"href":"https:\/\/conexion23.com\/index.php?rest_route=%2Fwp%2Fv2%2Fcategories&post=33339"},{"taxonomy":"post_tag","embeddable":true,"href":"https:\/\/conexion23.com\/index.php?rest_route=%2Fwp%2Fv2%2Ftags&post=33339"}],"curies":[{"name":"wp","href":"https:\/\/api.w.org\/{rel}","templated":true}]}}