{"id":33342,"date":"2024-10-04T07:15:26","date_gmt":"2024-10-04T11:15:26","guid":{"rendered":"https:\/\/conexion23.com\/?p=33342"},"modified":"2024-10-04T07:15:28","modified_gmt":"2024-10-04T11:15:28","slug":"haiti-considera-discriminatoria-deportacion-10-mil-haitianos-semanal-y-pide-a-rd-respetar-dignidad","status":"publish","type":"post","link":"https:\/\/conexion23.com\/?p=33342","title":{"rendered":"Hait\u00ed considera discriminatoria deportaci\u00f3n 10 mil haitianos semanal y pide a RD respetar dignidad"},"content":{"rendered":"\n<p>El&nbsp;<strong>Gobierno<\/strong>&nbsp;de Hait\u00ed consider\u00f3 este jueves como&nbsp;<strong>discriminatorias<\/strong>&nbsp;las medidas anunciadas por las autoridades&nbsp;<strong>dominicanas<\/strong>&nbsp;que prev\u00e9n la&nbsp;<strong>deportaci\u00f3n<\/strong>&nbsp;masiva de 10 mil nacionales&nbsp;<strong>haitianos<\/strong>&nbsp;por semana.<\/p>\n\n\n\n<p>La respuesta del gobierno haitiano est\u00e1 contenida en una declaraci\u00f3n realizada por su\u00a0<strong>canciller<\/strong>, Dominique Dupuy, quien tambi\u00e9n hizo un llamado al gobierno dominicano a \u00abrespetar los\u00a0<strong>derechos<\/strong>\u00a0inalienables de cada ni\u00f1o, cada mujer y cada hombre objeto de esta lamentable decisi\u00f3n\u00bb.<a href=\"https:\/\/www.instagram.com\/norbertorodprm\/\"><\/a><\/p>\n\n\n\n<p>Anunci\u00f3 que el\u00a0<strong>Ministerio<\/strong>\u00a0de\u00a0<strong>Relaciones<\/strong>\u00a0Exteriores, el cual dirige, se reunir\u00e1 pr\u00f3ximamente con las organizaciones de la sociedad civil y agencias internacionales que operan en la zona fronteriza, para definir una estrategia de apoyo a las personas afectadas.<a href=\"https:\/\/www.instagram.com\/norbertorodprm\/\"><\/a><\/p>\n\n\n\n<p>Dupuy dijo tambi\u00e9n que otra medida ser\u00e1 acelerar el&nbsp;<strong>fortalecimiento<\/strong>&nbsp;de las&nbsp;<strong>capacidades<\/strong>&nbsp;de su&nbsp;<strong>Misi\u00f3n<\/strong>&nbsp;Diplom\u00e1tica y de sus Oficinas Consulares para atender adecuadamente a los conciudadanos en Rep\u00fablica Dominicana.<\/p>\n\n\n\n<blockquote class=\"wp-block-quote is-layout-flow wp-block-quote-is-layout-flow\">\n<p>Nous prenons acte de l\u00b4annonce faite le 2 octobre 2024 par les autorit\u00e9s dominicaines, concernant une s\u00e9rie de mesures \u00e0 caract\u00e8re discriminatoire pr\u00e9voyant la d\u00e9portation massive de jusqu\u00b4\u00e0 10 000 ressortissants ha\u00eftiens par semaine.<\/p>\n<\/blockquote>\n\n\n\n<p>\u00abTomamos nota del anuncio realizado el 2 de octubre de 2024 por las autoridades&nbsp;<strong>dominicanas<\/strong>&nbsp;sobre una serie de medidas&nbsp;<strong>discriminatorias<\/strong>&nbsp;que prev\u00e9n la&nbsp;<strong>deportaci\u00f3n<\/strong>&nbsp;masiva de hasta 10 mil nacionales&nbsp;<strong>haitianos<\/strong>&nbsp;por semana. De conformidad con los&nbsp;<strong>tratados<\/strong>&nbsp;y&nbsp;<strong>acuerdos<\/strong>&nbsp;internacionales que regulan la materia, llamamos a respetar los&nbsp;<strong>derechos<\/strong>&nbsp;inalienables de cada ni\u00f1o, cada mujer y cada hombre objeto de esta lamentable decisi\u00f3n\u00bb, destac\u00f3.<\/p>\n\n\n\n<p>Con el&nbsp;plan del gobierno dominicano anunciado ayer se busca deportar a 10 mil&nbsp;<strong>haitianos<\/strong>&nbsp;a la semana, lo que ser\u00edan unos 40 mil al mes, esto representar\u00eda el doble del promedio de&nbsp;<strong>haitianos<\/strong>&nbsp;devueltos mensualmente en 2023.<\/p>\n\n\n\n<h2 class=\"wp-block-heading\">Derechos Humanos en Hait\u00ed cree es excesivo<\/h2>\n\n\n\n<p>Tambi\u00e9n el\u00a0<strong>Grupo<\/strong>\u00a0de\u00a0<strong>Apoyo<\/strong>\u00a0a Retornados y Refugiados (<strong>GARR<\/strong>) manifest\u00f3 su\u00a0<strong>preocupaci\u00f3n<\/strong>\u00a0por la disposici\u00f3n del gobierno dominicano de\u00a0<strong>repatriar<\/strong>\u00a010 mil\u00a0<strong>haitianos<\/strong>\u00a0por semana, alegando que las\u00a0<strong>deportaciones<\/strong>\u00a0masivas est\u00e1n en contradicci\u00f3n con los\u00a0<strong>derechos<\/strong>\u00a0humanos y la Convenci\u00f3n Interamericana de Derechos Humanos.<a href=\"https:\/\/puntoprints.com\/\"><\/a><\/p>\n\n\n\n<p>Sam Guillaume, representante del&nbsp;<strong>GARR<\/strong>, manifest\u00f3 que, si 23 mil&nbsp;<strong>deportaciones<\/strong>&nbsp;al mes que se hac\u00edan en&nbsp;<strong>promedio<\/strong>&nbsp;les parec\u00eda excesivo, estas cifras que se pretenden alcanzar son&nbsp;<strong>indignantes<\/strong>.<\/p>\n\n\n\n<p><em>\u00ab10 mil deportaciones de haitianos por parte de la Rep\u00fablica Dominicana por semana es indignante. Antes se hac\u00edan unas 23 mil deportaciones al mes y eso nos parec\u00eda excesivo\u00bb<\/em><strong>Sam Guillaume<\/strong>representante del GARR\u201c<\/p>\n\n\n\n<p>Al ofrecer declaraciones al diario haitiano Le Nouvelliste, Guillaume destac\u00f3 que hoy en d\u00eda, dado que ya no se conceden&nbsp;<strong>visas<\/strong>&nbsp;<strong>dominicanas<\/strong>&nbsp;a los&nbsp;<strong>haitianos<\/strong>, esto complica a\u00fan m\u00e1s la&nbsp;<strong>situaci\u00f3n<\/strong>.<\/p>\n\n\n\n<p>\u00abEn RD, cada vez hay m\u00e1s&nbsp;<strong>haitianos<\/strong>&nbsp;que se encuentran en&nbsp;<strong>situaci\u00f3n<\/strong>&nbsp;<strong>irregular<\/strong>&nbsp;y est\u00e1n realmente preocupados por este plan\u00bb, coment\u00f3 Guillaume al peri\u00f3dico.<\/p>\n\n\n\n<p>Consider\u00f3 que las&nbsp;<strong>deportaciones<\/strong>&nbsp;masivas provocar\u00e1n importantes&nbsp;<strong>desplazamientos<\/strong>&nbsp;de&nbsp;<strong>poblaci\u00f3n<\/strong>&nbsp;en los puntos&nbsp;<strong>fronterizos<\/strong>.<\/p>\n\n\n\n<p>\u00abTendremos una alta concentraci\u00f3n en estas zonas\u00bb, advirti\u00f3, invitando a las autoridades haitianas a asumir su responsabilidad.<\/p>\n\n\n\n<h2 class=\"wp-block-heading\">RD duplicar\u00eda el&nbsp;<strong>promedio<\/strong>&nbsp;de&nbsp;<strong>haitianos<\/strong>&nbsp;devueltos mensualmente<\/h2>\n\n\n\n<p>Un total de 497,692&nbsp;<strong>haitianos<\/strong>&nbsp;tuvieron que regresar a su pa\u00eds en el 2023, casi la mitad (246,678) mediante el&nbsp;<strong>retorno<\/strong>&nbsp;voluntario y otros 251,011 fueron&nbsp;<strong>reconducidos<\/strong>&nbsp;por las autoridades.<\/p>\n\n\n\n<p>Seg\u00fan las estad\u00edsticas de la Direcci\u00f3n General de Migraci\u00f3n (<strong>DGM<\/strong>), los 251,011&nbsp;<strong>haitianos<\/strong>&nbsp;<strong>reconducidos<\/strong>&nbsp;a su pa\u00eds fueron por la v\u00eda de la&nbsp;<strong>deportaci\u00f3n<\/strong>&nbsp;o la&nbsp;<strong>repatriaci\u00f3n<\/strong>. En tanto que tres fueron no admitidos.<\/p>\n\n\n\n<p>De los 251,011&nbsp;<strong>haitianos<\/strong>&nbsp;que fueron&nbsp;<strong>reconducidos<\/strong>, 174,602 fueron&nbsp;<strong>deportados<\/strong>&nbsp;y 76,409&nbsp;<strong>repatriados<\/strong>.<\/p>\n","protected":false},"excerpt":{"rendered":"<p>El&nbsp;Gobierno&nbsp;de Hait\u00ed consider\u00f3 este jueves como&nbsp;discriminatorias&nbsp;las medidas anunciadas por las autoridades&nbsp;dominicanas&nbsp;que prev\u00e9n la&nbsp;deportaci\u00f3n&nbsp;masiva de 10 mil nacionales&nbsp;haitianos&nbsp;por semana. La respuesta del gobierno haitiano est\u00e1 contenida en una declaraci\u00f3n realizada por su\u00a0canciller, Dominique Dupuy, quien tambi\u00e9n hizo un llamado al gobierno dominicano a \u00abrespetar los\u00a0derechos\u00a0inalienables de cada ni\u00f1o, cada mujer y cada hombre objeto de esta [&hellip;]<\/p>\n","protected":false},"author":15,"featured_media":33343,"comment_status":"open","ping_status":"open","sticky":false,"template":"","format":"standard","meta":{"footnotes":""},"categories":[1],"tags":[],"class_list":{"0":"post-33342","1":"post","2":"type-post","3":"status-publish","4":"format-standard","5":"has-post-thumbnail","7":"category-uncategorized"},"yoast_head":"<!-- This site is optimized with the Yoast SEO plugin v27.1.1 - https:\/\/yoast.com\/product\/yoast-seo-wordpress\/ -->\n<title>Hait\u00ed considera discriminatoria deportaci\u00f3n 10 mil haitianos semanal y pide a RD respetar dignidad - Conexi\u00f3n 23<\/title>\n<meta name=\"robots\" content=\"index, follow, max-snippet:-1, max-image-preview:large, max-video-preview:-1\" \/>\n<link rel=\"canonical\" href=\"http:\/\/conexion23.com\/?p=33342\" \/>\n<meta property=\"og:locale\" content=\"es_ES\" \/>\n<meta property=\"og:type\" content=\"article\" \/>\n<meta property=\"og:title\" content=\"Hait\u00ed considera discriminatoria deportaci\u00f3n 10 mil haitianos semanal y pide a RD respetar dignidad - Conexi\u00f3n 23\" \/>\n<meta property=\"og:description\" content=\"El&nbsp;Gobierno&nbsp;de Hait\u00ed consider\u00f3 este jueves como&nbsp;discriminatorias&nbsp;las medidas anunciadas por las autoridades&nbsp;dominicanas&nbsp;que prev\u00e9n la&nbsp;deportaci\u00f3n&nbsp;masiva de 10 mil nacionales&nbsp;haitianos&nbsp;por semana. La respuesta del gobierno haitiano est\u00e1 contenida en una declaraci\u00f3n realizada por su\u00a0canciller, Dominique Dupuy, quien tambi\u00e9n hizo un llamado al gobierno dominicano a \u00abrespetar los\u00a0derechos\u00a0inalienables de cada ni\u00f1o, cada mujer y cada hombre objeto de esta [&hellip;]\" \/>\n<meta property=\"og:url\" content=\"http:\/\/conexion23.com\/?p=33342\" \/>\n<meta property=\"og:site_name\" content=\"Conexi\u00f3n 23\" \/>\n<meta property=\"article:publisher\" content=\"https:\/\/www.facebook.com\/conexion23com\" \/>\n<meta property=\"article:published_time\" content=\"2024-10-04T11:15:26+00:00\" \/>\n<meta property=\"article:modified_time\" content=\"2024-10-04T11:15:28+00:00\" \/>\n<meta property=\"og:image\" content=\"http:\/\/conexion23.com\/wp-content\/uploads\/2024\/10\/amnistia-internacional-pide-a-rd-parar-politica-migratoria-racista_2-focus-0-0-896-504-1.jpg\" \/>\n\t<meta property=\"og:image:width\" content=\"896\" \/>\n\t<meta property=\"og:image:height\" content=\"504\" \/>\n\t<meta property=\"og:image:type\" content=\"image\/jpeg\" \/>\n<meta name=\"author\" content=\"Raffy Ben\u00edtez\" \/>\n<meta name=\"twitter:card\" content=\"summary_large_image\" \/>\n<meta name=\"twitter:label1\" content=\"Escrito por\" \/>\n\t<meta name=\"twitter:data1\" content=\"Raffy Ben\u00edtez\" \/>\n\t<meta name=\"twitter:label2\" content=\"Tiempo de lectura\" \/>\n\t<meta name=\"twitter:data2\" content=\"3 minutos\" \/>\n<script type=\"application\/ld+json\" class=\"yoast-schema-graph\">{\"@context\":\"https:\/\/schema.org\",\"@graph\":[{\"@type\":\"Article\",\"@id\":\"http:\/\/conexion23.com\/?p=33342#article\",\"isPartOf\":{\"@id\":\"http:\/\/conexion23.com\/?p=33342\"},\"author\":{\"name\":\"Raffy Ben\u00edtez\",\"@id\":\"https:\/\/conexion23.com\/#\/schema\/person\/03e36043331117e97a373299bbcd30a6\"},\"headline\":\"Hait\u00ed considera discriminatoria deportaci\u00f3n 10 mil haitianos semanal y pide a RD respetar dignidad\",\"datePublished\":\"2024-10-04T11:15:26+00:00\",\"dateModified\":\"2024-10-04T11:15:28+00:00\",\"mainEntityOfPage\":{\"@id\":\"http:\/\/conexion23.com\/?p=33342\"},\"wordCount\":689,\"commentCount\":0,\"publisher\":{\"@id\":\"https:\/\/conexion23.com\/#organization\"},\"image\":{\"@id\":\"http:\/\/conexion23.com\/?p=33342#primaryimage\"},\"thumbnailUrl\":\"https:\/\/conexion23.com\/wp-content\/uploads\/2024\/10\/amnistia-internacional-pide-a-rd-parar-politica-migratoria-racista_2-focus-0-0-896-504-1.jpg\",\"articleSection\":[\"Uncategorized\"],\"inLanguage\":\"es\",\"potentialAction\":[{\"@type\":\"CommentAction\",\"name\":\"Comment\",\"target\":[\"http:\/\/conexion23.com\/?p=33342#respond\"]}]},{\"@type\":\"WebPage\",\"@id\":\"http:\/\/conexion23.com\/?p=33342\",\"url\":\"http:\/\/conexion23.com\/?p=33342\",\"name\":\"Hait\u00ed considera discriminatoria deportaci\u00f3n 10 mil haitianos semanal y pide a RD respetar dignidad - Conexi\u00f3n 23\",\"isPartOf\":{\"@id\":\"https:\/\/conexion23.com\/#website\"},\"primaryImageOfPage\":{\"@id\":\"http:\/\/conexion23.com\/?p=33342#primaryimage\"},\"image\":{\"@id\":\"http:\/\/conexion23.com\/?p=33342#primaryimage\"},\"thumbnailUrl\":\"https:\/\/conexion23.com\/wp-content\/uploads\/2024\/10\/amnistia-internacional-pide-a-rd-parar-politica-migratoria-racista_2-focus-0-0-896-504-1.jpg\",\"datePublished\":\"2024-10-04T11:15:26+00:00\",\"dateModified\":\"2024-10-04T11:15:28+00:00\",\"breadcrumb\":{\"@id\":\"http:\/\/conexion23.com\/?p=33342#breadcrumb\"},\"inLanguage\":\"es\",\"potentialAction\":[{\"@type\":\"ReadAction\",\"target\":[\"http:\/\/conexion23.com\/?p=33342\"]}]},{\"@type\":\"ImageObject\",\"inLanguage\":\"es\",\"@id\":\"http:\/\/conexion23.com\/?p=33342#primaryimage\",\"url\":\"https:\/\/conexion23.com\/wp-content\/uploads\/2024\/10\/amnistia-internacional-pide-a-rd-parar-politica-migratoria-racista_2-focus-0-0-896-504-1.jpg\",\"contentUrl\":\"https:\/\/conexion23.com\/wp-content\/uploads\/2024\/10\/amnistia-internacional-pide-a-rd-parar-politica-migratoria-racista_2-focus-0-0-896-504-1.jpg\",\"width\":896,\"height\":504},{\"@type\":\"BreadcrumbList\",\"@id\":\"http:\/\/conexion23.com\/?p=33342#breadcrumb\",\"itemListElement\":[{\"@type\":\"ListItem\",\"position\":1,\"name\":\"Portada\",\"item\":\"https:\/\/conexion23.com\/\"},{\"@type\":\"ListItem\",\"position\":2,\"name\":\"Hait\u00ed considera discriminatoria deportaci\u00f3n 10 mil haitianos semanal y pide a RD respetar dignidad\"}]},{\"@type\":\"WebSite\",\"@id\":\"https:\/\/conexion23.com\/#website\",\"url\":\"https:\/\/conexion23.com\/\",\"name\":\"Conexi\u00f3n 23\",\"description\":\"Peri\u00f3dico 100% Petromacorisano\",\"publisher\":{\"@id\":\"https:\/\/conexion23.com\/#organization\"},\"potentialAction\":[{\"@type\":\"SearchAction\",\"target\":{\"@type\":\"EntryPoint\",\"urlTemplate\":\"https:\/\/conexion23.com\/?s={search_term_string}\"},\"query-input\":{\"@type\":\"PropertyValueSpecification\",\"valueRequired\":true,\"valueName\":\"search_term_string\"}}],\"inLanguage\":\"es\"},{\"@type\":\"Organization\",\"@id\":\"https:\/\/conexion23.com\/#organization\",\"name\":\"Conexion 23\",\"url\":\"https:\/\/conexion23.com\/\",\"logo\":{\"@type\":\"ImageObject\",\"inLanguage\":\"es\",\"@id\":\"https:\/\/conexion23.com\/#\/schema\/logo\/image\/\",\"url\":\"https:\/\/conexion23.com\/wp-content\/uploads\/2021\/11\/Diseno-sin-titulo-2.png\",\"contentUrl\":\"https:\/\/conexion23.com\/wp-content\/uploads\/2021\/11\/Diseno-sin-titulo-2.png\",\"width\":541,\"height\":90,\"caption\":\"Conexion 23\"},\"image\":{\"@id\":\"https:\/\/conexion23.com\/#\/schema\/logo\/image\/\"},\"sameAs\":[\"https:\/\/www.facebook.com\/conexion23com\",\"https:\/\/www.instagram.com\/conexion23com\/\",\"https:\/\/www.youtube.com\/channel\/UCYc7vxxFZMYLIHNsHHxPZ3Q\"]},{\"@type\":\"Person\",\"@id\":\"https:\/\/conexion23.com\/#\/schema\/person\/03e36043331117e97a373299bbcd30a6\",\"name\":\"Raffy Ben\u00edtez\",\"image\":{\"@type\":\"ImageObject\",\"inLanguage\":\"es\",\"@id\":\"https:\/\/conexion23.com\/#\/schema\/person\/image\/\",\"url\":\"https:\/\/secure.gravatar.com\/avatar\/3190a6a6c5e1b0327500f7d6c56b6242472ee6cb974cf09b401ee6b3b0798f23?s=96&d=mm&r=g\",\"contentUrl\":\"https:\/\/secure.gravatar.com\/avatar\/3190a6a6c5e1b0327500f7d6c56b6242472ee6cb974cf09b401ee6b3b0798f23?s=96&d=mm&r=g\",\"caption\":\"Raffy Ben\u00edtez\"},\"url\":\"https:\/\/conexion23.com\/?author=15\"}]}<\/script>\n<!-- \/ Yoast SEO plugin. -->","yoast_head_json":{"title":"Hait\u00ed considera discriminatoria deportaci\u00f3n 10 mil haitianos semanal y pide a RD respetar dignidad - Conexi\u00f3n 23","robots":{"index":"index","follow":"follow","max-snippet":"max-snippet:-1","max-image-preview":"max-image-preview:large","max-video-preview":"max-video-preview:-1"},"canonical":"http:\/\/conexion23.com\/?p=33342","og_locale":"es_ES","og_type":"article","og_title":"Hait\u00ed considera discriminatoria deportaci\u00f3n 10 mil haitianos semanal y pide a RD respetar dignidad - Conexi\u00f3n 23","og_description":"El&nbsp;Gobierno&nbsp;de Hait\u00ed consider\u00f3 este jueves como&nbsp;discriminatorias&nbsp;las medidas anunciadas por las autoridades&nbsp;dominicanas&nbsp;que prev\u00e9n la&nbsp;deportaci\u00f3n&nbsp;masiva de 10 mil nacionales&nbsp;haitianos&nbsp;por semana. La respuesta del gobierno haitiano est\u00e1 contenida en una declaraci\u00f3n realizada por su\u00a0canciller, Dominique Dupuy, quien tambi\u00e9n hizo un llamado al gobierno dominicano a \u00abrespetar los\u00a0derechos\u00a0inalienables de cada ni\u00f1o, cada mujer y cada hombre objeto de esta [&hellip;]","og_url":"http:\/\/conexion23.com\/?p=33342","og_site_name":"Conexi\u00f3n 23","article_publisher":"https:\/\/www.facebook.com\/conexion23com","article_published_time":"2024-10-04T11:15:26+00:00","article_modified_time":"2024-10-04T11:15:28+00:00","og_image":[{"width":896,"height":504,"url":"http:\/\/conexion23.com\/wp-content\/uploads\/2024\/10\/amnistia-internacional-pide-a-rd-parar-politica-migratoria-racista_2-focus-0-0-896-504-1.jpg","type":"image\/jpeg"}],"author":"Raffy Ben\u00edtez","twitter_card":"summary_large_image","twitter_misc":{"Escrito por":"Raffy Ben\u00edtez","Tiempo de lectura":"3 minutos"},"schema":{"@context":"https:\/\/schema.org","@graph":[{"@type":"Article","@id":"http:\/\/conexion23.com\/?p=33342#article","isPartOf":{"@id":"http:\/\/conexion23.com\/?p=33342"},"author":{"name":"Raffy Ben\u00edtez","@id":"https:\/\/conexion23.com\/#\/schema\/person\/03e36043331117e97a373299bbcd30a6"},"headline":"Hait\u00ed considera discriminatoria deportaci\u00f3n 10 mil haitianos semanal y pide a RD respetar dignidad","datePublished":"2024-10-04T11:15:26+00:00","dateModified":"2024-10-04T11:15:28+00:00","mainEntityOfPage":{"@id":"http:\/\/conexion23.com\/?p=33342"},"wordCount":689,"commentCount":0,"publisher":{"@id":"https:\/\/conexion23.com\/#organization"},"image":{"@id":"http:\/\/conexion23.com\/?p=33342#primaryimage"},"thumbnailUrl":"https:\/\/conexion23.com\/wp-content\/uploads\/2024\/10\/amnistia-internacional-pide-a-rd-parar-politica-migratoria-racista_2-focus-0-0-896-504-1.jpg","articleSection":["Uncategorized"],"inLanguage":"es","potentialAction":[{"@type":"CommentAction","name":"Comment","target":["http:\/\/conexion23.com\/?p=33342#respond"]}]},{"@type":"WebPage","@id":"http:\/\/conexion23.com\/?p=33342","url":"http:\/\/conexion23.com\/?p=33342","name":"Hait\u00ed considera discriminatoria deportaci\u00f3n 10 mil haitianos semanal y pide a RD respetar dignidad - Conexi\u00f3n 23","isPartOf":{"@id":"https:\/\/conexion23.com\/#website"},"primaryImageOfPage":{"@id":"http:\/\/conexion23.com\/?p=33342#primaryimage"},"image":{"@id":"http:\/\/conexion23.com\/?p=33342#primaryimage"},"thumbnailUrl":"https:\/\/conexion23.com\/wp-content\/uploads\/2024\/10\/amnistia-internacional-pide-a-rd-parar-politica-migratoria-racista_2-focus-0-0-896-504-1.jpg","datePublished":"2024-10-04T11:15:26+00:00","dateModified":"2024-10-04T11:15:28+00:00","breadcrumb":{"@id":"http:\/\/conexion23.com\/?p=33342#breadcrumb"},"inLanguage":"es","potentialAction":[{"@type":"ReadAction","target":["http:\/\/conexion23.com\/?p=33342"]}]},{"@type":"ImageObject","inLanguage":"es","@id":"http:\/\/conexion23.com\/?p=33342#primaryimage","url":"https:\/\/conexion23.com\/wp-content\/uploads\/2024\/10\/amnistia-internacional-pide-a-rd-parar-politica-migratoria-racista_2-focus-0-0-896-504-1.jpg","contentUrl":"https:\/\/conexion23.com\/wp-content\/uploads\/2024\/10\/amnistia-internacional-pide-a-rd-parar-politica-migratoria-racista_2-focus-0-0-896-504-1.jpg","width":896,"height":504},{"@type":"BreadcrumbList","@id":"http:\/\/conexion23.com\/?p=33342#breadcrumb","itemListElement":[{"@type":"ListItem","position":1,"name":"Portada","item":"https:\/\/conexion23.com\/"},{"@type":"ListItem","position":2,"name":"Hait\u00ed considera discriminatoria deportaci\u00f3n 10 mil haitianos semanal y pide a RD respetar dignidad"}]},{"@type":"WebSite","@id":"https:\/\/conexion23.com\/#website","url":"https:\/\/conexion23.com\/","name":"Conexi\u00f3n 23","description":"Peri\u00f3dico 100% Petromacorisano","publisher":{"@id":"https:\/\/conexion23.com\/#organization"},"potentialAction":[{"@type":"SearchAction","target":{"@type":"EntryPoint","urlTemplate":"https:\/\/conexion23.com\/?s={search_term_string}"},"query-input":{"@type":"PropertyValueSpecification","valueRequired":true,"valueName":"search_term_string"}}],"inLanguage":"es"},{"@type":"Organization","@id":"https:\/\/conexion23.com\/#organization","name":"Conexion 23","url":"https:\/\/conexion23.com\/","logo":{"@type":"ImageObject","inLanguage":"es","@id":"https:\/\/conexion23.com\/#\/schema\/logo\/image\/","url":"https:\/\/conexion23.com\/wp-content\/uploads\/2021\/11\/Diseno-sin-titulo-2.png","contentUrl":"https:\/\/conexion23.com\/wp-content\/uploads\/2021\/11\/Diseno-sin-titulo-2.png","width":541,"height":90,"caption":"Conexion 23"},"image":{"@id":"https:\/\/conexion23.com\/#\/schema\/logo\/image\/"},"sameAs":["https:\/\/www.facebook.com\/conexion23com","https:\/\/www.instagram.com\/conexion23com\/","https:\/\/www.youtube.com\/channel\/UCYc7vxxFZMYLIHNsHHxPZ3Q"]},{"@type":"Person","@id":"https:\/\/conexion23.com\/#\/schema\/person\/03e36043331117e97a373299bbcd30a6","name":"Raffy Ben\u00edtez","image":{"@type":"ImageObject","inLanguage":"es","@id":"https:\/\/conexion23.com\/#\/schema\/person\/image\/","url":"https:\/\/secure.gravatar.com\/avatar\/3190a6a6c5e1b0327500f7d6c56b6242472ee6cb974cf09b401ee6b3b0798f23?s=96&d=mm&r=g","contentUrl":"https:\/\/secure.gravatar.com\/avatar\/3190a6a6c5e1b0327500f7d6c56b6242472ee6cb974cf09b401ee6b3b0798f23?s=96&d=mm&r=g","caption":"Raffy Ben\u00edtez"},"url":"https:\/\/conexion23.com\/?author=15"}]}},"_links":{"self":[{"href":"https:\/\/conexion23.com\/index.php?rest_route=\/wp\/v2\/posts\/33342","targetHints":{"allow":["GET"]}}],"collection":[{"href":"https:\/\/conexion23.com\/index.php?rest_route=\/wp\/v2\/posts"}],"about":[{"href":"https:\/\/conexion23.com\/index.php?rest_route=\/wp\/v2\/types\/post"}],"author":[{"embeddable":true,"href":"https:\/\/conexion23.com\/index.php?rest_route=\/wp\/v2\/users\/15"}],"replies":[{"embeddable":true,"href":"https:\/\/conexion23.com\/index.php?rest_route=%2Fwp%2Fv2%2Fcomments&post=33342"}],"version-history":[{"count":1,"href":"https:\/\/conexion23.com\/index.php?rest_route=\/wp\/v2\/posts\/33342\/revisions"}],"predecessor-version":[{"id":33344,"href":"https:\/\/conexion23.com\/index.php?rest_route=\/wp\/v2\/posts\/33342\/revisions\/33344"}],"wp:featuredmedia":[{"embeddable":true,"href":"https:\/\/conexion23.com\/index.php?rest_route=\/wp\/v2\/media\/33343"}],"wp:attachment":[{"href":"https:\/\/conexion23.com\/index.php?rest_route=%2Fwp%2Fv2%2Fmedia&parent=33342"}],"wp:term":[{"taxonomy":"category","embeddable":true,"href":"https:\/\/conexion23.com\/index.php?rest_route=%2Fwp%2Fv2%2Fcategories&post=33342"},{"taxonomy":"post_tag","embeddable":true,"href":"https:\/\/conexion23.com\/index.php?rest_route=%2Fwp%2Fv2%2Ftags&post=33342"}],"curies":[{"name":"wp","href":"https:\/\/api.w.org\/{rel}","templated":true}]}}