{"id":33345,"date":"2024-10-04T07:20:57","date_gmt":"2024-10-04T11:20:57","guid":{"rendered":"https:\/\/conexion23.com\/?p=33345"},"modified":"2024-10-04T07:20:59","modified_gmt":"2024-10-04T11:20:59","slug":"mas-de-20-muertos-y-15-heridos-en-un-ataque-de-una-banda-armada-en-haiti","status":"publish","type":"post","link":"https:\/\/conexion23.com\/?p=33345","title":{"rendered":"M\u00e1s de 20 muertos y 15 heridos en un ataque de una banda armada en Hait\u00ed"},"content":{"rendered":"\n<p>M\u00e1s de 20 personas murieron y al menos 15 resultaron heridas en un ataque de la&nbsp;<strong>banda armada Gran Grif&nbsp;<\/strong>en la localidad de&nbsp;<strong>Pont Sonde en Hait\u00ed,<\/strong>&nbsp;informaron este jueves fuentes locales.<\/p>\n\n\n\n<p>No se descarta que el n\u00famero de v\u00edctimas aumente tras la incursi\u00f3n que esta madrugada dirigi\u00f3 la banda Gran Grif, con base en la po<strong>blaci\u00f3n de Savien (Petite Riviere, Artibonite)<\/strong>, y que ha obligado a la poblaci\u00f3n del \u00e1rea afectada a huir en masa y refugiarse en la plaza p\u00fablica de la ciudad de Saint-Marc.<\/p>\n\n\n\n<p>Los heridos est\u00e1n recibiendo tratamiento en centros sanitarios, en especial en el hospital&nbsp;<strong>Saint Nicolas de Saint-Mar<\/strong>c, localidad situada a un centenar de kil\u00f3metros de Puerto Pr\u00edncipe.<\/p>\n\n\n\n<p>Desde esta ma\u00f1ana, el grupo armado controla la zona de Pont Sonde, en el departamento haitiano de Artibonite.<\/p>\n\n\n\n<p>Ante esta situaci\u00f3n, el Ministerio de Justicia y Seguridad P\u00fablica anunci\u00f3 que se han dado las instrucciones correspondientes a la Polic\u00eda Nacional de Hait\u00ed a fin de \u00abrestablecer el orden y poner fuera de combate a todos aquellos que siembran el terror en el departamento de Artibonite\u00bb.<\/p>\n\n\n\n<p>\u00abEstos cr\u00edmenes no quedar\u00e1n impunes. Los autores y sus c\u00f3mplices ser\u00e1n perseguidos hasta la \u00faltima trinchera\u00bb, seg\u00fan un comunicado de ese ministerio, que reitera su determinaci\u00f3n a tomar \u00abtodas las medidas necesarias para devolver la paz al pa\u00eds y para que la poblaci\u00f3n pueda dedicarse a sus actividades libremente\u00bb.<\/p>\n\n\n\n<p>Este ataque se produce pocos d\u00edas despu\u00e9s de las sanciones anunciadas por E<strong>stados Unidos y la ONU<\/strong>&nbsp;contra el l\u00edder del Gran Grif, conocido como Luckson Elan.<\/p>\n\n\n\n<p><strong>Hait\u00ed&nbsp;<\/strong>sufre la violencia extrema de las bandas armadas, lo que ha llevado a miles de personas a abandonar sus hogares para escapar de la inseguridad.<\/p>\n\n\n\n<p>Seg\u00fan el \u00faltimo informe de la Organizaci\u00f3n Internacional para las Migraciones (OIM), m\u00e1s de 700.000 personas -m\u00e1s de la mitad de ellas ni\u00f1os- son actualmente desplazados internos en Hait\u00ed.<\/p>\n\n\n\n<p>Las \u00faltimas cifras muestran un aumento del 22 % de los desplazados internos desde junio, con el consiguiente empeoramiento de la situaci\u00f3n humanitaria.<\/p>\n\n\n\n<p>En los \u00faltimos siete meses, la violencia de las bandas ha obligado a m\u00e1s de 110.000 personas a abandonar sus hogares, especialmente en Gressier, al oeste de la capital.<\/p>\n\n\n\n<p>La mayor\u00eda de los desplazados en Hait\u00ed, alrededor del 75%, se encuentra actualmente refugiado en provincias del pa\u00eds, y s\u00f3lo la regi\u00f3n del Gran Sur acoge al 45 % de todas estas personas.<\/p>\n\n\n\n<p>En un informe reciente, la Oficina Integrada de Naciones Unidas en Hait\u00ed (BINUH) indic\u00f3 que al menos 1.379 personas fueron v\u00edctimas de la violencia de las bandas armadas en Hait\u00ed, entre muertos y heridos, durante el segundo trimestre de 2024, elevando a casi 3.900 las v\u00edctimas en el primer semestre del a\u00f1o.En 2023 la violencia tambi\u00e9n caus\u00f3, entre muertos y heridos, 8.000 v\u00edctimas en Hait\u00ed, seg\u00fan cifras de la ONU.<\/p>\n","protected":false},"excerpt":{"rendered":"<p>M\u00e1s de 20 personas murieron y al menos 15 resultaron heridas en un ataque de la&nbsp;banda armada Gran Grif&nbsp;en la localidad de&nbsp;Pont Sonde en Hait\u00ed,&nbsp;informaron este jueves fuentes locales. No se descarta que el n\u00famero de v\u00edctimas aumente tras la incursi\u00f3n que esta madrugada dirigi\u00f3 la banda Gran Grif, con base en la poblaci\u00f3n de [&hellip;]<\/p>\n","protected":false},"author":15,"featured_media":33346,"comment_status":"open","ping_status":"open","sticky":false,"template":"","format":"standard","meta":{"footnotes":""},"categories":[1],"tags":[],"class_list":{"0":"post-33345","1":"post","2":"type-post","3":"status-publish","4":"format-standard","5":"has-post-thumbnail","7":"category-uncategorized"},"yoast_head":"<!-- This site is optimized with the Yoast SEO plugin v27.1.1 - https:\/\/yoast.com\/product\/yoast-seo-wordpress\/ -->\n<title>M\u00e1s de 20 muertos y 15 heridos en un ataque de una banda armada en Hait\u00ed - Conexi\u00f3n 23<\/title>\n<meta name=\"robots\" content=\"index, follow, max-snippet:-1, max-image-preview:large, max-video-preview:-1\" \/>\n<link rel=\"canonical\" href=\"http:\/\/conexion23.com\/?p=33345\" \/>\n<meta property=\"og:locale\" content=\"es_ES\" \/>\n<meta property=\"og:type\" content=\"article\" \/>\n<meta property=\"og:title\" content=\"M\u00e1s de 20 muertos y 15 heridos en un ataque de una banda armada en Hait\u00ed - Conexi\u00f3n 23\" \/>\n<meta property=\"og:description\" content=\"M\u00e1s de 20 personas murieron y al menos 15 resultaron heridas en un ataque de la&nbsp;banda armada Gran Grif&nbsp;en la localidad de&nbsp;Pont Sonde en Hait\u00ed,&nbsp;informaron este jueves fuentes locales. No se descarta que el n\u00famero de v\u00edctimas aumente tras la incursi\u00f3n que esta madrugada dirigi\u00f3 la banda Gran Grif, con base en la poblaci\u00f3n de [&hellip;]\" \/>\n<meta property=\"og:url\" content=\"http:\/\/conexion23.com\/?p=33345\" \/>\n<meta property=\"og:site_name\" content=\"Conexi\u00f3n 23\" \/>\n<meta property=\"article:publisher\" content=\"https:\/\/www.facebook.com\/conexion23com\" \/>\n<meta property=\"article:published_time\" content=\"2024-10-04T11:20:57+00:00\" \/>\n<meta property=\"article:modified_time\" content=\"2024-10-04T11:20:59+00:00\" \/>\n<meta property=\"og:image\" content=\"http:\/\/conexion23.com\/wp-content\/uploads\/2024\/10\/652f31b11382b.jpeg\" \/>\n\t<meta property=\"og:image:width\" content=\"800\" \/>\n\t<meta property=\"og:image:height\" content=\"560\" \/>\n\t<meta property=\"og:image:type\" content=\"image\/jpeg\" \/>\n<meta name=\"author\" content=\"Raffy Ben\u00edtez\" \/>\n<meta name=\"twitter:card\" content=\"summary_large_image\" \/>\n<meta name=\"twitter:label1\" content=\"Escrito por\" \/>\n\t<meta name=\"twitter:data1\" content=\"Raffy Ben\u00edtez\" \/>\n\t<meta name=\"twitter:label2\" content=\"Tiempo de lectura\" \/>\n\t<meta name=\"twitter:data2\" content=\"3 minutos\" \/>\n<script type=\"application\/ld+json\" class=\"yoast-schema-graph\">{\"@context\":\"https:\/\/schema.org\",\"@graph\":[{\"@type\":\"Article\",\"@id\":\"http:\/\/conexion23.com\/?p=33345#article\",\"isPartOf\":{\"@id\":\"http:\/\/conexion23.com\/?p=33345\"},\"author\":{\"name\":\"Raffy Ben\u00edtez\",\"@id\":\"https:\/\/conexion23.com\/#\/schema\/person\/03e36043331117e97a373299bbcd30a6\"},\"headline\":\"M\u00e1s de 20 muertos y 15 heridos en un ataque de una banda armada en Hait\u00ed\",\"datePublished\":\"2024-10-04T11:20:57+00:00\",\"dateModified\":\"2024-10-04T11:20:59+00:00\",\"mainEntityOfPage\":{\"@id\":\"http:\/\/conexion23.com\/?p=33345\"},\"wordCount\":517,\"commentCount\":0,\"publisher\":{\"@id\":\"https:\/\/conexion23.com\/#organization\"},\"image\":{\"@id\":\"http:\/\/conexion23.com\/?p=33345#primaryimage\"},\"thumbnailUrl\":\"https:\/\/conexion23.com\/wp-content\/uploads\/2024\/10\/652f31b11382b.jpeg\",\"articleSection\":[\"Uncategorized\"],\"inLanguage\":\"es\",\"potentialAction\":[{\"@type\":\"CommentAction\",\"name\":\"Comment\",\"target\":[\"http:\/\/conexion23.com\/?p=33345#respond\"]}]},{\"@type\":\"WebPage\",\"@id\":\"http:\/\/conexion23.com\/?p=33345\",\"url\":\"http:\/\/conexion23.com\/?p=33345\",\"name\":\"M\u00e1s de 20 muertos y 15 heridos en un ataque de una banda armada en Hait\u00ed - Conexi\u00f3n 23\",\"isPartOf\":{\"@id\":\"https:\/\/conexion23.com\/#website\"},\"primaryImageOfPage\":{\"@id\":\"http:\/\/conexion23.com\/?p=33345#primaryimage\"},\"image\":{\"@id\":\"http:\/\/conexion23.com\/?p=33345#primaryimage\"},\"thumbnailUrl\":\"https:\/\/conexion23.com\/wp-content\/uploads\/2024\/10\/652f31b11382b.jpeg\",\"datePublished\":\"2024-10-04T11:20:57+00:00\",\"dateModified\":\"2024-10-04T11:20:59+00:00\",\"breadcrumb\":{\"@id\":\"http:\/\/conexion23.com\/?p=33345#breadcrumb\"},\"inLanguage\":\"es\",\"potentialAction\":[{\"@type\":\"ReadAction\",\"target\":[\"http:\/\/conexion23.com\/?p=33345\"]}]},{\"@type\":\"ImageObject\",\"inLanguage\":\"es\",\"@id\":\"http:\/\/conexion23.com\/?p=33345#primaryimage\",\"url\":\"https:\/\/conexion23.com\/wp-content\/uploads\/2024\/10\/652f31b11382b.jpeg\",\"contentUrl\":\"https:\/\/conexion23.com\/wp-content\/uploads\/2024\/10\/652f31b11382b.jpeg\",\"width\":800,\"height\":560},{\"@type\":\"BreadcrumbList\",\"@id\":\"http:\/\/conexion23.com\/?p=33345#breadcrumb\",\"itemListElement\":[{\"@type\":\"ListItem\",\"position\":1,\"name\":\"Portada\",\"item\":\"https:\/\/conexion23.com\/\"},{\"@type\":\"ListItem\",\"position\":2,\"name\":\"M\u00e1s de 20 muertos y 15 heridos en un ataque de una banda armada en Hait\u00ed\"}]},{\"@type\":\"WebSite\",\"@id\":\"https:\/\/conexion23.com\/#website\",\"url\":\"https:\/\/conexion23.com\/\",\"name\":\"Conexi\u00f3n 23\",\"description\":\"Peri\u00f3dico 100% Petromacorisano\",\"publisher\":{\"@id\":\"https:\/\/conexion23.com\/#organization\"},\"potentialAction\":[{\"@type\":\"SearchAction\",\"target\":{\"@type\":\"EntryPoint\",\"urlTemplate\":\"https:\/\/conexion23.com\/?s={search_term_string}\"},\"query-input\":{\"@type\":\"PropertyValueSpecification\",\"valueRequired\":true,\"valueName\":\"search_term_string\"}}],\"inLanguage\":\"es\"},{\"@type\":\"Organization\",\"@id\":\"https:\/\/conexion23.com\/#organization\",\"name\":\"Conexion 23\",\"url\":\"https:\/\/conexion23.com\/\",\"logo\":{\"@type\":\"ImageObject\",\"inLanguage\":\"es\",\"@id\":\"https:\/\/conexion23.com\/#\/schema\/logo\/image\/\",\"url\":\"https:\/\/conexion23.com\/wp-content\/uploads\/2021\/11\/Diseno-sin-titulo-2.png\",\"contentUrl\":\"https:\/\/conexion23.com\/wp-content\/uploads\/2021\/11\/Diseno-sin-titulo-2.png\",\"width\":541,\"height\":90,\"caption\":\"Conexion 23\"},\"image\":{\"@id\":\"https:\/\/conexion23.com\/#\/schema\/logo\/image\/\"},\"sameAs\":[\"https:\/\/www.facebook.com\/conexion23com\",\"https:\/\/www.instagram.com\/conexion23com\/\",\"https:\/\/www.youtube.com\/channel\/UCYc7vxxFZMYLIHNsHHxPZ3Q\"]},{\"@type\":\"Person\",\"@id\":\"https:\/\/conexion23.com\/#\/schema\/person\/03e36043331117e97a373299bbcd30a6\",\"name\":\"Raffy Ben\u00edtez\",\"image\":{\"@type\":\"ImageObject\",\"inLanguage\":\"es\",\"@id\":\"https:\/\/conexion23.com\/#\/schema\/person\/image\/\",\"url\":\"https:\/\/secure.gravatar.com\/avatar\/3190a6a6c5e1b0327500f7d6c56b6242472ee6cb974cf09b401ee6b3b0798f23?s=96&d=mm&r=g\",\"contentUrl\":\"https:\/\/secure.gravatar.com\/avatar\/3190a6a6c5e1b0327500f7d6c56b6242472ee6cb974cf09b401ee6b3b0798f23?s=96&d=mm&r=g\",\"caption\":\"Raffy Ben\u00edtez\"},\"url\":\"https:\/\/conexion23.com\/?author=15\"}]}<\/script>\n<!-- \/ Yoast SEO plugin. -->","yoast_head_json":{"title":"M\u00e1s de 20 muertos y 15 heridos en un ataque de una banda armada en Hait\u00ed - Conexi\u00f3n 23","robots":{"index":"index","follow":"follow","max-snippet":"max-snippet:-1","max-image-preview":"max-image-preview:large","max-video-preview":"max-video-preview:-1"},"canonical":"http:\/\/conexion23.com\/?p=33345","og_locale":"es_ES","og_type":"article","og_title":"M\u00e1s de 20 muertos y 15 heridos en un ataque de una banda armada en Hait\u00ed - Conexi\u00f3n 23","og_description":"M\u00e1s de 20 personas murieron y al menos 15 resultaron heridas en un ataque de la&nbsp;banda armada Gran Grif&nbsp;en la localidad de&nbsp;Pont Sonde en Hait\u00ed,&nbsp;informaron este jueves fuentes locales. No se descarta que el n\u00famero de v\u00edctimas aumente tras la incursi\u00f3n que esta madrugada dirigi\u00f3 la banda Gran Grif, con base en la poblaci\u00f3n de [&hellip;]","og_url":"http:\/\/conexion23.com\/?p=33345","og_site_name":"Conexi\u00f3n 23","article_publisher":"https:\/\/www.facebook.com\/conexion23com","article_published_time":"2024-10-04T11:20:57+00:00","article_modified_time":"2024-10-04T11:20:59+00:00","og_image":[{"width":800,"height":560,"url":"http:\/\/conexion23.com\/wp-content\/uploads\/2024\/10\/652f31b11382b.jpeg","type":"image\/jpeg"}],"author":"Raffy Ben\u00edtez","twitter_card":"summary_large_image","twitter_misc":{"Escrito por":"Raffy Ben\u00edtez","Tiempo de lectura":"3 minutos"},"schema":{"@context":"https:\/\/schema.org","@graph":[{"@type":"Article","@id":"http:\/\/conexion23.com\/?p=33345#article","isPartOf":{"@id":"http:\/\/conexion23.com\/?p=33345"},"author":{"name":"Raffy Ben\u00edtez","@id":"https:\/\/conexion23.com\/#\/schema\/person\/03e36043331117e97a373299bbcd30a6"},"headline":"M\u00e1s de 20 muertos y 15 heridos en un ataque de una banda armada en Hait\u00ed","datePublished":"2024-10-04T11:20:57+00:00","dateModified":"2024-10-04T11:20:59+00:00","mainEntityOfPage":{"@id":"http:\/\/conexion23.com\/?p=33345"},"wordCount":517,"commentCount":0,"publisher":{"@id":"https:\/\/conexion23.com\/#organization"},"image":{"@id":"http:\/\/conexion23.com\/?p=33345#primaryimage"},"thumbnailUrl":"https:\/\/conexion23.com\/wp-content\/uploads\/2024\/10\/652f31b11382b.jpeg","articleSection":["Uncategorized"],"inLanguage":"es","potentialAction":[{"@type":"CommentAction","name":"Comment","target":["http:\/\/conexion23.com\/?p=33345#respond"]}]},{"@type":"WebPage","@id":"http:\/\/conexion23.com\/?p=33345","url":"http:\/\/conexion23.com\/?p=33345","name":"M\u00e1s de 20 muertos y 15 heridos en un ataque de una banda armada en Hait\u00ed - Conexi\u00f3n 23","isPartOf":{"@id":"https:\/\/conexion23.com\/#website"},"primaryImageOfPage":{"@id":"http:\/\/conexion23.com\/?p=33345#primaryimage"},"image":{"@id":"http:\/\/conexion23.com\/?p=33345#primaryimage"},"thumbnailUrl":"https:\/\/conexion23.com\/wp-content\/uploads\/2024\/10\/652f31b11382b.jpeg","datePublished":"2024-10-04T11:20:57+00:00","dateModified":"2024-10-04T11:20:59+00:00","breadcrumb":{"@id":"http:\/\/conexion23.com\/?p=33345#breadcrumb"},"inLanguage":"es","potentialAction":[{"@type":"ReadAction","target":["http:\/\/conexion23.com\/?p=33345"]}]},{"@type":"ImageObject","inLanguage":"es","@id":"http:\/\/conexion23.com\/?p=33345#primaryimage","url":"https:\/\/conexion23.com\/wp-content\/uploads\/2024\/10\/652f31b11382b.jpeg","contentUrl":"https:\/\/conexion23.com\/wp-content\/uploads\/2024\/10\/652f31b11382b.jpeg","width":800,"height":560},{"@type":"BreadcrumbList","@id":"http:\/\/conexion23.com\/?p=33345#breadcrumb","itemListElement":[{"@type":"ListItem","position":1,"name":"Portada","item":"https:\/\/conexion23.com\/"},{"@type":"ListItem","position":2,"name":"M\u00e1s de 20 muertos y 15 heridos en un ataque de una banda armada en Hait\u00ed"}]},{"@type":"WebSite","@id":"https:\/\/conexion23.com\/#website","url":"https:\/\/conexion23.com\/","name":"Conexi\u00f3n 23","description":"Peri\u00f3dico 100% Petromacorisano","publisher":{"@id":"https:\/\/conexion23.com\/#organization"},"potentialAction":[{"@type":"SearchAction","target":{"@type":"EntryPoint","urlTemplate":"https:\/\/conexion23.com\/?s={search_term_string}"},"query-input":{"@type":"PropertyValueSpecification","valueRequired":true,"valueName":"search_term_string"}}],"inLanguage":"es"},{"@type":"Organization","@id":"https:\/\/conexion23.com\/#organization","name":"Conexion 23","url":"https:\/\/conexion23.com\/","logo":{"@type":"ImageObject","inLanguage":"es","@id":"https:\/\/conexion23.com\/#\/schema\/logo\/image\/","url":"https:\/\/conexion23.com\/wp-content\/uploads\/2021\/11\/Diseno-sin-titulo-2.png","contentUrl":"https:\/\/conexion23.com\/wp-content\/uploads\/2021\/11\/Diseno-sin-titulo-2.png","width":541,"height":90,"caption":"Conexion 23"},"image":{"@id":"https:\/\/conexion23.com\/#\/schema\/logo\/image\/"},"sameAs":["https:\/\/www.facebook.com\/conexion23com","https:\/\/www.instagram.com\/conexion23com\/","https:\/\/www.youtube.com\/channel\/UCYc7vxxFZMYLIHNsHHxPZ3Q"]},{"@type":"Person","@id":"https:\/\/conexion23.com\/#\/schema\/person\/03e36043331117e97a373299bbcd30a6","name":"Raffy Ben\u00edtez","image":{"@type":"ImageObject","inLanguage":"es","@id":"https:\/\/conexion23.com\/#\/schema\/person\/image\/","url":"https:\/\/secure.gravatar.com\/avatar\/3190a6a6c5e1b0327500f7d6c56b6242472ee6cb974cf09b401ee6b3b0798f23?s=96&d=mm&r=g","contentUrl":"https:\/\/secure.gravatar.com\/avatar\/3190a6a6c5e1b0327500f7d6c56b6242472ee6cb974cf09b401ee6b3b0798f23?s=96&d=mm&r=g","caption":"Raffy Ben\u00edtez"},"url":"https:\/\/conexion23.com\/?author=15"}]}},"_links":{"self":[{"href":"https:\/\/conexion23.com\/index.php?rest_route=\/wp\/v2\/posts\/33345","targetHints":{"allow":["GET"]}}],"collection":[{"href":"https:\/\/conexion23.com\/index.php?rest_route=\/wp\/v2\/posts"}],"about":[{"href":"https:\/\/conexion23.com\/index.php?rest_route=\/wp\/v2\/types\/post"}],"author":[{"embeddable":true,"href":"https:\/\/conexion23.com\/index.php?rest_route=\/wp\/v2\/users\/15"}],"replies":[{"embeddable":true,"href":"https:\/\/conexion23.com\/index.php?rest_route=%2Fwp%2Fv2%2Fcomments&post=33345"}],"version-history":[{"count":1,"href":"https:\/\/conexion23.com\/index.php?rest_route=\/wp\/v2\/posts\/33345\/revisions"}],"predecessor-version":[{"id":33347,"href":"https:\/\/conexion23.com\/index.php?rest_route=\/wp\/v2\/posts\/33345\/revisions\/33347"}],"wp:featuredmedia":[{"embeddable":true,"href":"https:\/\/conexion23.com\/index.php?rest_route=\/wp\/v2\/media\/33346"}],"wp:attachment":[{"href":"https:\/\/conexion23.com\/index.php?rest_route=%2Fwp%2Fv2%2Fmedia&parent=33345"}],"wp:term":[{"taxonomy":"category","embeddable":true,"href":"https:\/\/conexion23.com\/index.php?rest_route=%2Fwp%2Fv2%2Fcategories&post=33345"},{"taxonomy":"post_tag","embeddable":true,"href":"https:\/\/conexion23.com\/index.php?rest_route=%2Fwp%2Fv2%2Ftags&post=33345"}],"curies":[{"name":"wp","href":"https:\/\/api.w.org\/{rel}","templated":true}]}}