{"id":33348,"date":"2024-10-04T07:23:57","date_gmt":"2024-10-04T11:23:57","guid":{"rendered":"https:\/\/conexion23.com\/?p=33348"},"modified":"2024-10-04T07:23:59","modified_gmt":"2024-10-04T11:23:59","slug":"el-ministerio-publico-describe-paso-a-paso-el-alegado-sabotaje-a-la-red-de-semaforos","status":"publish","type":"post","link":"https:\/\/conexion23.com\/?p=33348","title":{"rendered":"El Ministerio P\u00fablico describe paso a paso el alegado sabotaje a la red de sem\u00e1foros"},"content":{"rendered":"\n<p>La orden de arresto emitida dentro del despliegue de la&nbsp;<strong>operaci\u00f3n<\/strong>&nbsp;<strong>Camale\u00f3n<\/strong>&nbsp;se\u00f1ala a la empresa&nbsp;<strong>Transcore<\/strong>&nbsp;<strong>Latam<\/strong>&nbsp;S.R.L. de un presunto&nbsp;<strong>sabotaje<\/strong>&nbsp;a la red semaf\u00f3rica del Gran Santo Domingo, mediante la&nbsp;<strong>instalaci\u00f3n<\/strong>&nbsp;no autorizada de&nbsp;<strong>reguladores<\/strong>&nbsp;sem\u00e1foricos, de acuerdo con las imputaciones del Ministerio P\u00fablico.<\/p>\n\n\n\n<p>En el documento se indica que el detonante de la crisis se produjo en marzo de 2024, cuando&nbsp;<strong>Transcore<\/strong>&nbsp;<strong>Latam<\/strong>&nbsp;S.R.L., sin la&nbsp;<strong>autorizaci\u00f3n<\/strong>&nbsp;del Instituto Nacional de Tr\u00e1nsito y Transporte Terrestre (<strong>Intrant<\/strong>), comenz\u00f3 a instalar&nbsp;<strong>reguladores<\/strong>&nbsp;semaf\u00f3ricos clandestinos en varias&nbsp;<strong>intersecciones<\/strong>&nbsp;clave de Santo Domingo.<\/p>\n\n\n\n<p>Estas instalaciones no solo fueron realizadas sin los permisos necesarios, sino que tambi\u00e9n complicaron la operaci\u00f3n del sistema de&nbsp;<strong>sem\u00e1foros<\/strong>, incrementando las&nbsp;<strong>fallas<\/strong>&nbsp;<strong>operativas<\/strong>. La&nbsp;<strong>instalaci\u00f3n<\/strong>&nbsp;<strong>irregular<\/strong>&nbsp;de estos dispositivos en horas de la noche, fue dirigida por Carlos Peguero, Pedro Padovani y Jos\u00e9 G\u00f3mez Cana\u00e1n (Jochi G\u00f3mez), de acuerdo con la orden de arresto.<\/p>\n\n\n\n<p>\u201cEsta modificaci\u00f3n increment\u00f3 la cantidad de&nbsp;<strong>reguladores<\/strong>&nbsp;de 80 a 124, complicando as\u00ed las operaciones del personal del&nbsp;<strong>Intrant<\/strong>&nbsp;en su gesti\u00f3n y modificaci\u00f3n\u201d, resalta el documento.<\/p>\n\n\n\n<p>Las acciones de&nbsp;<strong>Transcore<\/strong>&nbsp;<strong>Latam<\/strong>&nbsp;alegadamente incluyeron la restricci\u00f3n del acceso a los&nbsp;<strong>reguladores<\/strong>&nbsp;por parte del personal de&nbsp;<strong>Intrant<\/strong>, que se ejecut\u00f3 mediante el cambio inconsulto de las cerraduras de las cajas de seguridad.<\/p>\n\n\n\n<p>Desde inicios de agosto de 2024, se registraron numerosas&nbsp;<strong>fallas<\/strong>&nbsp;en los&nbsp;<strong>sem\u00e1foros<\/strong>, especialmente en horas pico, afectando&nbsp;<strong>intersecciones<\/strong>&nbsp;cr\u00edticas como las avenidas N\u00fa\u00f1ez de C\u00e1ceres y Winston Churchill.<\/p>\n\n\n\n<p>Seg\u00fan la orden de arresto, G\u00f3mez Cana\u00e1n (Jochi G\u00f3mez) amenaz\u00f3 al&nbsp;<strong>director<\/strong>&nbsp;del&nbsp;<strong>Intrant<\/strong>&nbsp;advirtiendo que suspender\u00eda el mantenimiento de los&nbsp;<strong>equipos<\/strong><\/p>\n\n\n\n<p>Detalla el documento que la noche del 27 de agosto, el abogado Jorge Luis&nbsp;<strong>Polanco<\/strong>, en representaci\u00f3n del&nbsp;<strong>Intrant<\/strong>, notific\u00f3 a G\u00f3mez Cana\u00e1n que la&nbsp;<strong>instalaci\u00f3n<\/strong>&nbsp;de nuevos&nbsp;<strong>equipos<\/strong>&nbsp;semaf\u00f3ricos no era correcta ni autorizada. \u201cEsta conversaci\u00f3n gener\u00f3 una reacci\u00f3n airada por parte de G\u00f3mez Cana\u00e1n, quien amenaz\u00f3 al&nbsp;<strong>director<\/strong>&nbsp;del&nbsp;<strong>Intrant<\/strong>, Milton Morrison, advirtiendo que suspender\u00eda el mantenimiento de los&nbsp;<strong>equipos<\/strong>\u201c.<\/p>\n\n\n\n<p>Debido a estas interacciones, G\u00f3mez Cana\u00e1n comunic\u00f3 a sus&nbsp;<strong>t\u00e9cnicos<\/strong>, a trav\u00e9s de un chat de WhatsApp, que se suspend\u00edan todos los soportes al&nbsp;<strong>Intrant<\/strong>, y los tres abandonaron el chat.<\/p>\n\n\n\n<p>En tanto, el 28 de agosto se constat\u00f3 que supuestamente el centro de control de&nbsp;<strong>Transcore Latam<\/strong>&nbsp;desactiv\u00f3 14&nbsp;<strong>intersecciones<\/strong>&nbsp;<strong>semaf\u00f3ricas<\/strong>, inicialmente consideradas como&nbsp;<strong>aver\u00edas<\/strong>, generando sospecha, dado que el promedio de&nbsp;<strong>fallas<\/strong>&nbsp;diarias suele ser de cinco a seis, seg\u00fan los&nbsp;<strong>t\u00e9cnicos<\/strong>&nbsp;del&nbsp;<strong>Intrant<\/strong>.<\/p>\n\n\n\n<p>Con el paso de los d\u00edas, se incrementaron las&nbsp;<strong>aver\u00edas<\/strong>, alcanzando un total de 44&nbsp;<strong>intersecciones<\/strong>&nbsp;afectadas para el 29 de agosto. \u201cEn ese momento, se confirm\u00f3 que se trataba de un acto de&nbsp;<strong>sabotaje<\/strong>&nbsp;dirigido por&nbsp;<strong>Jos\u00e9 \u00c1ngel G\u00f3mez Cana\u00e1n<\/strong>, Carlos Peguero y Pedro Padovani\u201d, precisa el documento judicial.<\/p>\n\n\n\n<p>Ante la gravedad de la situaci\u00f3n, que afect\u00f3 a la red semaf\u00f3rica y, por ende, la seguridad nacional, el&nbsp;<strong>Intrant<\/strong>&nbsp;organiz\u00f3 un&nbsp;<strong>equipo<\/strong>&nbsp;de&nbsp;<strong>t\u00e9cnicos<\/strong>&nbsp;acompa\u00f1ados de personal&nbsp;<strong>militar<\/strong>&nbsp;para abordar la crisis que generaba caos en las v\u00edas p\u00fablicas del Gran Santo Domingo.<\/p>\n\n\n\n<p>El documento de la Procuradur\u00eda puntualiza, adem\u00e1s, que mientras se preparaba para intervenir, G\u00f3mez Cana\u00e1n solicit\u00f3 una reuni\u00f3n con el&nbsp;<strong>director<\/strong>&nbsp;ejecutivo del&nbsp;<strong>Intrant<\/strong>, Milton Morrison, quien accedi\u00f3 a la reuni\u00f3n junto con Jorge Luis&nbsp;<strong>Polanco<\/strong>.<\/p>\n\n\n\n<p>\u201cLa actitud amenazante de G\u00f3mez Cana\u00e1n provoc\u00f3 un quiebre en la&nbsp;<strong>relaci\u00f3n<\/strong>&nbsp;entre&nbsp;<strong>Polanco<\/strong>&nbsp;y \u00e9l, llevando a&nbsp;<strong>Polanco<\/strong>&nbsp;a retirarse de la oficina\u201d, se destaca.<\/p>\n\n\n\n<p>Una auditor\u00eda preliminar revel\u00f3 que el&nbsp;<strong>tr\u00e1fico<\/strong>&nbsp;en las arterias principales del Gran Santo Domingo se vio gravemente&nbsp;<strong>afectado<\/strong>&nbsp;por estos \u201cactos deliberados\u201d, presuntamente ejecutados por G\u00f3mez Cana\u00e1n entre el 28 y el 31 de agosto.<\/p>\n","protected":false},"excerpt":{"rendered":"<p>La orden de arresto emitida dentro del despliegue de la&nbsp;operaci\u00f3n&nbsp;Camale\u00f3n&nbsp;se\u00f1ala a la empresa&nbsp;Transcore&nbsp;Latam&nbsp;S.R.L. de un presunto&nbsp;sabotaje&nbsp;a la red semaf\u00f3rica del Gran Santo Domingo, mediante la&nbsp;instalaci\u00f3n&nbsp;no autorizada de&nbsp;reguladores&nbsp;sem\u00e1foricos, de acuerdo con las imputaciones del Ministerio P\u00fablico. En el documento se indica que el detonante de la crisis se produjo en marzo de 2024, cuando&nbsp;Transcore&nbsp;Latam&nbsp;S.R.L., sin la&nbsp;autorizaci\u00f3n&nbsp;del [&hellip;]<\/p>\n","protected":false},"author":15,"featured_media":33349,"comment_status":"open","ping_status":"open","sticky":false,"template":"","format":"standard","meta":{"footnotes":""},"categories":[1],"tags":[],"class_list":{"0":"post-33348","1":"post","2":"type-post","3":"status-publish","4":"format-standard","5":"has-post-thumbnail","7":"category-uncategorized"},"yoast_head":"<!-- This site is optimized with the Yoast SEO plugin v27.1.1 - https:\/\/yoast.com\/product\/yoast-seo-wordpress\/ -->\n<title>El Ministerio P\u00fablico describe paso a paso el alegado sabotaje a la red de sem\u00e1foros - Conexi\u00f3n 23<\/title>\n<meta name=\"robots\" content=\"index, follow, max-snippet:-1, max-image-preview:large, max-video-preview:-1\" \/>\n<link rel=\"canonical\" href=\"http:\/\/conexion23.com\/?p=33348\" \/>\n<meta property=\"og:locale\" content=\"es_ES\" \/>\n<meta property=\"og:type\" content=\"article\" \/>\n<meta property=\"og:title\" content=\"El Ministerio P\u00fablico describe paso a paso el alegado sabotaje a la red de sem\u00e1foros - Conexi\u00f3n 23\" \/>\n<meta property=\"og:description\" content=\"La orden de arresto emitida dentro del despliegue de la&nbsp;operaci\u00f3n&nbsp;Camale\u00f3n&nbsp;se\u00f1ala a la empresa&nbsp;Transcore&nbsp;Latam&nbsp;S.R.L. de un presunto&nbsp;sabotaje&nbsp;a la red semaf\u00f3rica del Gran Santo Domingo, mediante la&nbsp;instalaci\u00f3n&nbsp;no autorizada de&nbsp;reguladores&nbsp;sem\u00e1foricos, de acuerdo con las imputaciones del Ministerio P\u00fablico. En el documento se indica que el detonante de la crisis se produjo en marzo de 2024, cuando&nbsp;Transcore&nbsp;Latam&nbsp;S.R.L., sin la&nbsp;autorizaci\u00f3n&nbsp;del [&hellip;]\" \/>\n<meta property=\"og:url\" content=\"http:\/\/conexion23.com\/?p=33348\" \/>\n<meta property=\"og:site_name\" content=\"Conexi\u00f3n 23\" \/>\n<meta property=\"article:publisher\" content=\"https:\/\/www.facebook.com\/conexion23com\" \/>\n<meta property=\"article:published_time\" content=\"2024-10-04T11:23:57+00:00\" \/>\n<meta property=\"article:modified_time\" content=\"2024-10-04T11:23:59+00:00\" \/>\n<meta property=\"og:image\" content=\"http:\/\/conexion23.com\/wp-content\/uploads\/2024\/10\/intrant-detalles-del-sabotaje-a-red-semaforica-focus-0-0-896-504.jpg\" \/>\n\t<meta property=\"og:image:width\" content=\"896\" \/>\n\t<meta property=\"og:image:height\" content=\"504\" \/>\n\t<meta property=\"og:image:type\" content=\"image\/jpeg\" \/>\n<meta name=\"author\" content=\"Raffy Ben\u00edtez\" \/>\n<meta name=\"twitter:card\" content=\"summary_large_image\" \/>\n<meta name=\"twitter:label1\" content=\"Escrito por\" \/>\n\t<meta name=\"twitter:data1\" content=\"Raffy Ben\u00edtez\" \/>\n\t<meta name=\"twitter:label2\" content=\"Tiempo de lectura\" \/>\n\t<meta name=\"twitter:data2\" content=\"3 minutos\" \/>\n<script type=\"application\/ld+json\" class=\"yoast-schema-graph\">{\"@context\":\"https:\/\/schema.org\",\"@graph\":[{\"@type\":\"Article\",\"@id\":\"http:\/\/conexion23.com\/?p=33348#article\",\"isPartOf\":{\"@id\":\"http:\/\/conexion23.com\/?p=33348\"},\"author\":{\"name\":\"Raffy Ben\u00edtez\",\"@id\":\"https:\/\/conexion23.com\/#\/schema\/person\/03e36043331117e97a373299bbcd30a6\"},\"headline\":\"El Ministerio P\u00fablico describe paso a paso el alegado sabotaje a la red de sem\u00e1foros\",\"datePublished\":\"2024-10-04T11:23:57+00:00\",\"dateModified\":\"2024-10-04T11:23:59+00:00\",\"mainEntityOfPage\":{\"@id\":\"http:\/\/conexion23.com\/?p=33348\"},\"wordCount\":770,\"commentCount\":0,\"publisher\":{\"@id\":\"https:\/\/conexion23.com\/#organization\"},\"image\":{\"@id\":\"http:\/\/conexion23.com\/?p=33348#primaryimage\"},\"thumbnailUrl\":\"https:\/\/conexion23.com\/wp-content\/uploads\/2024\/10\/intrant-detalles-del-sabotaje-a-red-semaforica-focus-0-0-896-504.jpg\",\"articleSection\":[\"Uncategorized\"],\"inLanguage\":\"es\",\"potentialAction\":[{\"@type\":\"CommentAction\",\"name\":\"Comment\",\"target\":[\"http:\/\/conexion23.com\/?p=33348#respond\"]}]},{\"@type\":\"WebPage\",\"@id\":\"http:\/\/conexion23.com\/?p=33348\",\"url\":\"http:\/\/conexion23.com\/?p=33348\",\"name\":\"El Ministerio P\u00fablico describe paso a paso el alegado sabotaje a la red de sem\u00e1foros - Conexi\u00f3n 23\",\"isPartOf\":{\"@id\":\"https:\/\/conexion23.com\/#website\"},\"primaryImageOfPage\":{\"@id\":\"http:\/\/conexion23.com\/?p=33348#primaryimage\"},\"image\":{\"@id\":\"http:\/\/conexion23.com\/?p=33348#primaryimage\"},\"thumbnailUrl\":\"https:\/\/conexion23.com\/wp-content\/uploads\/2024\/10\/intrant-detalles-del-sabotaje-a-red-semaforica-focus-0-0-896-504.jpg\",\"datePublished\":\"2024-10-04T11:23:57+00:00\",\"dateModified\":\"2024-10-04T11:23:59+00:00\",\"breadcrumb\":{\"@id\":\"http:\/\/conexion23.com\/?p=33348#breadcrumb\"},\"inLanguage\":\"es\",\"potentialAction\":[{\"@type\":\"ReadAction\",\"target\":[\"http:\/\/conexion23.com\/?p=33348\"]}]},{\"@type\":\"ImageObject\",\"inLanguage\":\"es\",\"@id\":\"http:\/\/conexion23.com\/?p=33348#primaryimage\",\"url\":\"https:\/\/conexion23.com\/wp-content\/uploads\/2024\/10\/intrant-detalles-del-sabotaje-a-red-semaforica-focus-0-0-896-504.jpg\",\"contentUrl\":\"https:\/\/conexion23.com\/wp-content\/uploads\/2024\/10\/intrant-detalles-del-sabotaje-a-red-semaforica-focus-0-0-896-504.jpg\",\"width\":896,\"height\":504},{\"@type\":\"BreadcrumbList\",\"@id\":\"http:\/\/conexion23.com\/?p=33348#breadcrumb\",\"itemListElement\":[{\"@type\":\"ListItem\",\"position\":1,\"name\":\"Portada\",\"item\":\"https:\/\/conexion23.com\/\"},{\"@type\":\"ListItem\",\"position\":2,\"name\":\"El Ministerio P\u00fablico describe paso a paso el alegado sabotaje a la red de sem\u00e1foros\"}]},{\"@type\":\"WebSite\",\"@id\":\"https:\/\/conexion23.com\/#website\",\"url\":\"https:\/\/conexion23.com\/\",\"name\":\"Conexi\u00f3n 23\",\"description\":\"Peri\u00f3dico 100% Petromacorisano\",\"publisher\":{\"@id\":\"https:\/\/conexion23.com\/#organization\"},\"potentialAction\":[{\"@type\":\"SearchAction\",\"target\":{\"@type\":\"EntryPoint\",\"urlTemplate\":\"https:\/\/conexion23.com\/?s={search_term_string}\"},\"query-input\":{\"@type\":\"PropertyValueSpecification\",\"valueRequired\":true,\"valueName\":\"search_term_string\"}}],\"inLanguage\":\"es\"},{\"@type\":\"Organization\",\"@id\":\"https:\/\/conexion23.com\/#organization\",\"name\":\"Conexion 23\",\"url\":\"https:\/\/conexion23.com\/\",\"logo\":{\"@type\":\"ImageObject\",\"inLanguage\":\"es\",\"@id\":\"https:\/\/conexion23.com\/#\/schema\/logo\/image\/\",\"url\":\"https:\/\/conexion23.com\/wp-content\/uploads\/2021\/11\/Diseno-sin-titulo-2.png\",\"contentUrl\":\"https:\/\/conexion23.com\/wp-content\/uploads\/2021\/11\/Diseno-sin-titulo-2.png\",\"width\":541,\"height\":90,\"caption\":\"Conexion 23\"},\"image\":{\"@id\":\"https:\/\/conexion23.com\/#\/schema\/logo\/image\/\"},\"sameAs\":[\"https:\/\/www.facebook.com\/conexion23com\",\"https:\/\/www.instagram.com\/conexion23com\/\",\"https:\/\/www.youtube.com\/channel\/UCYc7vxxFZMYLIHNsHHxPZ3Q\"]},{\"@type\":\"Person\",\"@id\":\"https:\/\/conexion23.com\/#\/schema\/person\/03e36043331117e97a373299bbcd30a6\",\"name\":\"Raffy Ben\u00edtez\",\"image\":{\"@type\":\"ImageObject\",\"inLanguage\":\"es\",\"@id\":\"https:\/\/conexion23.com\/#\/schema\/person\/image\/\",\"url\":\"https:\/\/secure.gravatar.com\/avatar\/3190a6a6c5e1b0327500f7d6c56b6242472ee6cb974cf09b401ee6b3b0798f23?s=96&d=mm&r=g\",\"contentUrl\":\"https:\/\/secure.gravatar.com\/avatar\/3190a6a6c5e1b0327500f7d6c56b6242472ee6cb974cf09b401ee6b3b0798f23?s=96&d=mm&r=g\",\"caption\":\"Raffy Ben\u00edtez\"},\"url\":\"https:\/\/conexion23.com\/?author=15\"}]}<\/script>\n<!-- \/ Yoast SEO plugin. -->","yoast_head_json":{"title":"El Ministerio P\u00fablico describe paso a paso el alegado sabotaje a la red de sem\u00e1foros - Conexi\u00f3n 23","robots":{"index":"index","follow":"follow","max-snippet":"max-snippet:-1","max-image-preview":"max-image-preview:large","max-video-preview":"max-video-preview:-1"},"canonical":"http:\/\/conexion23.com\/?p=33348","og_locale":"es_ES","og_type":"article","og_title":"El Ministerio P\u00fablico describe paso a paso el alegado sabotaje a la red de sem\u00e1foros - Conexi\u00f3n 23","og_description":"La orden de arresto emitida dentro del despliegue de la&nbsp;operaci\u00f3n&nbsp;Camale\u00f3n&nbsp;se\u00f1ala a la empresa&nbsp;Transcore&nbsp;Latam&nbsp;S.R.L. de un presunto&nbsp;sabotaje&nbsp;a la red semaf\u00f3rica del Gran Santo Domingo, mediante la&nbsp;instalaci\u00f3n&nbsp;no autorizada de&nbsp;reguladores&nbsp;sem\u00e1foricos, de acuerdo con las imputaciones del Ministerio P\u00fablico. En el documento se indica que el detonante de la crisis se produjo en marzo de 2024, cuando&nbsp;Transcore&nbsp;Latam&nbsp;S.R.L., sin la&nbsp;autorizaci\u00f3n&nbsp;del [&hellip;]","og_url":"http:\/\/conexion23.com\/?p=33348","og_site_name":"Conexi\u00f3n 23","article_publisher":"https:\/\/www.facebook.com\/conexion23com","article_published_time":"2024-10-04T11:23:57+00:00","article_modified_time":"2024-10-04T11:23:59+00:00","og_image":[{"width":896,"height":504,"url":"http:\/\/conexion23.com\/wp-content\/uploads\/2024\/10\/intrant-detalles-del-sabotaje-a-red-semaforica-focus-0-0-896-504.jpg","type":"image\/jpeg"}],"author":"Raffy Ben\u00edtez","twitter_card":"summary_large_image","twitter_misc":{"Escrito por":"Raffy Ben\u00edtez","Tiempo de lectura":"3 minutos"},"schema":{"@context":"https:\/\/schema.org","@graph":[{"@type":"Article","@id":"http:\/\/conexion23.com\/?p=33348#article","isPartOf":{"@id":"http:\/\/conexion23.com\/?p=33348"},"author":{"name":"Raffy Ben\u00edtez","@id":"https:\/\/conexion23.com\/#\/schema\/person\/03e36043331117e97a373299bbcd30a6"},"headline":"El Ministerio P\u00fablico describe paso a paso el alegado sabotaje a la red de sem\u00e1foros","datePublished":"2024-10-04T11:23:57+00:00","dateModified":"2024-10-04T11:23:59+00:00","mainEntityOfPage":{"@id":"http:\/\/conexion23.com\/?p=33348"},"wordCount":770,"commentCount":0,"publisher":{"@id":"https:\/\/conexion23.com\/#organization"},"image":{"@id":"http:\/\/conexion23.com\/?p=33348#primaryimage"},"thumbnailUrl":"https:\/\/conexion23.com\/wp-content\/uploads\/2024\/10\/intrant-detalles-del-sabotaje-a-red-semaforica-focus-0-0-896-504.jpg","articleSection":["Uncategorized"],"inLanguage":"es","potentialAction":[{"@type":"CommentAction","name":"Comment","target":["http:\/\/conexion23.com\/?p=33348#respond"]}]},{"@type":"WebPage","@id":"http:\/\/conexion23.com\/?p=33348","url":"http:\/\/conexion23.com\/?p=33348","name":"El Ministerio P\u00fablico describe paso a paso el alegado sabotaje a la red de sem\u00e1foros - Conexi\u00f3n 23","isPartOf":{"@id":"https:\/\/conexion23.com\/#website"},"primaryImageOfPage":{"@id":"http:\/\/conexion23.com\/?p=33348#primaryimage"},"image":{"@id":"http:\/\/conexion23.com\/?p=33348#primaryimage"},"thumbnailUrl":"https:\/\/conexion23.com\/wp-content\/uploads\/2024\/10\/intrant-detalles-del-sabotaje-a-red-semaforica-focus-0-0-896-504.jpg","datePublished":"2024-10-04T11:23:57+00:00","dateModified":"2024-10-04T11:23:59+00:00","breadcrumb":{"@id":"http:\/\/conexion23.com\/?p=33348#breadcrumb"},"inLanguage":"es","potentialAction":[{"@type":"ReadAction","target":["http:\/\/conexion23.com\/?p=33348"]}]},{"@type":"ImageObject","inLanguage":"es","@id":"http:\/\/conexion23.com\/?p=33348#primaryimage","url":"https:\/\/conexion23.com\/wp-content\/uploads\/2024\/10\/intrant-detalles-del-sabotaje-a-red-semaforica-focus-0-0-896-504.jpg","contentUrl":"https:\/\/conexion23.com\/wp-content\/uploads\/2024\/10\/intrant-detalles-del-sabotaje-a-red-semaforica-focus-0-0-896-504.jpg","width":896,"height":504},{"@type":"BreadcrumbList","@id":"http:\/\/conexion23.com\/?p=33348#breadcrumb","itemListElement":[{"@type":"ListItem","position":1,"name":"Portada","item":"https:\/\/conexion23.com\/"},{"@type":"ListItem","position":2,"name":"El Ministerio P\u00fablico describe paso a paso el alegado sabotaje a la red de sem\u00e1foros"}]},{"@type":"WebSite","@id":"https:\/\/conexion23.com\/#website","url":"https:\/\/conexion23.com\/","name":"Conexi\u00f3n 23","description":"Peri\u00f3dico 100% Petromacorisano","publisher":{"@id":"https:\/\/conexion23.com\/#organization"},"potentialAction":[{"@type":"SearchAction","target":{"@type":"EntryPoint","urlTemplate":"https:\/\/conexion23.com\/?s={search_term_string}"},"query-input":{"@type":"PropertyValueSpecification","valueRequired":true,"valueName":"search_term_string"}}],"inLanguage":"es"},{"@type":"Organization","@id":"https:\/\/conexion23.com\/#organization","name":"Conexion 23","url":"https:\/\/conexion23.com\/","logo":{"@type":"ImageObject","inLanguage":"es","@id":"https:\/\/conexion23.com\/#\/schema\/logo\/image\/","url":"https:\/\/conexion23.com\/wp-content\/uploads\/2021\/11\/Diseno-sin-titulo-2.png","contentUrl":"https:\/\/conexion23.com\/wp-content\/uploads\/2021\/11\/Diseno-sin-titulo-2.png","width":541,"height":90,"caption":"Conexion 23"},"image":{"@id":"https:\/\/conexion23.com\/#\/schema\/logo\/image\/"},"sameAs":["https:\/\/www.facebook.com\/conexion23com","https:\/\/www.instagram.com\/conexion23com\/","https:\/\/www.youtube.com\/channel\/UCYc7vxxFZMYLIHNsHHxPZ3Q"]},{"@type":"Person","@id":"https:\/\/conexion23.com\/#\/schema\/person\/03e36043331117e97a373299bbcd30a6","name":"Raffy Ben\u00edtez","image":{"@type":"ImageObject","inLanguage":"es","@id":"https:\/\/conexion23.com\/#\/schema\/person\/image\/","url":"https:\/\/secure.gravatar.com\/avatar\/3190a6a6c5e1b0327500f7d6c56b6242472ee6cb974cf09b401ee6b3b0798f23?s=96&d=mm&r=g","contentUrl":"https:\/\/secure.gravatar.com\/avatar\/3190a6a6c5e1b0327500f7d6c56b6242472ee6cb974cf09b401ee6b3b0798f23?s=96&d=mm&r=g","caption":"Raffy Ben\u00edtez"},"url":"https:\/\/conexion23.com\/?author=15"}]}},"_links":{"self":[{"href":"https:\/\/conexion23.com\/index.php?rest_route=\/wp\/v2\/posts\/33348","targetHints":{"allow":["GET"]}}],"collection":[{"href":"https:\/\/conexion23.com\/index.php?rest_route=\/wp\/v2\/posts"}],"about":[{"href":"https:\/\/conexion23.com\/index.php?rest_route=\/wp\/v2\/types\/post"}],"author":[{"embeddable":true,"href":"https:\/\/conexion23.com\/index.php?rest_route=\/wp\/v2\/users\/15"}],"replies":[{"embeddable":true,"href":"https:\/\/conexion23.com\/index.php?rest_route=%2Fwp%2Fv2%2Fcomments&post=33348"}],"version-history":[{"count":1,"href":"https:\/\/conexion23.com\/index.php?rest_route=\/wp\/v2\/posts\/33348\/revisions"}],"predecessor-version":[{"id":33350,"href":"https:\/\/conexion23.com\/index.php?rest_route=\/wp\/v2\/posts\/33348\/revisions\/33350"}],"wp:featuredmedia":[{"embeddable":true,"href":"https:\/\/conexion23.com\/index.php?rest_route=\/wp\/v2\/media\/33349"}],"wp:attachment":[{"href":"https:\/\/conexion23.com\/index.php?rest_route=%2Fwp%2Fv2%2Fmedia&parent=33348"}],"wp:term":[{"taxonomy":"category","embeddable":true,"href":"https:\/\/conexion23.com\/index.php?rest_route=%2Fwp%2Fv2%2Fcategories&post=33348"},{"taxonomy":"post_tag","embeddable":true,"href":"https:\/\/conexion23.com\/index.php?rest_route=%2Fwp%2Fv2%2Ftags&post=33348"}],"curies":[{"name":"wp","href":"https:\/\/api.w.org\/{rel}","templated":true}]}}