{"id":33351,"date":"2024-10-04T07:27:26","date_gmt":"2024-10-04T11:27:26","guid":{"rendered":"https:\/\/conexion23.com\/?p=33351"},"modified":"2024-10-04T07:27:28","modified_gmt":"2024-10-04T11:27:28","slug":"abogada-de-hugo-beras-dice-la-pgr-esta-danando-su-propia-investigacion","status":"publish","type":"post","link":"https:\/\/conexion23.com\/?p=33351","title":{"rendered":"Abogada de Hugo Beras dice, la PGR est\u00e1 da\u00f1ando su propia investigaci\u00f3n."},"content":{"rendered":"\n<p><strong>Laura Acosta<\/strong>, abogada del exdirector del&nbsp;<strong>Instituto Nacional de Tr\u00e1nsito y Transporte Terrestre (Intrant)<\/strong>,&nbsp;<strong>Hugo Beras<\/strong>, manifest\u00f3 que con el procedimiento llevado a cabo en el allanamiento a la residencia de este \u00abellos mismos est\u00e1n da\u00f1ando su propia investigaci\u00f3n\u00bb.<\/p>\n\n\n\n<p>\u201cLo que estamos pidiendo es lo que dice la Constituci\u00f3n de la Rep\u00fablica y el C\u00f3digo Procesal Penal, que desde que una persona es sometida a una medida como esta tiene derecho a ser asistido por su abogado. Como usted da\u00f1a un proceso. No hay necesidad de atropellar para investigar. Si usted tiene una investigaci\u00f3n bien hecha no hay necesidad de&nbsp;<a href=\"https:\/\/panorama.com.do\/abogado-de-jochi-gomez-afirma-esta-en-calidad-de-detenido\/\">atropellar&nbsp;<\/a>a nadie, ni no permitirle la presencia de sus abogados. Todo lo que hagan sin la presencia de sus abogados ahora mismo ellos lo est\u00e1n da\u00f1ando. Ellos est\u00e1n da\u00f1ando su propia investigaci\u00f3n\u201d, refiri\u00f3 Acosta.<\/p>\n\n\n\n<p>La reconocida jurista manifest\u00f3 adem\u00e1s que las autoridades actuantes le imped\u00edan el acceso a la residencia de Hugo Beras para poder conversar con su cliente y estar presente en los levantamientos de lugar.<\/p>\n\n\n\n<p>Se espera que Beras sea trasladado esta misma\u00a0<a href=\"https:\/\/panorama.com.do\/abogado-de-jochi-gomez-afirma-esta-en-calidad-de-detenido\/\">noche\u00a0<\/a>hacia la sede del Ministerio P\u00fablico.<\/p>\n\n\n\n<p>Hirohito Reyes, abogado de Jos\u00e9 \u00abJochi\u00bb G\u00f3mez Cana\u00e1n, revelo esta noche que su defendido se encuentra en calidad de detenido en las instalaciones de la Procuradur\u00eda General de la Rep\u00fablica (PGR).<\/p>\n\n\n\n<p>Reyes se despach\u00f3 en ese&nbsp;<a href=\"https:\/\/x.com\/panorama_do\">sentido&nbsp;<\/a>al salir de la PGR donde acompa\u00f1aba a \u00abJochi\u00bb G\u00f3mez&nbsp;<a href=\"https:\/\/x.com\/panorama_do\/status\/1841648040584663344?t=A2zVKRleT6tvt3EPa5AxSg&amp;s=19\">desde<\/a>&nbsp;la tarde de este mi\u00e9rcoles.<\/p>\n\n\n\n<p>\u00abJochi\u00bb G\u00f3mez,&nbsp;<a href=\"https:\/\/panorama.com.do\/\">representante<\/a>&nbsp;de la empresa Transcore Latam, es se\u00f1alado por el Ministerio Public\u00f3 y la Direcci\u00f3n de Contrataciones P\u00fablicas por presuntas irregularidades en el contrato obtenido en el Instituto de Tr\u00e1nsito y Transporte Terrestre (Intrant) para la modernization de la red semaf\u00f3rica del Gran Santo Domingo.<\/p>\n","protected":false},"excerpt":{"rendered":"<p>Laura Acosta, abogada del exdirector del&nbsp;Instituto Nacional de Tr\u00e1nsito y Transporte Terrestre (Intrant),&nbsp;Hugo Beras, manifest\u00f3 que con el procedimiento llevado a cabo en el allanamiento a la residencia de este \u00abellos mismos est\u00e1n da\u00f1ando su propia investigaci\u00f3n\u00bb. \u201cLo que estamos pidiendo es lo que dice la Constituci\u00f3n de la Rep\u00fablica y el C\u00f3digo Procesal Penal, [&hellip;]<\/p>\n","protected":false},"author":15,"featured_media":33352,"comment_status":"open","ping_status":"open","sticky":false,"template":"","format":"standard","meta":{"footnotes":""},"categories":[1],"tags":[],"class_list":{"0":"post-33351","1":"post","2":"type-post","3":"status-publish","4":"format-standard","5":"has-post-thumbnail","7":"category-uncategorized"},"yoast_head":"<!-- This site is optimized with the Yoast SEO plugin v27.1.1 - https:\/\/yoast.com\/product\/yoast-seo-wordpress\/ -->\n<title>Abogada de Hugo Beras dice, la PGR est\u00e1 da\u00f1ando su propia investigaci\u00f3n. - Conexi\u00f3n 23<\/title>\n<meta name=\"robots\" content=\"index, follow, max-snippet:-1, max-image-preview:large, max-video-preview:-1\" \/>\n<link rel=\"canonical\" href=\"http:\/\/conexion23.com\/?p=33351\" \/>\n<meta property=\"og:locale\" content=\"es_ES\" \/>\n<meta property=\"og:type\" content=\"article\" \/>\n<meta property=\"og:title\" content=\"Abogada de Hugo Beras dice, la PGR est\u00e1 da\u00f1ando su propia investigaci\u00f3n. - Conexi\u00f3n 23\" \/>\n<meta property=\"og:description\" content=\"Laura Acosta, abogada del exdirector del&nbsp;Instituto Nacional de Tr\u00e1nsito y Transporte Terrestre (Intrant),&nbsp;Hugo Beras, manifest\u00f3 que con el procedimiento llevado a cabo en el allanamiento a la residencia de este \u00abellos mismos est\u00e1n da\u00f1ando su propia investigaci\u00f3n\u00bb. \u201cLo que estamos pidiendo es lo que dice la Constituci\u00f3n de la Rep\u00fablica y el C\u00f3digo Procesal Penal, [&hellip;]\" \/>\n<meta property=\"og:url\" content=\"http:\/\/conexion23.com\/?p=33351\" \/>\n<meta property=\"og:site_name\" content=\"Conexi\u00f3n 23\" \/>\n<meta property=\"article:publisher\" content=\"https:\/\/www.facebook.com\/conexion23com\" \/>\n<meta property=\"article:published_time\" content=\"2024-10-04T11:27:26+00:00\" \/>\n<meta property=\"article:modified_time\" content=\"2024-10-04T11:27:28+00:00\" \/>\n<meta property=\"og:image\" content=\"http:\/\/conexion23.com\/wp-content\/uploads\/2024\/10\/Laura-Acosta.webp\" \/>\n\t<meta property=\"og:image:width\" content=\"759\" \/>\n\t<meta property=\"og:image:height\" content=\"438\" \/>\n\t<meta property=\"og:image:type\" content=\"image\/webp\" \/>\n<meta name=\"author\" content=\"Raffy Ben\u00edtez\" \/>\n<meta name=\"twitter:card\" content=\"summary_large_image\" \/>\n<meta name=\"twitter:label1\" content=\"Escrito por\" \/>\n\t<meta name=\"twitter:data1\" content=\"Raffy Ben\u00edtez\" \/>\n\t<meta name=\"twitter:label2\" content=\"Tiempo de lectura\" \/>\n\t<meta name=\"twitter:data2\" content=\"2 minutos\" \/>\n<script type=\"application\/ld+json\" class=\"yoast-schema-graph\">{\"@context\":\"https:\/\/schema.org\",\"@graph\":[{\"@type\":\"Article\",\"@id\":\"http:\/\/conexion23.com\/?p=33351#article\",\"isPartOf\":{\"@id\":\"http:\/\/conexion23.com\/?p=33351\"},\"author\":{\"name\":\"Raffy Ben\u00edtez\",\"@id\":\"https:\/\/conexion23.com\/#\/schema\/person\/03e36043331117e97a373299bbcd30a6\"},\"headline\":\"Abogada de Hugo Beras dice, la PGR est\u00e1 da\u00f1ando su propia investigaci\u00f3n.\",\"datePublished\":\"2024-10-04T11:27:26+00:00\",\"dateModified\":\"2024-10-04T11:27:28+00:00\",\"mainEntityOfPage\":{\"@id\":\"http:\/\/conexion23.com\/?p=33351\"},\"wordCount\":337,\"commentCount\":0,\"publisher\":{\"@id\":\"https:\/\/conexion23.com\/#organization\"},\"image\":{\"@id\":\"http:\/\/conexion23.com\/?p=33351#primaryimage\"},\"thumbnailUrl\":\"https:\/\/conexion23.com\/wp-content\/uploads\/2024\/10\/Laura-Acosta.webp\",\"articleSection\":[\"Uncategorized\"],\"inLanguage\":\"es\",\"potentialAction\":[{\"@type\":\"CommentAction\",\"name\":\"Comment\",\"target\":[\"http:\/\/conexion23.com\/?p=33351#respond\"]}]},{\"@type\":\"WebPage\",\"@id\":\"http:\/\/conexion23.com\/?p=33351\",\"url\":\"http:\/\/conexion23.com\/?p=33351\",\"name\":\"Abogada de Hugo Beras dice, la PGR est\u00e1 da\u00f1ando su propia investigaci\u00f3n. - Conexi\u00f3n 23\",\"isPartOf\":{\"@id\":\"https:\/\/conexion23.com\/#website\"},\"primaryImageOfPage\":{\"@id\":\"http:\/\/conexion23.com\/?p=33351#primaryimage\"},\"image\":{\"@id\":\"http:\/\/conexion23.com\/?p=33351#primaryimage\"},\"thumbnailUrl\":\"https:\/\/conexion23.com\/wp-content\/uploads\/2024\/10\/Laura-Acosta.webp\",\"datePublished\":\"2024-10-04T11:27:26+00:00\",\"dateModified\":\"2024-10-04T11:27:28+00:00\",\"breadcrumb\":{\"@id\":\"http:\/\/conexion23.com\/?p=33351#breadcrumb\"},\"inLanguage\":\"es\",\"potentialAction\":[{\"@type\":\"ReadAction\",\"target\":[\"http:\/\/conexion23.com\/?p=33351\"]}]},{\"@type\":\"ImageObject\",\"inLanguage\":\"es\",\"@id\":\"http:\/\/conexion23.com\/?p=33351#primaryimage\",\"url\":\"https:\/\/conexion23.com\/wp-content\/uploads\/2024\/10\/Laura-Acosta.webp\",\"contentUrl\":\"https:\/\/conexion23.com\/wp-content\/uploads\/2024\/10\/Laura-Acosta.webp\",\"width\":759,\"height\":438},{\"@type\":\"BreadcrumbList\",\"@id\":\"http:\/\/conexion23.com\/?p=33351#breadcrumb\",\"itemListElement\":[{\"@type\":\"ListItem\",\"position\":1,\"name\":\"Portada\",\"item\":\"https:\/\/conexion23.com\/\"},{\"@type\":\"ListItem\",\"position\":2,\"name\":\"Abogada de Hugo Beras dice, la PGR est\u00e1 da\u00f1ando su propia investigaci\u00f3n.\"}]},{\"@type\":\"WebSite\",\"@id\":\"https:\/\/conexion23.com\/#website\",\"url\":\"https:\/\/conexion23.com\/\",\"name\":\"Conexi\u00f3n 23\",\"description\":\"Peri\u00f3dico 100% Petromacorisano\",\"publisher\":{\"@id\":\"https:\/\/conexion23.com\/#organization\"},\"potentialAction\":[{\"@type\":\"SearchAction\",\"target\":{\"@type\":\"EntryPoint\",\"urlTemplate\":\"https:\/\/conexion23.com\/?s={search_term_string}\"},\"query-input\":{\"@type\":\"PropertyValueSpecification\",\"valueRequired\":true,\"valueName\":\"search_term_string\"}}],\"inLanguage\":\"es\"},{\"@type\":\"Organization\",\"@id\":\"https:\/\/conexion23.com\/#organization\",\"name\":\"Conexion 23\",\"url\":\"https:\/\/conexion23.com\/\",\"logo\":{\"@type\":\"ImageObject\",\"inLanguage\":\"es\",\"@id\":\"https:\/\/conexion23.com\/#\/schema\/logo\/image\/\",\"url\":\"https:\/\/conexion23.com\/wp-content\/uploads\/2021\/11\/Diseno-sin-titulo-2.png\",\"contentUrl\":\"https:\/\/conexion23.com\/wp-content\/uploads\/2021\/11\/Diseno-sin-titulo-2.png\",\"width\":541,\"height\":90,\"caption\":\"Conexion 23\"},\"image\":{\"@id\":\"https:\/\/conexion23.com\/#\/schema\/logo\/image\/\"},\"sameAs\":[\"https:\/\/www.facebook.com\/conexion23com\",\"https:\/\/www.instagram.com\/conexion23com\/\",\"https:\/\/www.youtube.com\/channel\/UCYc7vxxFZMYLIHNsHHxPZ3Q\"]},{\"@type\":\"Person\",\"@id\":\"https:\/\/conexion23.com\/#\/schema\/person\/03e36043331117e97a373299bbcd30a6\",\"name\":\"Raffy Ben\u00edtez\",\"image\":{\"@type\":\"ImageObject\",\"inLanguage\":\"es\",\"@id\":\"https:\/\/conexion23.com\/#\/schema\/person\/image\/\",\"url\":\"https:\/\/secure.gravatar.com\/avatar\/3190a6a6c5e1b0327500f7d6c56b6242472ee6cb974cf09b401ee6b3b0798f23?s=96&d=mm&r=g\",\"contentUrl\":\"https:\/\/secure.gravatar.com\/avatar\/3190a6a6c5e1b0327500f7d6c56b6242472ee6cb974cf09b401ee6b3b0798f23?s=96&d=mm&r=g\",\"caption\":\"Raffy Ben\u00edtez\"},\"url\":\"https:\/\/conexion23.com\/?author=15\"}]}<\/script>\n<!-- \/ Yoast SEO plugin. -->","yoast_head_json":{"title":"Abogada de Hugo Beras dice, la PGR est\u00e1 da\u00f1ando su propia investigaci\u00f3n. - Conexi\u00f3n 23","robots":{"index":"index","follow":"follow","max-snippet":"max-snippet:-1","max-image-preview":"max-image-preview:large","max-video-preview":"max-video-preview:-1"},"canonical":"http:\/\/conexion23.com\/?p=33351","og_locale":"es_ES","og_type":"article","og_title":"Abogada de Hugo Beras dice, la PGR est\u00e1 da\u00f1ando su propia investigaci\u00f3n. - Conexi\u00f3n 23","og_description":"Laura Acosta, abogada del exdirector del&nbsp;Instituto Nacional de Tr\u00e1nsito y Transporte Terrestre (Intrant),&nbsp;Hugo Beras, manifest\u00f3 que con el procedimiento llevado a cabo en el allanamiento a la residencia de este \u00abellos mismos est\u00e1n da\u00f1ando su propia investigaci\u00f3n\u00bb. \u201cLo que estamos pidiendo es lo que dice la Constituci\u00f3n de la Rep\u00fablica y el C\u00f3digo Procesal Penal, [&hellip;]","og_url":"http:\/\/conexion23.com\/?p=33351","og_site_name":"Conexi\u00f3n 23","article_publisher":"https:\/\/www.facebook.com\/conexion23com","article_published_time":"2024-10-04T11:27:26+00:00","article_modified_time":"2024-10-04T11:27:28+00:00","og_image":[{"width":759,"height":438,"url":"http:\/\/conexion23.com\/wp-content\/uploads\/2024\/10\/Laura-Acosta.webp","type":"image\/webp"}],"author":"Raffy Ben\u00edtez","twitter_card":"summary_large_image","twitter_misc":{"Escrito por":"Raffy Ben\u00edtez","Tiempo de lectura":"2 minutos"},"schema":{"@context":"https:\/\/schema.org","@graph":[{"@type":"Article","@id":"http:\/\/conexion23.com\/?p=33351#article","isPartOf":{"@id":"http:\/\/conexion23.com\/?p=33351"},"author":{"name":"Raffy Ben\u00edtez","@id":"https:\/\/conexion23.com\/#\/schema\/person\/03e36043331117e97a373299bbcd30a6"},"headline":"Abogada de Hugo Beras dice, la PGR est\u00e1 da\u00f1ando su propia investigaci\u00f3n.","datePublished":"2024-10-04T11:27:26+00:00","dateModified":"2024-10-04T11:27:28+00:00","mainEntityOfPage":{"@id":"http:\/\/conexion23.com\/?p=33351"},"wordCount":337,"commentCount":0,"publisher":{"@id":"https:\/\/conexion23.com\/#organization"},"image":{"@id":"http:\/\/conexion23.com\/?p=33351#primaryimage"},"thumbnailUrl":"https:\/\/conexion23.com\/wp-content\/uploads\/2024\/10\/Laura-Acosta.webp","articleSection":["Uncategorized"],"inLanguage":"es","potentialAction":[{"@type":"CommentAction","name":"Comment","target":["http:\/\/conexion23.com\/?p=33351#respond"]}]},{"@type":"WebPage","@id":"http:\/\/conexion23.com\/?p=33351","url":"http:\/\/conexion23.com\/?p=33351","name":"Abogada de Hugo Beras dice, la PGR est\u00e1 da\u00f1ando su propia investigaci\u00f3n. - Conexi\u00f3n 23","isPartOf":{"@id":"https:\/\/conexion23.com\/#website"},"primaryImageOfPage":{"@id":"http:\/\/conexion23.com\/?p=33351#primaryimage"},"image":{"@id":"http:\/\/conexion23.com\/?p=33351#primaryimage"},"thumbnailUrl":"https:\/\/conexion23.com\/wp-content\/uploads\/2024\/10\/Laura-Acosta.webp","datePublished":"2024-10-04T11:27:26+00:00","dateModified":"2024-10-04T11:27:28+00:00","breadcrumb":{"@id":"http:\/\/conexion23.com\/?p=33351#breadcrumb"},"inLanguage":"es","potentialAction":[{"@type":"ReadAction","target":["http:\/\/conexion23.com\/?p=33351"]}]},{"@type":"ImageObject","inLanguage":"es","@id":"http:\/\/conexion23.com\/?p=33351#primaryimage","url":"https:\/\/conexion23.com\/wp-content\/uploads\/2024\/10\/Laura-Acosta.webp","contentUrl":"https:\/\/conexion23.com\/wp-content\/uploads\/2024\/10\/Laura-Acosta.webp","width":759,"height":438},{"@type":"BreadcrumbList","@id":"http:\/\/conexion23.com\/?p=33351#breadcrumb","itemListElement":[{"@type":"ListItem","position":1,"name":"Portada","item":"https:\/\/conexion23.com\/"},{"@type":"ListItem","position":2,"name":"Abogada de Hugo Beras dice, la PGR est\u00e1 da\u00f1ando su propia investigaci\u00f3n."}]},{"@type":"WebSite","@id":"https:\/\/conexion23.com\/#website","url":"https:\/\/conexion23.com\/","name":"Conexi\u00f3n 23","description":"Peri\u00f3dico 100% Petromacorisano","publisher":{"@id":"https:\/\/conexion23.com\/#organization"},"potentialAction":[{"@type":"SearchAction","target":{"@type":"EntryPoint","urlTemplate":"https:\/\/conexion23.com\/?s={search_term_string}"},"query-input":{"@type":"PropertyValueSpecification","valueRequired":true,"valueName":"search_term_string"}}],"inLanguage":"es"},{"@type":"Organization","@id":"https:\/\/conexion23.com\/#organization","name":"Conexion 23","url":"https:\/\/conexion23.com\/","logo":{"@type":"ImageObject","inLanguage":"es","@id":"https:\/\/conexion23.com\/#\/schema\/logo\/image\/","url":"https:\/\/conexion23.com\/wp-content\/uploads\/2021\/11\/Diseno-sin-titulo-2.png","contentUrl":"https:\/\/conexion23.com\/wp-content\/uploads\/2021\/11\/Diseno-sin-titulo-2.png","width":541,"height":90,"caption":"Conexion 23"},"image":{"@id":"https:\/\/conexion23.com\/#\/schema\/logo\/image\/"},"sameAs":["https:\/\/www.facebook.com\/conexion23com","https:\/\/www.instagram.com\/conexion23com\/","https:\/\/www.youtube.com\/channel\/UCYc7vxxFZMYLIHNsHHxPZ3Q"]},{"@type":"Person","@id":"https:\/\/conexion23.com\/#\/schema\/person\/03e36043331117e97a373299bbcd30a6","name":"Raffy Ben\u00edtez","image":{"@type":"ImageObject","inLanguage":"es","@id":"https:\/\/conexion23.com\/#\/schema\/person\/image\/","url":"https:\/\/secure.gravatar.com\/avatar\/3190a6a6c5e1b0327500f7d6c56b6242472ee6cb974cf09b401ee6b3b0798f23?s=96&d=mm&r=g","contentUrl":"https:\/\/secure.gravatar.com\/avatar\/3190a6a6c5e1b0327500f7d6c56b6242472ee6cb974cf09b401ee6b3b0798f23?s=96&d=mm&r=g","caption":"Raffy Ben\u00edtez"},"url":"https:\/\/conexion23.com\/?author=15"}]}},"_links":{"self":[{"href":"https:\/\/conexion23.com\/index.php?rest_route=\/wp\/v2\/posts\/33351","targetHints":{"allow":["GET"]}}],"collection":[{"href":"https:\/\/conexion23.com\/index.php?rest_route=\/wp\/v2\/posts"}],"about":[{"href":"https:\/\/conexion23.com\/index.php?rest_route=\/wp\/v2\/types\/post"}],"author":[{"embeddable":true,"href":"https:\/\/conexion23.com\/index.php?rest_route=\/wp\/v2\/users\/15"}],"replies":[{"embeddable":true,"href":"https:\/\/conexion23.com\/index.php?rest_route=%2Fwp%2Fv2%2Fcomments&post=33351"}],"version-history":[{"count":1,"href":"https:\/\/conexion23.com\/index.php?rest_route=\/wp\/v2\/posts\/33351\/revisions"}],"predecessor-version":[{"id":33353,"href":"https:\/\/conexion23.com\/index.php?rest_route=\/wp\/v2\/posts\/33351\/revisions\/33353"}],"wp:featuredmedia":[{"embeddable":true,"href":"https:\/\/conexion23.com\/index.php?rest_route=\/wp\/v2\/media\/33352"}],"wp:attachment":[{"href":"https:\/\/conexion23.com\/index.php?rest_route=%2Fwp%2Fv2%2Fmedia&parent=33351"}],"wp:term":[{"taxonomy":"category","embeddable":true,"href":"https:\/\/conexion23.com\/index.php?rest_route=%2Fwp%2Fv2%2Fcategories&post=33351"},{"taxonomy":"post_tag","embeddable":true,"href":"https:\/\/conexion23.com\/index.php?rest_route=%2Fwp%2Fv2%2Ftags&post=33351"}],"curies":[{"name":"wp","href":"https:\/\/api.w.org\/{rel}","templated":true}]}}