{"id":33357,"date":"2024-10-04T07:41:00","date_gmt":"2024-10-04T11:41:00","guid":{"rendered":"https:\/\/conexion23.com\/?p=33357"},"modified":"2024-10-04T07:41:02","modified_gmt":"2024-10-04T11:41:02","slug":"guillermo-gomez-padre-de-jochi-gomez-lo-defiende-y-acusa-al-dni-de-orquestar-persecucion","status":"publish","type":"post","link":"https:\/\/conexion23.com\/?p=33357","title":{"rendered":"Guillermo G\u00f3mez Padre de Jochi G\u00f3mez lo defiende y acusa al DNI de orquestar persecuci\u00f3n"},"content":{"rendered":"\n<p>En una reciente declaraci\u00f3n p\u00fablica, Guillermo G\u00f3mez, padre de Jochi G\u00f3mez, se pronunci\u00f3 en defensa de su hijo, se\u00f1alando que su familia ha sido v\u00edctima de una confrontaci\u00f3n con la seguridad nacional, orquestada por el Departamento Nacional de Investigaciones (DNI) y su director, Luis Soto. Seg\u00fan G\u00f3mez, esta situaci\u00f3n comenz\u00f3 poco despu\u00e9s de que el presidente Luis Abinader asumiera el poder.<\/p>\n\n\n\n<p>G\u00f3mez explic\u00f3 que durante el gobierno de Danilo Medina, su hijo recibi\u00f3 un contrato para brindar seguridad en las fronteras, combatir el narcotr\u00e1fico y colaborar con la polic\u00eda. \u201cJochi no se lo invent\u00f3\u201d, afirm\u00f3, se\u00f1alando que el contrato fue leg\u00edtimamente otorgado y cuestionando por qu\u00e9 ahora se ha convertido en objeto de controversia.<\/p>\n\n\n\n<p>El comunicador tambi\u00e9n aclar\u00f3 que no apoya acciones ilegales, destacando su lealtad al gobierno y al partido de Abinader, pero subray\u00f3 que no respalda \u201cvagabunder\u00edas de nadie\u201d. A\u00f1adi\u00f3 que la comunidad de inteligencia le ha compartido detalles sobre la presunta implicaci\u00f3n del director del DNI y de la magistrada Yeni Berenice en la actual situaci\u00f3n de su hijo, cuya orden de persecuci\u00f3n, seg\u00fan sus palabras, estaba lista desde el viernes.<\/p>\n\n\n\n<p>\u201cVoy a defender a mi hijo Jochi\u201d, declar\u00f3 G\u00f3mez con firmeza, asegurando que su posici\u00f3n no es la de un padre que tolera ilegalidades, sino la de un hombre comprometido con la verdad y la justicia.<\/p>\n\n\n\n<p>Este caso ha generado un debate sobre el rol de las autoridades y la posible politizaci\u00f3n de ciertos procesos de seguridad en el pa\u00eds.<\/p>\n\n\n\n<p><strong>CORTESIA DE UNA LLAMADA AL PROGRAMA HOY MISMO POR COLOR VISION DECLACIONES GUILLEMO GOMEZ<\/strong> y tomado del portal digital https:\/\/derealidadrd.com\/<\/p>\n","protected":false},"excerpt":{"rendered":"<p>En una reciente declaraci\u00f3n p\u00fablica, Guillermo G\u00f3mez, padre de Jochi G\u00f3mez, se pronunci\u00f3 en defensa de su hijo, se\u00f1alando que su familia ha sido v\u00edctima de una confrontaci\u00f3n con la seguridad nacional, orquestada por el Departamento Nacional de Investigaciones (DNI) y su director, Luis Soto. Seg\u00fan G\u00f3mez, esta situaci\u00f3n comenz\u00f3 poco despu\u00e9s de que el [&hellip;]<\/p>\n","protected":false},"author":15,"featured_media":33358,"comment_status":"open","ping_status":"open","sticky":false,"template":"","format":"standard","meta":{"footnotes":""},"categories":[1],"tags":[],"class_list":{"0":"post-33357","1":"post","2":"type-post","3":"status-publish","4":"format-standard","5":"has-post-thumbnail","7":"category-uncategorized"},"yoast_head":"<!-- This site is optimized with the Yoast SEO plugin v27.1.1 - https:\/\/yoast.com\/product\/yoast-seo-wordpress\/ -->\n<title>Guillermo G\u00f3mez Padre de Jochi G\u00f3mez lo defiende y acusa al DNI de orquestar persecuci\u00f3n - Conexi\u00f3n 23<\/title>\n<meta name=\"robots\" content=\"index, follow, max-snippet:-1, max-image-preview:large, max-video-preview:-1\" \/>\n<link rel=\"canonical\" href=\"http:\/\/conexion23.com\/?p=33357\" \/>\n<meta property=\"og:locale\" content=\"es_ES\" \/>\n<meta property=\"og:type\" content=\"article\" \/>\n<meta property=\"og:title\" content=\"Guillermo G\u00f3mez Padre de Jochi G\u00f3mez lo defiende y acusa al DNI de orquestar persecuci\u00f3n - Conexi\u00f3n 23\" \/>\n<meta property=\"og:description\" content=\"En una reciente declaraci\u00f3n p\u00fablica, Guillermo G\u00f3mez, padre de Jochi G\u00f3mez, se pronunci\u00f3 en defensa de su hijo, se\u00f1alando que su familia ha sido v\u00edctima de una confrontaci\u00f3n con la seguridad nacional, orquestada por el Departamento Nacional de Investigaciones (DNI) y su director, Luis Soto. Seg\u00fan G\u00f3mez, esta situaci\u00f3n comenz\u00f3 poco despu\u00e9s de que el [&hellip;]\" \/>\n<meta property=\"og:url\" content=\"http:\/\/conexion23.com\/?p=33357\" \/>\n<meta property=\"og:site_name\" content=\"Conexi\u00f3n 23\" \/>\n<meta property=\"article:publisher\" content=\"https:\/\/www.facebook.com\/conexion23com\" \/>\n<meta property=\"article:published_time\" content=\"2024-10-04T11:41:00+00:00\" \/>\n<meta property=\"article:modified_time\" content=\"2024-10-04T11:41:02+00:00\" \/>\n<meta property=\"og:image\" content=\"http:\/\/conexion23.com\/wp-content\/uploads\/2024\/10\/image_editor_output_image1197862209-17279654048694755270887507285009.webp\" \/>\n\t<meta property=\"og:image:width\" content=\"770\" \/>\n\t<meta property=\"og:image:height\" content=\"450\" \/>\n\t<meta property=\"og:image:type\" content=\"image\/webp\" \/>\n<meta name=\"author\" content=\"Raffy Ben\u00edtez\" \/>\n<meta name=\"twitter:card\" content=\"summary_large_image\" \/>\n<meta name=\"twitter:label1\" content=\"Escrito por\" \/>\n\t<meta name=\"twitter:data1\" content=\"Raffy Ben\u00edtez\" \/>\n\t<meta name=\"twitter:label2\" content=\"Tiempo de lectura\" \/>\n\t<meta name=\"twitter:data2\" content=\"2 minutos\" \/>\n<script type=\"application\/ld+json\" class=\"yoast-schema-graph\">{\"@context\":\"https:\/\/schema.org\",\"@graph\":[{\"@type\":\"Article\",\"@id\":\"http:\/\/conexion23.com\/?p=33357#article\",\"isPartOf\":{\"@id\":\"http:\/\/conexion23.com\/?p=33357\"},\"author\":{\"name\":\"Raffy Ben\u00edtez\",\"@id\":\"https:\/\/conexion23.com\/#\/schema\/person\/03e36043331117e97a373299bbcd30a6\"},\"headline\":\"Guillermo G\u00f3mez Padre de Jochi G\u00f3mez lo defiende y acusa al DNI de orquestar persecuci\u00f3n\",\"datePublished\":\"2024-10-04T11:41:00+00:00\",\"dateModified\":\"2024-10-04T11:41:02+00:00\",\"mainEntityOfPage\":{\"@id\":\"http:\/\/conexion23.com\/?p=33357\"},\"wordCount\":311,\"commentCount\":0,\"publisher\":{\"@id\":\"https:\/\/conexion23.com\/#organization\"},\"image\":{\"@id\":\"http:\/\/conexion23.com\/?p=33357#primaryimage\"},\"thumbnailUrl\":\"https:\/\/conexion23.com\/wp-content\/uploads\/2024\/10\/image_editor_output_image1197862209-17279654048694755270887507285009.webp\",\"articleSection\":[\"Uncategorized\"],\"inLanguage\":\"es\",\"potentialAction\":[{\"@type\":\"CommentAction\",\"name\":\"Comment\",\"target\":[\"http:\/\/conexion23.com\/?p=33357#respond\"]}]},{\"@type\":\"WebPage\",\"@id\":\"http:\/\/conexion23.com\/?p=33357\",\"url\":\"http:\/\/conexion23.com\/?p=33357\",\"name\":\"Guillermo G\u00f3mez Padre de Jochi G\u00f3mez lo defiende y acusa al DNI de orquestar persecuci\u00f3n - Conexi\u00f3n 23\",\"isPartOf\":{\"@id\":\"https:\/\/conexion23.com\/#website\"},\"primaryImageOfPage\":{\"@id\":\"http:\/\/conexion23.com\/?p=33357#primaryimage\"},\"image\":{\"@id\":\"http:\/\/conexion23.com\/?p=33357#primaryimage\"},\"thumbnailUrl\":\"https:\/\/conexion23.com\/wp-content\/uploads\/2024\/10\/image_editor_output_image1197862209-17279654048694755270887507285009.webp\",\"datePublished\":\"2024-10-04T11:41:00+00:00\",\"dateModified\":\"2024-10-04T11:41:02+00:00\",\"breadcrumb\":{\"@id\":\"http:\/\/conexion23.com\/?p=33357#breadcrumb\"},\"inLanguage\":\"es\",\"potentialAction\":[{\"@type\":\"ReadAction\",\"target\":[\"http:\/\/conexion23.com\/?p=33357\"]}]},{\"@type\":\"ImageObject\",\"inLanguage\":\"es\",\"@id\":\"http:\/\/conexion23.com\/?p=33357#primaryimage\",\"url\":\"https:\/\/conexion23.com\/wp-content\/uploads\/2024\/10\/image_editor_output_image1197862209-17279654048694755270887507285009.webp\",\"contentUrl\":\"https:\/\/conexion23.com\/wp-content\/uploads\/2024\/10\/image_editor_output_image1197862209-17279654048694755270887507285009.webp\",\"width\":770,\"height\":450},{\"@type\":\"BreadcrumbList\",\"@id\":\"http:\/\/conexion23.com\/?p=33357#breadcrumb\",\"itemListElement\":[{\"@type\":\"ListItem\",\"position\":1,\"name\":\"Portada\",\"item\":\"https:\/\/conexion23.com\/\"},{\"@type\":\"ListItem\",\"position\":2,\"name\":\"Guillermo G\u00f3mez Padre de Jochi G\u00f3mez lo defiende y acusa al DNI de orquestar persecuci\u00f3n\"}]},{\"@type\":\"WebSite\",\"@id\":\"https:\/\/conexion23.com\/#website\",\"url\":\"https:\/\/conexion23.com\/\",\"name\":\"Conexi\u00f3n 23\",\"description\":\"Peri\u00f3dico 100% Petromacorisano\",\"publisher\":{\"@id\":\"https:\/\/conexion23.com\/#organization\"},\"potentialAction\":[{\"@type\":\"SearchAction\",\"target\":{\"@type\":\"EntryPoint\",\"urlTemplate\":\"https:\/\/conexion23.com\/?s={search_term_string}\"},\"query-input\":{\"@type\":\"PropertyValueSpecification\",\"valueRequired\":true,\"valueName\":\"search_term_string\"}}],\"inLanguage\":\"es\"},{\"@type\":\"Organization\",\"@id\":\"https:\/\/conexion23.com\/#organization\",\"name\":\"Conexion 23\",\"url\":\"https:\/\/conexion23.com\/\",\"logo\":{\"@type\":\"ImageObject\",\"inLanguage\":\"es\",\"@id\":\"https:\/\/conexion23.com\/#\/schema\/logo\/image\/\",\"url\":\"https:\/\/conexion23.com\/wp-content\/uploads\/2021\/11\/Diseno-sin-titulo-2.png\",\"contentUrl\":\"https:\/\/conexion23.com\/wp-content\/uploads\/2021\/11\/Diseno-sin-titulo-2.png\",\"width\":541,\"height\":90,\"caption\":\"Conexion 23\"},\"image\":{\"@id\":\"https:\/\/conexion23.com\/#\/schema\/logo\/image\/\"},\"sameAs\":[\"https:\/\/www.facebook.com\/conexion23com\",\"https:\/\/www.instagram.com\/conexion23com\/\",\"https:\/\/www.youtube.com\/channel\/UCYc7vxxFZMYLIHNsHHxPZ3Q\"]},{\"@type\":\"Person\",\"@id\":\"https:\/\/conexion23.com\/#\/schema\/person\/03e36043331117e97a373299bbcd30a6\",\"name\":\"Raffy Ben\u00edtez\",\"image\":{\"@type\":\"ImageObject\",\"inLanguage\":\"es\",\"@id\":\"https:\/\/conexion23.com\/#\/schema\/person\/image\/\",\"url\":\"https:\/\/secure.gravatar.com\/avatar\/3190a6a6c5e1b0327500f7d6c56b6242472ee6cb974cf09b401ee6b3b0798f23?s=96&d=mm&r=g\",\"contentUrl\":\"https:\/\/secure.gravatar.com\/avatar\/3190a6a6c5e1b0327500f7d6c56b6242472ee6cb974cf09b401ee6b3b0798f23?s=96&d=mm&r=g\",\"caption\":\"Raffy Ben\u00edtez\"},\"url\":\"https:\/\/conexion23.com\/?author=15\"}]}<\/script>\n<!-- \/ Yoast SEO plugin. -->","yoast_head_json":{"title":"Guillermo G\u00f3mez Padre de Jochi G\u00f3mez lo defiende y acusa al DNI de orquestar persecuci\u00f3n - Conexi\u00f3n 23","robots":{"index":"index","follow":"follow","max-snippet":"max-snippet:-1","max-image-preview":"max-image-preview:large","max-video-preview":"max-video-preview:-1"},"canonical":"http:\/\/conexion23.com\/?p=33357","og_locale":"es_ES","og_type":"article","og_title":"Guillermo G\u00f3mez Padre de Jochi G\u00f3mez lo defiende y acusa al DNI de orquestar persecuci\u00f3n - Conexi\u00f3n 23","og_description":"En una reciente declaraci\u00f3n p\u00fablica, Guillermo G\u00f3mez, padre de Jochi G\u00f3mez, se pronunci\u00f3 en defensa de su hijo, se\u00f1alando que su familia ha sido v\u00edctima de una confrontaci\u00f3n con la seguridad nacional, orquestada por el Departamento Nacional de Investigaciones (DNI) y su director, Luis Soto. Seg\u00fan G\u00f3mez, esta situaci\u00f3n comenz\u00f3 poco despu\u00e9s de que el [&hellip;]","og_url":"http:\/\/conexion23.com\/?p=33357","og_site_name":"Conexi\u00f3n 23","article_publisher":"https:\/\/www.facebook.com\/conexion23com","article_published_time":"2024-10-04T11:41:00+00:00","article_modified_time":"2024-10-04T11:41:02+00:00","og_image":[{"width":770,"height":450,"url":"http:\/\/conexion23.com\/wp-content\/uploads\/2024\/10\/image_editor_output_image1197862209-17279654048694755270887507285009.webp","type":"image\/webp"}],"author":"Raffy Ben\u00edtez","twitter_card":"summary_large_image","twitter_misc":{"Escrito por":"Raffy Ben\u00edtez","Tiempo de lectura":"2 minutos"},"schema":{"@context":"https:\/\/schema.org","@graph":[{"@type":"Article","@id":"http:\/\/conexion23.com\/?p=33357#article","isPartOf":{"@id":"http:\/\/conexion23.com\/?p=33357"},"author":{"name":"Raffy Ben\u00edtez","@id":"https:\/\/conexion23.com\/#\/schema\/person\/03e36043331117e97a373299bbcd30a6"},"headline":"Guillermo G\u00f3mez Padre de Jochi G\u00f3mez lo defiende y acusa al DNI de orquestar persecuci\u00f3n","datePublished":"2024-10-04T11:41:00+00:00","dateModified":"2024-10-04T11:41:02+00:00","mainEntityOfPage":{"@id":"http:\/\/conexion23.com\/?p=33357"},"wordCount":311,"commentCount":0,"publisher":{"@id":"https:\/\/conexion23.com\/#organization"},"image":{"@id":"http:\/\/conexion23.com\/?p=33357#primaryimage"},"thumbnailUrl":"https:\/\/conexion23.com\/wp-content\/uploads\/2024\/10\/image_editor_output_image1197862209-17279654048694755270887507285009.webp","articleSection":["Uncategorized"],"inLanguage":"es","potentialAction":[{"@type":"CommentAction","name":"Comment","target":["http:\/\/conexion23.com\/?p=33357#respond"]}]},{"@type":"WebPage","@id":"http:\/\/conexion23.com\/?p=33357","url":"http:\/\/conexion23.com\/?p=33357","name":"Guillermo G\u00f3mez Padre de Jochi G\u00f3mez lo defiende y acusa al DNI de orquestar persecuci\u00f3n - Conexi\u00f3n 23","isPartOf":{"@id":"https:\/\/conexion23.com\/#website"},"primaryImageOfPage":{"@id":"http:\/\/conexion23.com\/?p=33357#primaryimage"},"image":{"@id":"http:\/\/conexion23.com\/?p=33357#primaryimage"},"thumbnailUrl":"https:\/\/conexion23.com\/wp-content\/uploads\/2024\/10\/image_editor_output_image1197862209-17279654048694755270887507285009.webp","datePublished":"2024-10-04T11:41:00+00:00","dateModified":"2024-10-04T11:41:02+00:00","breadcrumb":{"@id":"http:\/\/conexion23.com\/?p=33357#breadcrumb"},"inLanguage":"es","potentialAction":[{"@type":"ReadAction","target":["http:\/\/conexion23.com\/?p=33357"]}]},{"@type":"ImageObject","inLanguage":"es","@id":"http:\/\/conexion23.com\/?p=33357#primaryimage","url":"https:\/\/conexion23.com\/wp-content\/uploads\/2024\/10\/image_editor_output_image1197862209-17279654048694755270887507285009.webp","contentUrl":"https:\/\/conexion23.com\/wp-content\/uploads\/2024\/10\/image_editor_output_image1197862209-17279654048694755270887507285009.webp","width":770,"height":450},{"@type":"BreadcrumbList","@id":"http:\/\/conexion23.com\/?p=33357#breadcrumb","itemListElement":[{"@type":"ListItem","position":1,"name":"Portada","item":"https:\/\/conexion23.com\/"},{"@type":"ListItem","position":2,"name":"Guillermo G\u00f3mez Padre de Jochi G\u00f3mez lo defiende y acusa al DNI de orquestar persecuci\u00f3n"}]},{"@type":"WebSite","@id":"https:\/\/conexion23.com\/#website","url":"https:\/\/conexion23.com\/","name":"Conexi\u00f3n 23","description":"Peri\u00f3dico 100% Petromacorisano","publisher":{"@id":"https:\/\/conexion23.com\/#organization"},"potentialAction":[{"@type":"SearchAction","target":{"@type":"EntryPoint","urlTemplate":"https:\/\/conexion23.com\/?s={search_term_string}"},"query-input":{"@type":"PropertyValueSpecification","valueRequired":true,"valueName":"search_term_string"}}],"inLanguage":"es"},{"@type":"Organization","@id":"https:\/\/conexion23.com\/#organization","name":"Conexion 23","url":"https:\/\/conexion23.com\/","logo":{"@type":"ImageObject","inLanguage":"es","@id":"https:\/\/conexion23.com\/#\/schema\/logo\/image\/","url":"https:\/\/conexion23.com\/wp-content\/uploads\/2021\/11\/Diseno-sin-titulo-2.png","contentUrl":"https:\/\/conexion23.com\/wp-content\/uploads\/2021\/11\/Diseno-sin-titulo-2.png","width":541,"height":90,"caption":"Conexion 23"},"image":{"@id":"https:\/\/conexion23.com\/#\/schema\/logo\/image\/"},"sameAs":["https:\/\/www.facebook.com\/conexion23com","https:\/\/www.instagram.com\/conexion23com\/","https:\/\/www.youtube.com\/channel\/UCYc7vxxFZMYLIHNsHHxPZ3Q"]},{"@type":"Person","@id":"https:\/\/conexion23.com\/#\/schema\/person\/03e36043331117e97a373299bbcd30a6","name":"Raffy Ben\u00edtez","image":{"@type":"ImageObject","inLanguage":"es","@id":"https:\/\/conexion23.com\/#\/schema\/person\/image\/","url":"https:\/\/secure.gravatar.com\/avatar\/3190a6a6c5e1b0327500f7d6c56b6242472ee6cb974cf09b401ee6b3b0798f23?s=96&d=mm&r=g","contentUrl":"https:\/\/secure.gravatar.com\/avatar\/3190a6a6c5e1b0327500f7d6c56b6242472ee6cb974cf09b401ee6b3b0798f23?s=96&d=mm&r=g","caption":"Raffy Ben\u00edtez"},"url":"https:\/\/conexion23.com\/?author=15"}]}},"_links":{"self":[{"href":"https:\/\/conexion23.com\/index.php?rest_route=\/wp\/v2\/posts\/33357","targetHints":{"allow":["GET"]}}],"collection":[{"href":"https:\/\/conexion23.com\/index.php?rest_route=\/wp\/v2\/posts"}],"about":[{"href":"https:\/\/conexion23.com\/index.php?rest_route=\/wp\/v2\/types\/post"}],"author":[{"embeddable":true,"href":"https:\/\/conexion23.com\/index.php?rest_route=\/wp\/v2\/users\/15"}],"replies":[{"embeddable":true,"href":"https:\/\/conexion23.com\/index.php?rest_route=%2Fwp%2Fv2%2Fcomments&post=33357"}],"version-history":[{"count":1,"href":"https:\/\/conexion23.com\/index.php?rest_route=\/wp\/v2\/posts\/33357\/revisions"}],"predecessor-version":[{"id":33359,"href":"https:\/\/conexion23.com\/index.php?rest_route=\/wp\/v2\/posts\/33357\/revisions\/33359"}],"wp:featuredmedia":[{"embeddable":true,"href":"https:\/\/conexion23.com\/index.php?rest_route=\/wp\/v2\/media\/33358"}],"wp:attachment":[{"href":"https:\/\/conexion23.com\/index.php?rest_route=%2Fwp%2Fv2%2Fmedia&parent=33357"}],"wp:term":[{"taxonomy":"category","embeddable":true,"href":"https:\/\/conexion23.com\/index.php?rest_route=%2Fwp%2Fv2%2Fcategories&post=33357"},{"taxonomy":"post_tag","embeddable":true,"href":"https:\/\/conexion23.com\/index.php?rest_route=%2Fwp%2Fv2%2Ftags&post=33357"}],"curies":[{"name":"wp","href":"https:\/\/api.w.org\/{rel}","templated":true}]}}